{"id":446,"name":"Roc\u00edo Hell\u00edn","url":"","description":"Murcia. De familia con tradici\u00f3n, sensibilidad y expresi\u00f3n flamenca. Colaboradora en medios de comunicaci\u00f3n, autora del libro \u2018Flamenc\u00f3lica\u2019 y presentadora de eventos jondos. Su trayectoria la convierte en una de las aficionadas m\u00e1s libres del territorio flamenco.","link":"https:\/\/expoflamenco.com\/revista\/author\/rociohellin\/","slug":"rociohellin","avatar_urls":{"24":"https:\/\/expoflamenco.com\/revista\/wp-content\/uploads\/2026\/04\/rocio-hellin-75x75.jpg","48":"https:\/\/expoflamenco.com\/revista\/wp-content\/uploads\/2026\/04\/rocio-hellin-75x75.jpg","96":"https:\/\/expoflamenco.com\/revista\/wp-content\/uploads\/2026\/04\/rocio-hellin-150x150.jpg"},"meta":[],"acf":[],"simple_local_avatar":{"media_id":224878,"full":"https:\/\/expoflamenco.com\/wp-content\/uploads\/2026\/04\/rocio-hellin.jpg","blog_id":1,"512":"https:\/\/expoflamenco.com\/wp-content\/uploads\/2026\/04\/rocio-hellin.jpg","500":"https:\/\/expoflamenco.com\/wp-content\/uploads\/2026\/04\/rocio-hellin.jpg","300":"https:\/\/expoflamenco.com\/wp-content\/uploads\/2026\/04\/rocio-hellin-300x300.jpg","256":"https:\/\/expoflamenco.com\/wp-content\/uploads\/2026\/04\/rocio-hellin-300x300.jpg","220":"https:\/\/expoflamenco.com\/wp-content\/uploads\/2026\/04\/rocio-hellin-300x300.jpg","192":"https:\/\/expoflamenco.com\/wp-content\/uploads\/2026\/04\/rocio-hellin-300x300.jpg","160":"https:\/\/expoflamenco.com\/wp-content\/uploads\/2026\/04\/rocio-hellin-300x300.jpg","128":"https:\/\/expoflamenco.com\/wp-content\/uploads\/2026\/04\/rocio-hellin-150x150.jpg","110":"https:\/\/expoflamenco.com\/wp-content\/uploads\/2026\/04\/rocio-hellin-150x150.jpg","100":"https:\/\/expoflamenco.com\/wp-content\/uploads\/2026\/04\/rocio-hellin-150x150.jpg","96":"https:\/\/expoflamenco.com\/wp-content\/uploads\/2026\/04\/rocio-hellin-150x150.jpg","80":"https:\/\/expoflamenco.com\/wp-content\/uploads\/2026\/04\/rocio-hellin-150x150.jpg","64":"https:\/\/expoflamenco.com\/wp-content\/uploads\/2026\/04\/rocio-hellin-75x75.jpg","55":"https:\/\/expoflamenco.com\/wp-content\/uploads\/2026\/04\/rocio-hellin-75x75.jpg","52":"https:\/\/expoflamenco.com\/wp-content\/uploads\/2026\/04\/rocio-hellin-75x75.jpg","50":"https:\/\/expoflamenco.com\/wp-content\/uploads\/2026\/04\/rocio-hellin-75x75.jpg","48":"https:\/\/expoflamenco.com\/wp-content\/uploads\/2026\/04\/rocio-hellin-75x75.jpg","44":"https:\/\/expoflamenco.com\/wp-content\/uploads\/2026\/04\/rocio-hellin-75x75.jpg","40":"https:\/\/expoflamenco.com\/wp-content\/uploads\/2026\/04\/rocio-hellin-75x75.jpg","36":"https:\/\/expoflamenco.com\/wp-content\/uploads\/2026\/04\/rocio-hellin-75x75.jpg","32":"https:\/\/expoflamenco.com\/wp-content\/uploads\/2026\/04\/rocio-hellin-75x75.jpg","26":"https:\/\/expoflamenco.com\/wp-content\/uploads\/2026\/04\/rocio-hellin-75x75.jpg","24":"https:\/\/expoflamenco.com\/wp-content\/uploads\/2026\/04\/rocio-hellin-75x75.jpg","22":"https:\/\/expoflamenco.com\/wp-content\/uploads\/2026\/04\/rocio-hellin-75x75.jpg","18":"https:\/\/expoflamenco.com\/wp-content\/uploads\/2026\/04\/rocio-hellin-75x75.jpg"},"elementor_introduction":"","_links":{"self":[{"href":"https:\/\/expoflamenco.com\/revista\/wp-json\/wp\/v2\/users\/446","targetHints":{"allow":["GET"]}}],"collection":[{"href":"https:\/\/expoflamenco.com\/revista\/wp-json\/wp\/v2\/users"}]}}