{"id":34,"name":"Juan Garrido","url":"","description":"Jerez, 1991. Flamenco y comunicaci\u00f3n las 24 horas del d\u00eda. Desde 2012 en prensa escrita, tertulias radiof\u00f3nicas, programas de tv, presentaci\u00f3n de festivales, revistas especializadas... En mi familia todos bailamos por buler\u00edas, aunque yo soy el \u00fanico periodista.","link":"https:\/\/expoflamenco.com\/revista\/author\/juan-garrido\/","slug":"juan-garrido","avatar_urls":{"24":"https:\/\/expoflamenco.com\/revista\/wp-content\/uploads\/2026\/04\/juan-garrido-75x75.jpg","48":"https:\/\/expoflamenco.com\/revista\/wp-content\/uploads\/2026\/04\/juan-garrido-75x75.jpg","96":"https:\/\/expoflamenco.com\/revista\/wp-content\/uploads\/2026\/04\/juan-garrido-150x150.jpg"},"meta":[],"acf":[],"simple_local_avatar":{"media_id":224876,"full":"https:\/\/expoflamenco.com\/wp-content\/uploads\/2026\/04\/juan-garrido.jpg","blog_id":1,"512":"https:\/\/expoflamenco.com\/wp-content\/uploads\/2026\/04\/juan-garrido.jpg","500":"https:\/\/expoflamenco.com\/wp-content\/uploads\/2026\/04\/juan-garrido.jpg","300":"https:\/\/expoflamenco.com\/wp-content\/uploads\/2026\/04\/juan-garrido-300x300.jpg","256":"https:\/\/expoflamenco.com\/wp-content\/uploads\/2026\/04\/juan-garrido-300x300.jpg","220":"https:\/\/expoflamenco.com\/wp-content\/uploads\/2026\/04\/juan-garrido-300x300.jpg","192":"https:\/\/expoflamenco.com\/wp-content\/uploads\/2026\/04\/juan-garrido-300x300.jpg","160":"https:\/\/expoflamenco.com\/wp-content\/uploads\/2026\/04\/juan-garrido-300x300.jpg","128":"https:\/\/expoflamenco.com\/wp-content\/uploads\/2026\/04\/juan-garrido-150x150.jpg","110":"https:\/\/expoflamenco.com\/wp-content\/uploads\/2026\/04\/juan-garrido-150x150.jpg","100":"https:\/\/expoflamenco.com\/wp-content\/uploads\/2026\/04\/juan-garrido-150x150.jpg","96":"https:\/\/expoflamenco.com\/wp-content\/uploads\/2026\/04\/juan-garrido-150x150.jpg","80":"https:\/\/expoflamenco.com\/wp-content\/uploads\/2026\/04\/juan-garrido-150x150.jpg","64":"https:\/\/expoflamenco.com\/wp-content\/uploads\/2026\/04\/juan-garrido-75x75.jpg","55":"https:\/\/expoflamenco.com\/wp-content\/uploads\/2026\/04\/juan-garrido-75x75.jpg","52":"https:\/\/expoflamenco.com\/wp-content\/uploads\/2026\/04\/juan-garrido-75x75.jpg","50":"https:\/\/expoflamenco.com\/wp-content\/uploads\/2026\/04\/juan-garrido-75x75.jpg","48":"https:\/\/expoflamenco.com\/wp-content\/uploads\/2026\/04\/juan-garrido-75x75.jpg","44":"https:\/\/expoflamenco.com\/wp-content\/uploads\/2026\/04\/juan-garrido-75x75.jpg","40":"https:\/\/expoflamenco.com\/wp-content\/uploads\/2026\/04\/juan-garrido-75x75.jpg","36":"https:\/\/expoflamenco.com\/wp-content\/uploads\/2026\/04\/juan-garrido-75x75.jpg","32":"https:\/\/expoflamenco.com\/wp-content\/uploads\/2026\/04\/juan-garrido-75x75.jpg","26":"https:\/\/expoflamenco.com\/wp-content\/uploads\/2026\/04\/juan-garrido-75x75.jpg","24":"https:\/\/expoflamenco.com\/wp-content\/uploads\/2026\/04\/juan-garrido-75x75.jpg","22":"https:\/\/expoflamenco.com\/wp-content\/uploads\/2026\/04\/juan-garrido-75x75.jpg","18":"https:\/\/expoflamenco.com\/wp-content\/uploads\/2026\/04\/juan-garrido-75x75.jpg"},"elementor_introduction":"","_links":{"self":[{"href":"https:\/\/expoflamenco.com\/revista\/wp-json\/wp\/v2\/users\/34","targetHints":{"allow":["GET"]}}],"collection":[{"href":"https:\/\/expoflamenco.com\/revista\/wp-json\/wp\/v2\/users"}]}}