{"id":27,"name":"Fran Reina","url":"","description":"Cuevas de San Marcos (M\u00e1laga), 1974. Periodista especializado en flamenco. Director de la Revista Pellizco Flamenco. Gestiona una secci\u00f3n semanal sobre flamenco en Fuengirola TV y colabora en el programa Universo Flamenco de Canal M\u00e1laga Radio. Presenta festivales flamencos.","link":"https:\/\/expoflamenco.com\/revista\/author\/franreina\/","slug":"franreina","avatar_urls":{"24":"https:\/\/expoflamenco.com\/revista\/wp-content\/uploads\/2026\/04\/fran-reina-1-75x75.jpg","48":"https:\/\/expoflamenco.com\/revista\/wp-content\/uploads\/2026\/04\/fran-reina-1-75x75.jpg","96":"https:\/\/expoflamenco.com\/revista\/wp-content\/uploads\/2026\/04\/fran-reina-1-150x150.jpg"},"meta":[],"acf":[],"simple_local_avatar":{"media_id":224871,"full":"https:\/\/expoflamenco.com\/wp-content\/uploads\/2026\/04\/fran-reina-1.jpg","blog_id":1,"512":"https:\/\/expoflamenco.com\/wp-content\/uploads\/2026\/04\/fran-reina-1.jpg","500":"https:\/\/expoflamenco.com\/wp-content\/uploads\/2026\/04\/fran-reina-1.jpg","300":"https:\/\/expoflamenco.com\/wp-content\/uploads\/2026\/04\/fran-reina-1-300x300.jpg","256":"https:\/\/expoflamenco.com\/wp-content\/uploads\/2026\/04\/fran-reina-1-300x300.jpg","220":"https:\/\/expoflamenco.com\/wp-content\/uploads\/2026\/04\/fran-reina-1-300x300.jpg","192":"https:\/\/expoflamenco.com\/wp-content\/uploads\/2026\/04\/fran-reina-1-300x300.jpg","160":"https:\/\/expoflamenco.com\/wp-content\/uploads\/2026\/04\/fran-reina-1-300x300.jpg","128":"https:\/\/expoflamenco.com\/wp-content\/uploads\/2026\/04\/fran-reina-1-150x150.jpg","110":"https:\/\/expoflamenco.com\/wp-content\/uploads\/2026\/04\/fran-reina-1-150x150.jpg","100":"https:\/\/expoflamenco.com\/wp-content\/uploads\/2026\/04\/fran-reina-1-150x150.jpg","96":"https:\/\/expoflamenco.com\/wp-content\/uploads\/2026\/04\/fran-reina-1-150x150.jpg","80":"https:\/\/expoflamenco.com\/wp-content\/uploads\/2026\/04\/fran-reina-1-150x150.jpg","64":"https:\/\/expoflamenco.com\/wp-content\/uploads\/2026\/04\/fran-reina-1-75x75.jpg","55":"https:\/\/expoflamenco.com\/wp-content\/uploads\/2026\/04\/fran-reina-1-75x75.jpg","52":"https:\/\/expoflamenco.com\/wp-content\/uploads\/2026\/04\/fran-reina-1-75x75.jpg","50":"https:\/\/expoflamenco.com\/wp-content\/uploads\/2026\/04\/fran-reina-1-75x75.jpg","48":"https:\/\/expoflamenco.com\/wp-content\/uploads\/2026\/04\/fran-reina-1-75x75.jpg","44":"https:\/\/expoflamenco.com\/wp-content\/uploads\/2026\/04\/fran-reina-1-75x75.jpg","40":"https:\/\/expoflamenco.com\/wp-content\/uploads\/2026\/04\/fran-reina-1-75x75.jpg","36":"https:\/\/expoflamenco.com\/wp-content\/uploads\/2026\/04\/fran-reina-1-75x75.jpg","32":"https:\/\/expoflamenco.com\/wp-content\/uploads\/2026\/04\/fran-reina-1-75x75.jpg","26":"https:\/\/expoflamenco.com\/wp-content\/uploads\/2026\/04\/fran-reina-1-75x75.jpg","24":"https:\/\/expoflamenco.com\/wp-content\/uploads\/2026\/04\/fran-reina-1-75x75.jpg","22":"https:\/\/expoflamenco.com\/wp-content\/uploads\/2026\/04\/fran-reina-1-75x75.jpg","18":"https:\/\/expoflamenco.com\/wp-content\/uploads\/2026\/04\/fran-reina-1-75x75.jpg"},"elementor_introduction":"","_links":{"self":[{"href":"https:\/\/expoflamenco.com\/revista\/wp-json\/wp\/v2\/users\/27","targetHints":{"allow":["GET"]}}],"collection":[{"href":"https:\/\/expoflamenco.com\/revista\/wp-json\/wp\/v2\/users"}]}}