{"id":9638,"date":"2026-09-04T10:21:23","date_gmt":"2026-09-04T08:21:23","guid":{"rendered":"https:\/\/expoflamenco.com\/revista\/?p=9638"},"modified":"2026-09-04T10:21:23","modified_gmt":"2026-09-04T08:21:23","slug":"ogijares-rinde-homenaje-a-enrique-morente-en-su-xlvii-festival-nacional-de-cante-flamenco","status":"publish","type":"post","link":"https:\/\/expoflamenco.com\/revista\/ogijares-rinde-homenaje-a-enrique-morente-en-su-xlvii-festival-nacional-de-cante-flamenco\/","title":{"rendered":"Og\u00edjares rinde homenaje a Enrique Morente en su XLVII Festival Nacional de Cante Flamenco","gt_translate_keys":[{"key":"rendered","format":"text"}]},"content":{"rendered":"<p class=\"isSelectedEnd\">Og\u00edjares (Granada) celebra este s\u00e1bado 5 de septiembre la <strong>XLVII edici\u00f3n de su Festival Nacional de Cante Flamenco<\/strong>, una de las citas veteranas del calendario andaluz, declarada de Inter\u00e9s Tur\u00edstico de Andaluc\u00eda. El encuentro tendr\u00e1 lugar a partir de las 22.30 horas en el Parque de San Sebasti\u00e1n y estar\u00e1 dedicado este a\u00f1o a la memoria de <strong>Enrique Morente<\/strong>.<\/p>\n<p class=\"isSelectedEnd\">El festival presenta un amplio cartel de cante con <strong>Pedro El Grana\u00edno, Mar\u00eda Terremoto, Jes\u00fas M\u00e9ndez, Ezequiel Ben\u00edtez y Antonia Contreras<\/strong>. Cinco voces con personalidades y trayectorias diferentes que estar\u00e1n acompa\u00f1adas por los guitarristas <strong>Patrocinio Hijo, Nono Jero, Pepe del Morao, Paco Le\u00f3n y Juan Ram\u00f3n Caro<\/strong>.<\/p>\n<p class=\"isSelectedEnd\">El baile tambi\u00e9n tendr\u00e1 presencia en esta 47\u00aa edici\u00f3n con la granadina <strong>Fuensanta La Moneta<\/strong>, una de las bailaoras m\u00e1s reconocidas de su generaci\u00f3n. La cita cuenta con la colaboraci\u00f3n del <strong>Instituto Andaluz del Flamenco<\/strong> y mantiene as\u00ed una trayectoria que ha convertido al festival de Og\u00edjares en uno de los encuentros flamencos de referencia de la provincia de Granada.<\/p>\n<p>&nbsp;<\/p>\n<h2>Programa<\/h2>\n<p class=\"isSelectedEnd\"><strong>XLVII Festival Nacional de Cante Flamenco de Og\u00edjares<\/strong><br \/>\nS\u00e1bado 5 de septiembre de 2026 \u2013 22.30 horas<br \/>\nParque de San Sebasti\u00e1n \u2013 Og\u00edjares (Granada)<\/p>\n<p class=\"isSelectedEnd\"><strong>Al cante<\/strong><\/p>\n<ul data-spread=\"false\">\n<li>Pedro El Grana\u00edno<\/li>\n<li>Mar\u00eda Terremoto<\/li>\n<li>Jes\u00fas M\u00e9ndez<\/li>\n<li>Ezequiel Ben\u00edtez<\/li>\n<li>Antonia Contreras<\/li>\n<\/ul>\n<p class=\"isSelectedEnd\"><strong>A la guitarra<\/strong><\/p>\n<ul data-spread=\"false\">\n<li>Patrocinio Hijo<\/li>\n<li>Nono Jero<\/li>\n<li>Pepe del Morao<\/li>\n<li>Paco Le\u00f3n<\/li>\n<li>Juan Ram\u00f3n Caro<\/li>\n<\/ul>\n<p class=\"isSelectedEnd\"><strong>Al baile<\/strong><\/p>\n<ul data-spread=\"false\">\n<li>Fuensanta La Moneta<\/li>\n<\/ul>\n<p>&nbsp;<\/p>\n<p>Las entradas tienen un precio de <strong>20 euros<\/strong> y pueden adquirirse anticipadamente a trav\u00e9s de Redentradas y en varios establecimientos de Og\u00edjares. Tambi\u00e9n estar\u00e1n disponibles en la taquilla del recinto desde una hora antes del comienzo del festival. \u2666<\/p>\n<p>&nbsp;<\/p>\n<p><a href=\"https:\/\/expoflamenco.com\/revista\/wp-content\/uploads\/sites\/46\/2026\/09\/xlvii-festival-nacional-de-cante-flamenco-ogijares-2026.jpg\"><img decoding=\"async\" class=\"aligncenter size-full wp-image-9639\" src=\"https:\/\/expoflamenco.com\/revista\/wp-content\/uploads\/sites\/46\/2026\/09\/xlvii-festival-nacional-de-cante-flamenco-ogijares-2026.jpg\" alt=\"\" width=\"720\" height=\"900\" srcset=\"https:\/\/expoflamenco.com\/revista\/wp-content\/uploads\/sites\/46\/2026\/09\/xlvii-festival-nacional-de-cante-flamenco-ogijares-2026.jpg 720w, https:\/\/expoflamenco.com\/revista\/wp-content\/uploads\/sites\/46\/2026\/09\/xlvii-festival-nacional-de-cante-flamenco-ogijares-2026-240x300.jpg 240w\" sizes=\"(max-width: 720px) 100vw, 720px\" \/><\/a><\/p>\n<p>&nbsp;<\/p>\n","protected":false,"gt_translate_keys":[{"key":"rendered","format":"html"}]},"excerpt":{"rendered":"<p>Pedro El Grana\u00edno, Mar\u00eda Terremoto, Jes\u00fas M\u00e9ndez, Ezequiel Ben\u00edtez, Antonia Contreras y Fuensanta La Moneta encabezan el cartel de la cita granadina, que se celebra el s\u00e1bado 5.<\/p>\n","protected":false,"gt_translate_keys":[{"key":"rendered","format":"html"}]},"author":5,"featured_media":9640,"comment_status":"open","ping_status":"open","sticky":false,"template":"","format":"standard","meta":{"_acf_changed":false,"pmpro_default_level":"","jnews-multi-image_gallery":[],"jnews_single_post":{"format":"standard","featured_image_fetch_priority_high":"1","override":[{"template":"3","parallax":"1","fullscreen":"1","layout":"right-sidebar-narrow","sidebar":"default-sidebar","main_content_tag":"div","second_sidebar":"default-sidebar","sticky_sidebar":"1","share_position":"top","share_float_style":"share-monocrhome","show_share_counter":"1","show_view_counter":"1","show_featured":"1","show_post_meta":"1","show_post_author":"1","show_post_author_image":"1","show_post_date":"1","post_date_format":"default","post_date_format_custom":"Y\/m\/d","show_post_reading_time":"1","post_reading_time_wpm":"300","post_calculate_word_method":"str_word_count","show_zoom_button":"1","zoom_button_out_step":"2","zoom_button_in_step":"3","show_popup_post":"1","show_comment_section":"1","number_popup_post":"1","show_author_box":"1","show_post_related":"1","show_inline_post_related":"1"}],"image_override":[{"single_post_thumbnail_size":"crop-500","single_post_gallery_size":"crop-500"}],"trending_post_position":"meta","trending_post_label":"Trending","sponsored_post_label":"Sponsored by","disable_ad":"0","subtitle":"Pedro El Grana\u00edno, Mar\u00eda Terremoto, Jes\u00fas M\u00e9ndez, Ezequiel Ben\u00edtez, Antonia Contreras y Fuensanta La Moneta encabezan el cartel de la cita granadina, que se celebra el s\u00e1bado 5."},"jnews_primary_category":{"id":"37"},"jnews_override_bookmark_settings":{"override_bookmark_button":"0","override_show_bookmark_button":"0"},"jnews_social_meta":[],"jnews_review":[],"enable_review":"","type":"percentage","name":"","summary":"","brand":"","sku":"","good":[],"bad":[],"score_override":"","override_value":"","rating":[],"price":[],"jnews_override_counter":{"view_counter_number":"0","share_counter_number":"0","like_counter_number":"0","dislike_counter_number":"0"},"footnotes":""},"categories":[37,38],"tags":[922,60,7930],"class_list":["post-9638","post","type-post","status-publish","format-standard","has-post-thumbnail","hentry","category-actualidad","category-en-portada","tag-antonia-contreras","tag-festival-flamenco","tag-xlvii-festival-nacional-de-cante-flamenco-de-ojigares","pmpro-has-access"],"acf":[],"gt_translate_keys":[{"key":"link","format":"url"}],"_links":{"self":[{"href":"https:\/\/expoflamenco.com\/revista\/wp-json\/wp\/v2\/posts\/9638","targetHints":{"allow":["GET"]}}],"collection":[{"href":"https:\/\/expoflamenco.com\/revista\/wp-json\/wp\/v2\/posts"}],"about":[{"href":"https:\/\/expoflamenco.com\/revista\/wp-json\/wp\/v2\/types\/post"}],"author":[{"embeddable":true,"href":"https:\/\/expoflamenco.com\/revista\/wp-json\/wp\/v2\/users\/5"}],"replies":[{"embeddable":true,"href":"https:\/\/expoflamenco.com\/revista\/wp-json\/wp\/v2\/comments?post=9638"}],"version-history":[{"count":1,"href":"https:\/\/expoflamenco.com\/revista\/wp-json\/wp\/v2\/posts\/9638\/revisions"}],"predecessor-version":[{"id":9641,"href":"https:\/\/expoflamenco.com\/revista\/wp-json\/wp\/v2\/posts\/9638\/revisions\/9641"}],"wp:featuredmedia":[{"embeddable":true,"href":"https:\/\/expoflamenco.com\/revista\/wp-json\/wp\/v2\/media\/9640"}],"wp:attachment":[{"href":"https:\/\/expoflamenco.com\/revista\/wp-json\/wp\/v2\/media?parent=9638"}],"wp:term":[{"taxonomy":"category","embeddable":true,"href":"https:\/\/expoflamenco.com\/revista\/wp-json\/wp\/v2\/categories?post=9638"},{"taxonomy":"post_tag","embeddable":true,"href":"https:\/\/expoflamenco.com\/revista\/wp-json\/wp\/v2\/tags?post=9638"}],"curies":[{"name":"wp","href":"https:\/\/api.w.org\/{rel}","templated":true}]}}