{"id":9634,"date":"2026-09-04T10:07:06","date_gmt":"2026-09-04T08:07:06","guid":{"rendered":"https:\/\/expoflamenco.com\/revista\/?p=9634"},"modified":"2026-09-04T10:07:06","modified_gmt":"2026-09-04T08:07:06","slug":"el-flamenco-toma-la-guitarra-en-malaga","status":"publish","type":"post","link":"https:\/\/expoflamenco.com\/revista\/el-flamenco-toma-la-guitarra-en-malaga\/","title":{"rendered":"El flamenco toma la guitarra en M\u00e1laga","gt_translate_keys":[{"key":"rendered","format":"text"}]},"content":{"rendered":"<p class=\"isSelectedEnd\">M\u00e1laga vuelve a convertirse durante el mes de septiembre en punto de encuentro de algunas de las principales figuras de la guitarra. El <a href=\"https:\/\/www.malagaguitarfestival.com\/\" target=\"_blank\" rel=\"noopener\">V Festival Internacional de la Guitarra de M\u00e1laga Pepe Romero<\/a> re\u00fane del <strong>4 al 30 de septiembre<\/strong> un total de quince conciertos, con propuestas que recorren la guitarra cl\u00e1sica y flamenca, la m\u00fasica espa\u00f1ola y otros instrumentos de cuerda pulsada.<\/p>\n<p class=\"isSelectedEnd\">El flamenco ocupa un espacio especialmente destacado en la programaci\u00f3n. El ciclo arranca este viernes 4 de septiembre en la Sala Fundaci\u00f3n Unicaja Mar\u00eda Cristina con <strong>Alejandro Hurtado<\/strong>, ganador del Bord\u00f3n Minero y uno de los j\u00f3venes nombres destacados del toque actual. Estar\u00e1 acompa\u00f1ado por <strong>Inmaculada Salom\u00f3n<\/strong>, primera bailarina del Ballet Nacional de Espa\u00f1a. La vertiente jonda continuar\u00e1 el 11 de septiembre con <strong>El Amir<\/strong>, guitarrista vinculado tambi\u00e9n a la gira internacional de Hans Zimmer.<\/p>\n<p class=\"isSelectedEnd\">Uno de los bloques centrales del festival llegar\u00e1 en la segunda mitad del mes. <strong>Pituquete<\/strong> actuar\u00e1 el 17 de septiembre en el Patio de Surtidores de la Alcazaba junto a la cantaora <strong>Encarna Anillo<\/strong>. Dos d\u00edas despu\u00e9s ser\u00e1 el turno del guitarrista malague\u00f1o <strong>Daniel Casares<\/strong>. El 24 de septiembre comparecer\u00e1 <strong>Jos\u00e9 Ferm\u00edn Fern\u00e1ndez<\/strong>, ganador del Bord\u00f3n Minero y del primer premio del Concurso Nacional de Arte Flamenco de C\u00f3rdoba.<\/p>\n<p class=\"isSelectedEnd\">La programaci\u00f3n flamenca continuar\u00e1 el d\u00eda 25 con <strong>Joni Jim\u00e9nez<\/strong>, \u00faltimo ganador del Bord\u00f3n Minero, que contar\u00e1 como artista invitado con el cantaor jerezano <strong>Jes\u00fas M\u00e9ndez<\/strong>. El ciclo Trasnoches Flamencos se cerrar\u00e1 el 26 de septiembre con <strong>Ricardo Fern\u00e1ndez del Moral<\/strong>, singular int\u00e9rprete que re\u00fane cante y guitarra y que hizo historia en el Festival del Cante de las Minas al conquistar en una misma edici\u00f3n la L\u00e1mpara Minera y los cinco premios de cante.<\/p>\n<p class=\"isSelectedEnd\">Junto al flamenco, el festival presenta nombres relevantes de la guitarra espa\u00f1ola e internacional como Jacob Kellerman, Ausi\u00e0s Parejo, Mabel Mill\u00e1n, Filip Miskovic o Jos\u00e9 Luis Ruiz del Puerto. Especial inter\u00e9s tiene la actuaci\u00f3n de Kellerman, que tocar\u00e1 una guitarra Antonio de Torres de 1888 que perteneci\u00f3 a Francisco T\u00e1rrega. La quinta edici\u00f3n concluir\u00e1 el 30 de septiembre en el Teatro Cervantes con <strong>Pepe Romero<\/strong>, la Orquesta Filarm\u00f3nica de M\u00e1laga y el director Jos\u00e9 Mar\u00eda Moreno. Romero interpretar\u00e1 el <em>Concierto de Aranjuez<\/em> dentro de una velada dedicada a Joaqu\u00edn Rodrigo y a la m\u00fasica cinematogr\u00e1fica de John Williams.<\/p>\n<p>&nbsp;<\/p>\n<blockquote><p><em>\u00abM\u00e1laga vuelve a convertirse durante el mes de septiembre en punto de encuentro de algunas de las principales figuras de la guitarra. El V Festival Internacional de la Guitarra de M\u00e1laga Pepe Romero re\u00fane un total de quince conciertos, con propuestas que recorren la guitarra cl\u00e1sica y flamenca, la m\u00fasica espa\u00f1ola y otros instrumentos de cuerda pulsada\u00bb<\/em><\/p><\/blockquote>\n<p>&nbsp;<\/p>\n<h2>Programa del V Festival Internacional de la Guitarra de M\u00e1laga Pepe Romero<\/h2>\n<p class=\"isSelectedEnd\"><strong>Viernes 4 de septiembre \u2013 19.30 h<\/strong><br \/>\nAlejandro Hurtado + Inmaculada Salom\u00f3n<br \/>\nSala Fundaci\u00f3n Unicaja Mar\u00eda Cristina<\/p>\n<p class=\"isSelectedEnd\"><strong>S\u00e1bado 5 de septiembre \u2013 21.30 h<\/strong><br \/>\nJacob Kellerman, con la guitarra Antonio de Torres de Francisco T\u00e1rrega de 1888<br \/>\nPatio de Surtidores de la Alcazaba de M\u00e1laga<\/p>\n<p class=\"isSelectedEnd\"><strong>Domingo 6 de septiembre \u2013 12.00 h<\/strong><br \/>\nQuinteto 1909 \u2013 <em>5 guitarras y un coraz\u00f3n<\/em>, en memoria de \u00c1ngel G. Pi\u00f1ero<br \/>\nCentro Cultural Fundaci\u00f3n Unicaja de M\u00e1laga<\/p>\n<p class=\"isSelectedEnd\"><strong>Viernes 11 de septiembre \u2013 19.30 h<\/strong><br \/>\nEl Amir \u2013 <em>Alma flamenca<\/em><br \/>\nSala Fundaci\u00f3n Unicaja Mar\u00eda Cristina<\/p>\n<p class=\"isSelectedEnd\"><strong>S\u00e1bado 12 de septiembre \u2013 21.30 h<\/strong><br \/>\nAusi\u00e0s Parejo \u2013 <em>150 a\u00f1os de Manuel de Falla<\/em><br \/>\nPatio de Surtidores de la Alcazaba de M\u00e1laga<\/p>\n<p class=\"isSelectedEnd\"><strong>Domingo 13 de septiembre \u2013 12.00 h<\/strong><br \/>\nFilip Miskovic<br \/>\nCentro Cultural Fundaci\u00f3n Unicaja de M\u00e1laga<\/p>\n<p class=\"isSelectedEnd\"><strong>Jueves 17 de septiembre \u2013 21.30 h<\/strong><br \/>\nPituquete + Encarna Anillo, artista invitada<br \/>\nPatio de Surtidores de la Alcazaba de M\u00e1laga<\/p>\n<p class=\"isSelectedEnd\"><strong>Viernes 18 de septiembre \u2013 21.30 h<\/strong><br \/>\nMabel Mill\u00e1n<br \/>\nPatio de Surtidores de la Alcazaba de M\u00e1laga<\/p>\n<p class=\"isSelectedEnd\"><strong>S\u00e1bado 19 de septiembre \u2013 19.30 h<\/strong><br \/>\nDaniel Casares<br \/>\nSala Fundaci\u00f3n Unicaja Mar\u00eda Cristina<\/p>\n<p class=\"isSelectedEnd\"><strong>Domingo 20 de septiembre \u2013 12.00 h<\/strong><br \/>\nDaniel Zapico<br \/>\nCentro Cultural Fundaci\u00f3n Unicaja de M\u00e1laga<\/p>\n<p class=\"isSelectedEnd\"><strong>Jueves 24 de septiembre \u2013 21.30 h<\/strong><br \/>\nJos\u00e9 Ferm\u00edn Fern\u00e1ndez<br \/>\nPatio de Surtidores de la Alcazaba de M\u00e1laga<\/p>\n<p class=\"isSelectedEnd\"><strong>Viernes 25 de septiembre \u2013 19.30 h<\/strong><br \/>\nJoni Jim\u00e9nez + Jes\u00fas M\u00e9ndez, artista invitado<br \/>\nSala Fundaci\u00f3n Unicaja Mar\u00eda Cristina<\/p>\n<p class=\"isSelectedEnd\"><strong>S\u00e1bado 26 de septiembre \u2013 21.30 h<\/strong><br \/>\nRicardo Fern\u00e1ndez del Moral \u2013 cante y guitarra<br \/>\nPatio de Surtidores de la Alcazaba de M\u00e1laga<\/p>\n<p class=\"isSelectedEnd\"><strong>Domingo 27 de septiembre \u2013 12.00 h<\/strong><br \/>\nJos\u00e9 Luis Ruiz del Puerto \u2013 homenaje a Mar\u00eda Luisa Anido<br \/>\nCentro Cultural Fundaci\u00f3n Unicaja de M\u00e1laga<\/p>\n<p><strong>Mi\u00e9rcoles 30 de septiembre \u2013 20.00 h<\/strong><br \/>\nPepe Romero + Orquesta Filarm\u00f3nica de M\u00e1laga + Jos\u00e9 Mar\u00eda Moreno<br \/>\n<em>Concierto de Aranjuez<\/em>, de Joaqu\u00edn Rodrigo, y m\u00fasica de John Williams<br \/>\nTeatro Cervantes de M\u00e1laga.<\/p>\n<p>&nbsp;<\/p>\n<p><a href=\"https:\/\/expoflamenco.com\/revista\/wp-content\/uploads\/sites\/46\/2026\/09\/cartel-festival-internacional-guitarra-malaga-pepe-romero-2026.webp\"><img decoding=\"async\" class=\"aligncenter size-full wp-image-9635\" src=\"https:\/\/expoflamenco.com\/revista\/wp-content\/uploads\/sites\/46\/2026\/09\/cartel-festival-internacional-guitarra-malaga-pepe-romero-2026.webp\" alt=\"\" width=\"1125\" height=\"2000\" srcset=\"https:\/\/expoflamenco.com\/revista\/wp-content\/uploads\/sites\/46\/2026\/09\/cartel-festival-internacional-guitarra-malaga-pepe-romero-2026.webp 1125w, https:\/\/expoflamenco.com\/revista\/wp-content\/uploads\/sites\/46\/2026\/09\/cartel-festival-internacional-guitarra-malaga-pepe-romero-2026-169x300.webp 169w, https:\/\/expoflamenco.com\/revista\/wp-content\/uploads\/sites\/46\/2026\/09\/cartel-festival-internacional-guitarra-malaga-pepe-romero-2026-576x1024.webp 576w, https:\/\/expoflamenco.com\/revista\/wp-content\/uploads\/sites\/46\/2026\/09\/cartel-festival-internacional-guitarra-malaga-pepe-romero-2026-768x1365.webp 768w, https:\/\/expoflamenco.com\/revista\/wp-content\/uploads\/sites\/46\/2026\/09\/cartel-festival-internacional-guitarra-malaga-pepe-romero-2026-864x1536.webp 864w, https:\/\/expoflamenco.com\/revista\/wp-content\/uploads\/sites\/46\/2026\/09\/cartel-festival-internacional-guitarra-malaga-pepe-romero-2026-750x1333.webp 750w\" sizes=\"(max-width: 1125px) 100vw, 1125px\" \/><\/a><\/p>\n<p>&nbsp;<\/p>\n","protected":false,"gt_translate_keys":[{"key":"rendered","format":"html"}]},"excerpt":{"rendered":"<p>El V Festival Internacional de la Guitarra de M\u00e1laga Pepe Romero se celebra del 4 al 30 de septiembre con quince conciertos y una destacada presencia del toque flamenco. Act\u00faan, entre otros, Alejandro Hurtado, Pituquete, Daniel Casares, Jos\u00e9 Ferm\u00edn Fern\u00e1ndez y Joni Jim\u00e9nez.<\/p>\n","protected":false,"gt_translate_keys":[{"key":"rendered","format":"html"}]},"author":5,"featured_media":9636,"comment_status":"open","ping_status":"open","sticky":false,"template":"","format":"standard","meta":{"_acf_changed":false,"pmpro_default_level":"","jnews-multi-image_gallery":[],"jnews_single_post":{"format":"standard","featured_image_fetch_priority_high":"1","override":[{"template":"3","parallax":"1","fullscreen":"1","layout":"right-sidebar-narrow","sidebar":"default-sidebar","main_content_tag":"div","second_sidebar":"default-sidebar","sticky_sidebar":"1","share_position":"top","share_float_style":"share-monocrhome","show_share_counter":"1","show_view_counter":"1","show_featured":"1","show_post_meta":"1","show_post_author":"1","show_post_author_image":"1","show_post_date":"1","post_date_format":"default","post_date_format_custom":"Y\/m\/d","show_post_reading_time":"1","post_reading_time_wpm":"300","post_calculate_word_method":"str_word_count","show_zoom_button":"1","zoom_button_out_step":"2","zoom_button_in_step":"3","show_popup_post":"1","show_comment_section":"1","number_popup_post":"1","show_author_box":"1","show_post_related":"1","show_inline_post_related":"1"}],"image_override":[{"single_post_thumbnail_size":"crop-500","single_post_gallery_size":"crop-500"}],"trending_post_position":"meta","trending_post_label":"Trending","sponsored_post_label":"Sponsored by","disable_ad":"0","subtitle":"El V Festival Internacional de la Guitarra de M\u00e1laga Pepe Romero se celebra del 4 al 30 de septiembre con quince conciertos y una destacada presencia del toque flamenco. Act\u00faan, entre otros, Alejandro Hurtado, Pituquete, Daniel Casares, Jos\u00e9 Ferm\u00edn Fern\u00e1ndez y Joni Jim\u00e9nez."},"jnews_primary_category":{"id":"37"},"jnews_override_bookmark_settings":{"override_bookmark_button":"0","override_show_bookmark_button":"0"},"jnews_social_meta":[],"jnews_review":[],"enable_review":"","type":"percentage","name":"","summary":"","brand":"","sku":"","good":[],"bad":[],"score_override":"","override_value":"","rating":[],"price":[],"jnews_override_counter":{"view_counter_number":"0","share_counter_number":"0","like_counter_number":"0","dislike_counter_number":"0"},"footnotes":""},"categories":[37,38],"tags":[60,7929],"class_list":["post-9634","post","type-post","status-publish","format-standard","has-post-thumbnail","hentry","category-actualidad","category-en-portada","tag-festival-flamenco","tag-v-festival-internacional-de-la-guitarra-de-malaga-pepe-romero","pmpro-has-access"],"acf":[],"gt_translate_keys":[{"key":"link","format":"url"}],"_links":{"self":[{"href":"https:\/\/expoflamenco.com\/revista\/wp-json\/wp\/v2\/posts\/9634","targetHints":{"allow":["GET"]}}],"collection":[{"href":"https:\/\/expoflamenco.com\/revista\/wp-json\/wp\/v2\/posts"}],"about":[{"href":"https:\/\/expoflamenco.com\/revista\/wp-json\/wp\/v2\/types\/post"}],"author":[{"embeddable":true,"href":"https:\/\/expoflamenco.com\/revista\/wp-json\/wp\/v2\/users\/5"}],"replies":[{"embeddable":true,"href":"https:\/\/expoflamenco.com\/revista\/wp-json\/wp\/v2\/comments?post=9634"}],"version-history":[{"count":1,"href":"https:\/\/expoflamenco.com\/revista\/wp-json\/wp\/v2\/posts\/9634\/revisions"}],"predecessor-version":[{"id":9637,"href":"https:\/\/expoflamenco.com\/revista\/wp-json\/wp\/v2\/posts\/9634\/revisions\/9637"}],"wp:featuredmedia":[{"embeddable":true,"href":"https:\/\/expoflamenco.com\/revista\/wp-json\/wp\/v2\/media\/9636"}],"wp:attachment":[{"href":"https:\/\/expoflamenco.com\/revista\/wp-json\/wp\/v2\/media?parent=9634"}],"wp:term":[{"taxonomy":"category","embeddable":true,"href":"https:\/\/expoflamenco.com\/revista\/wp-json\/wp\/v2\/categories?post=9634"},{"taxonomy":"post_tag","embeddable":true,"href":"https:\/\/expoflamenco.com\/revista\/wp-json\/wp\/v2\/tags?post=9634"}],"curies":[{"name":"wp","href":"https:\/\/api.w.org\/{rel}","templated":true}]}}