{"id":9630,"date":"2026-09-03T15:57:51","date_gmt":"2026-09-03T13:57:51","guid":{"rendered":"https:\/\/expoflamenco.com\/revista\/?p=9630"},"modified":"2026-09-03T15:57:51","modified_gmt":"2026-09-03T13:57:51","slug":"canal-baila-abre-temporada-en-madrid-con-cuatro-propuestas-flamencas-y-once-estrenos-absolutos","status":"publish","type":"post","link":"https:\/\/expoflamenco.com\/revista\/canal-baila-abre-temporada-en-madrid-con-cuatro-propuestas-flamencas-y-once-estrenos-absolutos\/","title":{"rendered":"Canal Baila abre temporada en Madrid con cuatro propuestas flamencas y once estrenos absolutos","gt_translate_keys":[{"key":"rendered","format":"text"}]},"content":{"rendered":"<p class=\"isSelectedEnd\">Los <a href=\"https:\/\/www.teatroscanal.com\/\" target=\"_blank\" rel=\"noopener\">Teatros del Canal de Madrid<\/a> inauguran este 3 de septiembre una nueva edici\u00f3n de <strong>Canal Baila<\/strong>, ciclo que reunir\u00e1 once estrenos absolutos hasta el 4 de diciembre en la Sala Negra. La programaci\u00f3n nace del trabajo desarrollado por las compa\u00f1\u00edas residentes del <strong>Centro Coreogr\u00e1fico Canal<\/strong> y combina flamenco, danza espa\u00f1ola, danza contempor\u00e1nea y otros lenguajes esc\u00e9nicos.<\/p>\n<p class=\"isSelectedEnd\">El flamenco es precisamente el encargado de abrir el ciclo. Los d\u00edas <strong>3 y 4 de septiembre<\/strong>, el bailaor brasile\u00f1o afincado en Espa\u00f1a <strong>Gabriel Mat\u00edas<\/strong> estrena <strong><em>Bailar<\/em><\/strong>, un solo dirigido, coreografiado e interpretado por \u00e9l mismo. La obra parte de su propia experiencia para abordar la vocaci\u00f3n, la disciplina y la entrega que supone dedicar la vida al flamenco. Sonia Franco firma la dramaturgia y la direcci\u00f3n esc\u00e9nica. La m\u00fasica y la guitarra corresponden a Jes\u00fas Torres, con Mercedes Cort\u00e9s al cante.<\/p>\n<p class=\"isSelectedEnd\">El siguiente encuentro con lo jondo llegar\u00e1 los d\u00edas <strong>12 y 13 de septiembre<\/strong> de la mano de <strong>Jos\u00e9 Maldonado<\/strong> y <strong><em>Guacamayo<\/em><\/strong>. El creador re\u00fane baile, cante, guitarra, percusi\u00f3n y pintura realizada en directo. La pieza propone un recorrido en el que el cuerpo act\u00faa tambi\u00e9n como pincel y la escena evoluciona desde el espacio reconocible del tablao hasta un particular bosque amaz\u00f3nico.<\/p>\n<p>&nbsp;<\/p>\n<blockquote><p><em>\u00abLa programaci\u00f3n nace del trabajo desarrollado por las compa\u00f1\u00edas residentes del Centro Coreogr\u00e1fico Canal y combina flamenco, danza espa\u00f1ola, danza contempor\u00e1nea y otros lenguajes esc\u00e9nicos\u00bb<\/em><\/p><\/blockquote>\n<p>&nbsp;<\/p>\n<p><a href=\"https:\/\/expoflamenco.com\/revista\/wp-content\/uploads\/sites\/46\/2026\/09\/Canal-Baila-2026-en-Teatros-del-Canal-1.webp\"><img decoding=\"async\" class=\"aligncenter size-full wp-image-9632\" src=\"https:\/\/expoflamenco.com\/revista\/wp-content\/uploads\/sites\/46\/2026\/09\/Canal-Baila-2026-en-Teatros-del-Canal-1.webp\" alt=\"\" width=\"695\" height=\"400\" srcset=\"https:\/\/expoflamenco.com\/revista\/wp-content\/uploads\/sites\/46\/2026\/09\/Canal-Baila-2026-en-Teatros-del-Canal-1.webp 695w, https:\/\/expoflamenco.com\/revista\/wp-content\/uploads\/sites\/46\/2026\/09\/Canal-Baila-2026-en-Teatros-del-Canal-1-300x173.webp 300w\" sizes=\"(max-width: 695px) 100vw, 695px\" \/><\/a><\/p>\n<p>&nbsp;<\/p>\n<p class=\"isSelectedEnd\">Ya en noviembre, <strong>Jos\u00e9 \u00c1ngel Capel<\/strong> estrena <strong><em>Antes del alba<\/em><\/strong>, los d\u00edas <strong>3 y 4<\/strong>. Una creaci\u00f3n de danza espa\u00f1ola y flamenco que investiga los or\u00edgenes del canto en la tradici\u00f3n popular espa\u00f1ola y su relaci\u00f3n con las faenas y las antiguas alboradas colectivas. Canal Baila se despide los d\u00edas <strong>3 y 4 de diciembre<\/strong> con otra propuesta flamenca, <strong><em>Coro de estancias x Ana Almagro<\/em><\/strong>. La core\u00f3grafa <strong>Ana Almagro<\/strong> plantea un di\u00e1logo entre el flamenco contempor\u00e1neo y la m\u00fasica coral, con la participaci\u00f3n del Coro Ars Vocem, dirigido por Isaac Diego Garc\u00eda, y el cante de Jos\u00e9 Luis Hern\u00e1ndez.<\/p>\n<p class=\"isSelectedEnd\">Junto a estas cuatro citas, Canal Baila abre su programaci\u00f3n a propuestas muy diversas. Hay creaciones nacidas de experiencias personales, investigaciones sobre el sue\u00f1o y los l\u00edmites del cuerpo, encuentros con la m\u00fasica electr\u00f3nica y hasta una aproximaci\u00f3n coreogr\u00e1fica al <em>krabi krabong<\/em>, arte marcial tradicional tailand\u00e9s. Todos los montajes son estrenos absolutos producidos por el Centro Coreogr\u00e1fico Canal y se presentan en la Sala Negra de los Teatros del Canal.<\/p>\n<p>&nbsp;<\/p>\n<h2>Programa de Canal Baila 2026<\/h2>\n<p class=\"isSelectedEnd\"><strong>3 y 4 de septiembre<\/strong><br \/>\nGabriel Mat\u00edas \u2013 <em>Bailar<\/em><br \/>\nFlamenco<\/p>\n<p class=\"isSelectedEnd\"><strong>8 y 9 de septiembre<\/strong><br \/>\nPaloma D\u00edaz \/ La Permanente \u2013 <em>Estoy enfadada, estoy rabiosa<\/em><br \/>\nDanza y v\u00eddeo<\/p>\n<p class=\"isSelectedEnd\"><strong>12 y 13 de septiembre<\/strong><br \/>\nJos\u00e9 Maldonado \u2013 <em>Guacamayo<\/em><br \/>\nDanza flamenca, pintura en vivo y m\u00fasica en directo<\/p>\n<p class=\"isSelectedEnd\"><strong>17 y 18 de septiembre<\/strong><br \/>\nYibu \u2013 <em>Eclipse<\/em><br \/>\nDanza teatro<\/p>\n<p class=\"isSelectedEnd\"><strong>22 y 23 de septiembre<\/strong><br \/>\nJavier Mart\u00edn | Artes del movimiento \u2013 <em>R\u00c6M &#8211; las aguas mentales<\/em><br \/>\nDanza contempor\u00e1nea e instalaci\u00f3n audiovisual<\/p>\n<p class=\"isSelectedEnd\"><strong>26 y 27 de septiembre<\/strong><br \/>\nCarmen Fumero \u2013 <em>L\u00edquido infinito<\/em><\/p>\n<p class=\"isSelectedEnd\"><strong>3 y 4 de octubre<\/strong><br \/>\nCompa\u00f1\u00eda El\u00edas Aguirre \u2013 <em>Enjambre Rave<\/em><\/p>\n<p class=\"isSelectedEnd\"><strong>10 y 11 de octubre<\/strong><br \/>\nCuatro X Cuatro \/ Shant\u00ed Vera \u2013 <em>La raz\u00f3n sensible<\/em><\/p>\n<p class=\"isSelectedEnd\"><strong>29 y 30 de octubre<\/strong><br \/>\nBeqVeg \u2013 Bego\u00f1a Qui\u00f1ones &amp; Ver\u00f3nica Garz\u00f3n \u2013 <em>moNo nO aWare (NOW)<\/em><\/p>\n<p class=\"isSelectedEnd\"><strong>3 y 4 de noviembre<\/strong><br \/>\nJos\u00e9 \u00c1ngel Capel \u2013 <em>Antes del alba<\/em><br \/>\nDanza espa\u00f1ola y flamenco<\/p>\n<p class=\"isSelectedEnd\"><strong>3 y 4 de diciembre<\/strong><br \/>\n<em>Coro de estancias x Ana Almagro<\/em><br \/>\nFlamenco contempor\u00e1neo<\/p>\n<p>&nbsp;<\/p>\n","protected":false,"gt_translate_keys":[{"key":"rendered","format":"html"}]},"excerpt":{"rendered":"<p>Gabriel Mat\u00edas, Jos\u00e9 Maldonado, Jos\u00e9 \u00c1ngel Capel y Ana Almagro llevan el flamenco a un ciclo que re\u00fane tambi\u00e9n danza contempor\u00e1nea, m\u00fasica electr\u00f3nica, artes marciales y creaci\u00f3n audiovisual. Canal Baila se celebra del 3 de septiembre al 4 de diciembre de 2026 en los Teatros del Canal de la Comunidad de Madrid.<\/p>\n","protected":false,"gt_translate_keys":[{"key":"rendered","format":"html"}]},"author":5,"featured_media":9631,"comment_status":"open","ping_status":"open","sticky":false,"template":"","format":"standard","meta":{"_acf_changed":false,"pmpro_default_level":"","jnews-multi-image_gallery":[],"jnews_single_post":{"format":"standard","featured_image_fetch_priority_high":"1","override":[{"template":"3","parallax":"1","fullscreen":"1","layout":"right-sidebar-narrow","sidebar":"default-sidebar","main_content_tag":"div","second_sidebar":"default-sidebar","sticky_sidebar":"1","share_position":"top","share_float_style":"share-monocrhome","show_share_counter":"1","show_view_counter":"1","show_featured":"1","show_post_meta":"1","show_post_author":"1","show_post_author_image":"1","show_post_date":"1","post_date_format":"default","post_date_format_custom":"Y\/m\/d","show_post_reading_time":"1","post_reading_time_wpm":"300","post_calculate_word_method":"str_word_count","show_zoom_button":"1","zoom_button_out_step":"2","zoom_button_in_step":"3","show_popup_post":"1","show_comment_section":"1","number_popup_post":"1","show_author_box":"1","show_post_related":"1","show_inline_post_related":"1"}],"image_override":[{"single_post_thumbnail_size":"crop-500","single_post_gallery_size":"crop-500"}],"trending_post_position":"meta","trending_post_label":"Trending","sponsored_post_label":"Sponsored by","disable_ad":"0","subtitle":"Gabriel Mat\u00edas, Jos\u00e9 Maldonado, Jos\u00e9 \u00c1ngel Capel y Ana Almagro llevan el flamenco a un ciclo que re\u00fane tambi\u00e9n danza contempor\u00e1nea, m\u00fasica electr\u00f3nica, artes marciales y creaci\u00f3n audiovisual. Canal Baila se celebra del 3 de septiembre al 4 de diciembre de 2026 en los Teatros del Canal de la Comunidad de Madrid."},"jnews_primary_category":{"id":"37"},"jnews_override_bookmark_settings":{"override_bookmark_button":"0","override_show_bookmark_button":"0"},"jnews_social_meta":[],"jnews_review":[],"enable_review":"","type":"percentage","name":"","summary":"","brand":"","sku":"","good":[],"bad":[],"score_override":"","override_value":"","rating":[],"price":[],"jnews_override_counter":{"view_counter_number":"0","share_counter_number":"0","like_counter_number":"0","dislike_counter_number":"0"},"footnotes":""},"categories":[37,38],"tags":[7927,85,7799,7928],"class_list":["post-9630","post","type-post","status-publish","format-standard","has-post-thumbnail","hentry","category-actualidad","category-en-portada","tag-canal-baila","tag-ciclo-flamenco","tag-jose-maldonado","tag-teatros-del-canal-madrid","pmpro-has-access"],"acf":[],"gt_translate_keys":[{"key":"link","format":"url"}],"_links":{"self":[{"href":"https:\/\/expoflamenco.com\/revista\/wp-json\/wp\/v2\/posts\/9630","targetHints":{"allow":["GET"]}}],"collection":[{"href":"https:\/\/expoflamenco.com\/revista\/wp-json\/wp\/v2\/posts"}],"about":[{"href":"https:\/\/expoflamenco.com\/revista\/wp-json\/wp\/v2\/types\/post"}],"author":[{"embeddable":true,"href":"https:\/\/expoflamenco.com\/revista\/wp-json\/wp\/v2\/users\/5"}],"replies":[{"embeddable":true,"href":"https:\/\/expoflamenco.com\/revista\/wp-json\/wp\/v2\/comments?post=9630"}],"version-history":[{"count":1,"href":"https:\/\/expoflamenco.com\/revista\/wp-json\/wp\/v2\/posts\/9630\/revisions"}],"predecessor-version":[{"id":9633,"href":"https:\/\/expoflamenco.com\/revista\/wp-json\/wp\/v2\/posts\/9630\/revisions\/9633"}],"wp:featuredmedia":[{"embeddable":true,"href":"https:\/\/expoflamenco.com\/revista\/wp-json\/wp\/v2\/media\/9631"}],"wp:attachment":[{"href":"https:\/\/expoflamenco.com\/revista\/wp-json\/wp\/v2\/media?parent=9630"}],"wp:term":[{"taxonomy":"category","embeddable":true,"href":"https:\/\/expoflamenco.com\/revista\/wp-json\/wp\/v2\/categories?post=9630"},{"taxonomy":"post_tag","embeddable":true,"href":"https:\/\/expoflamenco.com\/revista\/wp-json\/wp\/v2\/tags?post=9630"}],"curies":[{"name":"wp","href":"https:\/\/api.w.org\/{rel}","templated":true}]}}