{"id":9572,"date":"2026-09-02T21:30:41","date_gmt":"2026-09-02T19:30:41","guid":{"rendered":"https:\/\/expoflamenco.com\/revista\/?p=9572"},"modified":"2026-09-02T21:31:29","modified_gmt":"2026-09-02T19:31:29","slug":"la-noche-azul-abre-la-bienal-de-sevilla-con-los-tesoros-de-la-opera-flamenca","status":"publish","type":"post","link":"https:\/\/expoflamenco.com\/revista\/la-noche-azul-abre-la-bienal-de-sevilla-con-los-tesoros-de-la-opera-flamenca\/","title":{"rendered":"\u2018La noche azul\u2019 abre la Bienal de Sevilla con los tesoros de la \u00d3pera Flamenca","gt_translate_keys":[{"key":"rendered","format":"text"}]},"content":{"rendered":"<p class=\"isSelectedEnd\">La <a href=\"https:\/\/www.labienal.com\/\" target=\"_blank\" rel=\"noopener\">XXIV Bienal de Flamenco de Sevilla<\/a> ha iniciado sus actividades con la inauguraci\u00f3n de <strong><em>La noche azul. \u00d3pera Flamenca en la colecci\u00f3n de Carlos Mart\u00edn Ballester<\/em><\/strong>. La exposici\u00f3n ocupa la Nave de Grabados de la <a href=\"https:\/\/icas.sevilla.org\/espacios\/real-fabrica-de-artilleria\" target=\"_blank\" rel=\"noopener\">Real F\u00e1brica de Artiller\u00eda<\/a> y re\u00fane 328 piezas relacionadas con una etapa decisiva en la expansi\u00f3n art\u00edstica y popular del flamenco.<\/p>\n<p class=\"isSelectedEnd\">La delegada de Turismo y Cultura del Ayuntamiento de Sevilla, <strong>Angie Moreno<\/strong>, presidi\u00f3 la presentaci\u00f3n junto al director de la Bienal, <strong>Luis Ybarra<\/strong>, y el coleccionista y comisario <strong>Carlos Mart\u00edn Ballester<\/strong>. La muestra ha sido comisariada por este \u00faltimo junto a la music\u00f3loga <strong>Zaida Hern\u00e1ndez-\u00darculo<\/strong>.<\/p>\n<p class=\"isSelectedEnd\">Carteles, discos de pizarra, gram\u00f3fonos, fotograf\u00edas y documentos reconstruyen el desarrollo de la \u00d3pera Flamenca entre los a\u00f1os veinte y cincuenta del pasado siglo. Fue el periodo en el que el cante sali\u00f3 de los caf\u00e9s cantantes y alcanz\u00f3 los grandes teatros, las plazas de toros, los circos y otros espacios con cientos de localidades. La industria discogr\u00e1fica y la radio facilitaron, al mismo tiempo, la aparici\u00f3n de nuevos p\u00fablicos.<\/p>\n<p class=\"isSelectedEnd\"><strong>Angie Moreno defendi\u00f3 durante su intervenci\u00f3n una Bienal que no se limite a lo que ocurre en los teatros.<\/strong> \u00abEl flamenco no es solamente un arte que se contempla. El flamenco se escucha, se estudia, se comparte, se descubre y, sobre todo, se vive\u00bb, afirm\u00f3. Para la delegada, la exposici\u00f3n permite aproximarse al g\u00e9nero \u00abdesde la memoria, desde los documentos, desde las im\u00e1genes y desde ese patrimonio que nos ayuda a comprender de d\u00f3nde venimos para entender mejor hacia d\u00f3nde vamos\u00bb.<\/p>\n<p class=\"isSelectedEnd\">El recorrido se organiza en cuatro \u00e1mbitos. El primero introduce al visitante en el contexto hist\u00f3rico. El segundo se ocupa de los antecedentes de la \u00d3pera Flamenca y llega hasta 1925, con especial atenci\u00f3n al auge de los concursos de cante. El espacio central analiza el desarrollo del fen\u00f3meno entre los a\u00f1os veinte y cincuenta. Una \u00faltima sala aborda sus consecuencias posteriores, entre ellas las antolog\u00edas discogr\u00e1ficas, el nacimiento de la flamencolog\u00eda, el mairenismo, los tablaos y los festivales.<\/p>\n<p class=\"isSelectedEnd\"><strong>Luis Ybarra<\/strong> <strong>situ\u00f3 la exposici\u00f3n como una de las piezas centrales de la XXIV Bienal.<\/strong> \u00abSi tuviera que decir dos cosas que resumen todo el argumentario de esta edici\u00f3n, hablar\u00eda de la gala en la Plaza de Toros y de esta exposici\u00f3n\u00bb, asegur\u00f3. El director relacion\u00f3 la muestra con <em>El mundo por montera<\/em>, el espect\u00e1culo dirigido por el bailaor <strong>Andr\u00e9s Mar\u00edn<\/strong> \u2013presente en este acto, como ven en la galer\u00eda gr\u00e1fica adjunta\u2013 que revisar\u00e1 en la Real Maestranza el repertorio de la \u00d3pera Flamenca desde el escenario actual.<\/p>\n<p>&nbsp;<\/p>\n<blockquote><p><em>\u00abLa \u00d3pera Flamenca ocup\u00f3 cerca de tres d\u00e9cadas, con especial intensidad desde los a\u00f1os veinte hasta la Guerra Civil, aunque continu\u00f3 despu\u00e9s con distintas transformaciones. Los concursos, el disco y la radio propiciaron la aparici\u00f3n de nuevos int\u00e9rpretes y p\u00fablicos. La \u00d3pera Flamenca puso a disposici\u00f3n de esos p\u00fablicos grandes escenarios, con cientos y cientos de localidades, y elencos de artistas maravillosos\u00bb (Carlos Mart\u00edn Ballester)<\/em><\/p><\/blockquote>\n<p>&nbsp;<\/p>\n<div style='display:none' class=\"jeg_preview_slider gallery_1\" data-selector='gallery_1' data-icon-prev-html=\"&lt;span class=&quot;jeg-fa-4 jeg-icon-svg jeg-svg-angle-left jeg-preview-control-icon&quot; aria-hidden=&quot;true&quot;&gt;&lt;svg xmlns=&quot;http:\/\/www.w3.org\/2000\/svg&quot; viewBox=&quot;0 0 640 1792&quot; aria-hidden=&quot;true&quot;&gt;&lt;g transform=&quot;translate(0 1536) scale(1 -1)&quot;&gt;&lt;path fill=&quot;currentColor&quot; d=&quot;M627 992q0 -13 -10 -23l-393 -393l393 -393q10 -10 10 -23t-10 -23l-50 -50q-10 -10 -23 -10t-23 10l-466 466q-10 10 -10 23t10 23l466 466q10 10 23 10t23 -10l50 -50q10 -10 10 -23z&quot;\/&gt;&lt;\/g&gt;&lt;\/svg&gt;&lt;\/span&gt;\" data-icon-next-html=\"&lt;span class=&quot;jeg-fa-4 jeg-icon-svg jeg-svg-angle-right jeg-preview-control-icon&quot; aria-hidden=&quot;true&quot;&gt;&lt;svg xmlns=&quot;http:\/\/www.w3.org\/2000\/svg&quot; viewBox=&quot;0 0 640 1792&quot; aria-hidden=&quot;true&quot;&gt;&lt;g transform=&quot;translate(0 1536) scale(1 -1)&quot;&gt;&lt;path fill=&quot;currentColor&quot; d=&quot;M595 576q0 -13 -10 -23l-466 -466q-10 -10 -23 -10t-23 10l-50 50q-10 10 -10 23t10 23l393 393l-393 393q-10 10 -10 23t10 23l50 50q10 10 23 10t23 -10l466 -466q10 -10 10 -23z&quot;\/&gt;&lt;\/g&gt;&lt;\/svg&gt;&lt;\/span&gt;\" data-icon-expand-html=\"&lt;span class=&quot;jeg-fa-4 jeg-icon-svg jeg-svg-expand jeg-preview-toggle-icon&quot; aria-hidden=&quot;true&quot;&gt;&lt;svg xmlns=&quot;http:\/\/www.w3.org\/2000\/svg&quot; viewBox=&quot;0 0 1536 1792&quot; aria-hidden=&quot;true&quot;&gt;&lt;g transform=&quot;translate(0 1536) scale(1 -1)&quot;&gt;&lt;path fill=&quot;currentColor&quot; d=&quot;M755 480q0 -13 -10 -23l-332 -332l144 -144q19 -19 19 -45t-19 -45t-45 -19h-448q-26 0 -45 19t-19 45v448q0 26 19 45t45 19t45 -19l144 -144l332 332q10 10 23 10t23 -10l114 -114q10 -10 10 -23zM1536 1344v-448q0 -26 -19 -45t-45 -19t-45 19l-144 144l-332 -332 q-10 -10 -23 -10t-23 10l-114 114q-10 10 -10 23t10 23l332 332l-144 144q-19 19 -19 45t19 45t45 19h448q26 0 45 -19t19 -45z&quot;\/&gt;&lt;\/g&gt;&lt;\/svg&gt;&lt;\/span&gt;\" data-icon-close-html=\"&lt;span class=&quot;jeg-fa-4 jeg-icon-svg jeg-svg-compress jeg-preview-toggle-icon&quot; aria-hidden=&quot;true&quot;&gt;&lt;svg xmlns=&quot;http:\/\/www.w3.org\/2000\/svg&quot; viewBox=&quot;0 0 1536 1792&quot; aria-hidden=&quot;true&quot;&gt;&lt;g transform=&quot;translate(0 1536) scale(1 -1)&quot;&gt;&lt;path fill=&quot;currentColor&quot; d=&quot;M768 576v-448q0 -26 -19 -45t-45 -19t-45 19l-144 144l-332 -332q-10 -10 -23 -10t-23 10l-114 114q-10 10 -10 23t10 23l332 332l-144 144q-19 19 -19 45t19 45t45 19h448q26 0 45 -19t19 -45zM1523 1248q0 -13 -10 -23l-332 -332l144 -144q19 -19 19 -45t-19 -45 t-45 -19h-448q-26 0 -45 19t-19 45v448q0 26 19 45t45 19t45 -19l144 -144l332 332q10 10 23 10t23 -10l114 -114q10 -10 10 -23z&quot;\/&gt;&lt;\/g&gt;&lt;\/svg&gt;&lt;\/span&gt;\">\n                        <div class=\"jeg_preview_holder\">\n                            <div class=\"jeg_preview_media\">\n                        <div class=\"jeg_preview_media_holder\">\n                            <h3>&nbsp;<\/h3>\n                            <div class=\"fullscreen-switch\">\n                                <i class=\"fa\"><\/i>\n                            <\/div>\n                            <div class=\"jeg_preview_media_content\">\n                                <div class=\"jeg_preview_media_content_holder_padding\">\n                                    <div class=\"jeg_preview_media_content_holder\"><\/div>\n                                <\/div>\n                                <div class=\"jeg_preview_media_content_navigation\">\n                                    <div class=\"prev\">\n\t\t\t\t\t\t\t\t\t\t<i class=\"fa\"><\/i>\n\t\t\t\t\t\t\t\t\t<\/div>\n                                    <div class=\"next\">\n\t\t\t\t\t\t\t\t\t\t<i class=\"fa\"><\/i>\n\t\t\t\t\t\t\t\t\t<\/div>\n                                <\/div>\n                                <div class='preview-slider-overlay'>\n                                    <div class='preloader_type preloader_dot'>\n                                        <div class=\"module-preloader jeg_preloader dot\">\n                                            <span><\/span><span><\/span><span><\/span>\n                                        <\/div>\n                                        <div class=\"module-preloader jeg_preloader circle\">\n                                            <div class=\"jnews_preloader_circle_outer\">\n                                                <div class=\"jnews_preloader_circle_inner\"><\/div>\n                                            <\/div>\n                                        <\/div>\n                                        <div class=\"module-preloader jeg_preloader square\">\n                                            <div class=\"jeg_square\">\n                                                <div class=\"jeg_square_inner\"><\/div>\n                                            <\/div>\n                                        <\/div>\n                                    <\/div>\n                                <\/div>\n                            <\/div>\n                            <div class=\"jeg_preview_control\">\n                                <div class=\"left_control\">\n                                    <div class=\"counter\"><span class=\"current\">1<\/span> de  30<\/div>\n                                    <div class=\"subtitle\"><\/div>\n                                <\/div>\n                                <div class=\"zoom\">\n                                    <span class=\"reduce\">-<\/span>\n                                    <span class=\"increase\">+<\/span>\n                                <\/div>\n                            <\/div>\n                        <\/div>\n                    <\/div>\n\n                    <div class=\"jeg_preview_bottom_slider\">\n                        <a data-id=\"0\" data-title=\"Inauguraci\u00f3n de la exposici\u00f3n 'La noche azul. \u00d3pera Flamenca en la colecci\u00f3n de Carlos Mart\u00edn Ballester'. Real F\u00e1brica de Artiller\u00eda, Sevilla. 2 sep 2026. Foto: perezventana\" data-image=\"https:\/\/expoflamenco.com\/revista\/wp-content\/uploads\/sites\/46\/2026\/09\/expoflamenco-exposicion-la-noche-azul-carlos-martin-ballester-16-fabrica-artilleria-sep26-foto-perezventana.webp\" href=\"https:\/\/expoflamenco.com\/revista\/wp-content\/uploads\/sites\/46\/2026\/09\/expoflamenco-exposicion-la-noche-azul-carlos-martin-ballester-16-fabrica-artilleria-sep26-foto-perezventana.webp\" class=\"jeg_preview_item active\">\n                            <div class=\"jeg_preview_item_thumbnail\">\n                                <img decoding=\"async\" width=\"120\" height=\"86\" src=\"https:\/\/expoflamenco.com\/revista\/wp-content\/uploads\/sites\/46\/2026\/09\/expoflamenco-exposicion-la-noche-azul-carlos-martin-ballester-16-fabrica-artilleria-sep26-foto-perezventana-120x86.webp\" class=\"attachment-jnews-120x86 size-jnews-120x86\" alt=\"Inauguraci\u00f3n de la exposici\u00f3n &#039;La noche azul. \u00d3pera Flamenca en la colecci\u00f3n de Carlos Mart\u00edn Ballester&#039;. Real F\u00e1brica de Artiller\u00eda, Sevilla. 2 sep 2026. Foto: perezventana\" srcset=\"https:\/\/expoflamenco.com\/revista\/wp-content\/uploads\/sites\/46\/2026\/09\/expoflamenco-exposicion-la-noche-azul-carlos-martin-ballester-16-fabrica-artilleria-sep26-foto-perezventana-120x86.webp 120w, https:\/\/expoflamenco.com\/revista\/wp-content\/uploads\/sites\/46\/2026\/09\/expoflamenco-exposicion-la-noche-azul-carlos-martin-ballester-16-fabrica-artilleria-sep26-foto-perezventana-350x250.webp 350w, https:\/\/expoflamenco.com\/revista\/wp-content\/uploads\/sites\/46\/2026\/09\/expoflamenco-exposicion-la-noche-azul-carlos-martin-ballester-16-fabrica-artilleria-sep26-foto-perezventana-750x536.webp 750w, https:\/\/expoflamenco.com\/revista\/wp-content\/uploads\/sites\/46\/2026\/09\/expoflamenco-exposicion-la-noche-azul-carlos-martin-ballester-16-fabrica-artilleria-sep26-foto-perezventana-1140x815.webp 1140w\" sizes=\"(max-width: 120px) 100vw, 120px\" \/>\n                            <\/div>\n                        <\/a><a data-id=\"1\" data-title=\"Inauguraci\u00f3n de la exposici\u00f3n 'La noche azul. \u00d3pera Flamenca en la colecci\u00f3n de Carlos Mart\u00edn Ballester'. Real F\u00e1brica de Artiller\u00eda, Sevilla. 2 sep 2026. Foto: perezventana\" data-image=\"https:\/\/expoflamenco.com\/revista\/wp-content\/uploads\/sites\/46\/2026\/09\/expoflamenco-exposicion-la-noche-azul-carlos-martin-ballester-9-fabrica-artilleria-sep26-foto-perezventana.webp\" href=\"https:\/\/expoflamenco.com\/revista\/wp-content\/uploads\/sites\/46\/2026\/09\/expoflamenco-exposicion-la-noche-azul-carlos-martin-ballester-9-fabrica-artilleria-sep26-foto-perezventana.webp\" class=\"jeg_preview_item \">\n                            <div class=\"jeg_preview_item_thumbnail\">\n                                <img decoding=\"async\" width=\"120\" height=\"86\" src=\"https:\/\/expoflamenco.com\/revista\/wp-content\/uploads\/sites\/46\/2026\/09\/expoflamenco-exposicion-la-noche-azul-carlos-martin-ballester-9-fabrica-artilleria-sep26-foto-perezventana-120x86.webp\" class=\"attachment-jnews-120x86 size-jnews-120x86\" alt=\"Inauguraci\u00f3n de la exposici\u00f3n &#039;La noche azul. \u00d3pera Flamenca en la colecci\u00f3n de Carlos Mart\u00edn Ballester&#039;. Real F\u00e1brica de Artiller\u00eda, Sevilla. 2 sep 2026. Foto: perezventana\" srcset=\"https:\/\/expoflamenco.com\/revista\/wp-content\/uploads\/sites\/46\/2026\/09\/expoflamenco-exposicion-la-noche-azul-carlos-martin-ballester-9-fabrica-artilleria-sep26-foto-perezventana-120x86.webp 120w, https:\/\/expoflamenco.com\/revista\/wp-content\/uploads\/sites\/46\/2026\/09\/expoflamenco-exposicion-la-noche-azul-carlos-martin-ballester-9-fabrica-artilleria-sep26-foto-perezventana-350x250.webp 350w, https:\/\/expoflamenco.com\/revista\/wp-content\/uploads\/sites\/46\/2026\/09\/expoflamenco-exposicion-la-noche-azul-carlos-martin-ballester-9-fabrica-artilleria-sep26-foto-perezventana-750x536.webp 750w, https:\/\/expoflamenco.com\/revista\/wp-content\/uploads\/sites\/46\/2026\/09\/expoflamenco-exposicion-la-noche-azul-carlos-martin-ballester-9-fabrica-artilleria-sep26-foto-perezventana-1140x815.webp 1140w\" sizes=\"(max-width: 120px) 100vw, 120px\" \/>\n                            <\/div>\n                        <\/a><a data-id=\"2\" data-title=\"Inauguraci\u00f3n de la exposici\u00f3n 'La noche azul. \u00d3pera Flamenca en la colecci\u00f3n de Carlos Mart\u00edn Ballester'. Real F\u00e1brica de Artiller\u00eda, Sevilla. 2 sep 2026. Foto: perezventana\" data-image=\"https:\/\/expoflamenco.com\/revista\/wp-content\/uploads\/sites\/46\/2026\/09\/expoflamenco-exposicion-la-noche-azul-carlos-martin-ballester-8-fabrica-artilleria-sep26-foto-perezventana.webp\" href=\"https:\/\/expoflamenco.com\/revista\/wp-content\/uploads\/sites\/46\/2026\/09\/expoflamenco-exposicion-la-noche-azul-carlos-martin-ballester-8-fabrica-artilleria-sep26-foto-perezventana.webp\" class=\"jeg_preview_item \">\n                            <div class=\"jeg_preview_item_thumbnail\">\n                                <img decoding=\"async\" width=\"120\" height=\"86\" src=\"https:\/\/expoflamenco.com\/revista\/wp-content\/uploads\/sites\/46\/2026\/09\/expoflamenco-exposicion-la-noche-azul-carlos-martin-ballester-8-fabrica-artilleria-sep26-foto-perezventana-120x86.webp\" class=\"attachment-jnews-120x86 size-jnews-120x86\" alt=\"Inauguraci\u00f3n de la exposici\u00f3n &#039;La noche azul. \u00d3pera Flamenca en la colecci\u00f3n de Carlos Mart\u00edn Ballester&#039;. Real F\u00e1brica de Artiller\u00eda, Sevilla. 2 sep 2026. Foto: perezventana\" srcset=\"https:\/\/expoflamenco.com\/revista\/wp-content\/uploads\/sites\/46\/2026\/09\/expoflamenco-exposicion-la-noche-azul-carlos-martin-ballester-8-fabrica-artilleria-sep26-foto-perezventana-120x86.webp 120w, https:\/\/expoflamenco.com\/revista\/wp-content\/uploads\/sites\/46\/2026\/09\/expoflamenco-exposicion-la-noche-azul-carlos-martin-ballester-8-fabrica-artilleria-sep26-foto-perezventana-350x250.webp 350w, https:\/\/expoflamenco.com\/revista\/wp-content\/uploads\/sites\/46\/2026\/09\/expoflamenco-exposicion-la-noche-azul-carlos-martin-ballester-8-fabrica-artilleria-sep26-foto-perezventana-750x536.webp 750w, https:\/\/expoflamenco.com\/revista\/wp-content\/uploads\/sites\/46\/2026\/09\/expoflamenco-exposicion-la-noche-azul-carlos-martin-ballester-8-fabrica-artilleria-sep26-foto-perezventana-1140x815.webp 1140w\" sizes=\"(max-width: 120px) 100vw, 120px\" \/>\n                            <\/div>\n                        <\/a><a data-id=\"3\" data-title=\"Inauguraci\u00f3n de la exposici\u00f3n 'La noche azul. \u00d3pera Flamenca en la colecci\u00f3n de Carlos Mart\u00edn Ballester'. Real F\u00e1brica de Artiller\u00eda, Sevilla. 2 sep 2026. Foto: perezventana\" data-image=\"https:\/\/expoflamenco.com\/revista\/wp-content\/uploads\/sites\/46\/2026\/09\/expoflamenco-exposicion-la-noche-azul-carlos-martin-ballester-10-fabrica-artilleria-sep26-foto-perezventana.webp\" href=\"https:\/\/expoflamenco.com\/revista\/wp-content\/uploads\/sites\/46\/2026\/09\/expoflamenco-exposicion-la-noche-azul-carlos-martin-ballester-10-fabrica-artilleria-sep26-foto-perezventana.webp\" class=\"jeg_preview_item \">\n                            <div class=\"jeg_preview_item_thumbnail\">\n                                <img decoding=\"async\" width=\"120\" height=\"86\" src=\"https:\/\/expoflamenco.com\/revista\/wp-content\/uploads\/sites\/46\/2026\/09\/expoflamenco-exposicion-la-noche-azul-carlos-martin-ballester-10-fabrica-artilleria-sep26-foto-perezventana-120x86.webp\" class=\"attachment-jnews-120x86 size-jnews-120x86\" alt=\"Inauguraci\u00f3n de la exposici\u00f3n &#039;La noche azul. \u00d3pera Flamenca en la colecci\u00f3n de Carlos Mart\u00edn Ballester&#039;. Real F\u00e1brica de Artiller\u00eda, Sevilla. 2 sep 2026. Foto: perezventana\" srcset=\"https:\/\/expoflamenco.com\/revista\/wp-content\/uploads\/sites\/46\/2026\/09\/expoflamenco-exposicion-la-noche-azul-carlos-martin-ballester-10-fabrica-artilleria-sep26-foto-perezventana-120x86.webp 120w, https:\/\/expoflamenco.com\/revista\/wp-content\/uploads\/sites\/46\/2026\/09\/expoflamenco-exposicion-la-noche-azul-carlos-martin-ballester-10-fabrica-artilleria-sep26-foto-perezventana-350x250.webp 350w, https:\/\/expoflamenco.com\/revista\/wp-content\/uploads\/sites\/46\/2026\/09\/expoflamenco-exposicion-la-noche-azul-carlos-martin-ballester-10-fabrica-artilleria-sep26-foto-perezventana-750x536.webp 750w, https:\/\/expoflamenco.com\/revista\/wp-content\/uploads\/sites\/46\/2026\/09\/expoflamenco-exposicion-la-noche-azul-carlos-martin-ballester-10-fabrica-artilleria-sep26-foto-perezventana-1140x815.webp 1140w\" sizes=\"(max-width: 120px) 100vw, 120px\" \/>\n                            <\/div>\n                        <\/a><a data-id=\"4\" data-title=\"Inauguraci\u00f3n de la exposici\u00f3n 'La noche azul. \u00d3pera Flamenca en la colecci\u00f3n de Carlos Mart\u00edn Ballester'. Real F\u00e1brica de Artiller\u00eda, Sevilla. 2 sep 2026. Foto: perezventana\" data-image=\"https:\/\/expoflamenco.com\/revista\/wp-content\/uploads\/sites\/46\/2026\/09\/expoflamenco-exposicion-la-noche-azul-carlos-martin-ballester-11-fabrica-artilleria-sep26-foto-perezventana.webp\" href=\"https:\/\/expoflamenco.com\/revista\/wp-content\/uploads\/sites\/46\/2026\/09\/expoflamenco-exposicion-la-noche-azul-carlos-martin-ballester-11-fabrica-artilleria-sep26-foto-perezventana.webp\" class=\"jeg_preview_item \">\n                            <div class=\"jeg_preview_item_thumbnail\">\n                                <img decoding=\"async\" width=\"120\" height=\"86\" src=\"https:\/\/expoflamenco.com\/revista\/wp-content\/uploads\/sites\/46\/2026\/09\/expoflamenco-exposicion-la-noche-azul-carlos-martin-ballester-11-fabrica-artilleria-sep26-foto-perezventana-120x86.webp\" class=\"attachment-jnews-120x86 size-jnews-120x86\" alt=\"Inauguraci\u00f3n de la exposici\u00f3n &#039;La noche azul. \u00d3pera Flamenca en la colecci\u00f3n de Carlos Mart\u00edn Ballester&#039;. Real F\u00e1brica de Artiller\u00eda, Sevilla. 2 sep 2026. Foto: perezventana\" srcset=\"https:\/\/expoflamenco.com\/revista\/wp-content\/uploads\/sites\/46\/2026\/09\/expoflamenco-exposicion-la-noche-azul-carlos-martin-ballester-11-fabrica-artilleria-sep26-foto-perezventana-120x86.webp 120w, https:\/\/expoflamenco.com\/revista\/wp-content\/uploads\/sites\/46\/2026\/09\/expoflamenco-exposicion-la-noche-azul-carlos-martin-ballester-11-fabrica-artilleria-sep26-foto-perezventana-350x250.webp 350w, https:\/\/expoflamenco.com\/revista\/wp-content\/uploads\/sites\/46\/2026\/09\/expoflamenco-exposicion-la-noche-azul-carlos-martin-ballester-11-fabrica-artilleria-sep26-foto-perezventana-750x536.webp 750w, https:\/\/expoflamenco.com\/revista\/wp-content\/uploads\/sites\/46\/2026\/09\/expoflamenco-exposicion-la-noche-azul-carlos-martin-ballester-11-fabrica-artilleria-sep26-foto-perezventana-1140x815.webp 1140w\" sizes=\"(max-width: 120px) 100vw, 120px\" \/>\n                            <\/div>\n                        <\/a><a data-id=\"5\" data-title=\"Inauguraci\u00f3n de la exposici\u00f3n 'La noche azul. \u00d3pera Flamenca en la colecci\u00f3n de Carlos Mart\u00edn Ballester'. Real F\u00e1brica de Artiller\u00eda, Sevilla. 2 sep 2026. Foto: perezventana\" data-image=\"https:\/\/expoflamenco.com\/revista\/wp-content\/uploads\/sites\/46\/2026\/09\/expoflamenco-exposicion-la-noche-azul-carlos-martin-ballester-7-fabrica-artilleria-sep26-foto-perezventana.webp\" href=\"https:\/\/expoflamenco.com\/revista\/wp-content\/uploads\/sites\/46\/2026\/09\/expoflamenco-exposicion-la-noche-azul-carlos-martin-ballester-7-fabrica-artilleria-sep26-foto-perezventana.webp\" class=\"jeg_preview_item \">\n                            <div class=\"jeg_preview_item_thumbnail\">\n                                <img decoding=\"async\" width=\"120\" height=\"86\" src=\"https:\/\/expoflamenco.com\/revista\/wp-content\/uploads\/sites\/46\/2026\/09\/expoflamenco-exposicion-la-noche-azul-carlos-martin-ballester-7-fabrica-artilleria-sep26-foto-perezventana-120x86.webp\" class=\"attachment-jnews-120x86 size-jnews-120x86\" alt=\"Inauguraci\u00f3n de la exposici\u00f3n &#039;La noche azul. \u00d3pera Flamenca en la colecci\u00f3n de Carlos Mart\u00edn Ballester&#039;. Real F\u00e1brica de Artiller\u00eda, Sevilla. 2 sep 2026. Foto: perezventana\" srcset=\"https:\/\/expoflamenco.com\/revista\/wp-content\/uploads\/sites\/46\/2026\/09\/expoflamenco-exposicion-la-noche-azul-carlos-martin-ballester-7-fabrica-artilleria-sep26-foto-perezventana-120x86.webp 120w, https:\/\/expoflamenco.com\/revista\/wp-content\/uploads\/sites\/46\/2026\/09\/expoflamenco-exposicion-la-noche-azul-carlos-martin-ballester-7-fabrica-artilleria-sep26-foto-perezventana-350x250.webp 350w, https:\/\/expoflamenco.com\/revista\/wp-content\/uploads\/sites\/46\/2026\/09\/expoflamenco-exposicion-la-noche-azul-carlos-martin-ballester-7-fabrica-artilleria-sep26-foto-perezventana-750x536.webp 750w, https:\/\/expoflamenco.com\/revista\/wp-content\/uploads\/sites\/46\/2026\/09\/expoflamenco-exposicion-la-noche-azul-carlos-martin-ballester-7-fabrica-artilleria-sep26-foto-perezventana-1140x815.webp 1140w\" sizes=\"(max-width: 120px) 100vw, 120px\" \/>\n                            <\/div>\n                        <\/a><a data-id=\"6\" data-title=\"Inauguraci\u00f3n de la exposici\u00f3n 'La noche azul. \u00d3pera Flamenca en la colecci\u00f3n de Carlos Mart\u00edn Ballester'. Real F\u00e1brica de Artiller\u00eda, Sevilla. 2 sep 2026. Foto: perezventana\" data-image=\"https:\/\/expoflamenco.com\/revista\/wp-content\/uploads\/sites\/46\/2026\/09\/expoflamenco-exposicion-la-noche-azul-carlos-martin-ballester-3-fabrica-artilleria-sep26-foto-perezventana.webp\" href=\"https:\/\/expoflamenco.com\/revista\/wp-content\/uploads\/sites\/46\/2026\/09\/expoflamenco-exposicion-la-noche-azul-carlos-martin-ballester-3-fabrica-artilleria-sep26-foto-perezventana.webp\" class=\"jeg_preview_item \">\n                            <div class=\"jeg_preview_item_thumbnail\">\n                                <img decoding=\"async\" width=\"120\" height=\"86\" src=\"https:\/\/expoflamenco.com\/revista\/wp-content\/uploads\/sites\/46\/2026\/09\/expoflamenco-exposicion-la-noche-azul-carlos-martin-ballester-3-fabrica-artilleria-sep26-foto-perezventana-120x86.webp\" class=\"attachment-jnews-120x86 size-jnews-120x86\" alt=\"Inauguraci\u00f3n de la exposici\u00f3n &#039;La noche azul. \u00d3pera Flamenca en la colecci\u00f3n de Carlos Mart\u00edn Ballester&#039;. Real F\u00e1brica de Artiller\u00eda, Sevilla. 2 sep 2026. Foto: perezventana\" srcset=\"https:\/\/expoflamenco.com\/revista\/wp-content\/uploads\/sites\/46\/2026\/09\/expoflamenco-exposicion-la-noche-azul-carlos-martin-ballester-3-fabrica-artilleria-sep26-foto-perezventana-120x86.webp 120w, https:\/\/expoflamenco.com\/revista\/wp-content\/uploads\/sites\/46\/2026\/09\/expoflamenco-exposicion-la-noche-azul-carlos-martin-ballester-3-fabrica-artilleria-sep26-foto-perezventana-350x250.webp 350w, https:\/\/expoflamenco.com\/revista\/wp-content\/uploads\/sites\/46\/2026\/09\/expoflamenco-exposicion-la-noche-azul-carlos-martin-ballester-3-fabrica-artilleria-sep26-foto-perezventana-750x536.webp 750w, https:\/\/expoflamenco.com\/revista\/wp-content\/uploads\/sites\/46\/2026\/09\/expoflamenco-exposicion-la-noche-azul-carlos-martin-ballester-3-fabrica-artilleria-sep26-foto-perezventana-1140x815.webp 1140w\" sizes=\"(max-width: 120px) 100vw, 120px\" \/>\n                            <\/div>\n                        <\/a><a data-id=\"7\" data-title=\"Inauguraci\u00f3n de la exposici\u00f3n 'La noche azul. \u00d3pera Flamenca en la colecci\u00f3n de Carlos Mart\u00edn Ballester'. Real F\u00e1brica de Artiller\u00eda, Sevilla. 2 sep 2026. Foto: perezventana\" data-image=\"https:\/\/expoflamenco.com\/revista\/wp-content\/uploads\/sites\/46\/2026\/09\/expoflamenco-exposicion-la-noche-azul-carlos-martin-ballester-1-fabrica-artilleria-sep26-foto-perezventana.webp\" href=\"https:\/\/expoflamenco.com\/revista\/wp-content\/uploads\/sites\/46\/2026\/09\/expoflamenco-exposicion-la-noche-azul-carlos-martin-ballester-1-fabrica-artilleria-sep26-foto-perezventana.webp\" class=\"jeg_preview_item \">\n                            <div class=\"jeg_preview_item_thumbnail\">\n                                <img decoding=\"async\" width=\"120\" height=\"86\" src=\"https:\/\/expoflamenco.com\/revista\/wp-content\/uploads\/sites\/46\/2026\/09\/expoflamenco-exposicion-la-noche-azul-carlos-martin-ballester-1-fabrica-artilleria-sep26-foto-perezventana-120x86.webp\" class=\"attachment-jnews-120x86 size-jnews-120x86\" alt=\"Inauguraci\u00f3n de la exposici\u00f3n &#039;La noche azul. \u00d3pera Flamenca en la colecci\u00f3n de Carlos Mart\u00edn Ballester&#039;. Real F\u00e1brica de Artiller\u00eda, Sevilla. 2 sep 2026. Foto: perezventana\" srcset=\"https:\/\/expoflamenco.com\/revista\/wp-content\/uploads\/sites\/46\/2026\/09\/expoflamenco-exposicion-la-noche-azul-carlos-martin-ballester-1-fabrica-artilleria-sep26-foto-perezventana-120x86.webp 120w, https:\/\/expoflamenco.com\/revista\/wp-content\/uploads\/sites\/46\/2026\/09\/expoflamenco-exposicion-la-noche-azul-carlos-martin-ballester-1-fabrica-artilleria-sep26-foto-perezventana-350x250.webp 350w, https:\/\/expoflamenco.com\/revista\/wp-content\/uploads\/sites\/46\/2026\/09\/expoflamenco-exposicion-la-noche-azul-carlos-martin-ballester-1-fabrica-artilleria-sep26-foto-perezventana-750x536.webp 750w, https:\/\/expoflamenco.com\/revista\/wp-content\/uploads\/sites\/46\/2026\/09\/expoflamenco-exposicion-la-noche-azul-carlos-martin-ballester-1-fabrica-artilleria-sep26-foto-perezventana-1140x815.webp 1140w\" sizes=\"(max-width: 120px) 100vw, 120px\" \/>\n                            <\/div>\n                        <\/a><a data-id=\"8\" data-title=\"Inauguraci\u00f3n de la exposici\u00f3n 'La noche azul. \u00d3pera Flamenca en la colecci\u00f3n de Carlos Mart\u00edn Ballester'. Real F\u00e1brica de Artiller\u00eda, Sevilla. 2 sep 2026. Foto: perezventana\" data-image=\"https:\/\/expoflamenco.com\/revista\/wp-content\/uploads\/sites\/46\/2026\/09\/expoflamenco-exposicion-la-noche-azul-carlos-martin-ballester-6-fabrica-artilleria-sep26-foto-perezventana.webp\" href=\"https:\/\/expoflamenco.com\/revista\/wp-content\/uploads\/sites\/46\/2026\/09\/expoflamenco-exposicion-la-noche-azul-carlos-martin-ballester-6-fabrica-artilleria-sep26-foto-perezventana.webp\" class=\"jeg_preview_item \">\n                            <div class=\"jeg_preview_item_thumbnail\">\n                                <img decoding=\"async\" width=\"120\" height=\"86\" src=\"https:\/\/expoflamenco.com\/revista\/wp-content\/uploads\/sites\/46\/2026\/09\/expoflamenco-exposicion-la-noche-azul-carlos-martin-ballester-6-fabrica-artilleria-sep26-foto-perezventana-120x86.webp\" class=\"attachment-jnews-120x86 size-jnews-120x86\" alt=\"Inauguraci\u00f3n de la exposici\u00f3n &#039;La noche azul. \u00d3pera Flamenca en la colecci\u00f3n de Carlos Mart\u00edn Ballester&#039;. Real F\u00e1brica de Artiller\u00eda, Sevilla. 2 sep 2026. Foto: perezventana\" srcset=\"https:\/\/expoflamenco.com\/revista\/wp-content\/uploads\/sites\/46\/2026\/09\/expoflamenco-exposicion-la-noche-azul-carlos-martin-ballester-6-fabrica-artilleria-sep26-foto-perezventana-120x86.webp 120w, https:\/\/expoflamenco.com\/revista\/wp-content\/uploads\/sites\/46\/2026\/09\/expoflamenco-exposicion-la-noche-azul-carlos-martin-ballester-6-fabrica-artilleria-sep26-foto-perezventana-350x250.webp 350w, https:\/\/expoflamenco.com\/revista\/wp-content\/uploads\/sites\/46\/2026\/09\/expoflamenco-exposicion-la-noche-azul-carlos-martin-ballester-6-fabrica-artilleria-sep26-foto-perezventana-750x536.webp 750w, https:\/\/expoflamenco.com\/revista\/wp-content\/uploads\/sites\/46\/2026\/09\/expoflamenco-exposicion-la-noche-azul-carlos-martin-ballester-6-fabrica-artilleria-sep26-foto-perezventana-1140x815.webp 1140w\" sizes=\"(max-width: 120px) 100vw, 120px\" \/>\n                            <\/div>\n                        <\/a><a data-id=\"9\" data-title=\"Inauguraci\u00f3n de la exposici\u00f3n 'La noche azul. \u00d3pera Flamenca en la colecci\u00f3n de Carlos Mart\u00edn Ballester'. Real F\u00e1brica de Artiller\u00eda, Sevilla. 2 sep 2026. Foto: perezventana\" data-image=\"https:\/\/expoflamenco.com\/revista\/wp-content\/uploads\/sites\/46\/2026\/09\/expoflamenco-exposicion-la-noche-azul-carlos-martin-ballester-22-fabrica-artilleria-sep26-foto-perezventana.webp\" href=\"https:\/\/expoflamenco.com\/revista\/wp-content\/uploads\/sites\/46\/2026\/09\/expoflamenco-exposicion-la-noche-azul-carlos-martin-ballester-22-fabrica-artilleria-sep26-foto-perezventana.webp\" class=\"jeg_preview_item \">\n                            <div class=\"jeg_preview_item_thumbnail\">\n                                <img decoding=\"async\" width=\"120\" height=\"86\" src=\"https:\/\/expoflamenco.com\/revista\/wp-content\/uploads\/sites\/46\/2026\/09\/expoflamenco-exposicion-la-noche-azul-carlos-martin-ballester-22-fabrica-artilleria-sep26-foto-perezventana-120x86.webp\" class=\"attachment-jnews-120x86 size-jnews-120x86\" alt=\"Inauguraci\u00f3n de la exposici\u00f3n &#039;La noche azul. \u00d3pera Flamenca en la colecci\u00f3n de Carlos Mart\u00edn Ballester&#039;. Real F\u00e1brica de Artiller\u00eda, Sevilla. 2 sep 2026. Foto: perezventana\" srcset=\"https:\/\/expoflamenco.com\/revista\/wp-content\/uploads\/sites\/46\/2026\/09\/expoflamenco-exposicion-la-noche-azul-carlos-martin-ballester-22-fabrica-artilleria-sep26-foto-perezventana-120x86.webp 120w, https:\/\/expoflamenco.com\/revista\/wp-content\/uploads\/sites\/46\/2026\/09\/expoflamenco-exposicion-la-noche-azul-carlos-martin-ballester-22-fabrica-artilleria-sep26-foto-perezventana-350x250.webp 350w, https:\/\/expoflamenco.com\/revista\/wp-content\/uploads\/sites\/46\/2026\/09\/expoflamenco-exposicion-la-noche-azul-carlos-martin-ballester-22-fabrica-artilleria-sep26-foto-perezventana-750x536.webp 750w, https:\/\/expoflamenco.com\/revista\/wp-content\/uploads\/sites\/46\/2026\/09\/expoflamenco-exposicion-la-noche-azul-carlos-martin-ballester-22-fabrica-artilleria-sep26-foto-perezventana-1140x815.webp 1140w\" sizes=\"(max-width: 120px) 100vw, 120px\" \/>\n                            <\/div>\n                        <\/a><a data-id=\"10\" data-title=\"Inauguraci\u00f3n de la exposici\u00f3n 'La noche azul. \u00d3pera Flamenca en la colecci\u00f3n de Carlos Mart\u00edn Ballester'. Real F\u00e1brica de Artiller\u00eda, Sevilla. 2 sep 2026. Foto: perezventana\" data-image=\"https:\/\/expoflamenco.com\/revista\/wp-content\/uploads\/sites\/46\/2026\/09\/expoflamenco-exposicion-la-noche-azul-carlos-martin-ballester-27-fabrica-artilleria-sep26-foto-perezventana.webp\" href=\"https:\/\/expoflamenco.com\/revista\/wp-content\/uploads\/sites\/46\/2026\/09\/expoflamenco-exposicion-la-noche-azul-carlos-martin-ballester-27-fabrica-artilleria-sep26-foto-perezventana.webp\" class=\"jeg_preview_item \">\n                            <div class=\"jeg_preview_item_thumbnail\">\n                                <img decoding=\"async\" width=\"120\" height=\"86\" src=\"https:\/\/expoflamenco.com\/revista\/wp-content\/uploads\/sites\/46\/2026\/09\/expoflamenco-exposicion-la-noche-azul-carlos-martin-ballester-27-fabrica-artilleria-sep26-foto-perezventana-120x86.webp\" class=\"attachment-jnews-120x86 size-jnews-120x86\" alt=\"Inauguraci\u00f3n de la exposici\u00f3n &#039;La noche azul. \u00d3pera Flamenca en la colecci\u00f3n de Carlos Mart\u00edn Ballester&#039;. Real F\u00e1brica de Artiller\u00eda, Sevilla. 2 sep 2026. Foto: perezventana\" srcset=\"https:\/\/expoflamenco.com\/revista\/wp-content\/uploads\/sites\/46\/2026\/09\/expoflamenco-exposicion-la-noche-azul-carlos-martin-ballester-27-fabrica-artilleria-sep26-foto-perezventana-120x86.webp 120w, https:\/\/expoflamenco.com\/revista\/wp-content\/uploads\/sites\/46\/2026\/09\/expoflamenco-exposicion-la-noche-azul-carlos-martin-ballester-27-fabrica-artilleria-sep26-foto-perezventana-350x250.webp 350w, https:\/\/expoflamenco.com\/revista\/wp-content\/uploads\/sites\/46\/2026\/09\/expoflamenco-exposicion-la-noche-azul-carlos-martin-ballester-27-fabrica-artilleria-sep26-foto-perezventana-750x536.webp 750w, https:\/\/expoflamenco.com\/revista\/wp-content\/uploads\/sites\/46\/2026\/09\/expoflamenco-exposicion-la-noche-azul-carlos-martin-ballester-27-fabrica-artilleria-sep26-foto-perezventana-1140x815.webp 1140w\" sizes=\"(max-width: 120px) 100vw, 120px\" \/>\n                            <\/div>\n                        <\/a><a data-id=\"11\" data-title=\"Inauguraci\u00f3n de la exposici\u00f3n 'La noche azul. \u00d3pera Flamenca en la colecci\u00f3n de Carlos Mart\u00edn Ballester'. Real F\u00e1brica de Artiller\u00eda, Sevilla. 2 sep 2026. Foto: perezventana\" data-image=\"https:\/\/expoflamenco.com\/revista\/wp-content\/uploads\/sites\/46\/2026\/09\/expoflamenco-exposicion-la-noche-azul-carlos-martin-ballester-4-fabrica-artilleria-sep26-foto-perezventana.webp\" href=\"https:\/\/expoflamenco.com\/revista\/wp-content\/uploads\/sites\/46\/2026\/09\/expoflamenco-exposicion-la-noche-azul-carlos-martin-ballester-4-fabrica-artilleria-sep26-foto-perezventana.webp\" class=\"jeg_preview_item \">\n                            <div class=\"jeg_preview_item_thumbnail\">\n                                <img decoding=\"async\" width=\"120\" height=\"86\" src=\"https:\/\/expoflamenco.com\/revista\/wp-content\/uploads\/sites\/46\/2026\/09\/expoflamenco-exposicion-la-noche-azul-carlos-martin-ballester-4-fabrica-artilleria-sep26-foto-perezventana-120x86.webp\" class=\"attachment-jnews-120x86 size-jnews-120x86\" alt=\"Inauguraci\u00f3n de la exposici\u00f3n &#039;La noche azul. \u00d3pera Flamenca en la colecci\u00f3n de Carlos Mart\u00edn Ballester&#039;. Real F\u00e1brica de Artiller\u00eda, Sevilla. 2 sep 2026. Foto: perezventana\" srcset=\"https:\/\/expoflamenco.com\/revista\/wp-content\/uploads\/sites\/46\/2026\/09\/expoflamenco-exposicion-la-noche-azul-carlos-martin-ballester-4-fabrica-artilleria-sep26-foto-perezventana-120x86.webp 120w, https:\/\/expoflamenco.com\/revista\/wp-content\/uploads\/sites\/46\/2026\/09\/expoflamenco-exposicion-la-noche-azul-carlos-martin-ballester-4-fabrica-artilleria-sep26-foto-perezventana-350x250.webp 350w, https:\/\/expoflamenco.com\/revista\/wp-content\/uploads\/sites\/46\/2026\/09\/expoflamenco-exposicion-la-noche-azul-carlos-martin-ballester-4-fabrica-artilleria-sep26-foto-perezventana-750x536.webp 750w, https:\/\/expoflamenco.com\/revista\/wp-content\/uploads\/sites\/46\/2026\/09\/expoflamenco-exposicion-la-noche-azul-carlos-martin-ballester-4-fabrica-artilleria-sep26-foto-perezventana-1140x815.webp 1140w\" sizes=\"(max-width: 120px) 100vw, 120px\" \/>\n                            <\/div>\n                        <\/a><a data-id=\"12\" data-title=\"Inauguraci\u00f3n de la exposici\u00f3n 'La noche azul. \u00d3pera Flamenca en la colecci\u00f3n de Carlos Mart\u00edn Ballester'. Real F\u00e1brica de Artiller\u00eda, Sevilla. 2 sep 2026. Foto: perezventana\" data-image=\"https:\/\/expoflamenco.com\/revista\/wp-content\/uploads\/sites\/46\/2026\/09\/expoflamenco-exposicion-la-noche-azul-carlos-martin-ballester-24-fabrica-artilleria-sep26-foto-perezventana.webp\" href=\"https:\/\/expoflamenco.com\/revista\/wp-content\/uploads\/sites\/46\/2026\/09\/expoflamenco-exposicion-la-noche-azul-carlos-martin-ballester-24-fabrica-artilleria-sep26-foto-perezventana.webp\" class=\"jeg_preview_item \">\n                            <div class=\"jeg_preview_item_thumbnail\">\n                                <img decoding=\"async\" width=\"120\" height=\"86\" src=\"https:\/\/expoflamenco.com\/revista\/wp-content\/uploads\/sites\/46\/2026\/09\/expoflamenco-exposicion-la-noche-azul-carlos-martin-ballester-24-fabrica-artilleria-sep26-foto-perezventana-120x86.webp\" class=\"attachment-jnews-120x86 size-jnews-120x86\" alt=\"Inauguraci\u00f3n de la exposici\u00f3n &#039;La noche azul. \u00d3pera Flamenca en la colecci\u00f3n de Carlos Mart\u00edn Ballester&#039;. Real F\u00e1brica de Artiller\u00eda, Sevilla. 2 sep 2026. Foto: perezventana\" srcset=\"https:\/\/expoflamenco.com\/revista\/wp-content\/uploads\/sites\/46\/2026\/09\/expoflamenco-exposicion-la-noche-azul-carlos-martin-ballester-24-fabrica-artilleria-sep26-foto-perezventana-120x86.webp 120w, https:\/\/expoflamenco.com\/revista\/wp-content\/uploads\/sites\/46\/2026\/09\/expoflamenco-exposicion-la-noche-azul-carlos-martin-ballester-24-fabrica-artilleria-sep26-foto-perezventana-350x250.webp 350w, https:\/\/expoflamenco.com\/revista\/wp-content\/uploads\/sites\/46\/2026\/09\/expoflamenco-exposicion-la-noche-azul-carlos-martin-ballester-24-fabrica-artilleria-sep26-foto-perezventana-750x536.webp 750w, https:\/\/expoflamenco.com\/revista\/wp-content\/uploads\/sites\/46\/2026\/09\/expoflamenco-exposicion-la-noche-azul-carlos-martin-ballester-24-fabrica-artilleria-sep26-foto-perezventana-1140x815.webp 1140w\" sizes=\"(max-width: 120px) 100vw, 120px\" \/>\n                            <\/div>\n                        <\/a><a data-id=\"13\" data-title=\"Inauguraci\u00f3n de la exposici\u00f3n 'La noche azul. \u00d3pera Flamenca en la colecci\u00f3n de Carlos Mart\u00edn Ballester'. Real F\u00e1brica de Artiller\u00eda, Sevilla. 2 sep 2026. Foto: perezventana\" data-image=\"https:\/\/expoflamenco.com\/revista\/wp-content\/uploads\/sites\/46\/2026\/09\/expoflamenco-exposicion-la-noche-azul-carlos-martin-ballester-25-fabrica-artilleria-sep26-foto-perezventana.webp\" href=\"https:\/\/expoflamenco.com\/revista\/wp-content\/uploads\/sites\/46\/2026\/09\/expoflamenco-exposicion-la-noche-azul-carlos-martin-ballester-25-fabrica-artilleria-sep26-foto-perezventana.webp\" class=\"jeg_preview_item \">\n                            <div class=\"jeg_preview_item_thumbnail\">\n                                <img decoding=\"async\" width=\"120\" height=\"86\" src=\"https:\/\/expoflamenco.com\/revista\/wp-content\/uploads\/sites\/46\/2026\/09\/expoflamenco-exposicion-la-noche-azul-carlos-martin-ballester-25-fabrica-artilleria-sep26-foto-perezventana-120x86.webp\" class=\"attachment-jnews-120x86 size-jnews-120x86\" alt=\"Inauguraci\u00f3n de la exposici\u00f3n &#039;La noche azul. \u00d3pera Flamenca en la colecci\u00f3n de Carlos Mart\u00edn Ballester&#039;. Real F\u00e1brica de Artiller\u00eda, Sevilla. 2 sep 2026. Foto: perezventana\" srcset=\"https:\/\/expoflamenco.com\/revista\/wp-content\/uploads\/sites\/46\/2026\/09\/expoflamenco-exposicion-la-noche-azul-carlos-martin-ballester-25-fabrica-artilleria-sep26-foto-perezventana-120x86.webp 120w, https:\/\/expoflamenco.com\/revista\/wp-content\/uploads\/sites\/46\/2026\/09\/expoflamenco-exposicion-la-noche-azul-carlos-martin-ballester-25-fabrica-artilleria-sep26-foto-perezventana-350x250.webp 350w, https:\/\/expoflamenco.com\/revista\/wp-content\/uploads\/sites\/46\/2026\/09\/expoflamenco-exposicion-la-noche-azul-carlos-martin-ballester-25-fabrica-artilleria-sep26-foto-perezventana-750x536.webp 750w, https:\/\/expoflamenco.com\/revista\/wp-content\/uploads\/sites\/46\/2026\/09\/expoflamenco-exposicion-la-noche-azul-carlos-martin-ballester-25-fabrica-artilleria-sep26-foto-perezventana-1140x815.webp 1140w\" sizes=\"(max-width: 120px) 100vw, 120px\" \/>\n                            <\/div>\n                        <\/a><a data-id=\"14\" data-title=\"Inauguraci\u00f3n de la exposici\u00f3n 'La noche azul. \u00d3pera Flamenca en la colecci\u00f3n de Carlos Mart\u00edn Ballester'. Real F\u00e1brica de Artiller\u00eda, Sevilla. 2 sep 2026. Foto: perezventana\" data-image=\"https:\/\/expoflamenco.com\/revista\/wp-content\/uploads\/sites\/46\/2026\/09\/expoflamenco-exposicion-la-noche-azul-carlos-martin-ballester-18-fabrica-artilleria-sep26-foto-perezventana.webp\" href=\"https:\/\/expoflamenco.com\/revista\/wp-content\/uploads\/sites\/46\/2026\/09\/expoflamenco-exposicion-la-noche-azul-carlos-martin-ballester-18-fabrica-artilleria-sep26-foto-perezventana.webp\" class=\"jeg_preview_item \">\n                            <div class=\"jeg_preview_item_thumbnail\">\n                                <img decoding=\"async\" width=\"120\" height=\"86\" src=\"https:\/\/expoflamenco.com\/revista\/wp-content\/uploads\/sites\/46\/2026\/09\/expoflamenco-exposicion-la-noche-azul-carlos-martin-ballester-18-fabrica-artilleria-sep26-foto-perezventana-120x86.webp\" class=\"attachment-jnews-120x86 size-jnews-120x86\" alt=\"Inauguraci\u00f3n de la exposici\u00f3n &#039;La noche azul. \u00d3pera Flamenca en la colecci\u00f3n de Carlos Mart\u00edn Ballester&#039;. Real F\u00e1brica de Artiller\u00eda, Sevilla. 2 sep 2026. Foto: perezventana\" srcset=\"https:\/\/expoflamenco.com\/revista\/wp-content\/uploads\/sites\/46\/2026\/09\/expoflamenco-exposicion-la-noche-azul-carlos-martin-ballester-18-fabrica-artilleria-sep26-foto-perezventana-120x86.webp 120w, https:\/\/expoflamenco.com\/revista\/wp-content\/uploads\/sites\/46\/2026\/09\/expoflamenco-exposicion-la-noche-azul-carlos-martin-ballester-18-fabrica-artilleria-sep26-foto-perezventana-350x250.webp 350w, https:\/\/expoflamenco.com\/revista\/wp-content\/uploads\/sites\/46\/2026\/09\/expoflamenco-exposicion-la-noche-azul-carlos-martin-ballester-18-fabrica-artilleria-sep26-foto-perezventana-750x536.webp 750w, https:\/\/expoflamenco.com\/revista\/wp-content\/uploads\/sites\/46\/2026\/09\/expoflamenco-exposicion-la-noche-azul-carlos-martin-ballester-18-fabrica-artilleria-sep26-foto-perezventana-1140x815.webp 1140w\" sizes=\"(max-width: 120px) 100vw, 120px\" \/>\n                            <\/div>\n                        <\/a><a data-id=\"15\" data-title=\"Inauguraci\u00f3n de la exposici\u00f3n 'La noche azul. \u00d3pera Flamenca en la colecci\u00f3n de Carlos Mart\u00edn Ballester'. Real F\u00e1brica de Artiller\u00eda, Sevilla. 2 sep 2026. Foto: perezventana\" data-image=\"https:\/\/expoflamenco.com\/revista\/wp-content\/uploads\/sites\/46\/2026\/09\/expoflamenco-exposicion-la-noche-azul-carlos-martin-ballester-13-fabrica-artilleria-sep26-foto-perezventana.webp\" href=\"https:\/\/expoflamenco.com\/revista\/wp-content\/uploads\/sites\/46\/2026\/09\/expoflamenco-exposicion-la-noche-azul-carlos-martin-ballester-13-fabrica-artilleria-sep26-foto-perezventana.webp\" class=\"jeg_preview_item \">\n                            <div class=\"jeg_preview_item_thumbnail\">\n                                <img decoding=\"async\" width=\"120\" height=\"86\" src=\"https:\/\/expoflamenco.com\/revista\/wp-content\/uploads\/sites\/46\/2026\/09\/expoflamenco-exposicion-la-noche-azul-carlos-martin-ballester-13-fabrica-artilleria-sep26-foto-perezventana-120x86.webp\" class=\"attachment-jnews-120x86 size-jnews-120x86\" alt=\"Inauguraci\u00f3n de la exposici\u00f3n &#039;La noche azul. \u00d3pera Flamenca en la colecci\u00f3n de Carlos Mart\u00edn Ballester&#039;. Real F\u00e1brica de Artiller\u00eda, Sevilla. 2 sep 2026. Foto: perezventana\" srcset=\"https:\/\/expoflamenco.com\/revista\/wp-content\/uploads\/sites\/46\/2026\/09\/expoflamenco-exposicion-la-noche-azul-carlos-martin-ballester-13-fabrica-artilleria-sep26-foto-perezventana-120x86.webp 120w, https:\/\/expoflamenco.com\/revista\/wp-content\/uploads\/sites\/46\/2026\/09\/expoflamenco-exposicion-la-noche-azul-carlos-martin-ballester-13-fabrica-artilleria-sep26-foto-perezventana-350x250.webp 350w, https:\/\/expoflamenco.com\/revista\/wp-content\/uploads\/sites\/46\/2026\/09\/expoflamenco-exposicion-la-noche-azul-carlos-martin-ballester-13-fabrica-artilleria-sep26-foto-perezventana-750x536.webp 750w, https:\/\/expoflamenco.com\/revista\/wp-content\/uploads\/sites\/46\/2026\/09\/expoflamenco-exposicion-la-noche-azul-carlos-martin-ballester-13-fabrica-artilleria-sep26-foto-perezventana-1140x815.webp 1140w\" sizes=\"(max-width: 120px) 100vw, 120px\" \/>\n                            <\/div>\n                        <\/a><a data-id=\"16\" data-title=\"Inauguraci\u00f3n de la exposici\u00f3n 'La noche azul. \u00d3pera Flamenca en la colecci\u00f3n de Carlos Mart\u00edn Ballester'. Real F\u00e1brica de Artiller\u00eda, Sevilla. 2 sep 2026. Foto: perezventana\" data-image=\"https:\/\/expoflamenco.com\/revista\/wp-content\/uploads\/sites\/46\/2026\/09\/expoflamenco-exposicion-la-noche-azul-carlos-martin-ballester-15-fabrica-artilleria-sep26-foto-perezventana.webp\" href=\"https:\/\/expoflamenco.com\/revista\/wp-content\/uploads\/sites\/46\/2026\/09\/expoflamenco-exposicion-la-noche-azul-carlos-martin-ballester-15-fabrica-artilleria-sep26-foto-perezventana.webp\" class=\"jeg_preview_item \">\n                            <div class=\"jeg_preview_item_thumbnail\">\n                                <img decoding=\"async\" width=\"120\" height=\"86\" src=\"https:\/\/expoflamenco.com\/revista\/wp-content\/uploads\/sites\/46\/2026\/09\/expoflamenco-exposicion-la-noche-azul-carlos-martin-ballester-15-fabrica-artilleria-sep26-foto-perezventana-120x86.webp\" class=\"attachment-jnews-120x86 size-jnews-120x86\" alt=\"Inauguraci\u00f3n de la exposici\u00f3n &#039;La noche azul. \u00d3pera Flamenca en la colecci\u00f3n de Carlos Mart\u00edn Ballester&#039;. Real F\u00e1brica de Artiller\u00eda, Sevilla. 2 sep 2026. Foto: perezventana\" srcset=\"https:\/\/expoflamenco.com\/revista\/wp-content\/uploads\/sites\/46\/2026\/09\/expoflamenco-exposicion-la-noche-azul-carlos-martin-ballester-15-fabrica-artilleria-sep26-foto-perezventana-120x86.webp 120w, https:\/\/expoflamenco.com\/revista\/wp-content\/uploads\/sites\/46\/2026\/09\/expoflamenco-exposicion-la-noche-azul-carlos-martin-ballester-15-fabrica-artilleria-sep26-foto-perezventana-350x250.webp 350w, https:\/\/expoflamenco.com\/revista\/wp-content\/uploads\/sites\/46\/2026\/09\/expoflamenco-exposicion-la-noche-azul-carlos-martin-ballester-15-fabrica-artilleria-sep26-foto-perezventana-750x536.webp 750w, https:\/\/expoflamenco.com\/revista\/wp-content\/uploads\/sites\/46\/2026\/09\/expoflamenco-exposicion-la-noche-azul-carlos-martin-ballester-15-fabrica-artilleria-sep26-foto-perezventana-1140x815.webp 1140w\" sizes=\"(max-width: 120px) 100vw, 120px\" \/>\n                            <\/div>\n                        <\/a><a data-id=\"17\" data-title=\"Inauguraci\u00f3n de la exposici\u00f3n 'La noche azul. \u00d3pera Flamenca en la colecci\u00f3n de Carlos Mart\u00edn Ballester'. Real F\u00e1brica de Artiller\u00eda, Sevilla. 2 sep 2026. Foto: perezventana\" data-image=\"https:\/\/expoflamenco.com\/revista\/wp-content\/uploads\/sites\/46\/2026\/09\/expoflamenco-exposicion-la-noche-azul-carlos-martin-ballester-14-fabrica-artilleria-sep26-foto-perezventana.webp\" href=\"https:\/\/expoflamenco.com\/revista\/wp-content\/uploads\/sites\/46\/2026\/09\/expoflamenco-exposicion-la-noche-azul-carlos-martin-ballester-14-fabrica-artilleria-sep26-foto-perezventana.webp\" class=\"jeg_preview_item \">\n                            <div class=\"jeg_preview_item_thumbnail\">\n                                <img decoding=\"async\" width=\"120\" height=\"86\" src=\"https:\/\/expoflamenco.com\/revista\/wp-content\/uploads\/sites\/46\/2026\/09\/expoflamenco-exposicion-la-noche-azul-carlos-martin-ballester-14-fabrica-artilleria-sep26-foto-perezventana-120x86.webp\" class=\"attachment-jnews-120x86 size-jnews-120x86\" alt=\"Inauguraci\u00f3n de la exposici\u00f3n &#039;La noche azul. \u00d3pera Flamenca en la colecci\u00f3n de Carlos Mart\u00edn Ballester&#039;. Real F\u00e1brica de Artiller\u00eda, Sevilla. 2 sep 2026. Foto: perezventana\" srcset=\"https:\/\/expoflamenco.com\/revista\/wp-content\/uploads\/sites\/46\/2026\/09\/expoflamenco-exposicion-la-noche-azul-carlos-martin-ballester-14-fabrica-artilleria-sep26-foto-perezventana-120x86.webp 120w, https:\/\/expoflamenco.com\/revista\/wp-content\/uploads\/sites\/46\/2026\/09\/expoflamenco-exposicion-la-noche-azul-carlos-martin-ballester-14-fabrica-artilleria-sep26-foto-perezventana-350x250.webp 350w, https:\/\/expoflamenco.com\/revista\/wp-content\/uploads\/sites\/46\/2026\/09\/expoflamenco-exposicion-la-noche-azul-carlos-martin-ballester-14-fabrica-artilleria-sep26-foto-perezventana-750x536.webp 750w, https:\/\/expoflamenco.com\/revista\/wp-content\/uploads\/sites\/46\/2026\/09\/expoflamenco-exposicion-la-noche-azul-carlos-martin-ballester-14-fabrica-artilleria-sep26-foto-perezventana-1140x815.webp 1140w\" sizes=\"(max-width: 120px) 100vw, 120px\" \/>\n                            <\/div>\n                        <\/a><a data-id=\"18\" data-title=\"Inauguraci\u00f3n de la exposici\u00f3n 'La noche azul. \u00d3pera Flamenca en la colecci\u00f3n de Carlos Mart\u00edn Ballester'. Real F\u00e1brica de Artiller\u00eda, Sevilla. 2 sep 2026. Foto: perezventana\" data-image=\"https:\/\/expoflamenco.com\/revista\/wp-content\/uploads\/sites\/46\/2026\/09\/expoflamenco-exposicion-la-noche-azul-carlos-martin-ballester-19-fabrica-artilleria-sep26-foto-perezventana.webp\" href=\"https:\/\/expoflamenco.com\/revista\/wp-content\/uploads\/sites\/46\/2026\/09\/expoflamenco-exposicion-la-noche-azul-carlos-martin-ballester-19-fabrica-artilleria-sep26-foto-perezventana.webp\" class=\"jeg_preview_item \">\n                            <div class=\"jeg_preview_item_thumbnail\">\n                                <img decoding=\"async\" width=\"120\" height=\"86\" src=\"https:\/\/expoflamenco.com\/revista\/wp-content\/uploads\/sites\/46\/2026\/09\/expoflamenco-exposicion-la-noche-azul-carlos-martin-ballester-19-fabrica-artilleria-sep26-foto-perezventana-120x86.webp\" class=\"attachment-jnews-120x86 size-jnews-120x86\" alt=\"Inauguraci\u00f3n de la exposici\u00f3n &#039;La noche azul. \u00d3pera Flamenca en la colecci\u00f3n de Carlos Mart\u00edn Ballester&#039;. Real F\u00e1brica de Artiller\u00eda, Sevilla. 2 sep 2026. Foto: perezventana\" srcset=\"https:\/\/expoflamenco.com\/revista\/wp-content\/uploads\/sites\/46\/2026\/09\/expoflamenco-exposicion-la-noche-azul-carlos-martin-ballester-19-fabrica-artilleria-sep26-foto-perezventana-120x86.webp 120w, https:\/\/expoflamenco.com\/revista\/wp-content\/uploads\/sites\/46\/2026\/09\/expoflamenco-exposicion-la-noche-azul-carlos-martin-ballester-19-fabrica-artilleria-sep26-foto-perezventana-350x250.webp 350w, https:\/\/expoflamenco.com\/revista\/wp-content\/uploads\/sites\/46\/2026\/09\/expoflamenco-exposicion-la-noche-azul-carlos-martin-ballester-19-fabrica-artilleria-sep26-foto-perezventana-750x536.webp 750w, https:\/\/expoflamenco.com\/revista\/wp-content\/uploads\/sites\/46\/2026\/09\/expoflamenco-exposicion-la-noche-azul-carlos-martin-ballester-19-fabrica-artilleria-sep26-foto-perezventana-1140x815.webp 1140w\" sizes=\"(max-width: 120px) 100vw, 120px\" \/>\n                            <\/div>\n                        <\/a><a data-id=\"19\" data-title=\"Inauguraci\u00f3n de la exposici\u00f3n 'La noche azul. \u00d3pera Flamenca en la colecci\u00f3n de Carlos Mart\u00edn Ballester'. Real F\u00e1brica de Artiller\u00eda, Sevilla. 2 sep 2026. Foto: perezventana\" data-image=\"https:\/\/expoflamenco.com\/revista\/wp-content\/uploads\/sites\/46\/2026\/09\/expoflamenco-exposicion-la-noche-azul-carlos-martin-ballester-21-fabrica-artilleria-sep26-foto-perezventana.webp\" href=\"https:\/\/expoflamenco.com\/revista\/wp-content\/uploads\/sites\/46\/2026\/09\/expoflamenco-exposicion-la-noche-azul-carlos-martin-ballester-21-fabrica-artilleria-sep26-foto-perezventana.webp\" class=\"jeg_preview_item \">\n                            <div class=\"jeg_preview_item_thumbnail\">\n                                <img decoding=\"async\" width=\"120\" height=\"86\" src=\"https:\/\/expoflamenco.com\/revista\/wp-content\/uploads\/sites\/46\/2026\/09\/expoflamenco-exposicion-la-noche-azul-carlos-martin-ballester-21-fabrica-artilleria-sep26-foto-perezventana-120x86.webp\" class=\"attachment-jnews-120x86 size-jnews-120x86\" alt=\"Inauguraci\u00f3n de la exposici\u00f3n &#039;La noche azul. \u00d3pera Flamenca en la colecci\u00f3n de Carlos Mart\u00edn Ballester&#039;. Real F\u00e1brica de Artiller\u00eda, Sevilla. 2 sep 2026. Foto: perezventana\" srcset=\"https:\/\/expoflamenco.com\/revista\/wp-content\/uploads\/sites\/46\/2026\/09\/expoflamenco-exposicion-la-noche-azul-carlos-martin-ballester-21-fabrica-artilleria-sep26-foto-perezventana-120x86.webp 120w, https:\/\/expoflamenco.com\/revista\/wp-content\/uploads\/sites\/46\/2026\/09\/expoflamenco-exposicion-la-noche-azul-carlos-martin-ballester-21-fabrica-artilleria-sep26-foto-perezventana-350x250.webp 350w, https:\/\/expoflamenco.com\/revista\/wp-content\/uploads\/sites\/46\/2026\/09\/expoflamenco-exposicion-la-noche-azul-carlos-martin-ballester-21-fabrica-artilleria-sep26-foto-perezventana-750x536.webp 750w, https:\/\/expoflamenco.com\/revista\/wp-content\/uploads\/sites\/46\/2026\/09\/expoflamenco-exposicion-la-noche-azul-carlos-martin-ballester-21-fabrica-artilleria-sep26-foto-perezventana-1140x815.webp 1140w\" sizes=\"(max-width: 120px) 100vw, 120px\" \/>\n                            <\/div>\n                        <\/a><a data-id=\"20\" data-title=\"Inauguraci\u00f3n de la exposici\u00f3n 'La noche azul. \u00d3pera Flamenca en la colecci\u00f3n de Carlos Mart\u00edn Ballester'. Real F\u00e1brica de Artiller\u00eda, Sevilla. 2 sep 2026. Foto: perezventana\" data-image=\"https:\/\/expoflamenco.com\/revista\/wp-content\/uploads\/sites\/46\/2026\/09\/expoflamenco-exposicion-la-noche-azul-carlos-martin-ballester-23-fabrica-artilleria-sep26-foto-perezventana.webp\" href=\"https:\/\/expoflamenco.com\/revista\/wp-content\/uploads\/sites\/46\/2026\/09\/expoflamenco-exposicion-la-noche-azul-carlos-martin-ballester-23-fabrica-artilleria-sep26-foto-perezventana.webp\" class=\"jeg_preview_item \">\n                            <div class=\"jeg_preview_item_thumbnail\">\n                                <img decoding=\"async\" width=\"120\" height=\"86\" src=\"https:\/\/expoflamenco.com\/revista\/wp-content\/uploads\/sites\/46\/2026\/09\/expoflamenco-exposicion-la-noche-azul-carlos-martin-ballester-23-fabrica-artilleria-sep26-foto-perezventana-120x86.webp\" class=\"attachment-jnews-120x86 size-jnews-120x86\" alt=\"Inauguraci\u00f3n de la exposici\u00f3n &#039;La noche azul. \u00d3pera Flamenca en la colecci\u00f3n de Carlos Mart\u00edn Ballester&#039;. Real F\u00e1brica de Artiller\u00eda, Sevilla. 2 sep 2026. Foto: perezventana\" srcset=\"https:\/\/expoflamenco.com\/revista\/wp-content\/uploads\/sites\/46\/2026\/09\/expoflamenco-exposicion-la-noche-azul-carlos-martin-ballester-23-fabrica-artilleria-sep26-foto-perezventana-120x86.webp 120w, https:\/\/expoflamenco.com\/revista\/wp-content\/uploads\/sites\/46\/2026\/09\/expoflamenco-exposicion-la-noche-azul-carlos-martin-ballester-23-fabrica-artilleria-sep26-foto-perezventana-350x250.webp 350w, https:\/\/expoflamenco.com\/revista\/wp-content\/uploads\/sites\/46\/2026\/09\/expoflamenco-exposicion-la-noche-azul-carlos-martin-ballester-23-fabrica-artilleria-sep26-foto-perezventana-750x536.webp 750w, https:\/\/expoflamenco.com\/revista\/wp-content\/uploads\/sites\/46\/2026\/09\/expoflamenco-exposicion-la-noche-azul-carlos-martin-ballester-23-fabrica-artilleria-sep26-foto-perezventana-1140x815.webp 1140w\" sizes=\"(max-width: 120px) 100vw, 120px\" \/>\n                            <\/div>\n                        <\/a><a data-id=\"21\" data-title=\"Inauguraci\u00f3n de la exposici\u00f3n 'La noche azul. \u00d3pera Flamenca en la colecci\u00f3n de Carlos Mart\u00edn Ballester'. Real F\u00e1brica de Artiller\u00eda, Sevilla. 2 sep 2026. Foto: perezventana\" data-image=\"https:\/\/expoflamenco.com\/revista\/wp-content\/uploads\/sites\/46\/2026\/09\/expoflamenco-exposicion-la-noche-azul-carlos-martin-ballester-26-fabrica-artilleria-sep26-foto-perezventana.webp\" href=\"https:\/\/expoflamenco.com\/revista\/wp-content\/uploads\/sites\/46\/2026\/09\/expoflamenco-exposicion-la-noche-azul-carlos-martin-ballester-26-fabrica-artilleria-sep26-foto-perezventana.webp\" class=\"jeg_preview_item \">\n                            <div class=\"jeg_preview_item_thumbnail\">\n                                <img decoding=\"async\" width=\"120\" height=\"86\" src=\"https:\/\/expoflamenco.com\/revista\/wp-content\/uploads\/sites\/46\/2026\/09\/expoflamenco-exposicion-la-noche-azul-carlos-martin-ballester-26-fabrica-artilleria-sep26-foto-perezventana-120x86.webp\" class=\"attachment-jnews-120x86 size-jnews-120x86\" alt=\"Inauguraci\u00f3n de la exposici\u00f3n &#039;La noche azul. \u00d3pera Flamenca en la colecci\u00f3n de Carlos Mart\u00edn Ballester&#039;. Real F\u00e1brica de Artiller\u00eda, Sevilla. 2 sep 2026. Foto: perezventana\" srcset=\"https:\/\/expoflamenco.com\/revista\/wp-content\/uploads\/sites\/46\/2026\/09\/expoflamenco-exposicion-la-noche-azul-carlos-martin-ballester-26-fabrica-artilleria-sep26-foto-perezventana-120x86.webp 120w, https:\/\/expoflamenco.com\/revista\/wp-content\/uploads\/sites\/46\/2026\/09\/expoflamenco-exposicion-la-noche-azul-carlos-martin-ballester-26-fabrica-artilleria-sep26-foto-perezventana-350x250.webp 350w, https:\/\/expoflamenco.com\/revista\/wp-content\/uploads\/sites\/46\/2026\/09\/expoflamenco-exposicion-la-noche-azul-carlos-martin-ballester-26-fabrica-artilleria-sep26-foto-perezventana-750x536.webp 750w, https:\/\/expoflamenco.com\/revista\/wp-content\/uploads\/sites\/46\/2026\/09\/expoflamenco-exposicion-la-noche-azul-carlos-martin-ballester-26-fabrica-artilleria-sep26-foto-perezventana-1140x815.webp 1140w\" sizes=\"(max-width: 120px) 100vw, 120px\" \/>\n                            <\/div>\n                        <\/a><a data-id=\"22\" data-title=\"Inauguraci\u00f3n de la exposici\u00f3n 'La noche azul. \u00d3pera Flamenca en la colecci\u00f3n de Carlos Mart\u00edn Ballester'. Real F\u00e1brica de Artiller\u00eda, Sevilla. 2 sep 2026. Foto: perezventana\" data-image=\"https:\/\/expoflamenco.com\/revista\/wp-content\/uploads\/sites\/46\/2026\/09\/expoflamenco-exposicion-la-noche-azul-carlos-martin-ballester-28-fabrica-artilleria-sep26-foto-perezventana.webp\" href=\"https:\/\/expoflamenco.com\/revista\/wp-content\/uploads\/sites\/46\/2026\/09\/expoflamenco-exposicion-la-noche-azul-carlos-martin-ballester-28-fabrica-artilleria-sep26-foto-perezventana.webp\" class=\"jeg_preview_item \">\n                            <div class=\"jeg_preview_item_thumbnail\">\n                                <img decoding=\"async\" width=\"120\" height=\"86\" src=\"https:\/\/expoflamenco.com\/revista\/wp-content\/uploads\/sites\/46\/2026\/09\/expoflamenco-exposicion-la-noche-azul-carlos-martin-ballester-28-fabrica-artilleria-sep26-foto-perezventana-120x86.webp\" class=\"attachment-jnews-120x86 size-jnews-120x86\" alt=\"Inauguraci\u00f3n de la exposici\u00f3n &#039;La noche azul. \u00d3pera Flamenca en la colecci\u00f3n de Carlos Mart\u00edn Ballester&#039;. Real F\u00e1brica de Artiller\u00eda, Sevilla. 2 sep 2026. Foto: perezventana\" srcset=\"https:\/\/expoflamenco.com\/revista\/wp-content\/uploads\/sites\/46\/2026\/09\/expoflamenco-exposicion-la-noche-azul-carlos-martin-ballester-28-fabrica-artilleria-sep26-foto-perezventana-120x86.webp 120w, https:\/\/expoflamenco.com\/revista\/wp-content\/uploads\/sites\/46\/2026\/09\/expoflamenco-exposicion-la-noche-azul-carlos-martin-ballester-28-fabrica-artilleria-sep26-foto-perezventana-350x250.webp 350w, https:\/\/expoflamenco.com\/revista\/wp-content\/uploads\/sites\/46\/2026\/09\/expoflamenco-exposicion-la-noche-azul-carlos-martin-ballester-28-fabrica-artilleria-sep26-foto-perezventana-750x536.webp 750w, https:\/\/expoflamenco.com\/revista\/wp-content\/uploads\/sites\/46\/2026\/09\/expoflamenco-exposicion-la-noche-azul-carlos-martin-ballester-28-fabrica-artilleria-sep26-foto-perezventana-1140x815.webp 1140w\" sizes=\"(max-width: 120px) 100vw, 120px\" \/>\n                            <\/div>\n                        <\/a><a data-id=\"23\" data-title=\"Inauguraci\u00f3n de la exposici\u00f3n 'La noche azul. \u00d3pera Flamenca en la colecci\u00f3n de Carlos Mart\u00edn Ballester'. Real F\u00e1brica de Artiller\u00eda, Sevilla. 2 sep 2026. Foto: perezventana\" data-image=\"https:\/\/expoflamenco.com\/revista\/wp-content\/uploads\/sites\/46\/2026\/09\/expoflamenco-exposicion-la-noche-azul-carlos-martin-ballester-29-fabrica-artilleria-sep26-foto-perezventana.webp\" href=\"https:\/\/expoflamenco.com\/revista\/wp-content\/uploads\/sites\/46\/2026\/09\/expoflamenco-exposicion-la-noche-azul-carlos-martin-ballester-29-fabrica-artilleria-sep26-foto-perezventana.webp\" class=\"jeg_preview_item \">\n                            <div class=\"jeg_preview_item_thumbnail\">\n                                <img decoding=\"async\" width=\"120\" height=\"86\" src=\"https:\/\/expoflamenco.com\/revista\/wp-content\/uploads\/sites\/46\/2026\/09\/expoflamenco-exposicion-la-noche-azul-carlos-martin-ballester-29-fabrica-artilleria-sep26-foto-perezventana-120x86.webp\" class=\"attachment-jnews-120x86 size-jnews-120x86\" alt=\"Inauguraci\u00f3n de la exposici\u00f3n &#039;La noche azul. \u00d3pera Flamenca en la colecci\u00f3n de Carlos Mart\u00edn Ballester&#039;. Real F\u00e1brica de Artiller\u00eda, Sevilla. 2 sep 2026. Foto: perezventana\" srcset=\"https:\/\/expoflamenco.com\/revista\/wp-content\/uploads\/sites\/46\/2026\/09\/expoflamenco-exposicion-la-noche-azul-carlos-martin-ballester-29-fabrica-artilleria-sep26-foto-perezventana-120x86.webp 120w, https:\/\/expoflamenco.com\/revista\/wp-content\/uploads\/sites\/46\/2026\/09\/expoflamenco-exposicion-la-noche-azul-carlos-martin-ballester-29-fabrica-artilleria-sep26-foto-perezventana-350x250.webp 350w, https:\/\/expoflamenco.com\/revista\/wp-content\/uploads\/sites\/46\/2026\/09\/expoflamenco-exposicion-la-noche-azul-carlos-martin-ballester-29-fabrica-artilleria-sep26-foto-perezventana-750x536.webp 750w, https:\/\/expoflamenco.com\/revista\/wp-content\/uploads\/sites\/46\/2026\/09\/expoflamenco-exposicion-la-noche-azul-carlos-martin-ballester-29-fabrica-artilleria-sep26-foto-perezventana-1140x815.webp 1140w\" sizes=\"(max-width: 120px) 100vw, 120px\" \/>\n                            <\/div>\n                        <\/a><a data-id=\"24\" data-title=\"Inauguraci\u00f3n de la exposici\u00f3n 'La noche azul. \u00d3pera Flamenca en la colecci\u00f3n de Carlos Mart\u00edn Ballester'. Real F\u00e1brica de Artiller\u00eda, Sevilla. 2 sep 2026. Foto: perezventana\" data-image=\"https:\/\/expoflamenco.com\/revista\/wp-content\/uploads\/sites\/46\/2026\/09\/expoflamenco-exposicion-la-noche-azul-carlos-martin-ballester-12-fabrica-artilleria-sep26-foto-perezventana.webp\" href=\"https:\/\/expoflamenco.com\/revista\/wp-content\/uploads\/sites\/46\/2026\/09\/expoflamenco-exposicion-la-noche-azul-carlos-martin-ballester-12-fabrica-artilleria-sep26-foto-perezventana.webp\" class=\"jeg_preview_item \">\n                            <div class=\"jeg_preview_item_thumbnail\">\n                                <img decoding=\"async\" width=\"120\" height=\"86\" src=\"https:\/\/expoflamenco.com\/revista\/wp-content\/uploads\/sites\/46\/2026\/09\/expoflamenco-exposicion-la-noche-azul-carlos-martin-ballester-12-fabrica-artilleria-sep26-foto-perezventana-120x86.webp\" class=\"attachment-jnews-120x86 size-jnews-120x86\" alt=\"Inauguraci\u00f3n de la exposici\u00f3n &#039;La noche azul. \u00d3pera Flamenca en la colecci\u00f3n de Carlos Mart\u00edn Ballester&#039;. Real F\u00e1brica de Artiller\u00eda, Sevilla. 2 sep 2026. Foto: perezventana\" srcset=\"https:\/\/expoflamenco.com\/revista\/wp-content\/uploads\/sites\/46\/2026\/09\/expoflamenco-exposicion-la-noche-azul-carlos-martin-ballester-12-fabrica-artilleria-sep26-foto-perezventana-120x86.webp 120w, https:\/\/expoflamenco.com\/revista\/wp-content\/uploads\/sites\/46\/2026\/09\/expoflamenco-exposicion-la-noche-azul-carlos-martin-ballester-12-fabrica-artilleria-sep26-foto-perezventana-350x250.webp 350w, https:\/\/expoflamenco.com\/revista\/wp-content\/uploads\/sites\/46\/2026\/09\/expoflamenco-exposicion-la-noche-azul-carlos-martin-ballester-12-fabrica-artilleria-sep26-foto-perezventana-750x536.webp 750w, https:\/\/expoflamenco.com\/revista\/wp-content\/uploads\/sites\/46\/2026\/09\/expoflamenco-exposicion-la-noche-azul-carlos-martin-ballester-12-fabrica-artilleria-sep26-foto-perezventana-1140x815.webp 1140w\" sizes=\"(max-width: 120px) 100vw, 120px\" \/>\n                            <\/div>\n                        <\/a><a data-id=\"25\" data-title=\"Inauguraci\u00f3n de la exposici\u00f3n 'La noche azul. \u00d3pera Flamenca en la colecci\u00f3n de Carlos Mart\u00edn Ballester'. Real F\u00e1brica de Artiller\u00eda, Sevilla. 2 sep 2026. Foto: perezventana\" data-image=\"https:\/\/expoflamenco.com\/revista\/wp-content\/uploads\/sites\/46\/2026\/09\/expoflamenco-exposicion-la-noche-azul-carlos-martin-ballester-30-fabrica-artilleria-sep26-foto-perezventana.webp\" href=\"https:\/\/expoflamenco.com\/revista\/wp-content\/uploads\/sites\/46\/2026\/09\/expoflamenco-exposicion-la-noche-azul-carlos-martin-ballester-30-fabrica-artilleria-sep26-foto-perezventana.webp\" class=\"jeg_preview_item \">\n                            <div class=\"jeg_preview_item_thumbnail\">\n                                <img decoding=\"async\" width=\"120\" height=\"86\" src=\"https:\/\/expoflamenco.com\/revista\/wp-content\/uploads\/sites\/46\/2026\/09\/expoflamenco-exposicion-la-noche-azul-carlos-martin-ballester-30-fabrica-artilleria-sep26-foto-perezventana-120x86.webp\" class=\"attachment-jnews-120x86 size-jnews-120x86\" alt=\"Inauguraci\u00f3n de la exposici\u00f3n &#039;La noche azul. \u00d3pera Flamenca en la colecci\u00f3n de Carlos Mart\u00edn Ballester&#039;. Real F\u00e1brica de Artiller\u00eda, Sevilla. 2 sep 2026. Foto: perezventana\" srcset=\"https:\/\/expoflamenco.com\/revista\/wp-content\/uploads\/sites\/46\/2026\/09\/expoflamenco-exposicion-la-noche-azul-carlos-martin-ballester-30-fabrica-artilleria-sep26-foto-perezventana-120x86.webp 120w, https:\/\/expoflamenco.com\/revista\/wp-content\/uploads\/sites\/46\/2026\/09\/expoflamenco-exposicion-la-noche-azul-carlos-martin-ballester-30-fabrica-artilleria-sep26-foto-perezventana-350x250.webp 350w, https:\/\/expoflamenco.com\/revista\/wp-content\/uploads\/sites\/46\/2026\/09\/expoflamenco-exposicion-la-noche-azul-carlos-martin-ballester-30-fabrica-artilleria-sep26-foto-perezventana-750x536.webp 750w, https:\/\/expoflamenco.com\/revista\/wp-content\/uploads\/sites\/46\/2026\/09\/expoflamenco-exposicion-la-noche-azul-carlos-martin-ballester-30-fabrica-artilleria-sep26-foto-perezventana-1140x815.webp 1140w\" sizes=\"(max-width: 120px) 100vw, 120px\" \/>\n                            <\/div>\n                        <\/a><a data-id=\"26\" data-title=\"Inauguraci\u00f3n de la exposici\u00f3n 'La noche azul. \u00d3pera Flamenca en la colecci\u00f3n de Carlos Mart\u00edn Ballester'. Real F\u00e1brica de Artiller\u00eda, Sevilla. 2 sep 2026. Foto: perezventana\" data-image=\"https:\/\/expoflamenco.com\/revista\/wp-content\/uploads\/sites\/46\/2026\/09\/expoflamenco-exposicion-la-noche-azul-carlos-martin-ballester-31-fabrica-artilleria-sep26-foto-perezventana.webp\" href=\"https:\/\/expoflamenco.com\/revista\/wp-content\/uploads\/sites\/46\/2026\/09\/expoflamenco-exposicion-la-noche-azul-carlos-martin-ballester-31-fabrica-artilleria-sep26-foto-perezventana.webp\" class=\"jeg_preview_item \">\n                            <div class=\"jeg_preview_item_thumbnail\">\n                                <img decoding=\"async\" width=\"120\" height=\"86\" src=\"https:\/\/expoflamenco.com\/revista\/wp-content\/uploads\/sites\/46\/2026\/09\/expoflamenco-exposicion-la-noche-azul-carlos-martin-ballester-31-fabrica-artilleria-sep26-foto-perezventana-120x86.webp\" class=\"attachment-jnews-120x86 size-jnews-120x86\" alt=\"Inauguraci\u00f3n de la exposici\u00f3n &#039;La noche azul. \u00d3pera Flamenca en la colecci\u00f3n de Carlos Mart\u00edn Ballester&#039;. Real F\u00e1brica de Artiller\u00eda, Sevilla. 2 sep 2026. Foto: perezventana\" srcset=\"https:\/\/expoflamenco.com\/revista\/wp-content\/uploads\/sites\/46\/2026\/09\/expoflamenco-exposicion-la-noche-azul-carlos-martin-ballester-31-fabrica-artilleria-sep26-foto-perezventana-120x86.webp 120w, https:\/\/expoflamenco.com\/revista\/wp-content\/uploads\/sites\/46\/2026\/09\/expoflamenco-exposicion-la-noche-azul-carlos-martin-ballester-31-fabrica-artilleria-sep26-foto-perezventana-350x250.webp 350w, https:\/\/expoflamenco.com\/revista\/wp-content\/uploads\/sites\/46\/2026\/09\/expoflamenco-exposicion-la-noche-azul-carlos-martin-ballester-31-fabrica-artilleria-sep26-foto-perezventana-750x536.webp 750w, https:\/\/expoflamenco.com\/revista\/wp-content\/uploads\/sites\/46\/2026\/09\/expoflamenco-exposicion-la-noche-azul-carlos-martin-ballester-31-fabrica-artilleria-sep26-foto-perezventana-1140x815.webp 1140w\" sizes=\"(max-width: 120px) 100vw, 120px\" \/>\n                            <\/div>\n                        <\/a><a data-id=\"27\" data-title=\"Inauguraci\u00f3n de la exposici\u00f3n 'La noche azul. \u00d3pera Flamenca en la colecci\u00f3n de Carlos Mart\u00edn Ballester'. Real F\u00e1brica de Artiller\u00eda, Sevilla. 2 sep 2026. Foto: perezventana\" data-image=\"https:\/\/expoflamenco.com\/revista\/wp-content\/uploads\/sites\/46\/2026\/09\/expoflamenco-exposicion-la-noche-azul-carlos-martin-ballester-32-fabrica-artilleria-sep26-foto-perezventana.webp\" href=\"https:\/\/expoflamenco.com\/revista\/wp-content\/uploads\/sites\/46\/2026\/09\/expoflamenco-exposicion-la-noche-azul-carlos-martin-ballester-32-fabrica-artilleria-sep26-foto-perezventana.webp\" class=\"jeg_preview_item \">\n                            <div class=\"jeg_preview_item_thumbnail\">\n                                <img decoding=\"async\" width=\"120\" height=\"86\" src=\"https:\/\/expoflamenco.com\/revista\/wp-content\/uploads\/sites\/46\/2026\/09\/expoflamenco-exposicion-la-noche-azul-carlos-martin-ballester-32-fabrica-artilleria-sep26-foto-perezventana-120x86.webp\" class=\"attachment-jnews-120x86 size-jnews-120x86\" alt=\"Inauguraci\u00f3n de la exposici\u00f3n &#039;La noche azul. \u00d3pera Flamenca en la colecci\u00f3n de Carlos Mart\u00edn Ballester&#039;. Real F\u00e1brica de Artiller\u00eda, Sevilla. 2 sep 2026. Foto: perezventana\" srcset=\"https:\/\/expoflamenco.com\/revista\/wp-content\/uploads\/sites\/46\/2026\/09\/expoflamenco-exposicion-la-noche-azul-carlos-martin-ballester-32-fabrica-artilleria-sep26-foto-perezventana-120x86.webp 120w, https:\/\/expoflamenco.com\/revista\/wp-content\/uploads\/sites\/46\/2026\/09\/expoflamenco-exposicion-la-noche-azul-carlos-martin-ballester-32-fabrica-artilleria-sep26-foto-perezventana-350x250.webp 350w, https:\/\/expoflamenco.com\/revista\/wp-content\/uploads\/sites\/46\/2026\/09\/expoflamenco-exposicion-la-noche-azul-carlos-martin-ballester-32-fabrica-artilleria-sep26-foto-perezventana-750x536.webp 750w, https:\/\/expoflamenco.com\/revista\/wp-content\/uploads\/sites\/46\/2026\/09\/expoflamenco-exposicion-la-noche-azul-carlos-martin-ballester-32-fabrica-artilleria-sep26-foto-perezventana-1140x815.webp 1140w\" sizes=\"(max-width: 120px) 100vw, 120px\" \/>\n                            <\/div>\n                        <\/a><a data-id=\"28\" data-title=\"Inauguraci\u00f3n de la exposici\u00f3n 'La noche azul. \u00d3pera Flamenca en la colecci\u00f3n de Carlos Mart\u00edn Ballester'. Real F\u00e1brica de Artiller\u00eda, Sevilla. 2 sep 2026. Foto: perezventana\" data-image=\"https:\/\/expoflamenco.com\/revista\/wp-content\/uploads\/sites\/46\/2026\/09\/expoflamenco-exposicion-la-noche-azul-carlos-martin-ballester-20-fabrica-artilleria-sep26-foto-perezventana.webp\" href=\"https:\/\/expoflamenco.com\/revista\/wp-content\/uploads\/sites\/46\/2026\/09\/expoflamenco-exposicion-la-noche-azul-carlos-martin-ballester-20-fabrica-artilleria-sep26-foto-perezventana.webp\" class=\"jeg_preview_item \">\n                            <div class=\"jeg_preview_item_thumbnail\">\n                                <img decoding=\"async\" width=\"120\" height=\"86\" src=\"https:\/\/expoflamenco.com\/revista\/wp-content\/uploads\/sites\/46\/2026\/09\/expoflamenco-exposicion-la-noche-azul-carlos-martin-ballester-20-fabrica-artilleria-sep26-foto-perezventana-120x86.webp\" class=\"attachment-jnews-120x86 size-jnews-120x86\" alt=\"Inauguraci\u00f3n de la exposici\u00f3n &#039;La noche azul. \u00d3pera Flamenca en la colecci\u00f3n de Carlos Mart\u00edn Ballester&#039;. Real F\u00e1brica de Artiller\u00eda, Sevilla. 2 sep 2026. Foto: perezventana\" srcset=\"https:\/\/expoflamenco.com\/revista\/wp-content\/uploads\/sites\/46\/2026\/09\/expoflamenco-exposicion-la-noche-azul-carlos-martin-ballester-20-fabrica-artilleria-sep26-foto-perezventana-120x86.webp 120w, https:\/\/expoflamenco.com\/revista\/wp-content\/uploads\/sites\/46\/2026\/09\/expoflamenco-exposicion-la-noche-azul-carlos-martin-ballester-20-fabrica-artilleria-sep26-foto-perezventana-350x250.webp 350w, https:\/\/expoflamenco.com\/revista\/wp-content\/uploads\/sites\/46\/2026\/09\/expoflamenco-exposicion-la-noche-azul-carlos-martin-ballester-20-fabrica-artilleria-sep26-foto-perezventana-750x536.webp 750w, https:\/\/expoflamenco.com\/revista\/wp-content\/uploads\/sites\/46\/2026\/09\/expoflamenco-exposicion-la-noche-azul-carlos-martin-ballester-20-fabrica-artilleria-sep26-foto-perezventana-1140x815.webp 1140w\" sizes=\"(max-width: 120px) 100vw, 120px\" \/>\n                            <\/div>\n                        <\/a><a data-id=\"29\" data-title=\"Inauguraci\u00f3n de la exposici\u00f3n 'La noche azul. \u00d3pera Flamenca en la colecci\u00f3n de Carlos Mart\u00edn Ballester'. Real F\u00e1brica de Artiller\u00eda, Sevilla. 2 sep 2026. Foto: perezventana\" data-image=\"https:\/\/expoflamenco.com\/revista\/wp-content\/uploads\/sites\/46\/2026\/09\/expoflamenco-exposicion-la-noche-azul-carlos-martin-ballester-2-fabrica-artilleria-sep26-foto-perezventana.webp\" href=\"https:\/\/expoflamenco.com\/revista\/wp-content\/uploads\/sites\/46\/2026\/09\/expoflamenco-exposicion-la-noche-azul-carlos-martin-ballester-2-fabrica-artilleria-sep26-foto-perezventana.webp\" class=\"jeg_preview_item \">\n                            <div class=\"jeg_preview_item_thumbnail\">\n                                <img decoding=\"async\" width=\"120\" height=\"86\" src=\"https:\/\/expoflamenco.com\/revista\/wp-content\/uploads\/sites\/46\/2026\/09\/expoflamenco-exposicion-la-noche-azul-carlos-martin-ballester-2-fabrica-artilleria-sep26-foto-perezventana-120x86.webp\" class=\"attachment-jnews-120x86 size-jnews-120x86\" alt=\"Inauguraci\u00f3n de la exposici\u00f3n &#039;La noche azul. \u00d3pera Flamenca en la colecci\u00f3n de Carlos Mart\u00edn Ballester&#039;. Real F\u00e1brica de Artiller\u00eda, Sevilla. 2 sep 2026. Foto: perezventana\" srcset=\"https:\/\/expoflamenco.com\/revista\/wp-content\/uploads\/sites\/46\/2026\/09\/expoflamenco-exposicion-la-noche-azul-carlos-martin-ballester-2-fabrica-artilleria-sep26-foto-perezventana-120x86.webp 120w, https:\/\/expoflamenco.com\/revista\/wp-content\/uploads\/sites\/46\/2026\/09\/expoflamenco-exposicion-la-noche-azul-carlos-martin-ballester-2-fabrica-artilleria-sep26-foto-perezventana-350x250.webp 350w, https:\/\/expoflamenco.com\/revista\/wp-content\/uploads\/sites\/46\/2026\/09\/expoflamenco-exposicion-la-noche-azul-carlos-martin-ballester-2-fabrica-artilleria-sep26-foto-perezventana-750x536.webp 750w, https:\/\/expoflamenco.com\/revista\/wp-content\/uploads\/sites\/46\/2026\/09\/expoflamenco-exposicion-la-noche-azul-carlos-martin-ballester-2-fabrica-artilleria-sep26-foto-perezventana-1140x815.webp 1140w\" sizes=\"(max-width: 120px) 100vw, 120px\" \/>\n                            <\/div>\n                        <\/a>\n                    <\/div>\n                        <\/div>\n                        <div class=\"jeg_preview_description\">\n                            \n                            <div class=\"jeg_preview_description_wrapper\">\n                            <div class=\"jeg_hidden_preview_description\">\n                                <h3>1. Inauguraci\u00f3n de la exposici\u00f3n 'La noche azul. \u00d3pera Flamenca en la colecci\u00f3n de Carlos Mart\u00edn Ballester'. Real F\u00e1brica de Artiller\u00eda, Sevilla. 2 sep 2026. Foto: perezventana<\/h3>\n                                <div class=\"jeg_preview_description_content\">\n                                    <p>Inauguraci\u00f3n de la exposici\u00f3n 'La noche azul. \u00d3pera Flamenca en la colecci\u00f3n de Carlos Mart\u00edn Ballester'. Real F\u00e1brica de Artiller\u00eda, Sevilla. 2 sep 2026. Foto: perezventana<\/p>\n\n                                <\/div>\n                            <\/div><div class=\"jeg_hidden_preview_description\">\n                                <h3>2. Inauguraci\u00f3n de la exposici\u00f3n 'La noche azul. \u00d3pera Flamenca en la colecci\u00f3n de Carlos Mart\u00edn Ballester'. Real F\u00e1brica de Artiller\u00eda, Sevilla. 2 sep 2026. Foto: perezventana<\/h3>\n                                <div class=\"jeg_preview_description_content\">\n                                    <p>Inauguraci\u00f3n de la exposici\u00f3n 'La noche azul. \u00d3pera Flamenca en la colecci\u00f3n de Carlos Mart\u00edn Ballester'. Real F\u00e1brica de Artiller\u00eda, Sevilla. 2 sep 2026. Foto: perezventana<\/p>\n\n                                <\/div>\n                            <\/div><div class=\"jeg_hidden_preview_description\">\n                                <h3>3. Inauguraci\u00f3n de la exposici\u00f3n 'La noche azul. \u00d3pera Flamenca en la colecci\u00f3n de Carlos Mart\u00edn Ballester'. Real F\u00e1brica de Artiller\u00eda, Sevilla. 2 sep 2026. Foto: perezventana<\/h3>\n                                <div class=\"jeg_preview_description_content\">\n                                    <p>Inauguraci\u00f3n de la exposici\u00f3n 'La noche azul. \u00d3pera Flamenca en la colecci\u00f3n de Carlos Mart\u00edn Ballester'. Real F\u00e1brica de Artiller\u00eda, Sevilla. 2 sep 2026. Foto: perezventana<\/p>\n\n                                <\/div>\n                            <\/div><div class=\"jeg_hidden_preview_description\">\n                                <h3>4. Inauguraci\u00f3n de la exposici\u00f3n 'La noche azul. \u00d3pera Flamenca en la colecci\u00f3n de Carlos Mart\u00edn Ballester'. Real F\u00e1brica de Artiller\u00eda, Sevilla. 2 sep 2026. Foto: perezventana<\/h3>\n                                <div class=\"jeg_preview_description_content\">\n                                    <p>Inauguraci\u00f3n de la exposici\u00f3n 'La noche azul. \u00d3pera Flamenca en la colecci\u00f3n de Carlos Mart\u00edn Ballester'. Real F\u00e1brica de Artiller\u00eda, Sevilla. 2 sep 2026. Foto: perezventana<\/p>\n\n                                <\/div>\n                            <\/div><div class=\"jeg_hidden_preview_description\">\n                                <h3>5. Inauguraci\u00f3n de la exposici\u00f3n 'La noche azul. \u00d3pera Flamenca en la colecci\u00f3n de Carlos Mart\u00edn Ballester'. Real F\u00e1brica de Artiller\u00eda, Sevilla. 2 sep 2026. Foto: perezventana<\/h3>\n                                <div class=\"jeg_preview_description_content\">\n                                    <p>Inauguraci\u00f3n de la exposici\u00f3n 'La noche azul. \u00d3pera Flamenca en la colecci\u00f3n de Carlos Mart\u00edn Ballester'. Real F\u00e1brica de Artiller\u00eda, Sevilla. 2 sep 2026. Foto: perezventana<\/p>\n\n                                <\/div>\n                            <\/div><div class=\"jeg_hidden_preview_description\">\n                                <h3>6. Inauguraci\u00f3n de la exposici\u00f3n 'La noche azul. \u00d3pera Flamenca en la colecci\u00f3n de Carlos Mart\u00edn Ballester'. Real F\u00e1brica de Artiller\u00eda, Sevilla. 2 sep 2026. Foto: perezventana<\/h3>\n                                <div class=\"jeg_preview_description_content\">\n                                    <p>Inauguraci\u00f3n de la exposici\u00f3n 'La noche azul. \u00d3pera Flamenca en la colecci\u00f3n de Carlos Mart\u00edn Ballester'. Real F\u00e1brica de Artiller\u00eda, Sevilla. 2 sep 2026. Foto: perezventana<\/p>\n\n                                <\/div>\n                            <\/div><div class=\"jeg_hidden_preview_description\">\n                                <h3>7. Inauguraci\u00f3n de la exposici\u00f3n 'La noche azul. \u00d3pera Flamenca en la colecci\u00f3n de Carlos Mart\u00edn Ballester'. Real F\u00e1brica de Artiller\u00eda, Sevilla. 2 sep 2026. Foto: perezventana<\/h3>\n                                <div class=\"jeg_preview_description_content\">\n                                    <p>Inauguraci\u00f3n de la exposici\u00f3n 'La noche azul. \u00d3pera Flamenca en la colecci\u00f3n de Carlos Mart\u00edn Ballester'. Real F\u00e1brica de Artiller\u00eda, Sevilla. 2 sep 2026. Foto: perezventana<\/p>\n\n                                <\/div>\n                            <\/div><div class=\"jeg_hidden_preview_description\">\n                                <h3>8. Inauguraci\u00f3n de la exposici\u00f3n 'La noche azul. \u00d3pera Flamenca en la colecci\u00f3n de Carlos Mart\u00edn Ballester'. Real F\u00e1brica de Artiller\u00eda, Sevilla. 2 sep 2026. Foto: perezventana<\/h3>\n                                <div class=\"jeg_preview_description_content\">\n                                    <p>Inauguraci\u00f3n de la exposici\u00f3n 'La noche azul. \u00d3pera Flamenca en la colecci\u00f3n de Carlos Mart\u00edn Ballester'. Real F\u00e1brica de Artiller\u00eda, Sevilla. 2 sep 2026. Foto: perezventana<\/p>\n\n                                <\/div>\n                            <\/div><div class=\"jeg_hidden_preview_description\">\n                                <h3>9. Inauguraci\u00f3n de la exposici\u00f3n 'La noche azul. \u00d3pera Flamenca en la colecci\u00f3n de Carlos Mart\u00edn Ballester'. Real F\u00e1brica de Artiller\u00eda, Sevilla. 2 sep 2026. Foto: perezventana<\/h3>\n                                <div class=\"jeg_preview_description_content\">\n                                    <p>Inauguraci\u00f3n de la exposici\u00f3n 'La noche azul. \u00d3pera Flamenca en la colecci\u00f3n de Carlos Mart\u00edn Ballester'. Real F\u00e1brica de Artiller\u00eda, Sevilla. 2 sep 2026. Foto: perezventana<\/p>\n\n                                <\/div>\n                            <\/div><div class=\"jeg_hidden_preview_description\">\n                                <h3>10. Inauguraci\u00f3n de la exposici\u00f3n 'La noche azul. \u00d3pera Flamenca en la colecci\u00f3n de Carlos Mart\u00edn Ballester'. Real F\u00e1brica de Artiller\u00eda, Sevilla. 2 sep 2026. Foto: perezventana<\/h3>\n                                <div class=\"jeg_preview_description_content\">\n                                    <p>Inauguraci\u00f3n de la exposici\u00f3n 'La noche azul. \u00d3pera Flamenca en la colecci\u00f3n de Carlos Mart\u00edn Ballester'. Real F\u00e1brica de Artiller\u00eda, Sevilla. 2 sep 2026. Foto: perezventana<\/p>\n\n                                <\/div>\n                            <\/div><div class=\"jeg_hidden_preview_description\">\n                                <h3>11. Inauguraci\u00f3n de la exposici\u00f3n 'La noche azul. \u00d3pera Flamenca en la colecci\u00f3n de Carlos Mart\u00edn Ballester'. Real F\u00e1brica de Artiller\u00eda, Sevilla. 2 sep 2026. Foto: perezventana<\/h3>\n                                <div class=\"jeg_preview_description_content\">\n                                    <p>Inauguraci\u00f3n de la exposici\u00f3n 'La noche azul. \u00d3pera Flamenca en la colecci\u00f3n de Carlos Mart\u00edn Ballester'. Real F\u00e1brica de Artiller\u00eda, Sevilla. 2 sep 2026. Foto: perezventana<\/p>\n\n                                <\/div>\n                            <\/div><div class=\"jeg_hidden_preview_description\">\n                                <h3>12. Inauguraci\u00f3n de la exposici\u00f3n 'La noche azul. \u00d3pera Flamenca en la colecci\u00f3n de Carlos Mart\u00edn Ballester'. Real F\u00e1brica de Artiller\u00eda, Sevilla. 2 sep 2026. Foto: perezventana<\/h3>\n                                <div class=\"jeg_preview_description_content\">\n                                    <p>Inauguraci\u00f3n de la exposici\u00f3n 'La noche azul. \u00d3pera Flamenca en la colecci\u00f3n de Carlos Mart\u00edn Ballester'. Real F\u00e1brica de Artiller\u00eda, Sevilla. 2 sep 2026. Foto: perezventana<\/p>\n\n                                <\/div>\n                            <\/div><div class=\"jeg_hidden_preview_description\">\n                                <h3>13. Inauguraci\u00f3n de la exposici\u00f3n 'La noche azul. \u00d3pera Flamenca en la colecci\u00f3n de Carlos Mart\u00edn Ballester'. Real F\u00e1brica de Artiller\u00eda, Sevilla. 2 sep 2026. Foto: perezventana<\/h3>\n                                <div class=\"jeg_preview_description_content\">\n                                    <p>Inauguraci\u00f3n de la exposici\u00f3n 'La noche azul. \u00d3pera Flamenca en la colecci\u00f3n de Carlos Mart\u00edn Ballester'. Real F\u00e1brica de Artiller\u00eda, Sevilla. 2 sep 2026. Foto: perezventana<\/p>\n\n                                <\/div>\n                            <\/div><div class=\"jeg_hidden_preview_description\">\n                                <h3>14. Inauguraci\u00f3n de la exposici\u00f3n 'La noche azul. \u00d3pera Flamenca en la colecci\u00f3n de Carlos Mart\u00edn Ballester'. Real F\u00e1brica de Artiller\u00eda, Sevilla. 2 sep 2026. Foto: perezventana<\/h3>\n                                <div class=\"jeg_preview_description_content\">\n                                    <p>Inauguraci\u00f3n de la exposici\u00f3n 'La noche azul. \u00d3pera Flamenca en la colecci\u00f3n de Carlos Mart\u00edn Ballester'. Real F\u00e1brica de Artiller\u00eda, Sevilla. 2 sep 2026. Foto: perezventana<\/p>\n\n                                <\/div>\n                            <\/div><div class=\"jeg_hidden_preview_description\">\n                                <h3>15. Inauguraci\u00f3n de la exposici\u00f3n 'La noche azul. \u00d3pera Flamenca en la colecci\u00f3n de Carlos Mart\u00edn Ballester'. Real F\u00e1brica de Artiller\u00eda, Sevilla. 2 sep 2026. Foto: perezventana<\/h3>\n                                <div class=\"jeg_preview_description_content\">\n                                    <p>Inauguraci\u00f3n de la exposici\u00f3n 'La noche azul. \u00d3pera Flamenca en la colecci\u00f3n de Carlos Mart\u00edn Ballester'. Real F\u00e1brica de Artiller\u00eda, Sevilla. 2 sep 2026. Foto: perezventana<\/p>\n\n                                <\/div>\n                            <\/div><div class=\"jeg_hidden_preview_description\">\n                                <h3>16. Inauguraci\u00f3n de la exposici\u00f3n 'La noche azul. \u00d3pera Flamenca en la colecci\u00f3n de Carlos Mart\u00edn Ballester'. Real F\u00e1brica de Artiller\u00eda, Sevilla. 2 sep 2026. Foto: perezventana<\/h3>\n                                <div class=\"jeg_preview_description_content\">\n                                    <p>Inauguraci\u00f3n de la exposici\u00f3n 'La noche azul. \u00d3pera Flamenca en la colecci\u00f3n de Carlos Mart\u00edn Ballester'. Real F\u00e1brica de Artiller\u00eda, Sevilla. 2 sep 2026. Foto: perezventana<\/p>\n\n                                <\/div>\n                            <\/div><div class=\"jeg_hidden_preview_description\">\n                                <h3>17. Inauguraci\u00f3n de la exposici\u00f3n 'La noche azul. \u00d3pera Flamenca en la colecci\u00f3n de Carlos Mart\u00edn Ballester'. Real F\u00e1brica de Artiller\u00eda, Sevilla. 2 sep 2026. Foto: perezventana<\/h3>\n                                <div class=\"jeg_preview_description_content\">\n                                    <p>Inauguraci\u00f3n de la exposici\u00f3n 'La noche azul. \u00d3pera Flamenca en la colecci\u00f3n de Carlos Mart\u00edn Ballester'. Real F\u00e1brica de Artiller\u00eda, Sevilla. 2 sep 2026. Foto: perezventana<\/p>\n\n                                <\/div>\n                            <\/div><div class=\"jeg_hidden_preview_description\">\n                                <h3>18. Inauguraci\u00f3n de la exposici\u00f3n 'La noche azul. \u00d3pera Flamenca en la colecci\u00f3n de Carlos Mart\u00edn Ballester'. Real F\u00e1brica de Artiller\u00eda, Sevilla. 2 sep 2026. Foto: perezventana<\/h3>\n                                <div class=\"jeg_preview_description_content\">\n                                    <p>Inauguraci\u00f3n de la exposici\u00f3n 'La noche azul. \u00d3pera Flamenca en la colecci\u00f3n de Carlos Mart\u00edn Ballester'. Real F\u00e1brica de Artiller\u00eda, Sevilla. 2 sep 2026. Foto: perezventana<\/p>\n\n                                <\/div>\n                            <\/div><div class=\"jeg_hidden_preview_description\">\n                                <h3>19. Inauguraci\u00f3n de la exposici\u00f3n 'La noche azul. \u00d3pera Flamenca en la colecci\u00f3n de Carlos Mart\u00edn Ballester'. Real F\u00e1brica de Artiller\u00eda, Sevilla. 2 sep 2026. Foto: perezventana<\/h3>\n                                <div class=\"jeg_preview_description_content\">\n                                    <p>Inauguraci\u00f3n de la exposici\u00f3n 'La noche azul. \u00d3pera Flamenca en la colecci\u00f3n de Carlos Mart\u00edn Ballester'. Real F\u00e1brica de Artiller\u00eda, Sevilla. 2 sep 2026. Foto: perezventana<\/p>\n\n                                <\/div>\n                            <\/div><div class=\"jeg_hidden_preview_description\">\n                                <h3>20. Inauguraci\u00f3n de la exposici\u00f3n 'La noche azul. \u00d3pera Flamenca en la colecci\u00f3n de Carlos Mart\u00edn Ballester'. Real F\u00e1brica de Artiller\u00eda, Sevilla. 2 sep 2026. Foto: perezventana<\/h3>\n                                <div class=\"jeg_preview_description_content\">\n                                    <p>Inauguraci\u00f3n de la exposici\u00f3n 'La noche azul. \u00d3pera Flamenca en la colecci\u00f3n de Carlos Mart\u00edn Ballester'. Real F\u00e1brica de Artiller\u00eda, Sevilla. 2 sep 2026. Foto: perezventana<\/p>\n\n                                <\/div>\n                            <\/div><div class=\"jeg_hidden_preview_description\">\n                                <h3>21. Inauguraci\u00f3n de la exposici\u00f3n 'La noche azul. \u00d3pera Flamenca en la colecci\u00f3n de Carlos Mart\u00edn Ballester'. Real F\u00e1brica de Artiller\u00eda, Sevilla. 2 sep 2026. Foto: perezventana<\/h3>\n                                <div class=\"jeg_preview_description_content\">\n                                    <p>Inauguraci\u00f3n de la exposici\u00f3n 'La noche azul. \u00d3pera Flamenca en la colecci\u00f3n de Carlos Mart\u00edn Ballester'. Real F\u00e1brica de Artiller\u00eda, Sevilla. 2 sep 2026. Foto: perezventana<\/p>\n\n                                <\/div>\n                            <\/div><div class=\"jeg_hidden_preview_description\">\n                                <h3>22. Inauguraci\u00f3n de la exposici\u00f3n 'La noche azul. \u00d3pera Flamenca en la colecci\u00f3n de Carlos Mart\u00edn Ballester'. Real F\u00e1brica de Artiller\u00eda, Sevilla. 2 sep 2026. Foto: perezventana<\/h3>\n                                <div class=\"jeg_preview_description_content\">\n                                    <p>Inauguraci\u00f3n de la exposici\u00f3n 'La noche azul. \u00d3pera Flamenca en la colecci\u00f3n de Carlos Mart\u00edn Ballester'. Real F\u00e1brica de Artiller\u00eda, Sevilla. 2 sep 2026. Foto: perezventana<\/p>\n\n                                <\/div>\n                            <\/div><div class=\"jeg_hidden_preview_description\">\n                                <h3>23. Inauguraci\u00f3n de la exposici\u00f3n 'La noche azul. \u00d3pera Flamenca en la colecci\u00f3n de Carlos Mart\u00edn Ballester'. Real F\u00e1brica de Artiller\u00eda, Sevilla. 2 sep 2026. Foto: perezventana<\/h3>\n                                <div class=\"jeg_preview_description_content\">\n                                    <p>Inauguraci\u00f3n de la exposici\u00f3n 'La noche azul. \u00d3pera Flamenca en la colecci\u00f3n de Carlos Mart\u00edn Ballester'. Real F\u00e1brica de Artiller\u00eda, Sevilla. 2 sep 2026. Foto: perezventana<\/p>\n\n                                <\/div>\n                            <\/div><div class=\"jeg_hidden_preview_description\">\n                                <h3>24. Inauguraci\u00f3n de la exposici\u00f3n 'La noche azul. \u00d3pera Flamenca en la colecci\u00f3n de Carlos Mart\u00edn Ballester'. Real F\u00e1brica de Artiller\u00eda, Sevilla. 2 sep 2026. Foto: perezventana<\/h3>\n                                <div class=\"jeg_preview_description_content\">\n                                    <p>Inauguraci\u00f3n de la exposici\u00f3n 'La noche azul. \u00d3pera Flamenca en la colecci\u00f3n de Carlos Mart\u00edn Ballester'. Real F\u00e1brica de Artiller\u00eda, Sevilla. 2 sep 2026. Foto: perezventana<\/p>\n\n                                <\/div>\n                            <\/div><div class=\"jeg_hidden_preview_description\">\n                                <h3>25. Inauguraci\u00f3n de la exposici\u00f3n 'La noche azul. \u00d3pera Flamenca en la colecci\u00f3n de Carlos Mart\u00edn Ballester'. Real F\u00e1brica de Artiller\u00eda, Sevilla. 2 sep 2026. Foto: perezventana<\/h3>\n                                <div class=\"jeg_preview_description_content\">\n                                    <p>Inauguraci\u00f3n de la exposici\u00f3n 'La noche azul. \u00d3pera Flamenca en la colecci\u00f3n de Carlos Mart\u00edn Ballester'. Real F\u00e1brica de Artiller\u00eda, Sevilla. 2 sep 2026. Foto: perezventana<\/p>\n\n                                <\/div>\n                            <\/div><div class=\"jeg_hidden_preview_description\">\n                                <h3>26. Inauguraci\u00f3n de la exposici\u00f3n 'La noche azul. \u00d3pera Flamenca en la colecci\u00f3n de Carlos Mart\u00edn Ballester'. Real F\u00e1brica de Artiller\u00eda, Sevilla. 2 sep 2026. Foto: perezventana<\/h3>\n                                <div class=\"jeg_preview_description_content\">\n                                    <p>Inauguraci\u00f3n de la exposici\u00f3n 'La noche azul. \u00d3pera Flamenca en la colecci\u00f3n de Carlos Mart\u00edn Ballester'. Real F\u00e1brica de Artiller\u00eda, Sevilla. 2 sep 2026. Foto: perezventana<\/p>\n\n                                <\/div>\n                            <\/div><div class=\"jeg_hidden_preview_description\">\n                                <h3>27. Inauguraci\u00f3n de la exposici\u00f3n 'La noche azul. \u00d3pera Flamenca en la colecci\u00f3n de Carlos Mart\u00edn Ballester'. Real F\u00e1brica de Artiller\u00eda, Sevilla. 2 sep 2026. Foto: perezventana<\/h3>\n                                <div class=\"jeg_preview_description_content\">\n                                    <p>Inauguraci\u00f3n de la exposici\u00f3n 'La noche azul. \u00d3pera Flamenca en la colecci\u00f3n de Carlos Mart\u00edn Ballester'. Real F\u00e1brica de Artiller\u00eda, Sevilla. 2 sep 2026. Foto: perezventana<\/p>\n\n                                <\/div>\n                            <\/div><div class=\"jeg_hidden_preview_description\">\n                                <h3>28. Inauguraci\u00f3n de la exposici\u00f3n 'La noche azul. \u00d3pera Flamenca en la colecci\u00f3n de Carlos Mart\u00edn Ballester'. Real F\u00e1brica de Artiller\u00eda, Sevilla. 2 sep 2026. Foto: perezventana<\/h3>\n                                <div class=\"jeg_preview_description_content\">\n                                    <p>Inauguraci\u00f3n de la exposici\u00f3n 'La noche azul. \u00d3pera Flamenca en la colecci\u00f3n de Carlos Mart\u00edn Ballester'. Real F\u00e1brica de Artiller\u00eda, Sevilla. 2 sep 2026. Foto: perezventana<\/p>\n\n                                <\/div>\n                            <\/div><div class=\"jeg_hidden_preview_description\">\n                                <h3>29. Inauguraci\u00f3n de la exposici\u00f3n 'La noche azul. \u00d3pera Flamenca en la colecci\u00f3n de Carlos Mart\u00edn Ballester'. Real F\u00e1brica de Artiller\u00eda, Sevilla. 2 sep 2026. Foto: perezventana<\/h3>\n                                <div class=\"jeg_preview_description_content\">\n                                    <p>Inauguraci\u00f3n de la exposici\u00f3n 'La noche azul. \u00d3pera Flamenca en la colecci\u00f3n de Carlos Mart\u00edn Ballester'. Real F\u00e1brica de Artiller\u00eda, Sevilla. 2 sep 2026. Foto: perezventana<\/p>\n\n                                <\/div>\n                            <\/div><div class=\"jeg_hidden_preview_description\">\n                                <h3>30. Inauguraci\u00f3n de la exposici\u00f3n 'La noche azul. \u00d3pera Flamenca en la colecci\u00f3n de Carlos Mart\u00edn Ballester'. Real F\u00e1brica de Artiller\u00eda, Sevilla. 2 sep 2026. Foto: perezventana<\/h3>\n                                <div class=\"jeg_preview_description_content\">\n                                    <p>Inauguraci\u00f3n de la exposici\u00f3n 'La noche azul. \u00d3pera Flamenca en la colecci\u00f3n de Carlos Mart\u00edn Ballester'. Real F\u00e1brica de Artiller\u00eda, Sevilla. 2 sep 2026. Foto: perezventana<\/p>\n\n                                <\/div>\n                            <\/div>\n                            <\/div>\n                        <\/div>\n                        <script>\n                            var gallery_1 = {\n                                rtl: false,\n                                native_zoom: true,\n                                zoom_max: 5,\n                                zoom_step: 40,\n                                image_sequence: []\n                            };\n                        <\/script>\n                    <\/div>\n<p>&nbsp;<\/p>\n<p class=\"isSelectedEnd\">Ybarra record\u00f3 que en 2026 se cumplen cien a\u00f1os de varios acontecimientos fundamentales. En 1926 <strong>Pepe Marchena<\/strong> entr\u00f3 en los circuitos del empresario <strong>Carlos Hern\u00e1ndez Vedrines<\/strong>, <strong>Manuel Vallejo<\/strong> recibi\u00f3 la segunda Llave de Oro del Cante y comenzaron a extenderse las grabaciones el\u00e9ctricas con micr\u00f3fono. \u00abHab\u00eda que celebrar el centenario del apogeo de lo que fue la \u00d3pera Flamenca, la llegada del flamenco a las plazas de toros, la apertura al gran p\u00fablico, el surgimiento de la radio en los a\u00f1os veinte y los concursos que proliferaron\u00bb, explic\u00f3.<\/p>\n<p class=\"isSelectedEnd\">Entre las piezas m\u00e1s destacadas aparecen quince carteles originales de la gran gira organizada por Vedrines en 1928. Aquellos espect\u00e1culos reunieron a <strong>Antonio Chac\u00f3n<\/strong>, que afrontaba su \u00faltima gira, <strong>la Ni\u00f1a de los Peines<\/strong>, Manuel Vallejo, <strong>Jos\u00e9 Cepero y Guerrita<\/strong>, entre otras figuras. La exposici\u00f3n incluye tambi\u00e9n reproductores hist\u00f3ricos y grabaciones digitalizadas que pueden escucharse mediante c\u00f3digos QR.<\/p>\n<p class=\"isSelectedEnd\"><strong>Carlos Mart\u00edn Ballester explic\u00f3 que la propuesta nace del di\u00e1logo entre la documentaci\u00f3n hist\u00f3rica y los creadores actuales.<\/strong> \u00abLos artistas de hoy, afortunadamente, se nutren del pasado\u00bb, se\u00f1al\u00f3. El coleccionista anim\u00f3 a conocer ese legado \u00abno para imitarlo, sino para que les sirva de emoci\u00f3n y de sugerencia para nuevas creaciones\u00bb.<\/p>\n<p class=\"isSelectedEnd\">El comisario record\u00f3 que la \u00d3pera Flamenca ocup\u00f3 cerca de tres d\u00e9cadas, con especial intensidad desde los a\u00f1os veinte hasta la Guerra Civil, aunque continu\u00f3 despu\u00e9s con distintas transformaciones. Los concursos, el disco y la radio propiciaron, seg\u00fan explic\u00f3, la aparici\u00f3n de nuevos int\u00e9rpretes y p\u00fablicos. \u00abLa \u00d3pera Flamenca puso a disposici\u00f3n de esos p\u00fablicos grandes escenarios, con cientos y cientos de localidades, y elencos de artistas maravillosos\u00bb, afirm\u00f3.<\/p>\n<p class=\"isSelectedEnd\"><strong>La presentaci\u00f3n concluy\u00f3 con la audici\u00f3n de una grabaci\u00f3n de<\/strong> <strong>Manolo Caracol<\/strong>. El disco contiene en una de sus caras unos fandangos de <strong>Tom\u00e1s Pav\u00f3n<\/strong> con <strong>Manolo de Badajoz<\/strong>, incluidos en el tercer volumen de la colecci\u00f3n de Ballester. En la cara opuesta, Caracol interpreta unos fandangos con la misma letra. Esta recuperaci\u00f3n sonora se suma a los numerosos documentos que permiten mirar y escuchar aquella \u00e9poca.<\/p>\n<p><em>La noche azul. \u00d3pera Flamenca en la colecci\u00f3n de Carlos Mart\u00edn Ballester<\/em> permanecer\u00e1 <strong>abierta hasta el 22 de noviembre en la Nave de Grabados de la Real F\u00e1brica de Artiller\u00eda<\/strong>. La entrada es gratuita. Puede visitarse de lunes a s\u00e1bado, de 10 a 20 horas, y los domingos, de 10 a 14 horas. \u2666<\/p>\n<p>&nbsp;<\/p>\n<p><a href=\"https:\/\/expoflamenco.com\/revista\/wp-content\/uploads\/sites\/46\/2026\/09\/cartel-la-noche-azul-carlos-martin-ballester-bienal-flamenco-sevilla.jpg\"><img decoding=\"async\" class=\"aligncenter size-full wp-image-9577\" src=\"https:\/\/expoflamenco.com\/revista\/wp-content\/uploads\/sites\/46\/2026\/09\/cartel-la-noche-azul-carlos-martin-ballester-bienal-flamenco-sevilla.jpg\" alt=\"\" width=\"1280\" height=\"1810\" srcset=\"https:\/\/expoflamenco.com\/revista\/wp-content\/uploads\/sites\/46\/2026\/09\/cartel-la-noche-azul-carlos-martin-ballester-bienal-flamenco-sevilla.jpg 1280w, https:\/\/expoflamenco.com\/revista\/wp-content\/uploads\/sites\/46\/2026\/09\/cartel-la-noche-azul-carlos-martin-ballester-bienal-flamenco-sevilla-212x300.jpg 212w, https:\/\/expoflamenco.com\/revista\/wp-content\/uploads\/sites\/46\/2026\/09\/cartel-la-noche-azul-carlos-martin-ballester-bienal-flamenco-sevilla-724x1024.jpg 724w, https:\/\/expoflamenco.com\/revista\/wp-content\/uploads\/sites\/46\/2026\/09\/cartel-la-noche-azul-carlos-martin-ballester-bienal-flamenco-sevilla-768x1086.jpg 768w, https:\/\/expoflamenco.com\/revista\/wp-content\/uploads\/sites\/46\/2026\/09\/cartel-la-noche-azul-carlos-martin-ballester-bienal-flamenco-sevilla-1086x1536.jpg 1086w, https:\/\/expoflamenco.com\/revista\/wp-content\/uploads\/sites\/46\/2026\/09\/cartel-la-noche-azul-carlos-martin-ballester-bienal-flamenco-sevilla-750x1061.jpg 750w, https:\/\/expoflamenco.com\/revista\/wp-content\/uploads\/sites\/46\/2026\/09\/cartel-la-noche-azul-carlos-martin-ballester-bienal-flamenco-sevilla-1140x1612.jpg 1140w\" sizes=\"(max-width: 1280px) 100vw, 1280px\" \/><\/a><\/p>\n<p>&nbsp;<\/p>\n","protected":false,"gt_translate_keys":[{"key":"rendered","format":"html"}]},"excerpt":{"rendered":"<p>La exposici\u00f3n re\u00fane en la Real F\u00e1brica de Artiller\u00eda m\u00e1s de trescientas piezas de la colecci\u00f3n de Carlos Mart\u00edn Ballester y podr\u00e1 visitarse gratuitamente hasta el 22 de noviembre.<\/p>\n","protected":false,"gt_translate_keys":[{"key":"rendered","format":"html"}]},"author":3,"featured_media":9576,"comment_status":"open","ping_status":"open","sticky":false,"template":"","format":"standard","meta":{"_acf_changed":false,"pmpro_default_level":"","jnews-multi-image_gallery":[],"jnews_single_post":{"format":"standard","featured_image_fetch_priority_high":"1","override":[{"template":"3","parallax":"1","fullscreen":"1","layout":"right-sidebar-narrow","sidebar":"default-sidebar","main_content_tag":"div","second_sidebar":"default-sidebar","sticky_sidebar":"1","share_position":"top","share_float_style":"share-monocrhome","show_share_counter":"1","show_view_counter":"1","show_featured":"1","show_post_meta":"1","show_post_author":"1","show_post_author_image":"1","show_post_date":"1","post_date_format":"default","post_date_format_custom":"Y\/m\/d","show_post_reading_time":"1","post_reading_time_wpm":"300","post_calculate_word_method":"str_word_count","show_zoom_button":"1","zoom_button_out_step":"2","zoom_button_in_step":"3","show_popup_post":"1","show_comment_section":"1","number_popup_post":"1","show_author_box":"1","show_post_related":"1","show_inline_post_related":"1"}],"image_override":[{"single_post_thumbnail_size":"crop-500","single_post_gallery_size":"crop-500"}],"trending_post_position":"meta","trending_post_label":"Trending","sponsored_post_label":"Sponsored by","disable_ad":"0","subtitle":"La exposici\u00f3n re\u00fane en la Real F\u00e1brica de Artiller\u00eda m\u00e1s de trescientas piezas de la colecci\u00f3n de Carlos Mart\u00edn Ballester y podr\u00e1 visitarse gratuitamente hasta el 22 de noviembre."},"jnews_primary_category":{"id":"37"},"jnews_override_bookmark_settings":{"override_bookmark_button":"0","override_show_bookmark_button":"0"},"jnews_social_meta":[],"jnews_review":[],"enable_review":"","type":"percentage","name":"","summary":"","brand":"","sku":"","good":[],"bad":[],"score_override":"","override_value":"","rating":[],"price":[],"jnews_override_counter":{"view_counter_number":"0","share_counter_number":"0","like_counter_number":"0","dislike_counter_number":"0"},"footnotes":""},"categories":[37,7905,7822,38],"tags":[6928,7923,65],"class_list":["post-9572","post","type-post","status-publish","format-standard","has-post-thumbnail","hentry","category-actualidad","category-actualidad-bienal-2026","category-bienal-2026","category-en-portada","tag-exposicion-flamenca","tag-la-noche-azul-opera-flamenca-en-la-coleccion-de-carlos-martin-ballester","tag-xxiv-bienal-de-flamenco-de-sevilla","pmpro-has-access"],"acf":[],"gt_translate_keys":[{"key":"link","format":"url"}],"_links":{"self":[{"href":"https:\/\/expoflamenco.com\/revista\/wp-json\/wp\/v2\/posts\/9572","targetHints":{"allow":["GET"]}}],"collection":[{"href":"https:\/\/expoflamenco.com\/revista\/wp-json\/wp\/v2\/posts"}],"about":[{"href":"https:\/\/expoflamenco.com\/revista\/wp-json\/wp\/v2\/types\/post"}],"author":[{"embeddable":true,"href":"https:\/\/expoflamenco.com\/revista\/wp-json\/wp\/v2\/users\/3"}],"replies":[{"embeddable":true,"href":"https:\/\/expoflamenco.com\/revista\/wp-json\/wp\/v2\/comments?post=9572"}],"version-history":[{"count":1,"href":"https:\/\/expoflamenco.com\/revista\/wp-json\/wp\/v2\/posts\/9572\/revisions"}],"predecessor-version":[{"id":9608,"href":"https:\/\/expoflamenco.com\/revista\/wp-json\/wp\/v2\/posts\/9572\/revisions\/9608"}],"wp:featuredmedia":[{"embeddable":true,"href":"https:\/\/expoflamenco.com\/revista\/wp-json\/wp\/v2\/media\/9576"}],"wp:attachment":[{"href":"https:\/\/expoflamenco.com\/revista\/wp-json\/wp\/v2\/media?parent=9572"}],"wp:term":[{"taxonomy":"category","embeddable":true,"href":"https:\/\/expoflamenco.com\/revista\/wp-json\/wp\/v2\/categories?post=9572"},{"taxonomy":"post_tag","embeddable":true,"href":"https:\/\/expoflamenco.com\/revista\/wp-json\/wp\/v2\/tags?post=9572"}],"curies":[{"name":"wp","href":"https:\/\/api.w.org\/{rel}","templated":true}]}}