{"id":9565,"date":"2026-09-02T09:49:41","date_gmt":"2026-09-02T07:49:41","guid":{"rendered":"https:\/\/expoflamenco.com\/revista\/?p=9565"},"modified":"2026-09-02T09:49:41","modified_gmt":"2026-09-02T07:49:41","slug":"rosario-lopez-a-estudio-en-jaen","status":"publish","type":"post","link":"https:\/\/expoflamenco.com\/revista\/rosario-lopez-a-estudio-en-jaen\/","title":{"rendered":"Rosario L\u00f3pez, a estudio en Ja\u00e9n","gt_translate_keys":[{"key":"rendered","format":"text"}]},"content":{"rendered":"<p>Si tuvi\u00e9ramos que mencionar a una mujer de Ja\u00e9n capital y forjada de forma gustosa con las pesadas cadenas del cante por derecho, todos los cabales pronunciar\u00edan el nombre de <strong>Rosario L\u00f3pez<\/strong>, cantaora que no fue ajena a ninguna variante, de la que el pasado 18 de agosto conmemoramos el d\u00e9cimo aniversario de su adi\u00f3s, y con una obra cuyo valor intr\u00ednseco est\u00e1 en esa rara habilidad que tienen s\u00f3lo quienes saben sortear e interpretar las pautas y los caminos establecidos.<\/p>\n<p>As\u00ed lo ha entendido la organizaci\u00f3n del <a href=\"https:\/\/eventos.ujaen.es\/157427\/detail\/xli-seminario-de-estudios-flamencos-dedicado-a-rosario-lopez-conferencia-de-manuel-martin-ilustrada.html\" target=\"_blank\" rel=\"noopener\">XLI Seminario de Estudios Flamencos<\/a> de la capital del Salto Reino, que estar\u00e1 dedicado \u00edntegramente a la cantaora Rosario L\u00f3pez, y que se celebrar\u00e1 los d\u00edas 11, 18 y 25 de septiembre en la <strong>Antigua Escuela de Magisterio de Ja\u00e9n<\/strong>, organizado por la <strong>Pe\u00f1a Flamenca de Ja\u00e9n<\/strong>, con la colaboraci\u00f3n de la Universidad de Ja\u00e9n (UJA) y el patrocinio de la Diputaci\u00f3n de Ja\u00e9n, la Fundaci\u00f3n Unicaja Ja\u00e9n, Rodisur y Jadisa.<\/p>\n<p>Ja\u00e9n y Rosario L\u00f3pez son, para quien firma, como caminos que se entrecruzan y se funden de modo semejante al abrazo amoroso de los cuerpos. La capital, un veh\u00edculo ideal para el que piensa en im\u00e1genes. La artista, una alianza ins\u00f3lita entre la imagen po\u00e9tica y la historia, la portavoz de unos cantes viejos que en su garganta son un soplo de aire fresco, de vivacidad y de elaboraci\u00f3n inteligente, el alambique, en suma, donde los estilos forman una especie de vasos comunicantes entre la intensidad po\u00e9tica y la profundidad de pensamiento.<\/p>\n<p>Hija de <strong>Enrique L\u00f3pez<\/strong> e <strong>Isabel Carrascosa<\/strong>, Rosario, nuestra <strong>Chari<\/strong> \u2013as\u00ed la llam\u00e1bamos quienes supimos de su bondad y maestr\u00eda\u2013, naci\u00f3 en Ja\u00e9n el 11 de octubre de 1943. Su inclinaci\u00f3n por el mundo esc\u00e9nico le vino desde la edad temprana, ya que el hecho de nacer en el desaparecido Teatro Cervantes \u2013en el que su padre, el flamante bater\u00eda <strong>Enrique L\u00f3pez<\/strong>, ejerc\u00eda de conserje\u2013, le influy\u00f3 por completo en su iniciaci\u00f3n a la m\u00fasica y a la escena, al punto que de ni\u00f1a incluso sisaba las plumas y los zapatos de lentejuelas de los artistas.<\/p>\n<p>Principi\u00f3, pues, de forma temprana, con s\u00f3lo cuatro a\u00f1os de edad, hasta entretejer el poder\u00edo de su treno por entre las volutas de la copla andaluza. Mas la ni\u00f1a se hizo mujer, beb\u00eda lo vientos por <strong>Pastora Pav\u00f3n<\/strong> y, poco a poco, se fue introduciendo en los mentideros flamencos merced al grupo conformado por amigos como <strong>Jos\u00e9 Sol\u00eds Rostaing, Pepe Cruz, Manuel de Horna L\u00f3pez<\/strong> y, por supuesto, quien m\u00e1s influy\u00f3 en su asalto al flamenco, <strong>Ram\u00f3n Porras<\/strong>, compa\u00f1eros con los que fue ensanchando su admiraci\u00f3n preferencial por <strong>Rafael Romero<\/strong>, maestro iliturgitano de quien llegar\u00eda a hacerse amiga y legataria de sus cantes.<\/p>\n<p>Obvio es se\u00f1alar que al igual que sus coet\u00e1neas, su introducci\u00f3n en el complejo mundo del flamenco no fue un camino de rosas. El hecho de ser mujer le complicaba las oportunidades, pero no desist\u00eda en aportar su granito de arena en aquellas tertulias que arrancaron en 1971 con la Pe\u00f1a Flamenca de Ja\u00e9n, entidad que aprob\u00f3 sus estatutos en 1972 bajo la presidencia del abogado <strong>Jos\u00e9 Sol\u00eds<\/strong>, ubic\u00e1ndose por entonces en una sala del <strong>Casino Primitivo<\/strong>, en el inmueble del <strong>Condestable Lucas de Iranzo<\/strong>.<\/p>\n<p>&nbsp;<\/p>\n<blockquote><p><em>\u00abJa\u00e9n y Rosario L\u00f3pez son como caminos que se entrecruzan y se funden de modo semejante al abrazo amoroso de los cuerpos. La capital, un veh\u00edculo ideal para el que piensa en im\u00e1genes. La artista, una alianza ins\u00f3lita entre la imagen po\u00e9tica y la historia, la portavoz de unos cantes viejos que en su garganta son un soplo de aire fresco, de vivacidad y de elaboraci\u00f3n inteligente\u00bb<\/em><\/p><\/blockquote>\n<p>&nbsp;<\/p>\n<p>Fue entonces que conoci\u00f3 de primera mano el nacimiento de los festivales flamencos de Ja\u00e9n, aquellos que arrancaron en 1971 en los jardines de Jabalcuz y que desparecieron por falta de p\u00fablico en 1976, al par que debutaba oficialmente como cantaora en verano de 1972, a\u00f1o en que se subi\u00f3 por primera vez a un escenario, concretamente en el del festival decano de Ja\u00e9n, en Pegalajar, interpretando entonces las buler\u00edas de <strong>Manolito Mar\u00eda<\/strong>, que tanto contribuy\u00f3 a popularizar, y unas seguiriyas que siguieron la estela de <strong>Jos\u00e9 Menese<\/strong>, siendo secundada por la guitarra de <strong>Parrilla de Jerez<\/strong>.<\/p>\n<p>Unos meses despu\u00e9s conoci\u00f3 a Rafael Romero, alias <strong>El Gallina<\/strong>, cuando actu\u00f3 el domingo de Ramos de 1972 con <strong>Enrique Morente<\/strong> y <strong>Manuel Cano<\/strong>, en el desaparecido <strong>Cine Lis Palace<\/strong>, mas cuando ya empezaba a despuntar, la vida le golpea de manera cruel. Primero tuvo que salvar la existencia someti\u00e9ndose en Barcelona, el 8 de agosto de 1973, a un trasplante de ri\u00f1\u00f3n que le fue donado por <strong>Juani<\/strong>, su santa hermana. Fueron siete duros meses de rehabilitaci\u00f3n y cinco a\u00f1os de estancia en tierras catalanas, pero su fuerza interior la impuls\u00f3 a contrarrestar las heridas con el b\u00e1lsamo de sus cantes, modos expresivos que se granjearon el cari\u00f1o y la admiraci\u00f3n de las pe\u00f1as flamencas.<\/p>\n<p>El segundo gran golpe lo recibi\u00f3 no m\u00e1s regresar a su tierra natal, cuando supo del derribo del Teatro Cervantes, profunda huella emocional que la marc\u00f3 de por vida, toda vez que la oblig\u00f3 a estar un a\u00f1o sin pasar por La Carrera, para as\u00ed no quebrantar los recuerdos de su abuelo paterno, F\u00e9lix, que ingres\u00f3 como conserje en 1906, y de su padre Enrique L\u00f3pez.<\/p>\n<p>Con todo, a partir de 1974 Rosario se dedica de manera profesional al cante. Compagina su ansia de saber con las actuaciones en pe\u00f1as y festivales hasta que en 1975 debuta en la discograf\u00eda con <strong><em>Rosario L\u00f3pez<\/em><\/strong>, su puesta de largo con la guitarra de <strong>Jos\u00e9 Cala<\/strong>, alias <strong>El Poeta<\/strong>, una obra en la que pone de manifiesto su generosa amplitud de conocimientos a trav\u00e9s del puro expresionismo y la puesta en valor de variantes que van desde sus ya c\u00e9lebres buler\u00edas gaditanas de Manolito Mar\u00eda a las soleares del <strong>Tenazas<\/strong> en sus matices de <strong>El Fillo, Paquirri y Silverio<\/strong>, o la cabal portuense del <strong>Planeta<\/strong> en el cierre de la seguiriya.<\/p>\n<p>Obvio es significar que la enjundia y sinceridad de intenciones de este trabajo le permiti\u00f3 abrir las puertas de una trayectoria que le llevar\u00eda a alcanzar desde el \u2018Catavino de Plata\u2019, en la <strong>Cata de Montilla<\/strong>, a ser reconocida por las m\u00e1s diversas instituciones jienenses, aparte de intervenir en cuatro ocasiones en el <strong>Festival Internacional de la Guitarra de Castres<\/strong> (Francia), realizar recitales en Holanda, B\u00e9lgica, Italia, Viena y Alemania, as\u00ed como la URSS y en toda la geograf\u00eda espa\u00f1ola.<\/p>\n<p>Estas actuaciones la situar\u00edan en la adalid de la Ja\u00e9n cantaora y despertar\u00edan el inter\u00e9s de la cr\u00edtica y los intelectuales, tal que <strong>F\u00e9lix Grande<\/strong>, que lleg\u00f3 a decir de ella: \u201cSu voz es morena, lo que dice en sus cantes son puras vivencias. La muerte, durante a\u00f1os, estuvo al acecho, celosa, para que le cantara s\u00f3lo a ella, y nuestros ojos quedaron colgados en un gesto suyo\u201d.<\/p>\n<p>Es s\u00f3lo el arranque de una trayectoria marcada por una muy interesante discograf\u00eda que merece estudio aparte, y que aup\u00f3 a Rosario L\u00f3pez a ser Hija Predilecta de Ja\u00e9n y Medalla de Oro de la Ciudad como postulante del cante jaenero, lo que justifica que en el d\u00e9cimo aniversario de su adi\u00f3s, la reivindique el XLI Seminario de Estudios Flamencos de su tierra natal. \u2666<\/p>\n<p>&nbsp;<\/p>\n<p><a href=\"https:\/\/expoflamenco.com\/revista\/wp-content\/uploads\/sites\/46\/2026\/09\/xli-seminario-de-estudios-flamencos-jaen-dedicado-a-rosario-lopez-sep26.webp\"><img decoding=\"async\" class=\"aligncenter size-full wp-image-9566\" src=\"https:\/\/expoflamenco.com\/revista\/wp-content\/uploads\/sites\/46\/2026\/09\/xli-seminario-de-estudios-flamencos-jaen-dedicado-a-rosario-lopez-sep26.webp\" alt=\"\" width=\"1080\" height=\"1350\" srcset=\"https:\/\/expoflamenco.com\/revista\/wp-content\/uploads\/sites\/46\/2026\/09\/xli-seminario-de-estudios-flamencos-jaen-dedicado-a-rosario-lopez-sep26.webp 1080w, https:\/\/expoflamenco.com\/revista\/wp-content\/uploads\/sites\/46\/2026\/09\/xli-seminario-de-estudios-flamencos-jaen-dedicado-a-rosario-lopez-sep26-240x300.webp 240w, https:\/\/expoflamenco.com\/revista\/wp-content\/uploads\/sites\/46\/2026\/09\/xli-seminario-de-estudios-flamencos-jaen-dedicado-a-rosario-lopez-sep26-819x1024.webp 819w, https:\/\/expoflamenco.com\/revista\/wp-content\/uploads\/sites\/46\/2026\/09\/xli-seminario-de-estudios-flamencos-jaen-dedicado-a-rosario-lopez-sep26-768x960.webp 768w, https:\/\/expoflamenco.com\/revista\/wp-content\/uploads\/sites\/46\/2026\/09\/xli-seminario-de-estudios-flamencos-jaen-dedicado-a-rosario-lopez-sep26-750x938.webp 750w\" sizes=\"(max-width: 1080px) 100vw, 1080px\" \/><\/a><\/p>\n<p>&nbsp;<\/p>\n","protected":false,"gt_translate_keys":[{"key":"rendered","format":"html"}]},"excerpt":{"rendered":"<p>En el d\u00e9cimo aniversario de su adi\u00f3s, la cantaora es reivindicada en el XLI Seminario de Estudios Flamencos de su tierra natal.<\/p>\n","protected":false,"gt_translate_keys":[{"key":"rendered","format":"html"}]},"author":44,"featured_media":9567,"comment_status":"open","ping_status":"open","sticky":false,"template":"","format":"standard","meta":{"_acf_changed":false,"pmpro_default_level":"","jnews-multi-image_gallery":[],"jnews_single_post":{"format":"standard","featured_image_fetch_priority_high":"1","override":[{"template":"3","parallax":"1","fullscreen":"1","layout":"right-sidebar-narrow","sidebar":"default-sidebar","main_content_tag":"div","second_sidebar":"default-sidebar","sticky_sidebar":"1","share_position":"top","share_float_style":"share-monocrhome","show_share_counter":"1","show_view_counter":"1","show_featured":"1","show_post_meta":"1","show_post_author":"1","show_post_author_image":"1","show_post_date":"1","post_date_format":"default","post_date_format_custom":"Y\/m\/d","show_post_reading_time":"1","post_reading_time_wpm":"300","post_calculate_word_method":"str_word_count","show_zoom_button":"1","zoom_button_out_step":"2","zoom_button_in_step":"3","show_popup_post":"1","show_comment_section":"1","number_popup_post":"1","show_author_box":"1","show_post_related":"1","show_inline_post_related":"1"}],"image_override":[{"single_post_thumbnail_size":"crop-500","single_post_gallery_size":"crop-500"}],"trending_post_position":"meta","trending_post_label":"Trending","sponsored_post_label":"Sponsored by","disable_ad":"0","subtitle":"En el d\u00e9cimo aniversario de su adi\u00f3s, la cantaora es reivindicada en el XLI Seminario de Estudios Flamencos de su tierra natal."},"jnews_primary_category":{"id":"73"},"jnews_override_bookmark_settings":{"override_bookmark_button":"0","override_show_bookmark_button":"0"},"jnews_social_meta":[],"jnews_review":[],"enable_review":"","type":"percentage","name":"","summary":"","brand":"","sku":"","good":[],"bad":[],"score_override":"","override_value":"","rating":[],"price":[],"jnews_override_counter":{"view_counter_number":"0","share_counter_number":"0","like_counter_number":"0","dislike_counter_number":"0"},"footnotes":""},"categories":[38,73],"tags":[58,350,7920,7922,7921],"class_list":["post-9565","post","type-post","status-publish","format-standard","has-post-thumbnail","hentry","category-en-portada","category-opinion","tag-cantaora-flamenca","tag-opinion-flamenca","tag-rosario-lopez","tag-seminario-flamenco-jaen","tag-xli-seminario-de-estudios-flamencos","pmpro-has-access"],"acf":[],"gt_translate_keys":[{"key":"link","format":"url"}],"_links":{"self":[{"href":"https:\/\/expoflamenco.com\/revista\/wp-json\/wp\/v2\/posts\/9565","targetHints":{"allow":["GET"]}}],"collection":[{"href":"https:\/\/expoflamenco.com\/revista\/wp-json\/wp\/v2\/posts"}],"about":[{"href":"https:\/\/expoflamenco.com\/revista\/wp-json\/wp\/v2\/types\/post"}],"author":[{"embeddable":true,"href":"https:\/\/expoflamenco.com\/revista\/wp-json\/wp\/v2\/users\/44"}],"replies":[{"embeddable":true,"href":"https:\/\/expoflamenco.com\/revista\/wp-json\/wp\/v2\/comments?post=9565"}],"version-history":[{"count":1,"href":"https:\/\/expoflamenco.com\/revista\/wp-json\/wp\/v2\/posts\/9565\/revisions"}],"predecessor-version":[{"id":9568,"href":"https:\/\/expoflamenco.com\/revista\/wp-json\/wp\/v2\/posts\/9565\/revisions\/9568"}],"wp:featuredmedia":[{"embeddable":true,"href":"https:\/\/expoflamenco.com\/revista\/wp-json\/wp\/v2\/media\/9567"}],"wp:attachment":[{"href":"https:\/\/expoflamenco.com\/revista\/wp-json\/wp\/v2\/media?parent=9565"}],"wp:term":[{"taxonomy":"category","embeddable":true,"href":"https:\/\/expoflamenco.com\/revista\/wp-json\/wp\/v2\/categories?post=9565"},{"taxonomy":"post_tag","embeddable":true,"href":"https:\/\/expoflamenco.com\/revista\/wp-json\/wp\/v2\/tags?post=9565"}],"curies":[{"name":"wp","href":"https:\/\/api.w.org\/{rel}","templated":true}]}}