{"id":9557,"date":"2026-09-01T21:51:36","date_gmt":"2026-09-01T19:51:36","guid":{"rendered":"https:\/\/expoflamenco.com\/revista\/?p=9557"},"modified":"2026-09-01T21:51:36","modified_gmt":"2026-09-01T19:51:36","slug":"el-circuito-andaluz-de-penas-programa-225-recitales-de-flamenco-en-las-ocho-provincias","status":"publish","type":"post","link":"https:\/\/expoflamenco.com\/revista\/el-circuito-andaluz-de-penas-programa-225-recitales-de-flamenco-en-las-ocho-provincias\/","title":{"rendered":"El Circuito Andaluz de Pe\u00f1as programa 225 recitales de flamenco en las ocho provincias","gt_translate_keys":[{"key":"rendered","format":"text"}]},"content":{"rendered":"<p>La consejera de Cultura, Patrimonio Hist\u00f3rico y Deporte de la Junta de Andaluc\u00eda, <strong>Patricia del Pozo<\/strong>, <a href=\"https:\/\/www.juntadeandalucia.es\/aaiicc\/flamenco\/content\/circuito-andaluz-de-pe%C3%B1as\" target=\"_blank\" rel=\"noopener\">ha presentado este martes 1 de septiembre<\/a> la nueva programaci\u00f3n del <strong>Circuito Andaluz de Pe\u00f1as<\/strong>, que en 2026 \u201cva a sumar un total de 225 actuaciones de cante, baile y toque en las ocho provincias andaluzas, con la participaci\u00f3n de un m\u00ednimo de 470 artistas, entre los que se incluyen tanto nuevas voces y j\u00f3venes talentos, como artistas acreedores de una larga y reconocida trayectoria\u201d.<\/p>\n<p>El Circuito Andaluz de Pe\u00f1as \u201cpermite llevar el flamenco a todos los rincones de Andaluc\u00eda, reforzando el papel de estas entidades como espacios esenciales para la conservaci\u00f3n, promoci\u00f3n y difusi\u00f3n del arte jondo\u201d, ha valorado Del Pozo, que ha estado acompa\u00f1ada en la presentaci\u00f3n en la sede sevillana del <a href=\"https:\/\/www.juntadeandalucia.es\/aaiicc\/flamenco\/\" target=\"_blank\" rel=\"noopener\">Instituto Andaluz del Flamenco<\/a> por la viceconsejera de Cultura, <strong>Macarena O\u2019Neill<\/strong>, as\u00ed como por la presidenta de la Confederaci\u00f3n Andaluza de Pe\u00f1as Flamencas, <strong>Concha Prieto<\/strong>, representantes de pe\u00f1as de las distintas federaciones y diversos agentes del sector.<\/p>\n<p>Del Pozo ha destacado que este ciclo se enmarca en la <strong>Ley del Flamenco<\/strong> y en su Plan Estrat\u00e9gico, aprobado por el Consejo de Gobierno de la Junta de Andaluc\u00eda el pasado mes de mayo, y que identifica a las pe\u00f1as como \u201cagentes fundamentales en la preservaci\u00f3n y difusi\u00f3n del flamenco, reconociendo su fuerte social y cultural en el entorno en el que se enmarcan\u201d.<\/p>\n<p>\u201cEn 2026 hemos consolidado la inversi\u00f3n de 250.000 euros para este programa de pe\u00f1as, un importe que supone un 20 por ciento m\u00e1s que el que se invert\u00eda en estos espacios de encuentro del arte jondo en 2019\u201d, ha informado Del Pozo. En todo caso, seg\u00fan ha manifestado la consejera, esta apuesta se extiende tambi\u00e9n al apoyo a los artistas m\u00e1s j\u00f3venes, ya que las pe\u00f1as son los escenarios en los que se han celebrado las primeras fases provinciales del <strong>Circuito Andaluz de J\u00f3venes Flamencos<\/strong>, una iniciativa que se desarrolla en colaboraci\u00f3n con las federaciones provinciales y el Instituto Andaluz de la Juventud y que tiene como objetivo visibilizar el flamenco, generar oportunidades para la creaci\u00f3n y favorecer la incorporaci\u00f3n de nuevos p\u00fablicos.<\/p>\n<p>De este modo, ambas iniciativas \u2013el Circuito Andaluz de Pe\u00f1as Flamencas y el Circuito Andaluz de J\u00f3venes Flamencos\u2013, junto con la convocatoria de ayudas al tejido asociativo, suponen una aportaci\u00f3n conjunta de 330.000 euros destinada espec\u00edficamente a las pe\u00f1as flamencas andaluzas.<\/p>\n<p>&nbsp;<\/p>\n<h3>Convocatoria p\u00fablica y abierta<\/h3>\n<p>El Circuito ofrece una oportunidad para el desarrollo de las carreras art\u00edsticas y para el relevo generacional. De este modo, para elaborar la programaci\u00f3n se realiz\u00f3 una convocatoria p\u00fablica abierta a todos los artistas interesados en participar.<\/p>\n<p>El listado resultante, con cerca de 300 propuestas, ha servido de base a las federaciones provinciales para configurar sus respectivos programas, en los que conviven artistas de reconocida trayectoria con j\u00f3venes que comienzan a abrirse camino en el mundo del flamenco.<\/p>\n<p>Esta edici\u00f3n reunir\u00e1 181 actuaciones de cante, 31 de baile y 13 de toque, que se desarrollar\u00e1n en el conjunto de las ocho provincias andaluzas. La programaci\u00f3n se articula sobre una amplia red asociativa integrada actualmente por 329 pe\u00f1as federadas: 14 en Almer\u00eda, 50 en C\u00e1diz, 42 en C\u00f3rdoba, 25 en Granada, 21 en Huelva, 45 en Ja\u00e9n, 52 en M\u00e1laga y 80 en Sevilla.<\/p>\n<p>&nbsp;<\/p>\n<blockquote><p><em>\u00abEsta edici\u00f3n reunir\u00e1 181 actuaciones de cante, 31 de baile y 13 de toque, que se desarrollar\u00e1n en el conjunto de las ocho provincias andaluzas. La programaci\u00f3n se articula sobre una amplia red asociativa integrada actualmente por 329 pe\u00f1as federadas: 14 en Almer\u00eda, 50 en C\u00e1diz, 42 en C\u00f3rdoba, 25 en Granada, 21 en Huelva, 45 en Ja\u00e9n, 52 en M\u00e1laga y 80 en Sevilla\u00bb<\/em><\/p><\/blockquote>\n<p>&nbsp;<\/p>\n<figure id=\"attachment_9563\" aria-describedby=\"caption-attachment-9563\" style=\"width: 1600px\" class=\"wp-caption aligncenter\"><a href=\"https:\/\/expoflamenco.com\/revista\/wp-content\/uploads\/sites\/46\/2026\/09\/presentacion-circuito-andaluz-penas-flamencas-2.jpg\"><img decoding=\"async\" class=\"size-full wp-image-9563\" src=\"https:\/\/expoflamenco.com\/revista\/wp-content\/uploads\/sites\/46\/2026\/09\/presentacion-circuito-andaluz-penas-flamencas-2.jpg\" alt=\"Acto de presentaci\u00f3n del Circuito Andaluz de Pe\u00f1as. Instituto Andaluz del Flamenco.\" width=\"1600\" height=\"1142\" srcset=\"https:\/\/expoflamenco.com\/revista\/wp-content\/uploads\/sites\/46\/2026\/09\/presentacion-circuito-andaluz-penas-flamencas-2.jpg 1600w, https:\/\/expoflamenco.com\/revista\/wp-content\/uploads\/sites\/46\/2026\/09\/presentacion-circuito-andaluz-penas-flamencas-2-300x214.jpg 300w, https:\/\/expoflamenco.com\/revista\/wp-content\/uploads\/sites\/46\/2026\/09\/presentacion-circuito-andaluz-penas-flamencas-2-1024x731.jpg 1024w, https:\/\/expoflamenco.com\/revista\/wp-content\/uploads\/sites\/46\/2026\/09\/presentacion-circuito-andaluz-penas-flamencas-2-768x548.jpg 768w, https:\/\/expoflamenco.com\/revista\/wp-content\/uploads\/sites\/46\/2026\/09\/presentacion-circuito-andaluz-penas-flamencas-2-1536x1096.jpg 1536w, https:\/\/expoflamenco.com\/revista\/wp-content\/uploads\/sites\/46\/2026\/09\/presentacion-circuito-andaluz-penas-flamencas-2-120x86.jpg 120w, https:\/\/expoflamenco.com\/revista\/wp-content\/uploads\/sites\/46\/2026\/09\/presentacion-circuito-andaluz-penas-flamencas-2-350x250.jpg 350w, https:\/\/expoflamenco.com\/revista\/wp-content\/uploads\/sites\/46\/2026\/09\/presentacion-circuito-andaluz-penas-flamencas-2-750x535.jpg 750w, https:\/\/expoflamenco.com\/revista\/wp-content\/uploads\/sites\/46\/2026\/09\/presentacion-circuito-andaluz-penas-flamencas-2-1140x814.jpg 1140w\" sizes=\"(max-width: 1600px) 100vw, 1600px\" \/><\/a><figcaption id=\"caption-attachment-9563\" class=\"wp-caption-text\">La consejera Patricia del Pozo. Acto de presentaci\u00f3n del Circuito Andaluz de Pe\u00f1as. Instituto Andaluz del Flamenco.<\/figcaption><\/figure>\n<p>&nbsp;<\/p>\n<h3>En las ocho provincias<\/h3>\n<p>Ja\u00e9n ha adelantado el comienzo de su programaci\u00f3n con el tradicional ciclo \u2018A la Verde Oliva\u2019, celebrado entre el 6 de junio y el 11 de julio. La segunda fase comenzar\u00e1 el 12 de septiembre y se prolongar\u00e1 hasta el 28 de noviembre. En total, la provincia acoger\u00e1 30 actuaciones \u201427 de cante, una de baile y dos de toque\u2014 en otras tantas pe\u00f1as flamencas de 28 localidades: Martos, Linares, Baeza, Segura de la Sierra, Guarrom\u00e1n, Pozo Alc\u00f3n, Arroyo del Ojanco, Porcuna, Bedmar, Torredelcampo, Bail\u00e9n, Mancha Real, Pegalajar, Jimena, And\u00fajar, Torreperogil, J\u00f3dar, Villacarrillo, Villanueva de la Reina, Ba\u00f1os de la Encina, Ja\u00e9n, Sabiote, Beas de Segura, \u00dabeda, Torredonjimeno, Arjonilla, Lopera y Meng\u00edbar.<\/p>\n<p>Tambi\u00e9n Sevilla dedicado a los 50 a\u00f1os de la edici\u00f3n de <em>Persecuci\u00f3n<\/em>, disco emblem\u00e1tico del cantaor <strong>Juan Pe\u00f1a El Lebrijano<\/strong>, coincidiendo con la efem\u00e9ride de su publicaci\u00f3n, inici\u00f3 su Circuito en junio, con una programaci\u00f3n que se prolongar\u00e1 hasta el 30 de octubre. En total, se celebrar\u00e1n 56 actuaciones \u201453 de cante, dos de baile y una de toque\u2014 en otras tantas pe\u00f1as flamencas de 41 localidades: \u00a0Sevilla, Santiponce, Coria del R\u00edo, El Viso del Alcor, Coripe, Lora del R\u00edo, Aznalc\u00f3llar, Las Cabezas de San Juan, Lebrija, Valencina de la Concepci\u00f3n, Carmona, La Algaba, Isla Mayor, \u00c9cija, Alcal\u00e1 de Guada\u00edra, Pruna, Espartinas, Burguillos, Sanl\u00facar la Mayor, Montellano, Dos Hermanas, Olivares, Gelves, Villanueva del Ariscal, Tomares, Arahal, Mor\u00f3n de la Frontera, Herrera, La Luisiana, Mart\u00edn de la Jara, Villanueva de San Juan, Bormujos, Mairena del Alcor, Albaida del Aljarafe, El Castillo de las Guardas, Los Palacios y Villafranca, Fuentes de Andaluc\u00eda, San Jos\u00e9 de la Rinconada, Mairena del Aljarafe, Guillena y Paradas.<\/p>\n<p>En Almer\u00eda, con el homenaje al recientemente fallecido maestro guitarrista <strong>Pepe Habichuela<\/strong>, como reconocimiento a su trayectoria y a su enorme aportaci\u00f3n a la guitarra y al flamenco, el circuito comenz\u00f3 el 1 de agosto y concluir\u00e1 el 15 de noviembre. La provincia contar\u00e1 con 11 actuaciones, todas ellas de cante, en otras tantas pe\u00f1as flamencas de nueve localidades: Carboneras, Tabernas, Adra, Pechina, El Ejido, Hu\u00e9rcal de Almer\u00eda, Almer\u00eda, Adra y Viator.<\/p>\n<p>La programaci\u00f3n de C\u00e1diz, dedicada este a\u00f1o a <strong>Mar\u00eda Vargas Fern\u00e1ndez<\/strong>, se desarrollar\u00e1 entre el 5 de septiembre y el 21 de noviembre. En total, ser\u00e1n 33 actuaciones, 22 de cante y 11 de baile, en otras tantas pe\u00f1as flamencas de 22 localidades: Chiclana, Jerez, Chipiona, C\u00e1diz, San Fernando, Guadalcac\u00edn, Sanl\u00facar de Barrameda, Arcos de la Frontera, Conil, El Puerto de Santa Mar\u00eda, Ubrique, Barbate, Los Barrios, Vejer, Algeciras, Alcal\u00e1 del Valle, Espera, La L\u00ednea de la Concepci\u00f3n, Jimena de la Frontera, Guadiaro, Puerto Real y Ceuta.<\/p>\n<p>En Granada, el Circuito comenzar\u00e1 el 15 de agosto y finalizar\u00e1 el 21 de noviembre. La programaci\u00f3n, dedicada a <strong>Antonio Campos Mu\u00f1oz<\/strong>, reunir\u00e1 15 actuaciones, nueve de cante y seis de baile, en otras tantas pe\u00f1as de 15 localidades: Montej\u00edcar, Beas de Granada, Hu\u00e9tor Vega, Peligros, \u00cdllora, Montefr\u00edo, Motril, C\u00fallar Vega, Salobre\u00f1a, Lentej\u00ed, Maracena, Og\u00edjares, Loja, Hu\u00e9tor T\u00e1jar y Granada.<\/p>\n<p>Por su parte, M\u00e1laga, homenaje al flamenc\u00f3logo y coleccionista <strong>Luis Soler<\/strong>, por su importante labor de investigaci\u00f3n, difusi\u00f3n y conservaci\u00f3n del patrimonio flamenco, desarrollar\u00e1 su programaci\u00f3n entre el 5 de septiembre y el 28 de noviembre, con 35 actuaciones: 21 de cante, ocho de baile y seis de toque y otros instrumentos. Los recitales llegar\u00e1n a otras tantas pe\u00f1as de 30 localidades: Alhaur\u00edn de la Torre, Alhaur\u00edn el Grande, Alm\u00e1char, \u00c1lora, Alozaina, Antequera, Arriate, Benalm\u00e1dena, Campanillas, Campillos, C\u00e1rtama, Cartaojal, Casabermeja, Casarabonela, Co\u00edn, Colmenar, C\u00f3mpeta, Cuevas de San Marcos, El Burgo, Guaro, Humilladero, M\u00e1laga, Manilva, Marbella, Mijas Costa, Mijas Pueblo, Nerja, Sierra de Yeguas, Torrox y V\u00e9lez M\u00e1laga.<\/p>\n<p>En Huelva, el Circuito se celebrar\u00e1 entre el 5 de septiembre y el 21 de noviembre. La programaci\u00f3n contempla 14 actuaciones, 12 de cante, una de baile y una de toque, en otras tantas pe\u00f1as flamencas de 12 localidades: Almonte, Cala\u00f1as, El Campillo, Huelva, Lepe, Moguer, Paterna del Campo, Paymogo, Punta Umbr\u00eda, Santa B\u00e1rbara de las Casas, Valverde del Camino y Villanueva de las Cruces.<\/p>\n<p>Por \u00faltimo, C\u00f3rdoba, dedicado a Antonio Gonz\u00e1lez del Moral, como reconocimiento a su trayectoria y aportaci\u00f3n al flamenco a trav\u00e9s de la fotograf\u00eda y difusi\u00f3n en portales del sector, concentrar\u00e1 su programaci\u00f3n entre el 6 y el 28 de noviembre. El Circuito provincial contar\u00e1 con 30 actuaciones \u201426 de cante, una de baile y tres de toque\u2014 en otras tantas pe\u00f1as de 28 localidades: Adamuz, Aguilar de la Frontera, Albend\u00edn, Baena, B\u00e9lmez, Bujalance, Cabra, Ca\u00f1ete de las Torres, Carcabuey, C\u00f3rdoba, Do\u00f1a Menc\u00eda, El Carpio, Espejo, Fern\u00e1n N\u00fa\u00f1ez, Fuente Palmera, La Carlota, La Guijarrosa, La Rambla, Montemayor, Montilla, Montoro, Moriles, Palma del R\u00edo, Pe\u00f1arroya, Posadas, Pozoblanco, Priego de C\u00f3rdoba y Villaharta.<\/p>\n<p>&nbsp;<\/p>\n","protected":false,"gt_translate_keys":[{"key":"rendered","format":"html"}]},"excerpt":{"rendered":"<p>La mayor\u00eda de los recitales se desarrollar\u00e1n de septiembre a noviembre, coincidiendo con la celebraci\u00f3n del D\u00eda del Flamenco. El ciclo incluye a 470 artistas que reforzar\u00e1n el papel de estas entidades en la promoci\u00f3n del arte jondo.<\/p>\n","protected":false,"gt_translate_keys":[{"key":"rendered","format":"html"}]},"author":5,"featured_media":9562,"comment_status":"open","ping_status":"open","sticky":false,"template":"","format":"standard","meta":{"_acf_changed":false,"pmpro_default_level":"","jnews-multi-image_gallery":[],"jnews_single_post":{"format":"standard","featured_image_fetch_priority_high":"1","override":[{"template":"3","parallax":"1","fullscreen":"1","layout":"right-sidebar-narrow","sidebar":"default-sidebar","main_content_tag":"div","second_sidebar":"default-sidebar","sticky_sidebar":"1","share_position":"top","share_float_style":"share-monocrhome","show_share_counter":"1","show_view_counter":"1","show_featured":"1","show_post_meta":"1","show_post_author":"1","show_post_author_image":"1","show_post_date":"1","post_date_format":"default","post_date_format_custom":"Y\/m\/d","show_post_reading_time":"1","post_reading_time_wpm":"300","post_calculate_word_method":"str_word_count","show_zoom_button":"1","zoom_button_out_step":"2","zoom_button_in_step":"3","show_popup_post":"1","show_comment_section":"1","number_popup_post":"1","show_author_box":"1","show_post_related":"1","show_inline_post_related":"1"}],"image_override":[{"single_post_thumbnail_size":"crop-500","single_post_gallery_size":"crop-500"}],"trending_post_position":"meta","trending_post_label":"Trending","sponsored_post_label":"Sponsored by","disable_ad":"0","subtitle":"La mayor\u00eda de los recitales se desarrollar\u00e1n de septiembre a noviembre, coincidiendo con la celebraci\u00f3n del D\u00eda del Flamenco. El ciclo incluye a 470 artistas que reforzar\u00e1n el papel de estas entidades en la promoci\u00f3n del arte jondo."},"jnews_primary_category":[],"jnews_override_bookmark_settings":{"override_bookmark_button":"0","override_show_bookmark_button":"0"},"jnews_social_meta":[],"jnews_review":[],"enable_review":"","type":"percentage","name":"","summary":"","brand":"","sku":"","good":[],"bad":[],"score_override":"","override_value":"","rating":[],"price":[],"jnews_override_counter":{"view_counter_number":"0","share_counter_number":"0","like_counter_number":"0","dislike_counter_number":"0"},"footnotes":""},"categories":[37,38],"tags":[1365,92,3310,7399],"class_list":["post-9557","post","type-post","status-publish","format-standard","has-post-thumbnail","hentry","category-actualidad","category-en-portada","tag-circuito-andaluz-de-penas","tag-junta-de-andalucia","tag-patricia-del-pozo","tag-penas-flamencas","pmpro-has-access"],"acf":[],"gt_translate_keys":[{"key":"link","format":"url"}],"_links":{"self":[{"href":"https:\/\/expoflamenco.com\/revista\/wp-json\/wp\/v2\/posts\/9557","targetHints":{"allow":["GET"]}}],"collection":[{"href":"https:\/\/expoflamenco.com\/revista\/wp-json\/wp\/v2\/posts"}],"about":[{"href":"https:\/\/expoflamenco.com\/revista\/wp-json\/wp\/v2\/types\/post"}],"author":[{"embeddable":true,"href":"https:\/\/expoflamenco.com\/revista\/wp-json\/wp\/v2\/users\/5"}],"replies":[{"embeddable":true,"href":"https:\/\/expoflamenco.com\/revista\/wp-json\/wp\/v2\/comments?post=9557"}],"version-history":[{"count":2,"href":"https:\/\/expoflamenco.com\/revista\/wp-json\/wp\/v2\/posts\/9557\/revisions"}],"predecessor-version":[{"id":9564,"href":"https:\/\/expoflamenco.com\/revista\/wp-json\/wp\/v2\/posts\/9557\/revisions\/9564"}],"wp:featuredmedia":[{"embeddable":true,"href":"https:\/\/expoflamenco.com\/revista\/wp-json\/wp\/v2\/media\/9562"}],"wp:attachment":[{"href":"https:\/\/expoflamenco.com\/revista\/wp-json\/wp\/v2\/media?parent=9557"}],"wp:term":[{"taxonomy":"category","embeddable":true,"href":"https:\/\/expoflamenco.com\/revista\/wp-json\/wp\/v2\/categories?post=9557"},{"taxonomy":"post_tag","embeddable":true,"href":"https:\/\/expoflamenco.com\/revista\/wp-json\/wp\/v2\/tags?post=9557"}],"curies":[{"name":"wp","href":"https:\/\/api.w.org\/{rel}","templated":true}]}}