{"id":9548,"date":"2026-09-01T10:49:16","date_gmt":"2026-09-01T08:49:16","guid":{"rendered":"https:\/\/expoflamenco.com\/revista\/?p=9548"},"modified":"2026-09-01T10:49:16","modified_gmt":"2026-09-01T08:49:16","slug":"paco-sanchez-una-mirada-sobre-diego-clavel-en-el-tiempo","status":"publish","type":"post","link":"https:\/\/expoflamenco.com\/revista\/paco-sanchez-una-mirada-sobre-diego-clavel-en-el-tiempo\/","title":{"rendered":"Paco S\u00e1nchez: una mirada sobre Diego Clavel en el tiempo","gt_translate_keys":[{"key":"rendered","format":"text"}]},"content":{"rendered":"<p><strong>Paco S\u00e1nchez<\/strong> (Dos Hermanas, 1948) es conocido en el mundo del flamenco, adem\u00e1s de su larga trayectoria period\u00edstica, por poseer un archivo fotogr\u00e1fico casi insondable. Esos riqu\u00edsimos fondos gr\u00e1ficos han alimentado m\u00faltiples cat\u00e1logos y exposiciones, la \u00faltima de las cuales se presenta este martes 1 de septiembre, a las 21.00 horas, en el marco del <strong>LXV Festival de Cante Jondo Antonio Mairena<\/strong>.<\/p>\n<p><strong><em>Diego Clavel, pureza del cante<\/em><\/strong> es el t\u00edtulo de esta muestra, que se adentra en la huella profunda de una de las voces esenciales del cante jondo, y que podr\u00e1 visitarse en el <strong>Patio del Pozo<\/strong> del Centro de Interpretaci\u00f3n del Festival de Cante Jondo Antonio Mairena y la Feria de Abril, en la <a href=\"https:\/\/www.mairenadelalcor.org\/es\/castillodemairena\/conocer-el-nucleo-patrimonial\/casapalacio\/\" target=\"_blank\" rel=\"noopener\">Casa Palacio de los Duques de Arcos<\/a>. A trav\u00e9s de la mirada del fot\u00f3grafo, la muestra rescata la presencia, la memoria y el pulso art\u00edstico del maestro de La Puebla de Cazalla.<\/p>\n<p>\u201cConoc\u00ed a Diego Clavel, cuando trabajaba en la radio\u201d, recuerda Paco S\u00e1nchez, \u201cen la emisora <strong>La Voz del Guadalquivir<\/strong> de Sevilla, donde era locutor. Fui a grabar el prestigioso festival de La Puebla de Cazalla, conocido como Reuni\u00f3n de Cante Jondo, que puso en marcha el pintor y poeta <strong>Francisco Moreno Galv\u00e1n<\/strong>. Yo ten\u00eda ya la afici\u00f3n a la fotograf\u00eda, colaboraba en varios peri\u00f3dicos: <em>Pueblo, Abc, Suroeste<\/em> y otras publicaciones. Era un colaborador freelance. Me llev\u00e9 la c\u00e1mara a La Puebla con la idea de simultanear mis dos pasiones. Hac\u00eda las introducciones de los artistas en la grabaci\u00f3n, a modo de falso directo, y mientras actuaban, cog\u00eda la c\u00e1mara y a ver qu\u00e9 consegu\u00eda\u201d.<\/p>\n<p>&nbsp;<\/p>\n<blockquote><p><em>\u00abCada vez que escuchaba la voz de este hombre me emocionaba m\u00e1s. Hasta que cuando cant\u00f3 por seguiriya, cogi\u00e9ndose la barriga, y casi cay\u00e9ndose de la silla, recib\u00eda una emoci\u00f3n tal que&#8230; Empec\u00e9 a quedar atrapado por el flamenco, en el mejor sentido\u00bb<\/em><\/p><\/blockquote>\n<p>&nbsp;<\/p>\n<p>Compuesta por una treintena de piezas de 50&#215;60, la exposici\u00f3n <em>Diego Clavel, pureza del cante<\/em> abarca un arco temporal que va desde 1975 a 2010. \u201cLas primeras son de La Puebla, l\u00f3gicamente\u201d, se\u00f1ala S\u00e1nchez, \u201cy el resto retratos de diferentes a\u00f1os, para entrevistas y portadas de discos como <em>Encuentro<\/em> o <em>A golpes de coraz\u00f3n<\/em>, as\u00ed como festivales como los de Mairena del Alcor o Bellavista\u201d.<\/p>\n<p>Paco S\u00e1nchez nunca ha olvidado aquella noche en que descubri\u00f3 a un cantaor diferente, alguien que destacaba sobre el resto no solo por su capacidad de transmisi\u00f3n, sino tambi\u00e9n por la potencia de su imagen, que el objetivo de S\u00e1nchez quiso captar. \u201cCaray, cada vez que escuchaba la voz de este hombre me emocionaba m\u00e1s\u201d, a\u00f1ade. \u201cHasta que cuando cant\u00f3 por seguiriya, cogi\u00e9ndose la barriga, y casi cay\u00e9ndose de la silla, recib\u00eda una emoci\u00f3n tal que&#8230; Empec\u00e9 a quedar atrapado por el flamenco, en el mejor sentido\u201d. \u2666<\/p>\n<p>&nbsp;<\/p>\n<p><a href=\"https:\/\/expoflamenco.com\/revista\/wp-content\/uploads\/sites\/46\/2026\/09\/cartel-exposicion-fotografica-de-paco-sanchez-sobre-diego-clavel-en-mairena-alcor-2026.webp\"><img decoding=\"async\" class=\"aligncenter size-full wp-image-9549\" src=\"https:\/\/expoflamenco.com\/revista\/wp-content\/uploads\/sites\/46\/2026\/09\/cartel-exposicion-fotografica-de-paco-sanchez-sobre-diego-clavel-en-mairena-alcor-2026.webp\" alt=\"\" width=\"1333\" height=\"2000\" srcset=\"https:\/\/expoflamenco.com\/revista\/wp-content\/uploads\/sites\/46\/2026\/09\/cartel-exposicion-fotografica-de-paco-sanchez-sobre-diego-clavel-en-mairena-alcor-2026.webp 1333w, https:\/\/expoflamenco.com\/revista\/wp-content\/uploads\/sites\/46\/2026\/09\/cartel-exposicion-fotografica-de-paco-sanchez-sobre-diego-clavel-en-mairena-alcor-2026-200x300.webp 200w, https:\/\/expoflamenco.com\/revista\/wp-content\/uploads\/sites\/46\/2026\/09\/cartel-exposicion-fotografica-de-paco-sanchez-sobre-diego-clavel-en-mairena-alcor-2026-682x1024.webp 682w, https:\/\/expoflamenco.com\/revista\/wp-content\/uploads\/sites\/46\/2026\/09\/cartel-exposicion-fotografica-de-paco-sanchez-sobre-diego-clavel-en-mairena-alcor-2026-768x1152.webp 768w, https:\/\/expoflamenco.com\/revista\/wp-content\/uploads\/sites\/46\/2026\/09\/cartel-exposicion-fotografica-de-paco-sanchez-sobre-diego-clavel-en-mairena-alcor-2026-1024x1536.webp 1024w, https:\/\/expoflamenco.com\/revista\/wp-content\/uploads\/sites\/46\/2026\/09\/cartel-exposicion-fotografica-de-paco-sanchez-sobre-diego-clavel-en-mairena-alcor-2026-750x1125.webp 750w, https:\/\/expoflamenco.com\/revista\/wp-content\/uploads\/sites\/46\/2026\/09\/cartel-exposicion-fotografica-de-paco-sanchez-sobre-diego-clavel-en-mairena-alcor-2026-1140x1710.webp 1140w\" sizes=\"(max-width: 1333px) 100vw, 1333px\" \/><\/a><\/p>\n<p>&nbsp;<\/p>\n","protected":false,"gt_translate_keys":[{"key":"rendered","format":"html"}]},"excerpt":{"rendered":"<p>El fot\u00f3grafo sevillano muestra sus retratos del maestro de La Puebla de Cazalla realizados a lo largo de m\u00e1s de tres d\u00e9cadas en el marco del LXV Festival de Cante Jondo Antonio Mairena.<\/p>\n","protected":false,"gt_translate_keys":[{"key":"rendered","format":"html"}]},"author":13,"featured_media":9550,"comment_status":"open","ping_status":"open","sticky":false,"template":"","format":"standard","meta":{"_acf_changed":false,"pmpro_default_level":"","jnews-multi-image_gallery":[],"jnews_single_post":{"format":"standard","featured_image_fetch_priority_high":"1","override":[{"template":"3","parallax":"1","fullscreen":"1","layout":"right-sidebar-narrow","sidebar":"default-sidebar","main_content_tag":"div","second_sidebar":"default-sidebar","sticky_sidebar":"1","share_position":"top","share_float_style":"share-monocrhome","show_share_counter":"1","show_view_counter":"1","show_featured":"1","show_post_meta":"1","show_post_author":"1","show_post_author_image":"1","show_post_date":"1","post_date_format":"default","post_date_format_custom":"Y\/m\/d","show_post_reading_time":"1","post_reading_time_wpm":"300","post_calculate_word_method":"str_word_count","show_zoom_button":"1","zoom_button_out_step":"2","zoom_button_in_step":"3","show_popup_post":"1","show_comment_section":"1","number_popup_post":"1","show_author_box":"1","show_post_related":"1","show_inline_post_related":"1"}],"image_override":[{"single_post_thumbnail_size":"crop-500","single_post_gallery_size":"crop-500"}],"trending_post_position":"meta","trending_post_label":"Trending","sponsored_post_label":"Sponsored by","disable_ad":"0","subtitle":"El fot\u00f3grafo sevillano muestra sus retratos del maestro de La Puebla de Cazalla realizados a lo largo de m\u00e1s de tres d\u00e9cadas en el marco del LXV Festival de Cante Jondo Antonio Mairena."},"jnews_primary_category":{"id":"37"},"jnews_override_bookmark_settings":{"override_bookmark_button":"0","override_show_bookmark_button":"0"},"jnews_social_meta":[],"jnews_review":[],"enable_review":"","type":"percentage","name":"","summary":"","brand":"","sku":"","good":[],"bad":[],"score_override":"","override_value":"","rating":[],"price":[],"jnews_override_counter":{"view_counter_number":"0","share_counter_number":"0","like_counter_number":"0","dislike_counter_number":"0"},"footnotes":""},"categories":[37,38],"tags":[54,79,7917,1602,7541,7915,7916,7914],"class_list":["post-9548","post","type-post","status-publish","format-standard","has-post-thumbnail","hentry","category-actualidad","category-en-portada","tag-cantaor-flamenco","tag-diego-clavel","tag-diego-clavel-pureza-del-cante","tag-exposicion-fotografica","tag-fotografia-flamenca","tag-fotografo-flamenco","tag-lxv-festival-de-cante-jondo-antonio-mairena","tag-paco-sanchez","pmpro-has-access"],"acf":[],"gt_translate_keys":[{"key":"link","format":"url"}],"_links":{"self":[{"href":"https:\/\/expoflamenco.com\/revista\/wp-json\/wp\/v2\/posts\/9548","targetHints":{"allow":["GET"]}}],"collection":[{"href":"https:\/\/expoflamenco.com\/revista\/wp-json\/wp\/v2\/posts"}],"about":[{"href":"https:\/\/expoflamenco.com\/revista\/wp-json\/wp\/v2\/types\/post"}],"author":[{"embeddable":true,"href":"https:\/\/expoflamenco.com\/revista\/wp-json\/wp\/v2\/users\/13"}],"replies":[{"embeddable":true,"href":"https:\/\/expoflamenco.com\/revista\/wp-json\/wp\/v2\/comments?post=9548"}],"version-history":[{"count":1,"href":"https:\/\/expoflamenco.com\/revista\/wp-json\/wp\/v2\/posts\/9548\/revisions"}],"predecessor-version":[{"id":9551,"href":"https:\/\/expoflamenco.com\/revista\/wp-json\/wp\/v2\/posts\/9548\/revisions\/9551"}],"wp:featuredmedia":[{"embeddable":true,"href":"https:\/\/expoflamenco.com\/revista\/wp-json\/wp\/v2\/media\/9550"}],"wp:attachment":[{"href":"https:\/\/expoflamenco.com\/revista\/wp-json\/wp\/v2\/media?parent=9548"}],"wp:term":[{"taxonomy":"category","embeddable":true,"href":"https:\/\/expoflamenco.com\/revista\/wp-json\/wp\/v2\/categories?post=9548"},{"taxonomy":"post_tag","embeddable":true,"href":"https:\/\/expoflamenco.com\/revista\/wp-json\/wp\/v2\/tags?post=9548"}],"curies":[{"name":"wp","href":"https:\/\/api.w.org\/{rel}","templated":true}]}}