{"id":9522,"date":"2026-08-31T13:25:06","date_gmt":"2026-08-31T11:25:06","guid":{"rendered":"https:\/\/expoflamenco.com\/revista\/?p=9522"},"modified":"2026-08-31T13:25:06","modified_gmt":"2026-08-31T11:25:06","slug":"flamenco-on-fire-mucho-mas-que-balcones-en-el-primer-ano-sin-pepe-habichuela","status":"publish","type":"post","link":"https:\/\/expoflamenco.com\/revista\/flamenco-on-fire-mucho-mas-que-balcones-en-el-primer-ano-sin-pepe-habichuela\/","title":{"rendered":"Flamenco On Fire: mucho m\u00e1s que balcones en el primer a\u00f1o sin Pepe Habichuela","gt_translate_keys":[{"key":"rendered","format":"text"}]},"content":{"rendered":"<p class=\"s8\"><span class=\"s6\">Pamplona es acogedora en s\u00ed. Su gente es amable, educada, agradecida y apuesta por la cultura. El <\/span><a href=\"https:\/\/www.flamencoonfire.com\/\" target=\"_blank\" rel=\"noopener\"><span class=\"s7\">Festival Flamenco On Fire<\/span><\/a><span class=\"s6\">, que este a\u00f1o ha cumplido sus temidos trece a\u00f1os, por aquello de la mala suerte, ha servido para nuevamente comprobarlo. El p\u00fablico ha asistido en masa a las actividades, tanto a las de entrada libre como a las de previo pago. Cuando son de libre acceso, ocupan el suelo, cualquier rinc\u00f3n, se sientan como pueden, pero nunca dan las quejas ni se alteran. Aplauden y ovacionan al artista protagonista. <\/span><\/p>\n<p class=\"s8\"><span class=\"s6\">Ya escrib\u00ed en a\u00f1os anteriores que cualquier aficionado que pudiera deber\u00eda asistir a este encuentro, vivirlo con total improvisaci\u00f3n. La programaci\u00f3n, principalmente en Pamplona, pues todo comenz\u00f3 en Viana con <\/span><span class=\"s7\"><strong>Mayte Mart\u00edn<\/strong> y <strong>Jos\u00e9 G\u00e1lvez<\/strong><\/span><span class=\"s6\">, el 21 de agosto, y en Estella-Lizarra al d\u00eda siguiente con <\/span><span class=\"s7\"><strong>David de Arahal, Sandra Carrasco<\/strong> y <strong>Ana Morales<\/strong>, <\/span><span class=\"s6\">est\u00e1 ajustada a un estudio previo para que sea accesible y compartida. <\/span><\/p>\n<p class=\"s8\"><span class=\"s6\"><strong>Los balcones<\/strong> son los grandes iconos, como lo fue <\/span><strong><span class=\"s7\">Pepe Habichuela<\/span><\/strong><span class=\"s6\">, el gran ausente de la edici\u00f3n. Pepe estaba siempre, en los escenarios o tomando algo, por las calles paseando con <strong>Amparo<\/strong> o <strong>Gamboa<\/strong>, levantando la bandera continuamente del saber estar. Se le ha mencionado en numerosos momentos y, como ha advertido <strong>Arturo<\/strong>, director del festival, \u201cya habr\u00e1 tiempo para rendirle el homenaje que merece\u201d. <\/span><\/p>\n<p class=\"s8\"><span class=\"s6\">La tem\u00e1tica de este a\u00f1o giraba en torno a la <\/span><strong><em><span class=\"s9\">Cadencia Andaluza<\/span><\/em><\/strong><span class=\"s6\">, que nos lleva a las notas de sole\u00e1, seguiriya<\/span><span class=\"s6\"> o el fandango, en una \u00e9poca relativa a la \u00d3pera Flamenca, coincidiendo pues con el centenario de la novela <\/span><em><span class=\"s9\">Fiesta<\/span><\/em><span class=\"s6\"> de <strong>Hemingway<\/strong>, imagen oficial del cartel de esta edici\u00f3n. La guitarra, entonces, ha tenido una gran presencia con conciertos de extraordinario nivel como el de <\/span><strong><span class=\"s7\">Yerai Cort\u00e9s<\/span><\/strong><span class=\"s6\">, en el gran escenario de Baluarte. Por ah\u00ed han pasado <\/span><strong><span class=\"s7\">Jos\u00e9 Merc\u00e9, Manuel Li\u00f1\u00e1n<\/span><\/strong><span class=\"s6\"> y el mencionado guitarrista, los tres colgando el cartel de \u2018no hay billetes\u2019. El jerezano cant\u00f3 a su paisano <strong>Manuel Alejandro<\/strong>, Li\u00f1\u00e1n hizo llorar nuevamente con <em>Muerta de amor<\/em>, y Yerai, en solitario, dio un repaso a sus \u00faltimas creaciones, con un p\u00fablico aparentemente de mediana edad. <\/span><\/p>\n<p class=\"s8\"><span class=\"s6\">Hay un lugar, <strong>Sala Zentral<\/strong>, que acoge las propuestas m\u00e1s alejadas del flamenco, o que tienen un envoltorio musical m\u00e1s novedoso, contempor\u00e1neo, lo que convence a otro tipo de p\u00fablicos. <strong>La Tremendita<\/strong> fue una de las que estuvieron aqu\u00ed, con su <em>Tr\u00e1nsito<\/em>, as\u00ed como el conjunto <strong>Cervatana<\/strong>, que se acerca a lo electr\u00f3nico, a nuevos ritmos, a singulares letras que nada tienen que ver con lo que cantaron los cl\u00e1sicos.<\/span><\/p>\n<p>&nbsp;<\/p>\n<blockquote><p><em><span class=\"s6\">\u00abTodo esto y mucho m\u00e1s es Flamenco On Fire. Son los desayunos en el Hotel Tres Reyes, donde coincidimos todos. Son los buenos de <\/span><span class=\"s7\">Pescao y Crist\u00f3<\/span><span class=\"s7\">bal Santiago<\/span><span class=\"s6\"> de <\/span><span class=\"s6\">un lado para otro para tocar las palmas, acompa\u00f1ar con guitarra o incluso echar un bailecito. Es el trato a la prensa de la organizaci\u00f3n\u2026 Es un festival \u00fanico\u00bb<\/span><\/em><\/p><\/blockquote>\n<p>&nbsp;<\/p>\n<figure id=\"attachment_9534\" aria-describedby=\"caption-attachment-9534\" style=\"width: 1500px\" class=\"wp-caption aligncenter\"><a href=\"https:\/\/expoflamenco.com\/revista\/wp-content\/uploads\/sites\/46\/2026\/08\/Morenito-de-Illora-en-el-balcon-del-Hotel-La-Perla.jpg\"><img decoding=\"async\" class=\"size-full wp-image-9534\" src=\"https:\/\/expoflamenco.com\/revista\/wp-content\/uploads\/sites\/46\/2026\/08\/Morenito-de-Illora-en-el-balcon-del-Hotel-La-Perla.jpg\" alt=\"Morenito de I\u0301llora en el balco\u0301n del Hotel La Perla\" width=\"1500\" height=\"1000\" srcset=\"https:\/\/expoflamenco.com\/revista\/wp-content\/uploads\/sites\/46\/2026\/08\/Morenito-de-Illora-en-el-balcon-del-Hotel-La-Perla.jpg 1500w, https:\/\/expoflamenco.com\/revista\/wp-content\/uploads\/sites\/46\/2026\/08\/Morenito-de-Illora-en-el-balcon-del-Hotel-La-Perla-300x200.jpg 300w, https:\/\/expoflamenco.com\/revista\/wp-content\/uploads\/sites\/46\/2026\/08\/Morenito-de-Illora-en-el-balcon-del-Hotel-La-Perla-1024x683.jpg 1024w, https:\/\/expoflamenco.com\/revista\/wp-content\/uploads\/sites\/46\/2026\/08\/Morenito-de-Illora-en-el-balcon-del-Hotel-La-Perla-768x512.jpg 768w, https:\/\/expoflamenco.com\/revista\/wp-content\/uploads\/sites\/46\/2026\/08\/Morenito-de-Illora-en-el-balcon-del-Hotel-La-Perla-750x500.jpg 750w, https:\/\/expoflamenco.com\/revista\/wp-content\/uploads\/sites\/46\/2026\/08\/Morenito-de-Illora-en-el-balcon-del-Hotel-La-Perla-1140x760.jpg 1140w\" sizes=\"(max-width: 1500px) 100vw, 1500px\" \/><\/a><figcaption id=\"caption-attachment-9534\" class=\"wp-caption-text\">Morenito de I\u0301llora en el balco\u0301n del Hotel La Perla. Foto: FOF<\/figcaption><\/figure>\n<p>&nbsp;<\/p>\n<p class=\"s8\"><span class=\"s6\">Uno de los espacios m\u00e1s interesantes es el <strong>Escenario Sabicas<\/strong>. Ah\u00ed en Civivox Condestable, la guitarra se convierte en epicentro ante un numeroso, formato distendido, puertas abiertas, siempre con aforo completo. Hemos podido disfrutar esta edici\u00f3n de <\/span><span class=\"s7\"><strong>Felipe<\/strong> y <strong>Jer\u00f3nimo Maya<\/strong><\/span><span class=\"s6\">, entra\u00f1able abrazo generacional<\/span><span class=\"s6\"> entre padre e hijo<\/span><span class=\"s6\">, <\/span><strong><span class=\"s7\">Joselito Acedo<\/span><\/strong><span class=\"s6\">, trian\u00edsimo y personal, y <\/span><strong><span class=\"s7\">Alejandro Hurtado<\/span><\/strong><span class=\"s6\">, selecto y creativo. <\/span><\/p>\n<p class=\"s8\"><span class=\"s6\">El <strong>Tablao del Hotel Tres Reyes<\/strong> es el lugar para la noche, ya con una copa, esperando a la madrugada. Por ah\u00ed han pasado artistas como <\/span><span class=\"s7\"><strong>El Grana\u00edno<\/strong> y <strong>El Pele<\/strong><\/span><span class=\"s6\">, plenos ambos de facultades y conexi\u00f3n, y el baile de <\/span><span class=\"s7\"><strong>\u00c1gueda Saavedra<\/strong> y <strong>Paloma Fantova<\/strong><\/span><span class=\"s6\">, estilizado y racial, respectivamente, pero con mensaje empoderado. <\/span><\/p>\n<p class=\"s8\"><span class=\"s6\">Media hora suelen durar las apariciones de los artistas en los balcones, el tiempo justo de que no te duela el cuello mirando hacia arriba y el calor no se convierta en insoportable, porque aunque estemos en el norte las temperaturas tambi\u00e9n aprietan a mediod\u00eda. Adem\u00e1s de El Pele, Gran<\/span><span class=\"s6\">a<\/span><span class=\"s6\">\u00edno o Jos\u00e9 Merc\u00e9, desde el del Ayuntamiento, el del Chupinazo, por el del <strong>Hotel La Perla<\/strong> han pasado <\/span><span class=\"s7\"><strong>Morenito de \u00cdllora, Carmen Carmona<\/strong> y <strong>Miguel \u00c1ngel Heredia<\/strong>.<\/span><span class=\"s6\"> Los tres recibieron grandes ovaciones. La noche inicial en Pamplona, desde el de la comunidad Navarra, <strong>Felipe Maya<\/strong> ofreci\u00f3 un concierto de much\u00edsimo nivel, que supuso la vuelta de un cl\u00e1sico. <\/span><\/p>\n<p class=\"s8\"><span class=\"s6\">Otra de las actividades destacadas este a\u00f1o, en formato concierto, fue el encuentro entre <\/span><strong><span class=\"s7\">Rafael Riqueni, Tim Ries y Ana Moura<\/span><\/strong><span class=\"s6\">, con <\/span><em><span class=\"s7\">Tres Orillas<\/span><\/em><span class=\"s6\">, una conversaci\u00f3n sonora entre el flamenco, el jazz y el fado portugu\u00e9s, bajo la producci\u00f3n del Flamenco On Fire, en el precioso <strong>Teatro Gayarre<\/strong>. Escuchar a Riqueni es subir al cielo. Como result\u00f3 de lo m\u00e1s emotivo el homenaje a <strong>El Encierro<\/strong>, esto es, desde el patio de caballos de la <strong>Plaza de Toros de Pamplona<\/strong>, el festival rindi\u00f3 honores p\u00fablicamente a <strong>Casa de Misericordia<\/strong>, que gestiona la plaza y la fiesta, as\u00ed como <\/span><span class=\"s6\">lidera <\/span><span class=\"s6\">toda<\/span><span class=\"s6\"> la obra social que hay detr\u00e1s, pensando siempre en los mayores de Pamplona. Fue <strong>Juan Diego Mateos<\/strong> el encargado de ofrecer, en primicia, algunos t\u00edtulos de su nuevo disco, <\/span><em><span class=\"s10\">Oriundo<\/span><\/em><span class=\"s6\">. El jerezano dej\u00f3 un grand\u00edsimo sabor de boca, fue sutil, elegante e infalible. <\/span><\/p>\n<p class=\"s8\"><span class=\"s6\">Otras actividades destacables fueron la entrega del Galard\u00f3n de la edici\u00f3n a <\/span><span class=\"s7\"><strong>Tere Pe\u00f1a, Ferm\u00edn Lobat\u00f3n<\/strong> y <strong>Elvira L\u00f3pez Hidalgo<\/strong><\/span><span class=\"s6\">, con sus emocionantes palabras de agradecimiento, o la cata de <\/span><strong><span class=\"s7\">Jos\u00e9 Mar\u00eda Casta\u00f1o<\/span><\/strong><span class=\"s6\"> hermanando la Cadencia Andaluza y los vinos de Jerez. <\/span><\/p>\n<p class=\"s8\"><span class=\"s6\">Todo esto y mucho m\u00e1s es Flamenco On Fire. Son los desayunos en el Hotel Tres Reyes, donde coincidimos todos. Son los buenos de <\/span><span class=\"s7\">Pescao y Crist\u00f3<\/span><span class=\"s7\">bal Santiago<\/span><span class=\"s6\"> de <\/span><span class=\"s6\">un lado para otro para tocar las palmas, acompa\u00f1ar con guitarra o incluso echar un bailecito. Es el trato a la prensa de la organizaci\u00f3n\u2026 Es un festival \u00fanico<\/span><span class=\"s6\">. \u2666<\/span><\/p>\n<p>&nbsp;<\/p>\n<figure id=\"attachment_9525\" aria-describedby=\"caption-attachment-9525\" style=\"width: 2048px\" class=\"wp-caption aligncenter\"><a href=\"https:\/\/expoflamenco.com\/revista\/wp-content\/uploads\/sites\/46\/2026\/08\/Agueda-Saavedra-en-Tablao-del-Hotel-Tres-Reyes.jpg\"><img decoding=\"async\" class=\"size-full wp-image-9525\" src=\"https:\/\/expoflamenco.com\/revista\/wp-content\/uploads\/sites\/46\/2026\/08\/Agueda-Saavedra-en-Tablao-del-Hotel-Tres-Reyes.jpg\" alt=\"A\u0301gueda Saavedra, en Tablao del Hotel Tres Reyes. Foto: FOF\" width=\"2048\" height=\"1365\" srcset=\"https:\/\/expoflamenco.com\/revista\/wp-content\/uploads\/sites\/46\/2026\/08\/Agueda-Saavedra-en-Tablao-del-Hotel-Tres-Reyes.jpg 2048w, https:\/\/expoflamenco.com\/revista\/wp-content\/uploads\/sites\/46\/2026\/08\/Agueda-Saavedra-en-Tablao-del-Hotel-Tres-Reyes-300x200.jpg 300w, https:\/\/expoflamenco.com\/revista\/wp-content\/uploads\/sites\/46\/2026\/08\/Agueda-Saavedra-en-Tablao-del-Hotel-Tres-Reyes-1024x683.jpg 1024w, https:\/\/expoflamenco.com\/revista\/wp-content\/uploads\/sites\/46\/2026\/08\/Agueda-Saavedra-en-Tablao-del-Hotel-Tres-Reyes-768x512.jpg 768w, https:\/\/expoflamenco.com\/revista\/wp-content\/uploads\/sites\/46\/2026\/08\/Agueda-Saavedra-en-Tablao-del-Hotel-Tres-Reyes-1536x1024.jpg 1536w, https:\/\/expoflamenco.com\/revista\/wp-content\/uploads\/sites\/46\/2026\/08\/Agueda-Saavedra-en-Tablao-del-Hotel-Tres-Reyes-750x500.jpg 750w, https:\/\/expoflamenco.com\/revista\/wp-content\/uploads\/sites\/46\/2026\/08\/Agueda-Saavedra-en-Tablao-del-Hotel-Tres-Reyes-1140x760.jpg 1140w\" sizes=\"(max-width: 2048px) 100vw, 2048px\" \/><\/a><figcaption id=\"caption-attachment-9525\" class=\"wp-caption-text\">A\u0301gueda Saavedra, en Tablao del Hotel Tres Reyes. Foto: FOF<\/figcaption><\/figure>\n<figure id=\"attachment_9526\" aria-describedby=\"caption-attachment-9526\" style=\"width: 1500px\" class=\"wp-caption aligncenter\"><a href=\"https:\/\/expoflamenco.com\/revista\/wp-content\/uploads\/sites\/46\/2026\/08\/Carmen-Carmona-antes-de-su-salida-al-balcon.jpg\"><img decoding=\"async\" class=\"size-full wp-image-9526\" src=\"https:\/\/expoflamenco.com\/revista\/wp-content\/uploads\/sites\/46\/2026\/08\/Carmen-Carmona-antes-de-su-salida-al-balcon.jpg\" alt=\"Carmen Carmona, antes de su salida al balco\u0301n\" width=\"1500\" height=\"1000\" srcset=\"https:\/\/expoflamenco.com\/revista\/wp-content\/uploads\/sites\/46\/2026\/08\/Carmen-Carmona-antes-de-su-salida-al-balcon.jpg 1500w, https:\/\/expoflamenco.com\/revista\/wp-content\/uploads\/sites\/46\/2026\/08\/Carmen-Carmona-antes-de-su-salida-al-balcon-300x200.jpg 300w, https:\/\/expoflamenco.com\/revista\/wp-content\/uploads\/sites\/46\/2026\/08\/Carmen-Carmona-antes-de-su-salida-al-balcon-1024x683.jpg 1024w, https:\/\/expoflamenco.com\/revista\/wp-content\/uploads\/sites\/46\/2026\/08\/Carmen-Carmona-antes-de-su-salida-al-balcon-768x512.jpg 768w, https:\/\/expoflamenco.com\/revista\/wp-content\/uploads\/sites\/46\/2026\/08\/Carmen-Carmona-antes-de-su-salida-al-balcon-750x500.jpg 750w, https:\/\/expoflamenco.com\/revista\/wp-content\/uploads\/sites\/46\/2026\/08\/Carmen-Carmona-antes-de-su-salida-al-balcon-1140x760.jpg 1140w\" sizes=\"(max-width: 1500px) 100vw, 1500px\" \/><\/a><figcaption id=\"caption-attachment-9526\" class=\"wp-caption-text\">Carmen Carmona, antes de su salida al balco\u0301n. Foto: FOF<\/figcaption><\/figure>\n<figure id=\"attachment_9527\" aria-describedby=\"caption-attachment-9527\" style=\"width: 2048px\" class=\"wp-caption aligncenter\"><a href=\"https:\/\/expoflamenco.com\/revista\/wp-content\/uploads\/sites\/46\/2026\/08\/Cervatana-musica-electronica-para-nuevos-publicos.jpg\"><img decoding=\"async\" class=\"size-full wp-image-9527\" src=\"https:\/\/expoflamenco.com\/revista\/wp-content\/uploads\/sites\/46\/2026\/08\/Cervatana-musica-electronica-para-nuevos-publicos.jpg\" alt=\"Cervatana, mu\u0301sica electro\u0301nica para nuevos pu\u0301blicos. Foto: FOF\" width=\"2048\" height=\"1365\" srcset=\"https:\/\/expoflamenco.com\/revista\/wp-content\/uploads\/sites\/46\/2026\/08\/Cervatana-musica-electronica-para-nuevos-publicos.jpg 2048w, https:\/\/expoflamenco.com\/revista\/wp-content\/uploads\/sites\/46\/2026\/08\/Cervatana-musica-electronica-para-nuevos-publicos-300x200.jpg 300w, https:\/\/expoflamenco.com\/revista\/wp-content\/uploads\/sites\/46\/2026\/08\/Cervatana-musica-electronica-para-nuevos-publicos-1024x683.jpg 1024w, https:\/\/expoflamenco.com\/revista\/wp-content\/uploads\/sites\/46\/2026\/08\/Cervatana-musica-electronica-para-nuevos-publicos-768x512.jpg 768w, https:\/\/expoflamenco.com\/revista\/wp-content\/uploads\/sites\/46\/2026\/08\/Cervatana-musica-electronica-para-nuevos-publicos-1536x1024.jpg 1536w, https:\/\/expoflamenco.com\/revista\/wp-content\/uploads\/sites\/46\/2026\/08\/Cervatana-musica-electronica-para-nuevos-publicos-750x500.jpg 750w, https:\/\/expoflamenco.com\/revista\/wp-content\/uploads\/sites\/46\/2026\/08\/Cervatana-musica-electronica-para-nuevos-publicos-1140x760.jpg 1140w\" sizes=\"(max-width: 2048px) 100vw, 2048px\" \/><\/a><figcaption id=\"caption-attachment-9527\" class=\"wp-caption-text\">Cervatana, mu\u0301sica electro\u0301nica para nuevos pu\u0301blicos. Foto: FOF<\/figcaption><\/figure>\n<figure id=\"attachment_9528\" aria-describedby=\"caption-attachment-9528\" style=\"width: 1500px\" class=\"wp-caption aligncenter\"><a href=\"https:\/\/expoflamenco.com\/revista\/wp-content\/uploads\/sites\/46\/2026\/08\/El-Pele-y-Nino-Seve-desde-el-Balcon-del-Ayuntamiento-de-Pamplona.jpg\"><img decoding=\"async\" class=\"size-full wp-image-9528\" src=\"https:\/\/expoflamenco.com\/revista\/wp-content\/uploads\/sites\/46\/2026\/08\/El-Pele-y-Nino-Seve-desde-el-Balcon-del-Ayuntamiento-de-Pamplona.jpg\" alt=\"El Pele y Nin\u0303o Seve desde el Balco\u0301n del Ayuntamiento de Pamplona. Foto: FOF\" width=\"1500\" height=\"1000\" srcset=\"https:\/\/expoflamenco.com\/revista\/wp-content\/uploads\/sites\/46\/2026\/08\/El-Pele-y-Nino-Seve-desde-el-Balcon-del-Ayuntamiento-de-Pamplona.jpg 1500w, https:\/\/expoflamenco.com\/revista\/wp-content\/uploads\/sites\/46\/2026\/08\/El-Pele-y-Nino-Seve-desde-el-Balcon-del-Ayuntamiento-de-Pamplona-300x200.jpg 300w, https:\/\/expoflamenco.com\/revista\/wp-content\/uploads\/sites\/46\/2026\/08\/El-Pele-y-Nino-Seve-desde-el-Balcon-del-Ayuntamiento-de-Pamplona-1024x683.jpg 1024w, https:\/\/expoflamenco.com\/revista\/wp-content\/uploads\/sites\/46\/2026\/08\/El-Pele-y-Nino-Seve-desde-el-Balcon-del-Ayuntamiento-de-Pamplona-768x512.jpg 768w, https:\/\/expoflamenco.com\/revista\/wp-content\/uploads\/sites\/46\/2026\/08\/El-Pele-y-Nino-Seve-desde-el-Balcon-del-Ayuntamiento-de-Pamplona-750x500.jpg 750w, https:\/\/expoflamenco.com\/revista\/wp-content\/uploads\/sites\/46\/2026\/08\/El-Pele-y-Nino-Seve-desde-el-Balcon-del-Ayuntamiento-de-Pamplona-1140x760.jpg 1140w\" sizes=\"(max-width: 1500px) 100vw, 1500px\" \/><\/a><figcaption id=\"caption-attachment-9528\" class=\"wp-caption-text\">El Pele y Nin\u0303o Seve desde el Balco\u0301n del Ayuntamiento de Pamplona. Foto: FOF<\/figcaption><\/figure>\n<figure id=\"attachment_9529\" aria-describedby=\"caption-attachment-9529\" style=\"width: 2048px\" class=\"wp-caption aligncenter\"><a href=\"https:\/\/expoflamenco.com\/revista\/wp-content\/uploads\/sites\/46\/2026\/08\/Felipe-Maya-y-Jeronimo-Maya-abrazo-paternofilial-en-la-guitarra.jpg\"><img decoding=\"async\" class=\"size-full wp-image-9529\" src=\"https:\/\/expoflamenco.com\/revista\/wp-content\/uploads\/sites\/46\/2026\/08\/Felipe-Maya-y-Jeronimo-Maya-abrazo-paternofilial-en-la-guitarra.jpg\" alt=\"Felipe Maya y Jero\u0301nimo Maya, abrazo paternofilial en la guitarra. Foto: FOF\" width=\"2048\" height=\"1365\" srcset=\"https:\/\/expoflamenco.com\/revista\/wp-content\/uploads\/sites\/46\/2026\/08\/Felipe-Maya-y-Jeronimo-Maya-abrazo-paternofilial-en-la-guitarra.jpg 2048w, https:\/\/expoflamenco.com\/revista\/wp-content\/uploads\/sites\/46\/2026\/08\/Felipe-Maya-y-Jeronimo-Maya-abrazo-paternofilial-en-la-guitarra-300x200.jpg 300w, https:\/\/expoflamenco.com\/revista\/wp-content\/uploads\/sites\/46\/2026\/08\/Felipe-Maya-y-Jeronimo-Maya-abrazo-paternofilial-en-la-guitarra-1024x683.jpg 1024w, https:\/\/expoflamenco.com\/revista\/wp-content\/uploads\/sites\/46\/2026\/08\/Felipe-Maya-y-Jeronimo-Maya-abrazo-paternofilial-en-la-guitarra-768x512.jpg 768w, https:\/\/expoflamenco.com\/revista\/wp-content\/uploads\/sites\/46\/2026\/08\/Felipe-Maya-y-Jeronimo-Maya-abrazo-paternofilial-en-la-guitarra-1536x1024.jpg 1536w, https:\/\/expoflamenco.com\/revista\/wp-content\/uploads\/sites\/46\/2026\/08\/Felipe-Maya-y-Jeronimo-Maya-abrazo-paternofilial-en-la-guitarra-750x500.jpg 750w, https:\/\/expoflamenco.com\/revista\/wp-content\/uploads\/sites\/46\/2026\/08\/Felipe-Maya-y-Jeronimo-Maya-abrazo-paternofilial-en-la-guitarra-1140x760.jpg 1140w\" sizes=\"(max-width: 2048px) 100vw, 2048px\" \/><\/a><figcaption id=\"caption-attachment-9529\" class=\"wp-caption-text\">Felipe Maya y Jero\u0301nimo Maya, abrazo paternofilial en la guitarra. Foto: FOF<\/figcaption><\/figure>\n<figure id=\"attachment_9530\" aria-describedby=\"caption-attachment-9530\" style=\"width: 2048px\" class=\"wp-caption aligncenter\"><a href=\"https:\/\/expoflamenco.com\/revista\/wp-content\/uploads\/sites\/46\/2026\/08\/Joselito-Acedo-en-Escenario-Sabicas.jpg\"><img decoding=\"async\" class=\"size-full wp-image-9530\" src=\"https:\/\/expoflamenco.com\/revista\/wp-content\/uploads\/sites\/46\/2026\/08\/Joselito-Acedo-en-Escenario-Sabicas.jpg\" alt=\"Joselito Acedo, en Escenario Sabicas. Foto: FOF\" width=\"2048\" height=\"1366\" srcset=\"https:\/\/expoflamenco.com\/revista\/wp-content\/uploads\/sites\/46\/2026\/08\/Joselito-Acedo-en-Escenario-Sabicas.jpg 2048w, https:\/\/expoflamenco.com\/revista\/wp-content\/uploads\/sites\/46\/2026\/08\/Joselito-Acedo-en-Escenario-Sabicas-300x200.jpg 300w, https:\/\/expoflamenco.com\/revista\/wp-content\/uploads\/sites\/46\/2026\/08\/Joselito-Acedo-en-Escenario-Sabicas-1024x683.jpg 1024w, https:\/\/expoflamenco.com\/revista\/wp-content\/uploads\/sites\/46\/2026\/08\/Joselito-Acedo-en-Escenario-Sabicas-768x512.jpg 768w, https:\/\/expoflamenco.com\/revista\/wp-content\/uploads\/sites\/46\/2026\/08\/Joselito-Acedo-en-Escenario-Sabicas-1536x1025.jpg 1536w, https:\/\/expoflamenco.com\/revista\/wp-content\/uploads\/sites\/46\/2026\/08\/Joselito-Acedo-en-Escenario-Sabicas-750x500.jpg 750w, https:\/\/expoflamenco.com\/revista\/wp-content\/uploads\/sites\/46\/2026\/08\/Joselito-Acedo-en-Escenario-Sabicas-1140x760.jpg 1140w\" sizes=\"(max-width: 2048px) 100vw, 2048px\" \/><\/a><figcaption id=\"caption-attachment-9530\" class=\"wp-caption-text\">Joselito Acedo, en Escenario Sabicas. Foto: FOF<\/figcaption><\/figure>\n<figure id=\"attachment_9531\" aria-describedby=\"caption-attachment-9531\" style=\"width: 2048px\" class=\"wp-caption aligncenter\"><a href=\"https:\/\/expoflamenco.com\/revista\/wp-content\/uploads\/sites\/46\/2026\/08\/Juan-Diego-Mateos-actuo-en-el-Patio-de-Caballos-de-la-Plaza-de-Toros-de-Pamplona.jpg\"><img decoding=\"async\" class=\"size-full wp-image-9531\" src=\"https:\/\/expoflamenco.com\/revista\/wp-content\/uploads\/sites\/46\/2026\/08\/Juan-Diego-Mateos-actuo-en-el-Patio-de-Caballos-de-la-Plaza-de-Toros-de-Pamplona.jpg\" alt=\"Juan Diego Mateos actuo\u0301 en el Patio de Caballos de la Plaza de Toros de Pamplona. Foto: FOF\" width=\"2048\" height=\"1366\" srcset=\"https:\/\/expoflamenco.com\/revista\/wp-content\/uploads\/sites\/46\/2026\/08\/Juan-Diego-Mateos-actuo-en-el-Patio-de-Caballos-de-la-Plaza-de-Toros-de-Pamplona.jpg 2048w, https:\/\/expoflamenco.com\/revista\/wp-content\/uploads\/sites\/46\/2026\/08\/Juan-Diego-Mateos-actuo-en-el-Patio-de-Caballos-de-la-Plaza-de-Toros-de-Pamplona-300x200.jpg 300w, https:\/\/expoflamenco.com\/revista\/wp-content\/uploads\/sites\/46\/2026\/08\/Juan-Diego-Mateos-actuo-en-el-Patio-de-Caballos-de-la-Plaza-de-Toros-de-Pamplona-1024x683.jpg 1024w, https:\/\/expoflamenco.com\/revista\/wp-content\/uploads\/sites\/46\/2026\/08\/Juan-Diego-Mateos-actuo-en-el-Patio-de-Caballos-de-la-Plaza-de-Toros-de-Pamplona-768x512.jpg 768w, https:\/\/expoflamenco.com\/revista\/wp-content\/uploads\/sites\/46\/2026\/08\/Juan-Diego-Mateos-actuo-en-el-Patio-de-Caballos-de-la-Plaza-de-Toros-de-Pamplona-1536x1025.jpg 1536w, https:\/\/expoflamenco.com\/revista\/wp-content\/uploads\/sites\/46\/2026\/08\/Juan-Diego-Mateos-actuo-en-el-Patio-de-Caballos-de-la-Plaza-de-Toros-de-Pamplona-750x500.jpg 750w, https:\/\/expoflamenco.com\/revista\/wp-content\/uploads\/sites\/46\/2026\/08\/Juan-Diego-Mateos-actuo-en-el-Patio-de-Caballos-de-la-Plaza-de-Toros-de-Pamplona-1140x760.jpg 1140w\" sizes=\"(max-width: 2048px) 100vw, 2048px\" \/><\/a><figcaption id=\"caption-attachment-9531\" class=\"wp-caption-text\">Juan Diego Mateos actuo\u0301 en el Patio de Caballos de la Plaza de Toros de Pamplona. Foto: FOF<\/figcaption><\/figure>\n<figure id=\"attachment_9532\" aria-describedby=\"caption-attachment-9532\" style=\"width: 2048px\" class=\"wp-caption aligncenter\"><a href=\"https:\/\/expoflamenco.com\/revista\/wp-content\/uploads\/sites\/46\/2026\/08\/Mayte-Martin-y-Jose-Galvez-inaugurando-la-edicion-en-Viana.jpg\"><img decoding=\"async\" class=\"size-full wp-image-9532\" src=\"https:\/\/expoflamenco.com\/revista\/wp-content\/uploads\/sites\/46\/2026\/08\/Mayte-Martin-y-Jose-Galvez-inaugurando-la-edicion-en-Viana.jpg\" alt=\"Mayte Marti\u0301n y Jose\u0301 Ga\u0301lvez, inaugurando la edicio\u0301n en Viana. Foto: FOF\" width=\"2048\" height=\"1365\" srcset=\"https:\/\/expoflamenco.com\/revista\/wp-content\/uploads\/sites\/46\/2026\/08\/Mayte-Martin-y-Jose-Galvez-inaugurando-la-edicion-en-Viana.jpg 2048w, https:\/\/expoflamenco.com\/revista\/wp-content\/uploads\/sites\/46\/2026\/08\/Mayte-Martin-y-Jose-Galvez-inaugurando-la-edicion-en-Viana-300x200.jpg 300w, https:\/\/expoflamenco.com\/revista\/wp-content\/uploads\/sites\/46\/2026\/08\/Mayte-Martin-y-Jose-Galvez-inaugurando-la-edicion-en-Viana-1024x683.jpg 1024w, https:\/\/expoflamenco.com\/revista\/wp-content\/uploads\/sites\/46\/2026\/08\/Mayte-Martin-y-Jose-Galvez-inaugurando-la-edicion-en-Viana-768x512.jpg 768w, https:\/\/expoflamenco.com\/revista\/wp-content\/uploads\/sites\/46\/2026\/08\/Mayte-Martin-y-Jose-Galvez-inaugurando-la-edicion-en-Viana-1536x1024.jpg 1536w, https:\/\/expoflamenco.com\/revista\/wp-content\/uploads\/sites\/46\/2026\/08\/Mayte-Martin-y-Jose-Galvez-inaugurando-la-edicion-en-Viana-750x500.jpg 750w, https:\/\/expoflamenco.com\/revista\/wp-content\/uploads\/sites\/46\/2026\/08\/Mayte-Martin-y-Jose-Galvez-inaugurando-la-edicion-en-Viana-1140x760.jpg 1140w\" sizes=\"(max-width: 2048px) 100vw, 2048px\" \/><\/a><figcaption id=\"caption-attachment-9532\" class=\"wp-caption-text\">Mayte Marti\u0301n y Jose\u0301 Ga\u0301lvez, inaugurando la edicio\u0301n en Viana. Foto: FOF<\/figcaption><\/figure>\n<figure id=\"attachment_9533\" aria-describedby=\"caption-attachment-9533\" style=\"width: 1500px\" class=\"wp-caption aligncenter\"><a href=\"https:\/\/expoflamenco.com\/revista\/wp-content\/uploads\/sites\/46\/2026\/08\/Miguel-Angel-Heredia-en-el-balcon-del-Hotel-La-Perla.jpg\"><img decoding=\"async\" class=\"size-full wp-image-9533\" src=\"https:\/\/expoflamenco.com\/revista\/wp-content\/uploads\/sites\/46\/2026\/08\/Miguel-Angel-Heredia-en-el-balcon-del-Hotel-La-Perla.jpg\" alt=\"Miguel A\u0301ngel Heredia, en el balco\u0301n del Hotel La Perla. Foto: FOF\" width=\"1500\" height=\"1000\" srcset=\"https:\/\/expoflamenco.com\/revista\/wp-content\/uploads\/sites\/46\/2026\/08\/Miguel-Angel-Heredia-en-el-balcon-del-Hotel-La-Perla.jpg 1500w, https:\/\/expoflamenco.com\/revista\/wp-content\/uploads\/sites\/46\/2026\/08\/Miguel-Angel-Heredia-en-el-balcon-del-Hotel-La-Perla-300x200.jpg 300w, https:\/\/expoflamenco.com\/revista\/wp-content\/uploads\/sites\/46\/2026\/08\/Miguel-Angel-Heredia-en-el-balcon-del-Hotel-La-Perla-1024x683.jpg 1024w, https:\/\/expoflamenco.com\/revista\/wp-content\/uploads\/sites\/46\/2026\/08\/Miguel-Angel-Heredia-en-el-balcon-del-Hotel-La-Perla-768x512.jpg 768w, https:\/\/expoflamenco.com\/revista\/wp-content\/uploads\/sites\/46\/2026\/08\/Miguel-Angel-Heredia-en-el-balcon-del-Hotel-La-Perla-750x500.jpg 750w, https:\/\/expoflamenco.com\/revista\/wp-content\/uploads\/sites\/46\/2026\/08\/Miguel-Angel-Heredia-en-el-balcon-del-Hotel-La-Perla-1140x760.jpg 1140w\" sizes=\"(max-width: 1500px) 100vw, 1500px\" \/><\/a><figcaption id=\"caption-attachment-9533\" class=\"wp-caption-text\">Miguel A\u0301ngel Heredia, en el balco\u0301n del Hotel La Perla. Foto: FOF<\/figcaption><\/figure>\n<figure id=\"attachment_9535\" aria-describedby=\"caption-attachment-9535\" style=\"width: 2048px\" class=\"wp-caption aligncenter\"><a href=\"https:\/\/expoflamenco.com\/revista\/wp-content\/uploads\/sites\/46\/2026\/08\/Muerta-de-Amor-en-Auditorio-Baluarte.jpg\"><img decoding=\"async\" class=\"size-full wp-image-9535\" src=\"https:\/\/expoflamenco.com\/revista\/wp-content\/uploads\/sites\/46\/2026\/08\/Muerta-de-Amor-en-Auditorio-Baluarte.jpg\" alt=\"Muerta de Amor, en Auditorio Baluarte. Foto: FOF\" width=\"2048\" height=\"1366\" srcset=\"https:\/\/expoflamenco.com\/revista\/wp-content\/uploads\/sites\/46\/2026\/08\/Muerta-de-Amor-en-Auditorio-Baluarte.jpg 2048w, https:\/\/expoflamenco.com\/revista\/wp-content\/uploads\/sites\/46\/2026\/08\/Muerta-de-Amor-en-Auditorio-Baluarte-300x200.jpg 300w, https:\/\/expoflamenco.com\/revista\/wp-content\/uploads\/sites\/46\/2026\/08\/Muerta-de-Amor-en-Auditorio-Baluarte-1024x683.jpg 1024w, https:\/\/expoflamenco.com\/revista\/wp-content\/uploads\/sites\/46\/2026\/08\/Muerta-de-Amor-en-Auditorio-Baluarte-768x512.jpg 768w, https:\/\/expoflamenco.com\/revista\/wp-content\/uploads\/sites\/46\/2026\/08\/Muerta-de-Amor-en-Auditorio-Baluarte-1536x1025.jpg 1536w, https:\/\/expoflamenco.com\/revista\/wp-content\/uploads\/sites\/46\/2026\/08\/Muerta-de-Amor-en-Auditorio-Baluarte-750x500.jpg 750w, https:\/\/expoflamenco.com\/revista\/wp-content\/uploads\/sites\/46\/2026\/08\/Muerta-de-Amor-en-Auditorio-Baluarte-1140x760.jpg 1140w\" sizes=\"(max-width: 2048px) 100vw, 2048px\" \/><\/a><figcaption id=\"caption-attachment-9535\" class=\"wp-caption-text\">&#8216;Muerta de Amor&#8217;, de manuel Li\u00f1\u00e1n, en Auditorio Baluarte. Foto: FOF<\/figcaption><\/figure>\n<figure id=\"attachment_9536\" aria-describedby=\"caption-attachment-9536\" style=\"width: 2048px\" class=\"wp-caption aligncenter\"><a href=\"https:\/\/expoflamenco.com\/revista\/wp-content\/uploads\/sites\/46\/2026\/08\/Paloma-Fantova-cerro-la-edicion-en-el-Tablao-del-Hotel-Tres-Reyes.jpg\"><img decoding=\"async\" class=\"size-full wp-image-9536\" src=\"https:\/\/expoflamenco.com\/revista\/wp-content\/uploads\/sites\/46\/2026\/08\/Paloma-Fantova-cerro-la-edicion-en-el-Tablao-del-Hotel-Tres-Reyes.jpg\" alt=\"Paloma Fantova cerro\u0301 la edicio\u0301n en el Tablao del Hotel Tres Reyes. Foto: FOF\" width=\"2048\" height=\"1365\" srcset=\"https:\/\/expoflamenco.com\/revista\/wp-content\/uploads\/sites\/46\/2026\/08\/Paloma-Fantova-cerro-la-edicion-en-el-Tablao-del-Hotel-Tres-Reyes.jpg 2048w, https:\/\/expoflamenco.com\/revista\/wp-content\/uploads\/sites\/46\/2026\/08\/Paloma-Fantova-cerro-la-edicion-en-el-Tablao-del-Hotel-Tres-Reyes-300x200.jpg 300w, https:\/\/expoflamenco.com\/revista\/wp-content\/uploads\/sites\/46\/2026\/08\/Paloma-Fantova-cerro-la-edicion-en-el-Tablao-del-Hotel-Tres-Reyes-1024x683.jpg 1024w, https:\/\/expoflamenco.com\/revista\/wp-content\/uploads\/sites\/46\/2026\/08\/Paloma-Fantova-cerro-la-edicion-en-el-Tablao-del-Hotel-Tres-Reyes-768x512.jpg 768w, https:\/\/expoflamenco.com\/revista\/wp-content\/uploads\/sites\/46\/2026\/08\/Paloma-Fantova-cerro-la-edicion-en-el-Tablao-del-Hotel-Tres-Reyes-1536x1024.jpg 1536w, https:\/\/expoflamenco.com\/revista\/wp-content\/uploads\/sites\/46\/2026\/08\/Paloma-Fantova-cerro-la-edicion-en-el-Tablao-del-Hotel-Tres-Reyes-750x500.jpg 750w, https:\/\/expoflamenco.com\/revista\/wp-content\/uploads\/sites\/46\/2026\/08\/Paloma-Fantova-cerro-la-edicion-en-el-Tablao-del-Hotel-Tres-Reyes-1140x760.jpg 1140w\" sizes=\"(max-width: 2048px) 100vw, 2048px\" \/><\/a><figcaption id=\"caption-attachment-9536\" class=\"wp-caption-text\">Paloma Fantova cerro\u0301 la edicio\u0301n en el Tablao del Hotel Tres Reyes. Foto: FOF<\/figcaption><\/figure>\n<figure id=\"attachment_9537\" aria-describedby=\"caption-attachment-9537\" style=\"width: 2048px\" class=\"wp-caption aligncenter\"><a href=\"https:\/\/expoflamenco.com\/revista\/wp-content\/uploads\/sites\/46\/2026\/08\/Pedro-El-Granaino-con-Gabriel-Lorente-y-los-populares-Pescao-y-Cristobal-Santiago-en-las-palmas.jpg\"><img decoding=\"async\" class=\"size-full wp-image-9537\" src=\"https:\/\/expoflamenco.com\/revista\/wp-content\/uploads\/sites\/46\/2026\/08\/Pedro-El-Granaino-con-Gabriel-Lorente-y-los-populares-Pescao-y-Cristobal-Santiago-en-las-palmas.jpg\" alt=\"Pedro El Granai\u0301no con Gabriel Lorente, y los populares Pescao y Cristo\u0301bal Santiago en las palmas. Foto: FOF\" width=\"2048\" height=\"1365\" srcset=\"https:\/\/expoflamenco.com\/revista\/wp-content\/uploads\/sites\/46\/2026\/08\/Pedro-El-Granaino-con-Gabriel-Lorente-y-los-populares-Pescao-y-Cristobal-Santiago-en-las-palmas.jpg 2048w, https:\/\/expoflamenco.com\/revista\/wp-content\/uploads\/sites\/46\/2026\/08\/Pedro-El-Granaino-con-Gabriel-Lorente-y-los-populares-Pescao-y-Cristobal-Santiago-en-las-palmas-300x200.jpg 300w, https:\/\/expoflamenco.com\/revista\/wp-content\/uploads\/sites\/46\/2026\/08\/Pedro-El-Granaino-con-Gabriel-Lorente-y-los-populares-Pescao-y-Cristobal-Santiago-en-las-palmas-1024x683.jpg 1024w, https:\/\/expoflamenco.com\/revista\/wp-content\/uploads\/sites\/46\/2026\/08\/Pedro-El-Granaino-con-Gabriel-Lorente-y-los-populares-Pescao-y-Cristobal-Santiago-en-las-palmas-768x512.jpg 768w, https:\/\/expoflamenco.com\/revista\/wp-content\/uploads\/sites\/46\/2026\/08\/Pedro-El-Granaino-con-Gabriel-Lorente-y-los-populares-Pescao-y-Cristobal-Santiago-en-las-palmas-1536x1024.jpg 1536w, https:\/\/expoflamenco.com\/revista\/wp-content\/uploads\/sites\/46\/2026\/08\/Pedro-El-Granaino-con-Gabriel-Lorente-y-los-populares-Pescao-y-Cristobal-Santiago-en-las-palmas-750x500.jpg 750w, https:\/\/expoflamenco.com\/revista\/wp-content\/uploads\/sites\/46\/2026\/08\/Pedro-El-Granaino-con-Gabriel-Lorente-y-los-populares-Pescao-y-Cristobal-Santiago-en-las-palmas-1140x760.jpg 1140w\" sizes=\"(max-width: 2048px) 100vw, 2048px\" \/><\/a><figcaption id=\"caption-attachment-9537\" class=\"wp-caption-text\">Pedro El Granai\u0301no con Gabriel Lorente, y los populares Pescao y Cristo\u0301bal Santiago en las palmas. Foto: FOF<\/figcaption><\/figure>\n<figure id=\"attachment_9538\" aria-describedby=\"caption-attachment-9538\" style=\"width: 2048px\" class=\"wp-caption aligncenter\"><a href=\"https:\/\/expoflamenco.com\/revista\/wp-content\/uploads\/sites\/46\/2026\/08\/Premiados-con-el-Galardon-de-la-edicion-121-de-Flamenco-on-Fire-con-Juan-Garrido-presentador-del-acto.jpg\"><img decoding=\"async\" class=\"size-full wp-image-9538\" src=\"https:\/\/expoflamenco.com\/revista\/wp-content\/uploads\/sites\/46\/2026\/08\/Premiados-con-el-Galardon-de-la-edicion-121-de-Flamenco-on-Fire-con-Juan-Garrido-presentador-del-acto.jpg\" alt=\"Premiados con el Galardo\u0301n de la edicio\u0301n 12+1 de Flamenco on Fire, con Juan Garrido, presentador del acto. Foto: FOF\" width=\"2048\" height=\"1365\" srcset=\"https:\/\/expoflamenco.com\/revista\/wp-content\/uploads\/sites\/46\/2026\/08\/Premiados-con-el-Galardon-de-la-edicion-121-de-Flamenco-on-Fire-con-Juan-Garrido-presentador-del-acto.jpg 2048w, https:\/\/expoflamenco.com\/revista\/wp-content\/uploads\/sites\/46\/2026\/08\/Premiados-con-el-Galardon-de-la-edicion-121-de-Flamenco-on-Fire-con-Juan-Garrido-presentador-del-acto-300x200.jpg 300w, https:\/\/expoflamenco.com\/revista\/wp-content\/uploads\/sites\/46\/2026\/08\/Premiados-con-el-Galardon-de-la-edicion-121-de-Flamenco-on-Fire-con-Juan-Garrido-presentador-del-acto-1024x683.jpg 1024w, https:\/\/expoflamenco.com\/revista\/wp-content\/uploads\/sites\/46\/2026\/08\/Premiados-con-el-Galardon-de-la-edicion-121-de-Flamenco-on-Fire-con-Juan-Garrido-presentador-del-acto-768x512.jpg 768w, https:\/\/expoflamenco.com\/revista\/wp-content\/uploads\/sites\/46\/2026\/08\/Premiados-con-el-Galardon-de-la-edicion-121-de-Flamenco-on-Fire-con-Juan-Garrido-presentador-del-acto-1536x1024.jpg 1536w, https:\/\/expoflamenco.com\/revista\/wp-content\/uploads\/sites\/46\/2026\/08\/Premiados-con-el-Galardon-de-la-edicion-121-de-Flamenco-on-Fire-con-Juan-Garrido-presentador-del-acto-750x500.jpg 750w, https:\/\/expoflamenco.com\/revista\/wp-content\/uploads\/sites\/46\/2026\/08\/Premiados-con-el-Galardon-de-la-edicion-121-de-Flamenco-on-Fire-con-Juan-Garrido-presentador-del-acto-1140x760.jpg 1140w\" sizes=\"(max-width: 2048px) 100vw, 2048px\" \/><\/a><figcaption id=\"caption-attachment-9538\" class=\"wp-caption-text\">Premiados con el Galardo\u0301n de la edicio\u0301n 12+1 de Flamenco on Fire, con Juan Garrido, presentador del acto. Foto: FOF<\/figcaption><\/figure>\n<figure id=\"attachment_9539\" aria-describedby=\"caption-attachment-9539\" style=\"width: 2048px\" class=\"wp-caption aligncenter\"><a href=\"https:\/\/expoflamenco.com\/revista\/wp-content\/uploads\/sites\/46\/2026\/08\/Propuesta-Tres-Orillas-con-Riqueni-como-pieza-clave.jpg\"><img decoding=\"async\" class=\"size-full wp-image-9539\" src=\"https:\/\/expoflamenco.com\/revista\/wp-content\/uploads\/sites\/46\/2026\/08\/Propuesta-Tres-Orillas-con-Riqueni-como-pieza-clave.jpg\" alt=\"Propuesta Tres Orillas con Riqueni como pieza clave. Foto: FOF\" width=\"2048\" height=\"1366\" srcset=\"https:\/\/expoflamenco.com\/revista\/wp-content\/uploads\/sites\/46\/2026\/08\/Propuesta-Tres-Orillas-con-Riqueni-como-pieza-clave.jpg 2048w, https:\/\/expoflamenco.com\/revista\/wp-content\/uploads\/sites\/46\/2026\/08\/Propuesta-Tres-Orillas-con-Riqueni-como-pieza-clave-300x200.jpg 300w, https:\/\/expoflamenco.com\/revista\/wp-content\/uploads\/sites\/46\/2026\/08\/Propuesta-Tres-Orillas-con-Riqueni-como-pieza-clave-1024x683.jpg 1024w, https:\/\/expoflamenco.com\/revista\/wp-content\/uploads\/sites\/46\/2026\/08\/Propuesta-Tres-Orillas-con-Riqueni-como-pieza-clave-768x512.jpg 768w, https:\/\/expoflamenco.com\/revista\/wp-content\/uploads\/sites\/46\/2026\/08\/Propuesta-Tres-Orillas-con-Riqueni-como-pieza-clave-1536x1025.jpg 1536w, https:\/\/expoflamenco.com\/revista\/wp-content\/uploads\/sites\/46\/2026\/08\/Propuesta-Tres-Orillas-con-Riqueni-como-pieza-clave-750x500.jpg 750w, https:\/\/expoflamenco.com\/revista\/wp-content\/uploads\/sites\/46\/2026\/08\/Propuesta-Tres-Orillas-con-Riqueni-como-pieza-clave-1140x760.jpg 1140w\" sizes=\"(max-width: 2048px) 100vw, 2048px\" \/><\/a><figcaption id=\"caption-attachment-9539\" class=\"wp-caption-text\">Propuesta &#8216;Tres Orillas&#8217; con Riqueni como pieza clave. Foto: FOF<\/figcaption><\/figure>\n<figure id=\"attachment_9540\" aria-describedby=\"caption-attachment-9540\" style=\"width: 1500px\" class=\"wp-caption aligncenter\"><a href=\"https:\/\/expoflamenco.com\/revista\/wp-content\/uploads\/sites\/46\/2026\/08\/Publico-de-Pamplona-mirando-al-balcon-del-Hotel-La-Perla.jpg\"><img decoding=\"async\" class=\"size-full wp-image-9540\" src=\"https:\/\/expoflamenco.com\/revista\/wp-content\/uploads\/sites\/46\/2026\/08\/Publico-de-Pamplona-mirando-al-balcon-del-Hotel-La-Perla.jpg\" alt=\"Pu\u0301blico de Pamplona, mirando al balco\u0301n del Hotel La Perla. Foto: FOF\" width=\"1500\" height=\"1000\" srcset=\"https:\/\/expoflamenco.com\/revista\/wp-content\/uploads\/sites\/46\/2026\/08\/Publico-de-Pamplona-mirando-al-balcon-del-Hotel-La-Perla.jpg 1500w, https:\/\/expoflamenco.com\/revista\/wp-content\/uploads\/sites\/46\/2026\/08\/Publico-de-Pamplona-mirando-al-balcon-del-Hotel-La-Perla-300x200.jpg 300w, https:\/\/expoflamenco.com\/revista\/wp-content\/uploads\/sites\/46\/2026\/08\/Publico-de-Pamplona-mirando-al-balcon-del-Hotel-La-Perla-1024x683.jpg 1024w, https:\/\/expoflamenco.com\/revista\/wp-content\/uploads\/sites\/46\/2026\/08\/Publico-de-Pamplona-mirando-al-balcon-del-Hotel-La-Perla-768x512.jpg 768w, https:\/\/expoflamenco.com\/revista\/wp-content\/uploads\/sites\/46\/2026\/08\/Publico-de-Pamplona-mirando-al-balcon-del-Hotel-La-Perla-750x500.jpg 750w, https:\/\/expoflamenco.com\/revista\/wp-content\/uploads\/sites\/46\/2026\/08\/Publico-de-Pamplona-mirando-al-balcon-del-Hotel-La-Perla-1140x760.jpg 1140w\" sizes=\"(max-width: 1500px) 100vw, 1500px\" \/><\/a><figcaption id=\"caption-attachment-9540\" class=\"wp-caption-text\">Pu\u0301blico de Pamplona, mirando al balco\u0301n del Hotel La Perla. Foto: FOF<\/figcaption><\/figure>\n<figure id=\"attachment_9541\" aria-describedby=\"caption-attachment-9541\" style=\"width: 2048px\" class=\"wp-caption aligncenter\"><a href=\"https:\/\/expoflamenco.com\/revista\/wp-content\/uploads\/sites\/46\/2026\/08\/Sandra-Carrasco-y-David-de-Arahal-en-REcordando-a-Marchena-en-Estella-Lizarra.jpg\"><img decoding=\"async\" class=\"size-full wp-image-9541\" src=\"https:\/\/expoflamenco.com\/revista\/wp-content\/uploads\/sites\/46\/2026\/08\/Sandra-Carrasco-y-David-de-Arahal-en-REcordando-a-Marchena-en-Estella-Lizarra.jpg\" alt=\"Sandra Carrasco y David de Arahal, en REcordando a Marchena, en Estella Lizarra. Foto: FOF\" width=\"2048\" height=\"1365\" srcset=\"https:\/\/expoflamenco.com\/revista\/wp-content\/uploads\/sites\/46\/2026\/08\/Sandra-Carrasco-y-David-de-Arahal-en-REcordando-a-Marchena-en-Estella-Lizarra.jpg 2048w, https:\/\/expoflamenco.com\/revista\/wp-content\/uploads\/sites\/46\/2026\/08\/Sandra-Carrasco-y-David-de-Arahal-en-REcordando-a-Marchena-en-Estella-Lizarra-300x200.jpg 300w, https:\/\/expoflamenco.com\/revista\/wp-content\/uploads\/sites\/46\/2026\/08\/Sandra-Carrasco-y-David-de-Arahal-en-REcordando-a-Marchena-en-Estella-Lizarra-1024x683.jpg 1024w, https:\/\/expoflamenco.com\/revista\/wp-content\/uploads\/sites\/46\/2026\/08\/Sandra-Carrasco-y-David-de-Arahal-en-REcordando-a-Marchena-en-Estella-Lizarra-768x512.jpg 768w, https:\/\/expoflamenco.com\/revista\/wp-content\/uploads\/sites\/46\/2026\/08\/Sandra-Carrasco-y-David-de-Arahal-en-REcordando-a-Marchena-en-Estella-Lizarra-1536x1024.jpg 1536w, https:\/\/expoflamenco.com\/revista\/wp-content\/uploads\/sites\/46\/2026\/08\/Sandra-Carrasco-y-David-de-Arahal-en-REcordando-a-Marchena-en-Estella-Lizarra-750x500.jpg 750w, https:\/\/expoflamenco.com\/revista\/wp-content\/uploads\/sites\/46\/2026\/08\/Sandra-Carrasco-y-David-de-Arahal-en-REcordando-a-Marchena-en-Estella-Lizarra-1140x760.jpg 1140w\" sizes=\"(max-width: 2048px) 100vw, 2048px\" \/><\/a><figcaption id=\"caption-attachment-9541\" class=\"wp-caption-text\">Sandra Carrasco y David de Arahal, en REcordando a Marchena, en Estella Lizarra. Foto: FOF<\/figcaption><\/figure>\n<figure id=\"attachment_9542\" aria-describedby=\"caption-attachment-9542\" style=\"width: 2048px\" class=\"wp-caption aligncenter\"><a href=\"https:\/\/expoflamenco.com\/revista\/wp-content\/uploads\/sites\/46\/2026\/08\/Tremendita-en-Zentral-presentando-Transito.jpg\"><img decoding=\"async\" class=\"size-full wp-image-9542\" src=\"https:\/\/expoflamenco.com\/revista\/wp-content\/uploads\/sites\/46\/2026\/08\/Tremendita-en-Zentral-presentando-Transito.jpg\" alt=\"Tremendita en Zentral, presentando Tra\u0301nsito\" width=\"2048\" height=\"1366\" srcset=\"https:\/\/expoflamenco.com\/revista\/wp-content\/uploads\/sites\/46\/2026\/08\/Tremendita-en-Zentral-presentando-Transito.jpg 2048w, https:\/\/expoflamenco.com\/revista\/wp-content\/uploads\/sites\/46\/2026\/08\/Tremendita-en-Zentral-presentando-Transito-300x200.jpg 300w, https:\/\/expoflamenco.com\/revista\/wp-content\/uploads\/sites\/46\/2026\/08\/Tremendita-en-Zentral-presentando-Transito-1024x683.jpg 1024w, https:\/\/expoflamenco.com\/revista\/wp-content\/uploads\/sites\/46\/2026\/08\/Tremendita-en-Zentral-presentando-Transito-768x512.jpg 768w, https:\/\/expoflamenco.com\/revista\/wp-content\/uploads\/sites\/46\/2026\/08\/Tremendita-en-Zentral-presentando-Transito-1536x1025.jpg 1536w, https:\/\/expoflamenco.com\/revista\/wp-content\/uploads\/sites\/46\/2026\/08\/Tremendita-en-Zentral-presentando-Transito-750x500.jpg 750w, https:\/\/expoflamenco.com\/revista\/wp-content\/uploads\/sites\/46\/2026\/08\/Tremendita-en-Zentral-presentando-Transito-1140x760.jpg 1140w\" sizes=\"(max-width: 2048px) 100vw, 2048px\" \/><\/a><figcaption id=\"caption-attachment-9542\" class=\"wp-caption-text\">Tremendita en Zentral, presentando &#8216;Tra\u0301nsito&#8217;. Foto: FOF<\/figcaption><\/figure>\n<p class=\"s8\">\n","protected":false,"gt_translate_keys":[{"key":"rendered","format":"html"}]},"excerpt":{"rendered":"<p>La ausencia del maestro granadino ha sido lo m\u00e1s sonado de la edici\u00f3n 12 + 1, que ser\u00e1 recordada por los \u00e9xitos de Jos\u00e9 Merc\u00e9, Li\u00f1\u00e1n, \u00c1gueda Saavedra, Yeray Cort\u00e9s, El Pele o El Grana\u00edno.<\/p>\n","protected":false,"gt_translate_keys":[{"key":"rendered","format":"html"}]},"author":34,"featured_media":9524,"comment_status":"open","ping_status":"open","sticky":false,"template":"","format":"standard","meta":{"_acf_changed":false,"pmpro_default_level":"","jnews-multi-image_gallery":[],"jnews_single_post":{"format":"standard","featured_image_fetch_priority_high":"1","override":[{"template":"3","parallax":"1","fullscreen":"1","layout":"right-sidebar-narrow","sidebar":"default-sidebar","main_content_tag":"div","second_sidebar":"default-sidebar","sticky_sidebar":"1","share_position":"top","share_float_style":"share-monocrhome","show_share_counter":"1","show_view_counter":"1","show_featured":"1","show_post_meta":"1","show_post_author":"1","show_post_author_image":"1","show_post_date":"1","post_date_format":"default","post_date_format_custom":"Y\/m\/d","show_post_reading_time":"1","post_reading_time_wpm":"300","post_calculate_word_method":"str_word_count","show_zoom_button":"1","zoom_button_out_step":"2","zoom_button_in_step":"3","show_popup_post":"1","show_comment_section":"1","number_popup_post":"1","show_author_box":"1","show_post_related":"1","show_inline_post_related":"1"}],"image_override":[{"single_post_thumbnail_size":"crop-500","single_post_gallery_size":"crop-500"}],"trending_post_position":"meta","trending_post_label":"Trending","sponsored_post_label":"Sponsored by","disable_ad":"0","subtitle":"La ausencia del maestro granadino ha sido lo m\u00e1s sonado de la edici\u00f3n 12 + 1, que ser\u00e1 recordada por los \u00e9xitos de Jos\u00e9 Merc\u00e9, Li\u00f1\u00e1n, \u00c1gueda Saavedra, Yeray Cort\u00e9s, El Pele o El Grana\u00edno."},"jnews_primary_category":{"id":"94"},"jnews_override_bookmark_settings":{"override_bookmark_button":"0","override_show_bookmark_button":"0"},"jnews_social_meta":[],"jnews_review":[],"enable_review":"","type":"percentage","name":"","summary":"","brand":"","sku":"","good":[],"bad":[],"score_override":"","override_value":"","rating":[],"price":[],"jnews_override_counter":{"view_counter_number":"0","share_counter_number":"0","like_counter_number":"0","dislike_counter_number":"0"},"footnotes":""},"categories":[339,38,94],"tags":[1366,571,60,1418],"class_list":["post-9522","post","type-post","status-publish","format-standard","has-post-thumbnail","hentry","category-desde-dentro","category-en-portada","category-firmas","tag-festival-flamenco-on-fire","tag-jose-merce","tag-festival-flamenco","tag-pamplona","pmpro-has-access"],"acf":[],"gt_translate_keys":[{"key":"link","format":"url"}],"_links":{"self":[{"href":"https:\/\/expoflamenco.com\/revista\/wp-json\/wp\/v2\/posts\/9522","targetHints":{"allow":["GET"]}}],"collection":[{"href":"https:\/\/expoflamenco.com\/revista\/wp-json\/wp\/v2\/posts"}],"about":[{"href":"https:\/\/expoflamenco.com\/revista\/wp-json\/wp\/v2\/types\/post"}],"author":[{"embeddable":true,"href":"https:\/\/expoflamenco.com\/revista\/wp-json\/wp\/v2\/users\/34"}],"replies":[{"embeddable":true,"href":"https:\/\/expoflamenco.com\/revista\/wp-json\/wp\/v2\/comments?post=9522"}],"version-history":[{"count":1,"href":"https:\/\/expoflamenco.com\/revista\/wp-json\/wp\/v2\/posts\/9522\/revisions"}],"predecessor-version":[{"id":9543,"href":"https:\/\/expoflamenco.com\/revista\/wp-json\/wp\/v2\/posts\/9522\/revisions\/9543"}],"wp:featuredmedia":[{"embeddable":true,"href":"https:\/\/expoflamenco.com\/revista\/wp-json\/wp\/v2\/media\/9524"}],"wp:attachment":[{"href":"https:\/\/expoflamenco.com\/revista\/wp-json\/wp\/v2\/media?parent=9522"}],"wp:term":[{"taxonomy":"category","embeddable":true,"href":"https:\/\/expoflamenco.com\/revista\/wp-json\/wp\/v2\/categories?post=9522"},{"taxonomy":"post_tag","embeddable":true,"href":"https:\/\/expoflamenco.com\/revista\/wp-json\/wp\/v2\/tags?post=9522"}],"curies":[{"name":"wp","href":"https:\/\/api.w.org\/{rel}","templated":true}]}}