{"id":9514,"date":"2026-08-31T12:27:58","date_gmt":"2026-08-31T10:27:58","guid":{"rendered":"https:\/\/expoflamenco.com\/revista\/?p=9514"},"modified":"2026-08-31T12:29:37","modified_gmt":"2026-08-31T10:29:37","slug":"editorial-renacimiento-recupera-las-coplas-flamencas-de-jose-alfonso-sanchez","status":"publish","type":"post","link":"https:\/\/expoflamenco.com\/revista\/editorial-renacimiento-recupera-las-coplas-flamencas-de-jose-alfonso-sanchez\/","title":{"rendered":"Editorial Renacimiento recupera las coplas flamencas de Jos\u00e9 Alfonso S\u00e1nchez","gt_translate_keys":[{"key":"rendered","format":"text"}]},"content":{"rendered":"<p class=\"p1\">Estamos de enhorabuena los aficionados y especialmente los amantes de las letras del cante, de la l\u00edrica del cante. La profesora <b>Carmen Alfonso Segura<\/b> y su hermano <b>Jos\u00e9 Miguel<\/b>, abogado especialista en Propiedad intelectual, han compilado las coplas o letras flamencas de su padre, <b>Jos\u00e9 Alfonso S\u00e1nchez<\/b>, nacido en Sevilla en 1925 y fallecido en 1997.<\/p>\n<p class=\"p1\">Su relaci\u00f3n de amistad con artistas de la categor\u00eda de <b>Pepe Marchena<\/b> o <b>Pepe Pinto<\/b> le llevaron a crear letras flamencas y canci\u00f3n andaluza. Escribi\u00f3 para los mejores de esos a\u00f1os, finales de los cuarenta y principios de los cincuenta del siglo pasado, \u00e9poca en la que, como leemos en la solapa, la renovaci\u00f3n de repertorio era una exigencia.<\/p>\n<p class=\"p1\">El pr\u00f3logo es del cantaor <b>Arc\u00e1ngel<\/b>, quien destaca lo siguiente:<\/p>\n<p class=\"p1\"><span class=\"s1\">\u00ab<\/span>Esta selecci\u00f3n de obras se me antoja necesaria y motivadora porque pertenecen a una \u00e9poca donde la cadencia a la hora de decir el texto era siempre lo m\u00e1s cercana al ritmo de la palabra hablada, adem\u00e1s de conservar de forma inequ\u00edvoca toda la carga emotiva del mensaje que acunan<span class=\"s1\">\u00bb<\/span>.<\/p>\n<p class=\"p1\"><a href=\"https:\/\/www.editorialrenacimiento.com\/autores\/1678__alfonso-sanchez-jose\" target=\"_blank\" rel=\"noopener\">Una cuidada edici\u00f3n<\/a> en la que encontraremos letras desde las alegr\u00edas a las zambras, con indicaci\u00f3n de la autor\u00eda o coautor\u00eda en su caso, as\u00ed como algunos documentos gr\u00e1ficos, un \u00edndice de primeros versos por palos y, muy de agradecer, un enlace QR en la contracubierta para escuchar las interpretaciones originales de algunas de las coplas.<\/p>\n<p>&nbsp;<\/p>\n<blockquote><p><em><span class=\"s1\">\u00ab<\/span>Esta selecci\u00f3n de obras se me antoja necesaria y motivadora porque pertenecen a una \u00e9poca donde la cadencia a la hora de decir el texto era siempre lo m\u00e1s cercana al ritmo de la palabra hablada, adem\u00e1s de conservar de forma inequ\u00edvoca toda la carga emotiva del mensaje que acunan<span class=\"s1\">\u00bb (Arc\u00e1ngel)<\/span><\/em><\/p><\/blockquote>\n<p>&nbsp;<\/p>\n<figure id=\"attachment_9517\" aria-describedby=\"caption-attachment-9517\" style=\"width: 971px\" class=\"wp-caption aligncenter\"><a href=\"https:\/\/expoflamenco.com\/revista\/wp-content\/uploads\/sites\/46\/2026\/08\/Jose-Alfonso-Sanchez.jpg\"><img decoding=\"async\" class=\"size-full wp-image-9517\" src=\"https:\/\/expoflamenco.com\/revista\/wp-content\/uploads\/sites\/46\/2026\/08\/Jose-Alfonso-Sanchez.jpg\" alt=\"El poeta Jos\u00e9 Alfonso S\u00e1nchez.\" width=\"971\" height=\"1507\" srcset=\"https:\/\/expoflamenco.com\/revista\/wp-content\/uploads\/sites\/46\/2026\/08\/Jose-Alfonso-Sanchez.jpg 971w, https:\/\/expoflamenco.com\/revista\/wp-content\/uploads\/sites\/46\/2026\/08\/Jose-Alfonso-Sanchez-193x300.jpg 193w, https:\/\/expoflamenco.com\/revista\/wp-content\/uploads\/sites\/46\/2026\/08\/Jose-Alfonso-Sanchez-660x1024.jpg 660w, https:\/\/expoflamenco.com\/revista\/wp-content\/uploads\/sites\/46\/2026\/08\/Jose-Alfonso-Sanchez-768x1192.jpg 768w, https:\/\/expoflamenco.com\/revista\/wp-content\/uploads\/sites\/46\/2026\/08\/Jose-Alfonso-Sanchez-750x1164.jpg 750w\" sizes=\"(max-width: 971px) 100vw, 971px\" \/><\/a><figcaption id=\"caption-attachment-9517\" class=\"wp-caption-text\">El poeta Jos\u00e9 Alfonso S\u00e1nchez.<\/figcaption><\/figure>\n<p>&nbsp;<\/p>\n<h2 class=\"p1\">Entrevista a Carmen Alfonso<\/h2>\n<p class=\"p1\">He entrevistado para la ocasi\u00f3n a la hija del poeta, Carmen Alfonso, si bien sus respuestas han sido consensuadas con su hermano y coautor de la edici\u00f3n Jos\u00e9 Miguel. A los dos quedo agradecido desde nuestro <i>ExpoFlamenco.<\/i><\/p>\n<p class=\"p2\"><span class=\"Apple-converted-space\">\u00a0\u00a0<\/span><\/p>\n<p class=\"p4\"><span class=\"s3\">\u2013<\/span><b>\u00bfC\u00f3mo nos presentar\u00edas a tu padre, Jos\u00e9 Alfonso S\u00e1nchez, y c\u00f3mo se aficion\u00f3 al flamenco?<\/b><\/p>\n<p class=\"p4\"><span class=\"s3\">\u2013<\/span>Jos\u00e9 Alfonso S\u00e1nchez fue un letrista y poeta de copla flamenca y canci\u00f3n andaluza que desarroll\u00f3 esta labor literaria y musical desde su temprana juventud hasta su fallecimiento en 1997.<\/p>\n<p class=\"p4\"><span class=\"s3\">\u2013<\/span><b>\u00bfC\u00f3mo empez\u00f3 a hacer letras y especialmente para artistas tan relevantes como El Pinto o Pepe Marchena, entre otros?<\/b><\/p>\n<p class=\"p4\"><span class=\"s3\">\u2013<\/span>Jos\u00e9 Alfonso fue uno de los letristas m\u00e1s j\u00f3venes del siglo pasado, de copla flamenca y canci\u00f3n andaluza. Y adem\u00e1s, el \u00fanico que permaneci\u00f3 en Sevilla, su ciudad de origen, mientras que otros autores de su generaci\u00f3n se trasladaron a Madrid para su producci\u00f3n art\u00edstica. Es l\u00f3gico pensar que los cantaores sevillanos pusieran en \u00e9l su confianza para la creaci\u00f3n de las coplas que luego interpretar\u00edan en los escenarios, a partir de los a\u00f1os cincuenta.<\/p>\n<p class=\"p4\"><span class=\"s3\">\u2013<\/span><b>\u00bfRecuerdas c\u00f3mo era su proceso de creaci\u00f3n de las mismas?<\/b><\/p>\n<p class=\"p4\"><span class=\"s3\">\u2013<\/span>A veces la copla surg\u00eda de un aire musical de determinado palo flamenco; otras, de una sugerencia tem\u00e1tica del propio cantaor; y otras de su propia inspiraci\u00f3n, muchas veces relacionada con motivos o circunstancias de la vida del propio cantaor o del entorno de ambos. En este sentido, sabemos que algunas coplas surg\u00edan de la colaboraci\u00f3n estrecha entre cantaor y autor, teniendo este la responsabilidad del resultado final de la copla.<\/p>\n<p class=\"p4\"><span class=\"s3\">\u2013<\/span><b>\u00bfPor qu\u00e9 palos sent\u00eda predilecci\u00f3n?<\/b><\/p>\n<p class=\"p4\"><span class=\"s3\">\u2013<\/span>En su obra flamenca encontramos una gran variedad de palos flamencos, por lo que pensamos que no sent\u00eda, como autor, una especial predilecci\u00f3n por alguno de ellos. S\u00ed es verdad que hay un mayor n\u00famero de coplas de algunos palos, como fandangos y soleares, probablemente porque eran los g\u00e9neros m\u00e1s solicitados por los cantaores para sus espect\u00e1culos.<\/p>\n<p class=\"p8\"><span class=\"s3\">\u2013<\/span><b>\u00bfCu\u00e1l es el fin de la publicaci\u00f3n?<\/b><\/p>\n<p class=\"p8\"><span class=\"s3\">\u2013<\/span>Las coplas flamencas se han escrito siempre para ser cantadas. A partir de Machado y \u00c1lvarez pasaron a adquirir un mayor valor literario dentro de la literatura popular, pero no era costumbre publicarlas en libro impreso, hasta la actualidad: en el presente, se editan libros de coplas flamencas como un subg\u00e9nero m\u00e1s de la l\u00edrica, firmados por sus autores. Pues bien, la intenci\u00f3n de nuestra<b> <\/b><i>Selecci\u00f3n de coplas de mediados del siglo XX<\/i><b><i> <\/i><\/b>es dar a conocer un corpus de coplas de ese tiempo hist\u00f3rico que fueron interpretadas por grandes figuras del cante para que no queden en el olvido de lo meramente sonoro; para aquellos que quieran <i>actualizar<\/i> sus repertorios teniendo en cuenta estas coplas <i>antiguas<\/i> y los int\u00e9rpretes que las hicieron famosas.<\/p>\n<p class=\"p4\"><span class=\"s3\">\u2013<\/span><b>Elige, por favor, algunas letras que te gusten especialmente.<\/b><\/p>\n<p class=\"p4\">\u2013<strong>Canti\u00f1a por soleares<\/strong><\/p>\n<p class=\"p4\"><em>Piensa bien antes que hables,<\/em><\/p>\n<p class=\"p4\"><em>que palabra que se escapa<\/em><\/p>\n<p class=\"p4\"><em>no hay jinete que la alcance.<\/em><\/p>\n<p>&nbsp;<\/p>\n<p class=\"p8\"><strong>Cartagenera<\/strong><\/p>\n<p class=\"p4\"><em>Caminante.<\/em><\/p>\n<p class=\"p4\"><em>Si t\u00fa vas por un camino<\/em><\/p>\n<p class=\"p4\"><em>y encuentras un caminante,<\/em><\/p>\n<p class=\"p4\"><em>no le preguntes su sino.<\/em><\/p>\n<p class=\"p4\"><em>Que puede que viva errante,<\/em><\/p>\n<p class=\"p4\"><em>errante por los caminos.<\/em><\/p>\n<p>&nbsp;<\/p>\n<p class=\"p4\"><b>Fandango<\/b><\/p>\n<p class=\"p4\"><em>Sin motivo ni raz\u00f3n<\/em><\/p>\n<p class=\"p4\"><em>tengo mucha gente en contra,<\/em><\/p>\n<p class=\"p4\"><em>no sabiendo esa afici\u00f3n<\/em><\/p>\n<p class=\"p4\"><em>que casi todas mis cosas<\/em><\/p>\n<p class=\"p4\"><em>del cante gitano son.<\/em><\/p>\n<p class=\"p4\"><em>Discuten acalor\u00e1s.<\/em><\/p>\n<p class=\"p4\"><em>La suerte y la inteligencia<\/em><\/p>\n<p class=\"p4\"><em>discuten acalor\u00e1s.<\/em><\/p>\n<p class=\"p4\"><em>La suerte le dice a la inteligencia<\/em><\/p>\n<p class=\"p4\"><em>t\u00fa sin m\u00ed no triunfar\u00e1s.<\/em><\/p>\n<p>&nbsp;<\/p>\n<p class=\"p8\"><b>Seguiriya<\/b><\/p>\n<p class=\"p4\"><em>Dios m\u00edo, l\u00edbrame.<\/em><\/p>\n<p class=\"p4\"><em>As\u00ed me libre de una mala muerte<\/em><\/p>\n<p class=\"p4\"><em>y de un mal incurable.<\/em><\/p>\n<p class=\"p4\"><em>Mala compa\u00f1era,<\/em><\/p>\n<p class=\"p4\"><em>compa\u00f1era mala.<\/em><\/p>\n<p class=\"p4\"><em>Que me ha cegao sin darte motivos<\/em><\/p>\n<p class=\"p4\"><em>que los ojitos de la cara.<\/em><\/p>\n<p>&nbsp;<\/p>\n<p class=\"p11\"><span class=\"s3\">\u2013<\/span><b>Muchas gracias por estas palabras esclarecedoras y por tan elegante edici\u00f3n y estupendas letras flamencas.<\/b><\/p>\n<p>&nbsp;<\/p>\n<p class=\"p4\">Alegr\u00edas <i>Capitana m\u00eda<\/i>, <b>Beni de C\u00e1diz<\/b>:<\/p>\n<p>&nbsp;<\/p>\n<div class=\"jeg_video_container jeg_video_content\"><iframe loading=\"lazy\" title=\"Beni de C\u00e1diz - La Capitana\" width=\"500\" height=\"375\" src=\"https:\/\/www.youtube.com\/embed\/mdlt1S2DSW0?feature=oembed\" frameborder=\"0\" allow=\"accelerometer; autoplay; clipboard-write; encrypted-media; gyroscope; picture-in-picture; web-share\" referrerpolicy=\"strict-origin-when-cross-origin\" allowfullscreen><\/iframe><\/div>\n<p>&nbsp;<\/p>\n<p class=\"p14\">Fandango <i>Sin motivo ni raz\u00f3n<\/i>, Pepe Pinto:<\/p>\n<p>&nbsp;<\/p>\n<div class=\"jeg_video_container jeg_video_content\"><iframe loading=\"lazy\" title=\"Sin Motivo, Ni Raz\u00f3n (Fandangos)\" width=\"500\" height=\"375\" src=\"https:\/\/www.youtube.com\/embed\/T-KCEnu4gYY?feature=oembed\" frameborder=\"0\" allow=\"accelerometer; autoplay; clipboard-write; encrypted-media; gyroscope; picture-in-picture; web-share\" referrerpolicy=\"strict-origin-when-cross-origin\" allowfullscreen><\/iframe><\/div>\n<p>&nbsp;<\/p>\n<p class=\"p17\">Seguiriyas <i>Dios m\u00edo, l\u00edbrame<\/i>, Pepe Pinto:<\/p>\n<p>&nbsp;<\/p>\n<div class=\"jeg_video_container jeg_video_content\"><iframe loading=\"lazy\" title=\"Dios M\u00edo, L\u00edbrame\" width=\"500\" height=\"375\" src=\"https:\/\/www.youtube.com\/embed\/yonCVri1U_Y?feature=oembed\" frameborder=\"0\" allow=\"accelerometer; autoplay; clipboard-write; encrypted-media; gyroscope; picture-in-picture; web-share\" referrerpolicy=\"strict-origin-when-cross-origin\" allowfullscreen><\/iframe><\/div>\n<p>&nbsp;<\/p>\n<p class=\"p20\">Soleares <i>Tu querer con mi querer<\/i>, <b>Juan Gonz\u00e1lez Trigito<\/b>, <b>Rerre de los Palacios<\/b>:<\/p>\n<p>&nbsp;<\/p>\n<div class=\"jeg_video_container jeg_video_content\"><iframe loading=\"lazy\" title=\"Tu Querer Con Mi Querer: Soleares (Remastered)\" width=\"500\" height=\"375\" src=\"https:\/\/www.youtube.com\/embed\/qyiRSor7z4E?feature=oembed\" frameborder=\"0\" allow=\"accelerometer; autoplay; clipboard-write; encrypted-media; gyroscope; picture-in-picture; web-share\" referrerpolicy=\"strict-origin-when-cross-origin\" allowfullscreen><\/iframe><\/div>\n<p>&nbsp;<\/p>\n<p class=\"p8\">\u2192 Jos\u00e9 Alfonso S\u00e1nchez, <i>Coplas flamencas de mediados del siglo XX<\/i>, edici\u00f3n de Carmen y Jos\u00e9 Miguel Alfonso Segura, Sevilla, Renacimiento, 2026. En librer\u00edas desde el 24 de agosto de 2026.<\/p>\n<p>&nbsp;<\/p>\n<p><a href=\"https:\/\/expoflamenco.com\/revista\/wp-content\/uploads\/sites\/46\/2026\/08\/coplas-flamencas-de-mediados-del-siglo-xx-por-jose-alfonso-sanchez.jpg\"><img decoding=\"async\" class=\"aligncenter size-full wp-image-9516\" src=\"https:\/\/expoflamenco.com\/revista\/wp-content\/uploads\/sites\/46\/2026\/08\/coplas-flamencas-de-mediados-del-siglo-xx-por-jose-alfonso-sanchez.jpg\" alt=\"\" width=\"450\" height=\"630\" srcset=\"https:\/\/expoflamenco.com\/revista\/wp-content\/uploads\/sites\/46\/2026\/08\/coplas-flamencas-de-mediados-del-siglo-xx-por-jose-alfonso-sanchez.jpg 450w, https:\/\/expoflamenco.com\/revista\/wp-content\/uploads\/sites\/46\/2026\/08\/coplas-flamencas-de-mediados-del-siglo-xx-por-jose-alfonso-sanchez-214x300.jpg 214w, https:\/\/expoflamenco.com\/revista\/wp-content\/uploads\/sites\/46\/2026\/08\/coplas-flamencas-de-mediados-del-siglo-xx-por-jose-alfonso-sanchez-360x504.jpg 360w\" sizes=\"(max-width: 450px) 100vw, 450px\" \/><\/a><\/p>\n<figure id=\"attachment_9518\" aria-describedby=\"caption-attachment-9518\" style=\"width: 1473px\" class=\"wp-caption aligncenter\"><a href=\"https:\/\/expoflamenco.com\/revista\/wp-content\/uploads\/sites\/46\/2026\/08\/De-izquierda-a-derecha-Jose-Alfonso-Paco-T-aranto-un-aficionado-y-Salvador-Tavora.jpg\"><img decoding=\"async\" class=\"size-full wp-image-9518\" src=\"https:\/\/expoflamenco.com\/revista\/wp-content\/uploads\/sites\/46\/2026\/08\/De-izquierda-a-derecha-Jose-Alfonso-Paco-T-aranto-un-aficionado-y-Salvador-Tavora.jpg\" alt=\"De izquierda a derecha, Jos\u00e9 Alfonso, Paco Taranto, un aficionado y Salvador Ta\u0301vora.\" width=\"1473\" height=\"850\" srcset=\"https:\/\/expoflamenco.com\/revista\/wp-content\/uploads\/sites\/46\/2026\/08\/De-izquierda-a-derecha-Jose-Alfonso-Paco-T-aranto-un-aficionado-y-Salvador-Tavora.jpg 1473w, https:\/\/expoflamenco.com\/revista\/wp-content\/uploads\/sites\/46\/2026\/08\/De-izquierda-a-derecha-Jose-Alfonso-Paco-T-aranto-un-aficionado-y-Salvador-Tavora-300x173.jpg 300w, https:\/\/expoflamenco.com\/revista\/wp-content\/uploads\/sites\/46\/2026\/08\/De-izquierda-a-derecha-Jose-Alfonso-Paco-T-aranto-un-aficionado-y-Salvador-Tavora-1024x591.jpg 1024w, https:\/\/expoflamenco.com\/revista\/wp-content\/uploads\/sites\/46\/2026\/08\/De-izquierda-a-derecha-Jose-Alfonso-Paco-T-aranto-un-aficionado-y-Salvador-Tavora-768x443.jpg 768w, https:\/\/expoflamenco.com\/revista\/wp-content\/uploads\/sites\/46\/2026\/08\/De-izquierda-a-derecha-Jose-Alfonso-Paco-T-aranto-un-aficionado-y-Salvador-Tavora-750x433.jpg 750w, https:\/\/expoflamenco.com\/revista\/wp-content\/uploads\/sites\/46\/2026\/08\/De-izquierda-a-derecha-Jose-Alfonso-Paco-T-aranto-un-aficionado-y-Salvador-Tavora-1140x658.jpg 1140w\" sizes=\"(max-width: 1473px) 100vw, 1473px\" \/><\/a><figcaption id=\"caption-attachment-9518\" class=\"wp-caption-text\">De izquierda a derecha, Jos\u00e9 Alfonso, Paco Taranto, un aficionado y Salvador Ta\u0301vora.<\/figcaption><\/figure>\n<p>&nbsp;<\/p>\n","protected":false,"gt_translate_keys":[{"key":"rendered","format":"html"}]},"excerpt":{"rendered":"<p>En &#8216;Coplas flamencas de mediados del siglo XX&#8217;, sus hijos Carmen y Jos\u00e9 Miguel compilan letras cantadas por artistas como Pepe Marchena y Pepe Pinto, entre otros.<\/p>\n","protected":false,"gt_translate_keys":[{"key":"rendered","format":"html"}]},"author":24,"featured_media":9515,"comment_status":"open","ping_status":"open","sticky":false,"template":"","format":"standard","meta":{"_acf_changed":false,"pmpro_default_level":"","jnews-multi-image_gallery":[],"jnews_single_post":{"format":"standard","featured_image_fetch_priority_high":"1","override":[{"template":"3","parallax":"1","fullscreen":"1","layout":"right-sidebar-narrow","sidebar":"default-sidebar","main_content_tag":"div","second_sidebar":"default-sidebar","sticky_sidebar":"1","share_position":"top","share_float_style":"share-monocrhome","show_share_counter":"1","show_view_counter":"1","show_featured":"1","show_post_meta":"1","show_post_author":"1","show_post_author_image":"1","show_post_date":"1","post_date_format":"default","post_date_format_custom":"Y\/m\/d","show_post_reading_time":"1","post_reading_time_wpm":"300","post_calculate_word_method":"str_word_count","show_zoom_button":"1","zoom_button_out_step":"2","zoom_button_in_step":"3","show_popup_post":"1","show_comment_section":"1","number_popup_post":"1","show_author_box":"1","show_post_related":"1","show_inline_post_related":"1"}],"image_override":[{"single_post_thumbnail_size":"crop-500","single_post_gallery_size":"crop-500"}],"trending_post_position":"meta","trending_post_label":"Trending","sponsored_post_label":"Sponsored by","disable_ad":"0","subtitle":"En 'Coplas flamencas de mediados del siglo XX', sus hijos Carmen y Jos\u00e9 Miguel compilan letras cantadas por artistas como Pepe Marchena y Pepe Pinto, entre otros."},"jnews_primary_category":{"id":"94"},"jnews_override_bookmark_settings":{"override_bookmark_button":"0","override_show_bookmark_button":"0"},"jnews_social_meta":[],"jnews_review":[],"enable_review":"","type":"percentage","name":"","summary":"","brand":"","sku":"","good":[],"bad":[],"score_override":"","override_value":"","rating":[],"price":[],"jnews_override_counter":{"view_counter_number":"0","share_counter_number":"0","like_counter_number":"0","dislike_counter_number":"0"},"footnotes":""},"categories":[162,38,94],"tags":[7913,769,132,133],"class_list":["post-9514","post","type-post","status-publish","format-standard","has-post-thumbnail","hentry","category-con-una-copla-de-mas","category-en-portada","category-firmas","tag-coplas-flamencas-de-mediados-del-siglo-xx","tag-editorial-renacimiento","tag-letras-flamencas","tag-libro-flamenco","pmpro-has-access"],"acf":[],"gt_translate_keys":[{"key":"link","format":"url"}],"_links":{"self":[{"href":"https:\/\/expoflamenco.com\/revista\/wp-json\/wp\/v2\/posts\/9514","targetHints":{"allow":["GET"]}}],"collection":[{"href":"https:\/\/expoflamenco.com\/revista\/wp-json\/wp\/v2\/posts"}],"about":[{"href":"https:\/\/expoflamenco.com\/revista\/wp-json\/wp\/v2\/types\/post"}],"author":[{"embeddable":true,"href":"https:\/\/expoflamenco.com\/revista\/wp-json\/wp\/v2\/users\/24"}],"replies":[{"embeddable":true,"href":"https:\/\/expoflamenco.com\/revista\/wp-json\/wp\/v2\/comments?post=9514"}],"version-history":[{"count":1,"href":"https:\/\/expoflamenco.com\/revista\/wp-json\/wp\/v2\/posts\/9514\/revisions"}],"predecessor-version":[{"id":9521,"href":"https:\/\/expoflamenco.com\/revista\/wp-json\/wp\/v2\/posts\/9514\/revisions\/9521"}],"wp:featuredmedia":[{"embeddable":true,"href":"https:\/\/expoflamenco.com\/revista\/wp-json\/wp\/v2\/media\/9515"}],"wp:attachment":[{"href":"https:\/\/expoflamenco.com\/revista\/wp-json\/wp\/v2\/media?parent=9514"}],"wp:term":[{"taxonomy":"category","embeddable":true,"href":"https:\/\/expoflamenco.com\/revista\/wp-json\/wp\/v2\/categories?post=9514"},{"taxonomy":"post_tag","embeddable":true,"href":"https:\/\/expoflamenco.com\/revista\/wp-json\/wp\/v2\/tags?post=9514"}],"curies":[{"name":"wp","href":"https:\/\/api.w.org\/{rel}","templated":true}]}}