{"id":940,"date":"2024-04-26T17:46:07","date_gmt":"2024-04-26T15:46:07","guid":{"rendered":"https:\/\/expoflamenco.com\/revistanew\/juana-vargas-el-cante-siempre-lo-he-llevado-por-bandera\/"},"modified":"2024-04-26T17:46:07","modified_gmt":"2024-04-26T15:46:07","slug":"juana-vargas-el-cante-siempre-lo-he-llevado-por-bandera","status":"publish","type":"post","link":"https:\/\/expoflamenco.com\/revista\/juana-vargas-el-cante-siempre-lo-he-llevado-por-bandera\/","title":{"rendered":"Juana Vargas: \u00abEl cante siempre lo he llevado por bandera\u00bb","gt_translate_keys":[{"key":"rendered","format":"text"}]},"content":{"rendered":"<p><strong>Juana Vargas<\/strong> es una delicia como mujer, como gitana, como cantaora. Lebrija pura. La vida no se lo ha puesto f\u00e1cil pero ha seguido adelante, no le ha quedado otra porque tiene nietos y una familia que la necesita. De su infancia se acuerda \u00abdel campo, muy a gusto, trabajando mucho hasta que me cas\u00e9. Nos llev\u00e1bamos muy bien y todos \u00e9ramos familia, no hab\u00eda pique\u00bb. De las mejores \u00e9pocas de su carrera la vivi\u00f3 con <strong>Las Corraleras de Lebrija<\/strong>, grupo de sevillanas que arras\u00f3 en la d\u00e9cada de los 90 y en el principio del nuevo milenio. \u00abHemos hecho cosas muy importantes y muy bonitas, <strong>Carlos Saura<\/strong> vino a por nosotras para la pel\u00edcula\u00bb, afirma. Dice que \u00able gustan todos los estilos, las buler\u00edas sobre todo, pero me gusta todo. Estoy cantando por sole\u00e1 que&#8230;\u00bb. A sus 77 a\u00f1os tiene ganas de que cuenten con ella a menudo porque \u00abel cante que no me lo quiten\u00bb, es su manera de expresarse.<\/p>\n<p>&nbsp;<\/p>\n<figure id=\"attachment_49853\" aria-describedby=\"caption-attachment-49853\" style=\"width: 1300px\" class=\"wp-caption aligncenter\"><a href=\"https:\/\/www.expoflamenco.com\/wp-content\/uploads\/2024\/04\/expoflamenco-juana-vargas-2-entrevista-con-juan-garrido-en-centro-flamenco-lebrija-abr24.jpg\"><img fetchpriority=\"high\" decoding=\"async\" class=\"size-full wp-image-49853\" src=\"https:\/\/www.expoflamenco.com\/wp-content\/uploads\/2024\/04\/expoflamenco-juana-vargas-2-entrevista-con-juan-garrido-en-centro-flamenco-lebrija-abr24.jpg\" alt=\"\" width=\"1300\" height=\"800\" \/><\/a><figcaption id=\"caption-attachment-49853\" class=\"wp-caption-text\">La cantaora lebrijana Juana Vargas, durante su charla con expoflamenco en el Centro Flamenco de Lebrija. Abril 2024.<\/figcaption><\/figure>\n<figure id=\"attachment_49855\" aria-describedby=\"caption-attachment-49855\" style=\"width: 1300px\" class=\"wp-caption aligncenter\"><a href=\"https:\/\/www.expoflamenco.com\/wp-content\/uploads\/2024\/04\/expoflamenco-juana-vargas-3-entrevista-con-juan-garrido-en-centro-flamenco-lebrija-abr24.jpg\"><img decoding=\"async\" class=\"size-full wp-image-49855\" src=\"https:\/\/www.expoflamenco.com\/wp-content\/uploads\/2024\/04\/expoflamenco-juana-vargas-3-entrevista-con-juan-garrido-en-centro-flamenco-lebrija-abr24.jpg\" alt=\"\" width=\"1300\" height=\"800\" \/><\/a><figcaption id=\"caption-attachment-49855\" class=\"wp-caption-text\">La cantaora lebrijana Juana Vargas, durante su charla con expoflamenco en el Centro Flamenco de Lebrija. Abril 2024.<\/figcaption><\/figure>\n<p>&nbsp;<\/p>\n","protected":false,"gt_translate_keys":[{"key":"rendered","format":"html"}]},"excerpt":{"rendered":"<p>La cantaora Juana Vargas charla con Juan Garrido en exclusiva para expoflamenco desde el Centro Flamenco de Lebrija. \u00abMe gustan las buler\u00edas sobre todo, y estoy cantando por sole\u00e1 que&#8230;\u00bb, dice.<\/p>\n","protected":false,"gt_translate_keys":[{"key":"rendered","format":"html"}]},"author":34,"featured_media":941,"comment_status":"open","ping_status":"open","sticky":false,"template":"","format":"standard","meta":{"_acf_changed":false,"pmpro_default_level":"","jnews-multi-image_gallery":[],"jnews_single_post":null,"jnews_primary_category":[],"jnews_override_bookmark_settings":{"override_bookmark_button":"0","override_show_bookmark_button":"0"},"jnews_social_meta":[],"jnews_review":[],"enable_review":"","type":"percentage","name":"","summary":"","brand":"","sku":"","good":[],"bad":[],"score_override":"","override_value":"","rating":[],"price":[],"jnews_override_counter":{"view_counter_number":"0","share_counter_number":"0","like_counter_number":"0","dislike_counter_number":"0"},"footnotes":""},"categories":[130],"tags":[491,864],"class_list":["post-940","post","type-post","status-publish","format-standard","has-post-thumbnail","hentry","category-entrevistas","tag-cantaora","tag-juana-vargas","pmpro-has-access"],"acf":[],"aioseo_notices":[],"gt_translate_keys":[{"key":"link","format":"url"}],"_links":{"self":[{"href":"https:\/\/expoflamenco.com\/revista\/wp-json\/wp\/v2\/posts\/940","targetHints":{"allow":["GET"]}}],"collection":[{"href":"https:\/\/expoflamenco.com\/revista\/wp-json\/wp\/v2\/posts"}],"about":[{"href":"https:\/\/expoflamenco.com\/revista\/wp-json\/wp\/v2\/types\/post"}],"author":[{"embeddable":true,"href":"https:\/\/expoflamenco.com\/revista\/wp-json\/wp\/v2\/users\/34"}],"replies":[{"embeddable":true,"href":"https:\/\/expoflamenco.com\/revista\/wp-json\/wp\/v2\/comments?post=940"}],"version-history":[{"count":0,"href":"https:\/\/expoflamenco.com\/revista\/wp-json\/wp\/v2\/posts\/940\/revisions"}],"wp:featuredmedia":[{"embeddable":true,"href":"https:\/\/expoflamenco.com\/revista\/wp-json\/wp\/v2\/media\/941"}],"wp:attachment":[{"href":"https:\/\/expoflamenco.com\/revista\/wp-json\/wp\/v2\/media?parent=940"}],"wp:term":[{"taxonomy":"category","embeddable":true,"href":"https:\/\/expoflamenco.com\/revista\/wp-json\/wp\/v2\/categories?post=940"},{"taxonomy":"post_tag","embeddable":true,"href":"https:\/\/expoflamenco.com\/revista\/wp-json\/wp\/v2\/tags?post=940"}],"curies":[{"name":"wp","href":"https:\/\/api.w.org\/{rel}","templated":true}]}}