{"id":922,"date":"2024-05-02T19:48:54","date_gmt":"2024-05-02T17:48:54","guid":{"rendered":"https:\/\/expoflamenco.com\/revistanew\/guirijondo-el-festival-flamenco-que-no-quiere-fronteras-1\/"},"modified":"2024-05-02T19:48:54","modified_gmt":"2024-05-02T17:48:54","slug":"guirijondo-el-festival-flamenco-que-no-quiere-fronteras-1","status":"publish","type":"post","link":"https:\/\/expoflamenco.com\/revista\/guirijondo-el-festival-flamenco-que-no-quiere-fronteras-1\/","title":{"rendered":"Guirijondo, el festival flamenco que no quiere fronteras (1)","gt_translate_keys":[{"key":"rendered","format":"text"}]},"content":{"rendered":"<p class=\"Standard\">El\u00a0<a href=\"http:\/\/www.guirijondo.com\/\" target=\"_blank\" rel=\"noopener\">II Festival Flamenco Guirijondo<\/a>\u00a0abre sus puertas en\u00a0<strong>Palomares del R\u00edo<\/strong>\u00a0(Sevilla). El pueblo ha engalanado las calles con pendones publicitarios que, de camino, orientan al visitante y ofrecen una bonita imagen del paisaje de la localidad.<\/p>\n<p class=\"Standard\">Con el alcalde\u00a0<strong>Manuel Benjumea<\/strong>, a quien le ha correspondido dar la bienvenida, se ha alzado el tel\u00f3n del nov\u00edsimo teatro\u00a0<strong>Teatro Municipal Carlos \u00c1lvarez-Novoa<\/strong>, un teatro lleno de ilusiones para que \u201cel festival se convierta en el referente de los festivales internacionales de Flamenco\u201d y sea \u201cel escaparate para que Palomares se proyecte en el mundo desde la cultura y, en concreto desde la expresi\u00f3n musical que identifica el pueblo\u201d.<\/p>\n<p class=\"Standard\">Entre el p\u00fablico asistente se encontraban los miembros de la corporaci\u00f3n municipal, el vicealcalde de Coria del R\u00edo y la homenajeada en esta segunda edici\u00f3n: la periodista\u00a0<strong>Kyoko Shikaze<\/strong>.<\/p>\n<p class=\"Standard\">La inauguraci\u00f3n ha contado con tres momentos claramente definidos: la apertura de la exposici\u00f3n fotogr\u00e1fica de Tomoyuki Hotta; el preg\u00f3n, que se ha convertido en la llave que abre las actividades de los cuatro d\u00edas que dura el festival; y la parte art\u00edstica, que este a\u00f1o ha venido de la mano del marsell\u00e9s Jos\u00e9 de la Negreta, y la guitarra de Antonio Moya.<\/p>\n<p>&nbsp;<\/p>\n<div id=\"attachment_49952\" class=\"wp-caption aligncenter\">\n<p><a href=\"https:\/\/www.expoflamenco.com\/wp-content\/uploads\/2024\/05\/expoflamenco-festival-guirijondo-7-tomoyuki-hotta-may24-foto-perezventana.jpg\"><img fetchpriority=\"high\" decoding=\"async\" class=\"size-full wp-image-49952\" src=\"https:\/\/www.expoflamenco.com\/wp-content\/uploads\/2024\/05\/expoflamenco-festival-guirijondo-7-tomoyuki-hotta-may24-foto-perezventana.jpg\" srcset=\"https:\/\/www.expoflamenco.com\/wp-content\/uploads\/2024\/05\/expoflamenco-festival-guirijondo-7-tomoyuki-hotta-may24-foto-perezventana.jpg 1300w, https:\/\/www.expoflamenco.com\/wp-content\/uploads\/2024\/05\/expoflamenco-festival-guirijondo-7-tomoyuki-hotta-may24-foto-perezventana-300x185.jpg 300w, https:\/\/www.expoflamenco.com\/wp-content\/uploads\/2024\/05\/expoflamenco-festival-guirijondo-7-tomoyuki-hotta-may24-foto-perezventana-1024x630.jpg 1024w, https:\/\/www.expoflamenco.com\/wp-content\/uploads\/2024\/05\/expoflamenco-festival-guirijondo-7-tomoyuki-hotta-may24-foto-perezventana-768x473.jpg 768w\" alt=\"\" width=\"1300\" height=\"800\" aria-describedby=\"caption-attachment-49952\" \/><\/a><\/p>\n<p id=\"caption-attachment-49952\" class=\"wp-caption-text\">El fot\u00f3grafo japon\u00e9s Tomoyuki Hotta, en la inauguraci\u00f3n de su exposici\u00f3n, con el alcalde Manuel Benjumea y el delegado de Cultura, Pedro Conde. II Festival Guirijondo. Hacienda Ulloa, Palomares del R\u00edo (Sevilla). 1 mayo 2024. Foto: perezventana<\/p>\n<p>&nbsp;<\/p>\n<\/div>\n<h3 class=\"Standard\"><b>Tomoyuki Hotta<\/b><\/h3>\n<p class=\"Standard\">La Hacienda Ulloa es el lugar elegido por la organizaci\u00f3n para mostrar en sus paredes la exposici\u00f3n de fotograf\u00edas de\u00a0<strong>Tomoyuki Hotta<\/strong>, resultado del encargo de un trabajo en homenaje a\u00a0<strong>Paco de Luc\u00eda<\/strong>, en Algeciras. Una interesante simbiosis entre el espacio, que es de gran belleza y bien patrimonial palomare\u00f1o; y la obra m\u00e1s flamenca de este fot\u00f3grafo japon\u00e9s, formado en cine y que, sin ser especializado en Flamenco, ha sabido captar la esencia de este arte, la fuerza del grito, la plasticidad del baile, la marcada personalidad de los artistas y el sentimiento flamenco sobre los escenarios. Es admirable el juego que realiza con el color y las sombras, la capacidad de captar con la c\u00e1mara instantes de m\u00e1xima expresi\u00f3n y otros de gran intimidad.<b><\/b><\/p>\n<p>&nbsp;<\/p>\n<div id=\"attachment_49939\" class=\"wp-caption aligncenter\">\n<p><a href=\"https:\/\/www.expoflamenco.com\/wp-content\/uploads\/2024\/05\/expoflamenco-festival-guirijondo-6-juan-manuel-suarez-japon-may24-foto-perezventana.jpg\"><img decoding=\"async\" class=\"size-full wp-image-49939\" src=\"https:\/\/www.expoflamenco.com\/wp-content\/uploads\/2024\/05\/expoflamenco-festival-guirijondo-6-juan-manuel-suarez-japon-may24-foto-perezventana.jpg\" srcset=\"https:\/\/www.expoflamenco.com\/wp-content\/uploads\/2024\/05\/expoflamenco-festival-guirijondo-6-juan-manuel-suarez-japon-may24-foto-perezventana.jpg 1300w, https:\/\/www.expoflamenco.com\/wp-content\/uploads\/2024\/05\/expoflamenco-festival-guirijondo-6-juan-manuel-suarez-japon-may24-foto-perezventana-300x185.jpg 300w, https:\/\/www.expoflamenco.com\/wp-content\/uploads\/2024\/05\/expoflamenco-festival-guirijondo-6-juan-manuel-suarez-japon-may24-foto-perezventana-1024x630.jpg 1024w, https:\/\/www.expoflamenco.com\/wp-content\/uploads\/2024\/05\/expoflamenco-festival-guirijondo-6-juan-manuel-suarez-japon-may24-foto-perezventana-768x473.jpg 768w\" alt=\"\" width=\"1300\" height=\"800\" aria-describedby=\"caption-attachment-49939\" \/><\/a><\/p>\n<p id=\"caption-attachment-49939\" class=\"wp-caption-text\">Juan Manuel Su\u00e1rez Jap\u00f3n. II Festival Guirijondo. Teatro Carlos \u00c1lvarez-Novoa, Palomares del R\u00edo (Sevilla). 1 mayo 2024. Foto: perezventana<\/p>\n<p>&nbsp;<\/p>\n<\/div>\n<h3 class=\"Standard\"><b>El preg\u00f3n-conferencia de Su\u00e1rez Jap\u00f3n<\/b><\/h3>\n<p class=\"Standard\">El orador prefiere el tratamiento de conferencia pues, como \u00e9l mismo afirma, le \u201cda mayor margen para explicar cosas nuevas\u201d.\u00a0<strong>Juan Manuel Su\u00e1rez Jap\u00f3n<\/strong>\u00a0est\u00e1 unido por su nacimiento al pueblo vecino de Coria del R\u00edo; sus antepasados convivieron con la expedici\u00f3n de japoneses que se afinc\u00f3 en esa localidad; y su enorme conocimiento del pa\u00eds nip\u00f3n y del Flamenco lo posicionan como el candidato perfecto para abrir el Festival Guirijondo, que este a\u00f1o se dedica al pa\u00eds del sol naciente. El exconsejero de Cultura que seg\u00fan palabras de\u00a0<strong>Manuel Boh\u00f3rquez<\/strong>\u00a0(director art\u00edstico) \u201cm\u00e1s se ha comprometido y m\u00e1s ha hecho por el Flamenco y el pol\u00edtico que m\u00e1s entiende del arte jondo\u201d.<b><\/b><b>\u00a0<\/b><\/p>\n<p class=\"Standard\">Su\u00e1rez Jap\u00f3n inicia un discurso repleto de an\u00e9cdotas y de sabidur\u00eda, de sus propias vivencias y de las relaciones hist\u00f3ricas entre Espa\u00f1a y Jap\u00f3n y viceversa, dando una doble visi\u00f3n de los intercambios flamencos entre ambos pa\u00edses. Desde lo hist\u00f3rico hasta lo anecd\u00f3tico, pintando una relaci\u00f3n entretejida desde la visita de la primera compa\u00f1\u00eda de baile con la Argentinita entre 1929 y hasta nuestros d\u00edas. As\u00ed afirma que \u201cla historia de las relaciones del flamenco con Jap\u00f3n es la historia de una mutua fascinaci\u00f3n\u201d.<b><\/b><\/p>\n<p>&nbsp;<\/p>\n<div id=\"attachment_49947\" class=\"wp-caption aligncenter\">\n<p><a href=\"https:\/\/www.expoflamenco.com\/wp-content\/uploads\/2024\/05\/expoflamenco-festival-guirijondo-2-jose-negreta-may24-foto-perezventana.jpg\"><img decoding=\"async\" class=\"size-full wp-image-49947\" src=\"https:\/\/www.expoflamenco.com\/wp-content\/uploads\/2024\/05\/expoflamenco-festival-guirijondo-2-jose-negreta-may24-foto-perezventana.jpg\" srcset=\"https:\/\/www.expoflamenco.com\/wp-content\/uploads\/2024\/05\/expoflamenco-festival-guirijondo-2-jose-negreta-may24-foto-perezventana.jpg 1300w, https:\/\/www.expoflamenco.com\/wp-content\/uploads\/2024\/05\/expoflamenco-festival-guirijondo-2-jose-negreta-may24-foto-perezventana-300x185.jpg 300w, https:\/\/www.expoflamenco.com\/wp-content\/uploads\/2024\/05\/expoflamenco-festival-guirijondo-2-jose-negreta-may24-foto-perezventana-1024x630.jpg 1024w, https:\/\/www.expoflamenco.com\/wp-content\/uploads\/2024\/05\/expoflamenco-festival-guirijondo-2-jose-negreta-may24-foto-perezventana-768x473.jpg 768w\" alt=\"\" width=\"1300\" height=\"800\" aria-describedby=\"caption-attachment-49947\" \/><\/a><\/p>\n<p id=\"caption-attachment-49947\" class=\"wp-caption-text\">Jos\u00e9 de la Negreta y Antonio Moya, con el acompa\u00f1amiento de Juan Torres, Manuela, Mar\u00eda y Juan Jos\u00e9. II Festival Guirijondo. Teatro Carlos \u00c1lvarez-Novoa, Palomares del R\u00edo (Sevilla). 1 mayo 2024. Foto: perezventana<\/p>\n<\/div>\n<p class=\"Standard\"><b>\u00a0<\/b><\/p>\n<h3 class=\"Standard\"><b>Francia en el cante y el toque<\/b><\/h3>\n<p class=\"Standard\">El tercer momento del acto inaugural lo protagoniza el cante. Dos artistas unidos a Francia. En el caso del cantaor Jos\u00e9 Santiago Fern\u00e1ndez \u2013<strong>Jos\u00e9 el de la Negreta<\/strong>\u2013, nacido en Garrucha (Almer\u00eda) y emigrado con la familia a Marsella (Francia), donde sigue afincado. Y el guitarrista nacido en Nimes (Francia)\u00a0<strong>Antonio Moya<\/strong>, quien decidi\u00f3 siendo muy joven trasladarse a Utrera (Sevilla), buscando beber de las fuentes originales del Flamenco. Ambos artistas dejan entrever la complicidad que los une y que es primordial para que la voz y la m\u00fasica sean armon\u00eda en esencia.<\/p>\n<p class=\"Standard\">Jos\u00e9 el de la Negreta es un cantaor riguroso, de los que saben comunicar con el p\u00fablico y que busca transmitir. A pesar de la alergia, el de la Negreta ha mostrado profesionalidad, saber hacer, y ha demostrado que en Francia se sigue tutelando el cante con el sabor que se llevaron de Andaluc\u00eda a tierras francesas. Ha escogido una acertada selecci\u00f3n de cantes para su repertorio, comenzando con taranto y cartagenera, sole\u00e1, alegr\u00edas, seguiriya, buler\u00edas y un remate por fandango. En las buler\u00edas acompa\u00f1aron a las palmas\u00a0<strong>Juan Torres, Manuela, Mar\u00eda y Juan Jos\u00e9<\/strong>, y como dijo Antonio Moya \u201ca comp\u00e1s de Marsella\u201d.<\/p>\n<p>&nbsp;<\/p>\n<div id=\"attachment_49943\" class=\"wp-caption aligncenter\">\n<p><a href=\"https:\/\/www.expoflamenco.com\/wp-content\/uploads\/2024\/05\/expoflamenco-festival-guirijondo-4-presentadora-pilar-rosello-may24-foto-perezventana.jpg\"><img loading=\"lazy\" decoding=\"async\" class=\"size-full wp-image-49943\" src=\"https:\/\/www.expoflamenco.com\/wp-content\/uploads\/2024\/05\/expoflamenco-festival-guirijondo-4-presentadora-pilar-rosello-may24-foto-perezventana.jpg\" srcset=\"https:\/\/www.expoflamenco.com\/wp-content\/uploads\/2024\/05\/expoflamenco-festival-guirijondo-4-presentadora-pilar-rosello-may24-foto-perezventana.jpg 1300w, https:\/\/www.expoflamenco.com\/wp-content\/uploads\/2024\/05\/expoflamenco-festival-guirijondo-4-presentadora-pilar-rosello-may24-foto-perezventana-300x185.jpg 300w, https:\/\/www.expoflamenco.com\/wp-content\/uploads\/2024\/05\/expoflamenco-festival-guirijondo-4-presentadora-pilar-rosello-may24-foto-perezventana-1024x630.jpg 1024w, https:\/\/www.expoflamenco.com\/wp-content\/uploads\/2024\/05\/expoflamenco-festival-guirijondo-4-presentadora-pilar-rosello-may24-foto-perezventana-768x473.jpg 768w\" alt=\"\" width=\"1300\" height=\"800\" aria-describedby=\"caption-attachment-49943\" \/><\/a><\/p>\n<p id=\"caption-attachment-49943\" class=\"wp-caption-text\">Pilar Rosell\u00f3, presentadora. II Festival Guirijondo. Teatro Carlos \u00c1lvarez-Novoa, Palomares del R\u00edo (Sevilla). 1 mayo 2024. Foto: perezventana<\/p>\n<\/div>\n<div id=\"attachment_49945\" class=\"wp-caption aligncenter\">\n<p><a href=\"https:\/\/www.expoflamenco.com\/wp-content\/uploads\/2024\/05\/expoflamenco-festival-guirijondo-3-alccalde-manuel-benjumea-may24-foto-perezventana.jpg\"><img loading=\"lazy\" decoding=\"async\" class=\"size-full wp-image-49945\" src=\"https:\/\/www.expoflamenco.com\/wp-content\/uploads\/2024\/05\/expoflamenco-festival-guirijondo-3-alccalde-manuel-benjumea-may24-foto-perezventana.jpg\" srcset=\"https:\/\/www.expoflamenco.com\/wp-content\/uploads\/2024\/05\/expoflamenco-festival-guirijondo-3-alccalde-manuel-benjumea-may24-foto-perezventana.jpg 1300w, https:\/\/www.expoflamenco.com\/wp-content\/uploads\/2024\/05\/expoflamenco-festival-guirijondo-3-alccalde-manuel-benjumea-may24-foto-perezventana-300x185.jpg 300w, https:\/\/www.expoflamenco.com\/wp-content\/uploads\/2024\/05\/expoflamenco-festival-guirijondo-3-alccalde-manuel-benjumea-may24-foto-perezventana-1024x630.jpg 1024w, https:\/\/www.expoflamenco.com\/wp-content\/uploads\/2024\/05\/expoflamenco-festival-guirijondo-3-alccalde-manuel-benjumea-may24-foto-perezventana-768x473.jpg 768w\" alt=\"\" width=\"1300\" height=\"800\" aria-describedby=\"caption-attachment-49945\" \/><\/a><\/p>\n<p id=\"caption-attachment-49945\" class=\"wp-caption-text\">Manuel Benjumea, alcalde de Palomares del R\u00edo. II Festival Guirijondo. Teatro Carlos \u00c1lvarez-Novoa, Palomares del R\u00edo (Sevilla). 1 mayo 2024. Foto: perezventana<\/p>\n<\/div>\n<p class=\"Standard\">\n","protected":false,"gt_translate_keys":[{"key":"rendered","format":"html"}]},"excerpt":{"rendered":"<p>Inaugurada en el pueblo sevillano de Palomares del R\u00edo la II edici\u00f3n del Festival Guirijondo, dedicado este a\u00f1o a Jap\u00f3n, con la exposici\u00f3n fotogr\u00e1fica de Tomoyuki Hotta, el preg\u00f3n de Juan Manuel Su\u00e1rez Jap\u00f3n y el cante de Jos\u00e9 de la Negreta.<\/p>\n","protected":false,"gt_translate_keys":[{"key":"rendered","format":"html"}]},"author":20,"featured_media":923,"comment_status":"open","ping_status":"open","sticky":false,"template":"","format":"standard","meta":{"_acf_changed":false,"pmpro_default_level":"","jnews-multi-image_gallery":[],"jnews_single_post":null,"jnews_primary_category":[],"jnews_override_bookmark_settings":{"override_bookmark_button":"0","override_show_bookmark_button":"0"},"jnews_social_meta":[],"jnews_review":[],"enable_review":"","type":"percentage","name":"","summary":"","brand":"","sku":"","good":[],"bad":[],"score_override":"","override_value":"","rating":[],"price":[],"jnews_override_counter":{"view_counter_number":"0","share_counter_number":"0","like_counter_number":"0","dislike_counter_number":"0"},"footnotes":""},"categories":[46],"tags":[480,847,848,849],"class_list":["post-922","post","type-post","status-publish","format-standard","has-post-thumbnail","hentry","category-cronicas","tag-festival-guirijondo","tag-jose-de-la-negreta","tag-juan-manuel-suarez-japon","tag-tomoyuki-hotta","pmpro-has-access"],"acf":[],"aioseo_notices":[],"gt_translate_keys":[{"key":"link","format":"url"}],"_links":{"self":[{"href":"https:\/\/expoflamenco.com\/revista\/wp-json\/wp\/v2\/posts\/922","targetHints":{"allow":["GET"]}}],"collection":[{"href":"https:\/\/expoflamenco.com\/revista\/wp-json\/wp\/v2\/posts"}],"about":[{"href":"https:\/\/expoflamenco.com\/revista\/wp-json\/wp\/v2\/types\/post"}],"author":[{"embeddable":true,"href":"https:\/\/expoflamenco.com\/revista\/wp-json\/wp\/v2\/users\/20"}],"replies":[{"embeddable":true,"href":"https:\/\/expoflamenco.com\/revista\/wp-json\/wp\/v2\/comments?post=922"}],"version-history":[{"count":0,"href":"https:\/\/expoflamenco.com\/revista\/wp-json\/wp\/v2\/posts\/922\/revisions"}],"wp:featuredmedia":[{"embeddable":true,"href":"https:\/\/expoflamenco.com\/revista\/wp-json\/wp\/v2\/media\/923"}],"wp:attachment":[{"href":"https:\/\/expoflamenco.com\/revista\/wp-json\/wp\/v2\/media?parent=922"}],"wp:term":[{"taxonomy":"category","embeddable":true,"href":"https:\/\/expoflamenco.com\/revista\/wp-json\/wp\/v2\/categories?post=922"},{"taxonomy":"post_tag","embeddable":true,"href":"https:\/\/expoflamenco.com\/revista\/wp-json\/wp\/v2\/tags?post=922"}],"curies":[{"name":"wp","href":"https:\/\/api.w.org\/{rel}","templated":true}]}}