{"id":9127,"date":"2026-08-15T16:29:19","date_gmt":"2026-08-15T14:29:19","guid":{"rendered":"https:\/\/expoflamenco.com\/revista\/?p=9127"},"modified":"2026-08-15T16:29:19","modified_gmt":"2026-08-15T14:29:19","slug":"san-fernando-llora-a-paquito-de-la-isla","status":"publish","type":"post","link":"https:\/\/expoflamenco.com\/revista\/san-fernando-llora-a-paquito-de-la-isla\/","title":{"rendered":"San Fernando llora a Paquito de la Isla","gt_translate_keys":[{"key":"rendered","format":"text"}]},"content":{"rendered":"<p>La localidad gaditana de <strong>San Fernando<\/strong> llora la muerte de <strong>Paquito de la Isla<\/strong>, un cantaor de notables facultades y muy apreciado en su pueblo, que nos ha dejado este s\u00e1bado 15 de agosto.<\/p>\n<p><strong>Francisco P\u00e1ez Moreno<\/strong>, conocido art\u00edsticamente como Paquito de La Isla, naci\u00f3 en San Fernando el <strong>19 de marzo de 1957<\/strong>. Su infancia transcurri\u00f3 en el entorno de las huertas y salinas de La Isla, en una \u00e9poca marcada por las dificultades econ\u00f3micas. Curs\u00f3 estudios durante pocos a\u00f1os y, con 11, se traslad\u00f3 a Barcelona, donde trabaj\u00f3 en una imprenta. Regres\u00f3 a San Fernando a los 14 a\u00f1os y comenz\u00f3 a trabajar en las salinas, oficio que desempe\u00f1\u00f3 hasta los 20.<\/p>\n<p>Seg\u00fan recordaba su amigo <strong>Juan Silva<\/strong>, su afici\u00f3n al flamenco surgi\u00f3 en el \u00e1mbito familiar y se consolid\u00f3 escuchando a figuras como <strong>Rafael Farina<\/strong> y <strong>Porrina de Badajoz<\/strong>. Poco a poco comenz\u00f3 a cantar y, siendo adolescente, entr\u00f3 en contacto con aficionados y artistas de la tradici\u00f3n flamenca de San Fernando. A trav\u00e9s de este entorno conoci\u00f3 a <strong>Camar\u00f3n de la Isla<\/strong>, con quien lleg\u00f3 a compartir actuaciones y encuentros en reuniones flamencas, y se dice que a Jos\u00e9 le encantaba tocarle la guitarra.<\/p>\n<p>&nbsp;<\/p>\n<blockquote><p><em>\u00abSiendo adolescente, Paquito de la isla entr\u00f3 en contacto con aficionados y artistas de la tradici\u00f3n flamenca de San Fernando. A trav\u00e9s de este entorno conoci\u00f3 a Camar\u00f3n de la Isla, con quien lleg\u00f3 a compartir actuaciones y encuentros en reuniones flamencas, y se dice que a Jos\u00e9 le encantaba tocarle la guitarra\u00bb<\/em><\/p><\/blockquote>\n<p>&nbsp;<\/p>\n<p>Su primera actuaci\u00f3n ante un p\u00fablico numeroso tuvo lugar en el <strong>Teatro de las Cortes<\/strong>, durante un festival celebrado a mediados de los a\u00f1os setenta. Desde entonces fue ganando reconocimiento en San Fernando y comenz\u00f3 a participar con mayor frecuencia en ambientes y escenarios flamencos. La <strong>Tertulia Flamenca de San Fernando<\/strong> se convirti\u00f3 en uno de los principales espacios de su trayectoria.<\/p>\n<p>A lo largo de su carrera ha compartido escenario con destacados artistas del flamenco, entre ellos <strong>Turronero, Juan Villar, Chano Lobato, Terremoto, Rancapino y Capullo de Jerez<\/strong>. Entre sus principales reconocimientos figuran el primer premio del Concurso Nacional de la Tertulia Flamenca de San Fernando, en 1994, y el del IX Concurso Nacional de Cante Flamenco Memorial Camar\u00f3n de La Isla, en 2010.<\/p>\n<p>En su madurez art\u00edstica ampli\u00f3 su actividad a escenarios de distintas ciudades espa\u00f1olas y culmin\u00f3 una larga trayectoria con la grabaci\u00f3n de <strong><em>Canta\u00f3<\/em><\/strong>, su primer disco, concebido como un compendio de cantes flamencos tradicionales y propuestas de car\u00e1cter bailable. Hoy San Fernando llora su ausencia. \u2666<\/p>\n<p>&nbsp;<\/p>\n","protected":false,"gt_translate_keys":[{"key":"rendered","format":"html"}]},"excerpt":{"rendered":"<p>El cantaor, que comparti\u00f3 numerosas actuaciones con Camar\u00f3n, ha fallecido tras una carrera en la que demostr\u00f3 notables cualidades y en la que se hizo querer por todos.<\/p>\n","protected":false,"gt_translate_keys":[{"key":"rendered","format":"html"}]},"author":13,"featured_media":9128,"comment_status":"open","ping_status":"open","sticky":false,"template":"","format":"standard","meta":{"_acf_changed":false,"pmpro_default_level":"","jnews-multi-image_gallery":[],"jnews_single_post":{"format":"standard","featured_image_fetch_priority_high":"1","override":[{"template":"3","parallax":"1","fullscreen":"1","layout":"right-sidebar-narrow","sidebar":"default-sidebar","main_content_tag":"div","second_sidebar":"default-sidebar","sticky_sidebar":"1","share_position":"top","share_float_style":"share-monocrhome","show_share_counter":"1","show_view_counter":"1","show_featured":"1","show_post_meta":"1","show_post_author":"1","show_post_author_image":"1","show_post_date":"1","post_date_format":"default","post_date_format_custom":"Y\/m\/d","show_post_reading_time":"1","post_reading_time_wpm":"300","post_calculate_word_method":"str_word_count","show_zoom_button":"1","zoom_button_out_step":"2","zoom_button_in_step":"3","show_popup_post":"1","show_comment_section":"1","number_popup_post":"1","show_author_box":"1","show_post_related":"1","show_inline_post_related":"1"}],"image_override":[{"single_post_thumbnail_size":"crop-500","single_post_gallery_size":"crop-500"}],"trending_post_position":"meta","trending_post_label":"Trending","sponsored_post_label":"Sponsored by","disable_ad":"0","subtitle":"El cantaor, que comparti\u00f3 numerosas actuaciones con Camar\u00f3n, ha fallecido tras una carrera en la que demostr\u00f3 notables cualidades y en la que se hizo querer por todos."},"jnews_primary_category":{"id":"37"},"jnews_override_bookmark_settings":{"override_bookmark_button":"0","override_show_bookmark_button":"0"},"jnews_social_meta":[],"jnews_review":[],"enable_review":"","type":"percentage","name":"","summary":"","brand":"","sku":"","good":[],"bad":[],"score_override":"","override_value":"","rating":[],"price":[],"jnews_override_counter":{"view_counter_number":"0","share_counter_number":"0","like_counter_number":"0","dislike_counter_number":"0"},"footnotes":""},"categories":[37,38],"tags":[54,6894,7860],"class_list":["post-9127","post","type-post","status-publish","format-standard","has-post-thumbnail","hentry","category-actualidad","category-en-portada","tag-cantaor-flamenco","tag-obituario","tag-paquito-de-la-isla","pmpro-has-access"],"acf":[],"gt_translate_keys":[{"key":"link","format":"url"}],"_links":{"self":[{"href":"https:\/\/expoflamenco.com\/revista\/wp-json\/wp\/v2\/posts\/9127","targetHints":{"allow":["GET"]}}],"collection":[{"href":"https:\/\/expoflamenco.com\/revista\/wp-json\/wp\/v2\/posts"}],"about":[{"href":"https:\/\/expoflamenco.com\/revista\/wp-json\/wp\/v2\/types\/post"}],"author":[{"embeddable":true,"href":"https:\/\/expoflamenco.com\/revista\/wp-json\/wp\/v2\/users\/13"}],"replies":[{"embeddable":true,"href":"https:\/\/expoflamenco.com\/revista\/wp-json\/wp\/v2\/comments?post=9127"}],"version-history":[{"count":0,"href":"https:\/\/expoflamenco.com\/revista\/wp-json\/wp\/v2\/posts\/9127\/revisions"}],"wp:featuredmedia":[{"embeddable":true,"href":"https:\/\/expoflamenco.com\/revista\/wp-json\/wp\/v2\/media\/9128"}],"wp:attachment":[{"href":"https:\/\/expoflamenco.com\/revista\/wp-json\/wp\/v2\/media?parent=9127"}],"wp:term":[{"taxonomy":"category","embeddable":true,"href":"https:\/\/expoflamenco.com\/revista\/wp-json\/wp\/v2\/categories?post=9127"},{"taxonomy":"post_tag","embeddable":true,"href":"https:\/\/expoflamenco.com\/revista\/wp-json\/wp\/v2\/tags?post=9127"}],"curies":[{"name":"wp","href":"https:\/\/api.w.org\/{rel}","templated":true}]}}