{"id":9081,"date":"2026-08-13T09:35:25","date_gmt":"2026-08-13T07:35:25","guid":{"rendered":"https:\/\/expoflamenco.com\/revista\/?p=9081"},"modified":"2026-08-13T09:36:01","modified_gmt":"2026-08-13T07:36:01","slug":"anna-galindo-memoriam","status":"publish","type":"post","link":"https:\/\/expoflamenco.com\/revista\/anna-galindo-memoriam\/","title":{"rendered":"Anna Galindo: in memoriam","gt_translate_keys":[{"key":"rendered","format":"text"}]},"content":{"rendered":"<p><strong>Anna Galindo<\/strong>, querida y legendaria maestra y una de las personas flamencas m\u00e1s aut\u00e9nticas que hemos conocido fuera de Espa\u00f1a, falleci\u00f3 el 9 de julio de 2026 en Santa B\u00e1rbara, California.<\/p>\n<p>Nacida en Los \u00c1ngeles en 1942, cuando empez\u00f3 clases de piano a los tres a\u00f1os, su profesora dec\u00eda que ten\u00eda un excelente o\u00eddo. Estudi\u00f3 ballet cl\u00e1sico con <strong>Mme. Rosella Frey<\/strong>, cl\u00e1sico espa\u00f1ol, danza mexicana y flamenco tradicional con <strong>Trinidad Go\u00f1i<\/strong>, y <strong>Luisa y Antonio Triana<\/strong>, que llegaron a California huyendo de la guerra civil espa\u00f1ola.<\/p>\n<p>A sus 10 a\u00f1os, Anna fue elegida entre decenas de bailarinas para representar a sus escuelas y actuar en un almuerzo celebrado en Hollywood en honor de <strong>Carmen Amaya<\/strong>, quien se vio reflejada en Anna y qued\u00f3 fascinada por ella. Al d\u00eda siguiente un taxi fue a recoger a la peque\u00f1a y la llev\u00f3 hasta una mansi\u00f3n, donde le dijeron que llamara a la puerta. Quien la abri\u00f3 no era otra que Carmen Amaya. Anna recibi\u00f3 entonces una serie de clases particulares de la mism\u00edsima Capitana.<\/p>\n<p>&nbsp;<\/p>\n<blockquote><p><em>\u00abAnna Galindo realiz\u00f3 giras con Luisa Triana por todo el suroeste de Estados Unidos, junto a artistas como Mario Escudero y el cantaor Chin\u00edn de Triana. Estuvo de gira durante dos d\u00e9cadas con Juan Talavera y en Los \u00c1ngeles, en tablaos como The Purple Onion, El Cid y el Spaghetti Factory de San Francisco. Bail\u00f3 en plat\u00f3s de cine para Paramount y Colombia Arts\u00bb<\/em><\/p><\/blockquote>\n<p>&nbsp;<\/p>\n<figure id=\"attachment_9083\" aria-describedby=\"caption-attachment-9083\" style=\"width: 1512px\" class=\"wp-caption aligncenter\"><a href=\"https:\/\/expoflamenco.com\/revista\/wp-content\/uploads\/sites\/46\/2026\/08\/anna-galindo-foto-maya-de-silva-rotated.jpg\"><img decoding=\"async\" class=\"size-full wp-image-9083\" src=\"https:\/\/expoflamenco.com\/revista\/wp-content\/uploads\/sites\/46\/2026\/08\/anna-galindo-foto-maya-de-silva-rotated.jpg\" alt=\"Anna Galindo. Foto: Maya de Silva\" width=\"1512\" height=\"2016\" srcset=\"https:\/\/expoflamenco.com\/revista\/wp-content\/uploads\/sites\/46\/2026\/08\/anna-galindo-foto-maya-de-silva-rotated.jpg 1512w, https:\/\/expoflamenco.com\/revista\/wp-content\/uploads\/sites\/46\/2026\/08\/anna-galindo-foto-maya-de-silva-225x300.jpg 225w, https:\/\/expoflamenco.com\/revista\/wp-content\/uploads\/sites\/46\/2026\/08\/anna-galindo-foto-maya-de-silva-768x1024.jpg 768w, https:\/\/expoflamenco.com\/revista\/wp-content\/uploads\/sites\/46\/2026\/08\/anna-galindo-foto-maya-de-silva-1152x1536.jpg 1152w, https:\/\/expoflamenco.com\/revista\/wp-content\/uploads\/sites\/46\/2026\/08\/anna-galindo-foto-maya-de-silva-750x1000.jpg 750w, https:\/\/expoflamenco.com\/revista\/wp-content\/uploads\/sites\/46\/2026\/08\/anna-galindo-foto-maya-de-silva-1140x1520.jpg 1140w\" sizes=\"(max-width: 1512px) 100vw, 1512px\" \/><\/a><figcaption id=\"caption-attachment-9083\" class=\"wp-caption-text\">Anna Galindo. Foto: Maya de Silva<\/figcaption><\/figure>\n<p>&nbsp;<\/p>\n<p>La Sra. Galindo realiz\u00f3 giras con Luisa Triana por todo el suroeste de Estados Unidos, junto a artistas como <strong>Mario Escudero<\/strong> y el cantaor <strong>Chin\u00edn de Triana<\/strong>. Estuvo de gira durante dos d\u00e9cadas con <strong>Juan Talavera<\/strong> y en Los \u00c1ngeles, en tablaos como <strong>The Purple Onion, El Cid y el Spaghetti Factory<\/strong> <strong>de San Francisco<\/strong>. Bail\u00f3 en plat\u00f3s de cine para <strong>Paramount<\/strong> y <strong>Colombia Arts<\/strong>, y fue asistente de la legendaria dise\u00f1adora de vestuario de Hollywood <strong>Edith Head<\/strong>. Imparti\u00f3 clases para el Departamento de Parques y Recreaci\u00f3n de Los \u00c1ngeles, donde fue la primera bailarina de flamenco. Tambi\u00e9n fue maestra de <strong>Lakshmi Basile<\/strong> antes de que <strong>La Chimi<\/strong> se mudara a Sevilla y se convirtiera en otra figura norteamericana destacable del flamenco.<\/p>\n<p>En 1975, la Sra. Galindo se mud\u00f3 a Santa B\u00e1rbara. Imparti\u00f3 clases en el <strong>SB Ballet Theater<\/strong> y en todos los estudios de flamenco. Rompiendo barreras mientras promov\u00eda el flamenco tradicional, fue la primera en traer bailarines masculinos a los espect\u00e1culos de la <strong>Fiesta Noches de Ronda<\/strong>, la primera en usar una bata de cola y en emplear m\u00fasicos en vivo en su grupo <strong>Pacific Action Dance Theater<\/strong>. Los organizadores de la Fiesta dijeron: \u201cNo, no puedes traer m\u00fasicos en vivo al escenario aqu\u00ed\u201d. Su respuesta fue: \u201cAs\u00ed es como se hace el flamenco aut\u00e9ntico. Si no puedo llevar a mis m\u00fasicos al escenario, no hay actuaci\u00f3n\u201d.<\/p>\n<p>Y el mundo de <strong>Santa B\u00e1rbara Old Spanish Days<\/strong> cambi\u00f3. Anna Galindo tuvo una influencia tremenda en aquel evento, entrenando a cientos de bailaores, 22 de los cuales ganar\u00edan el t\u00edtulo honor\u00edfico <strong>Spirit of Fiesta<\/strong>.<\/p>\n<p>Anna dedic\u00f3 su vida a la danza y el baile, enriqueciendo la vida cultural de Santa B\u00e1rbara. Su sentido r\u00edtmico fue infalible, fuesen palmas, caj\u00f3n o el tambor dhumbek. Pint\u00f3 alrededor de cien acr\u00edlicos e hizo cientos de bosquejos y dibujos con sus dibujos llenos de su sentido del humor. Combinando sus dos pasiones, cogi\u00f3 la danza y la meti\u00f3 en sus dibujos.<\/p>\n<p>Fue \u00fanica. La echaremos de menos. \u2666<\/p>\n<p>&nbsp;<\/p>\n<p>Texto: <strong>Maya de Silva<\/strong> y <strong>Estela Zatania<\/strong><\/p>\n<p>&nbsp;<\/p>\n","protected":false,"gt_translate_keys":[{"key":"rendered","format":"html"}]},"excerpt":{"rendered":"<p>Anna Galindo, querida y legendaria maestra y una de las personas flamencas m\u00e1s aut\u00e9nticas que hemos conocido fuera de Espa\u00f1a, falleci\u00f3 el 9 de julio de 2026 en Santa B\u00e1rbara, California.<\/p>\n","protected":false,"gt_translate_keys":[{"key":"rendered","format":"html"}]},"author":35,"featured_media":9082,"comment_status":"open","ping_status":"open","sticky":false,"template":"","format":"standard","meta":{"_acf_changed":false,"pmpro_default_level":"","jnews-multi-image_gallery":[],"jnews_single_post":{"format":"standard","override":[{"template":"3","parallax":"1","fullscreen":"1","layout":"right-sidebar-narrow","sidebar":"default-sidebar","second_sidebar":"default-sidebar","sticky_sidebar":"1","share_position":"top","share_float_style":"share-monocrhome","show_share_counter":"1","show_featured":"1","show_post_meta":"1","show_post_author":"1","show_post_author_image":"1","show_post_date":"1","post_date_format":"default","post_date_format_custom":"Y\/m\/d","show_post_reading_time":"1","post_reading_time_wpm":"250","post_calculate_word_method":"str_word_count","show_zoom_button":"1","zoom_button_out_step":"2","zoom_button_in_step":"3","show_popup_post":"1","show_comment_section":"1","number_popup_post":"1","show_author_box":"1","show_post_related":"1","show_inline_post_related":"1"}],"image_override":[{"single_post_thumbnail_size":"crop-500","single_post_gallery_size":"crop-500"}],"trending_post_position":"meta","trending_post_label":"Trending","sponsored_post_label":"Sponsored by","disable_ad":"0","subtitle":"Anna Galindo, querida y legendaria maestra y una de las personas flamencas m\u00e1s aut\u00e9nticas que hemos conocido fuera de Espa\u00f1a, falleci\u00f3 el 9 de julio de 2026 en Santa B\u00e1rbara, California."},"jnews_primary_category":{"id":"94"},"jnews_override_bookmark_settings":{"override_bookmark_button":"0","override_show_bookmark_button":"0"},"jnews_social_meta":[],"jnews_review":[],"enable_review":"","type":"percentage","name":"","summary":"","brand":"","sku":"","good":[],"bad":[],"score_override":"","override_value":"","rating":[],"price":[],"jnews_override_counter":{"view_counter_number":"0","share_counter_number":"0","like_counter_number":"0","dislike_counter_number":"0"},"footnotes":""},"categories":[38,95,94],"tags":[7850,7851,48,120,6894],"class_list":["post-9081","post","type-post","status-publish","format-standard","has-post-thumbnail","hentry","category-en-portada","category-estela-flamenca","category-firmas","tag-anna-galindo","tag-bailaora-de-california","tag-bailaora-flamenca","tag-flamenco-internacional","tag-obituario","pmpro-has-access"],"acf":[],"gt_translate_keys":[{"key":"link","format":"url"}],"_links":{"self":[{"href":"https:\/\/expoflamenco.com\/revista\/wp-json\/wp\/v2\/posts\/9081","targetHints":{"allow":["GET"]}}],"collection":[{"href":"https:\/\/expoflamenco.com\/revista\/wp-json\/wp\/v2\/posts"}],"about":[{"href":"https:\/\/expoflamenco.com\/revista\/wp-json\/wp\/v2\/types\/post"}],"author":[{"embeddable":true,"href":"https:\/\/expoflamenco.com\/revista\/wp-json\/wp\/v2\/users\/35"}],"replies":[{"embeddable":true,"href":"https:\/\/expoflamenco.com\/revista\/wp-json\/wp\/v2\/comments?post=9081"}],"version-history":[{"count":1,"href":"https:\/\/expoflamenco.com\/revista\/wp-json\/wp\/v2\/posts\/9081\/revisions"}],"predecessor-version":[{"id":9085,"href":"https:\/\/expoflamenco.com\/revista\/wp-json\/wp\/v2\/posts\/9081\/revisions\/9085"}],"wp:featuredmedia":[{"embeddable":true,"href":"https:\/\/expoflamenco.com\/revista\/wp-json\/wp\/v2\/media\/9082"}],"wp:attachment":[{"href":"https:\/\/expoflamenco.com\/revista\/wp-json\/wp\/v2\/media?parent=9081"}],"wp:term":[{"taxonomy":"category","embeddable":true,"href":"https:\/\/expoflamenco.com\/revista\/wp-json\/wp\/v2\/categories?post=9081"},{"taxonomy":"post_tag","embeddable":true,"href":"https:\/\/expoflamenco.com\/revista\/wp-json\/wp\/v2\/tags?post=9081"}],"curies":[{"name":"wp","href":"https:\/\/api.w.org\/{rel}","templated":true}]}}