{"id":853,"date":"2024-03-20T17:52:59","date_gmt":"2024-03-20T16:52:59","guid":{"rendered":"https:\/\/expoflamenco.com\/revistanew\/manolo-simon-cuando-a-uno-no-le-sale-el-cante-como-quiere-sufre-muchisimo\/"},"modified":"2024-03-20T17:52:59","modified_gmt":"2024-03-20T16:52:59","slug":"manolo-simon-cuando-a-uno-no-le-sale-el-cante-como-quiere-sufre-muchisimo","status":"publish","type":"post","link":"https:\/\/expoflamenco.com\/revista\/manolo-simon-cuando-a-uno-no-le-sale-el-cante-como-quiere-sufre-muchisimo\/","title":{"rendered":"Manolo Sim\u00f3n: \u00abCuando a uno no le sale el cante como quiere sufre much\u00edsimo\u00bb","gt_translate_keys":[{"key":"rendered","format":"text"}]},"content":{"rendered":"<p class=\"p1\"><span class=\"s1\">Quiso ser torero, pero como le ocurri\u00f3 a otros tantos en esa \u00e9poca no encontr\u00f3 ni las oportunidades, y adem\u00e1s \u00abme partieron el estern\u00f3n en \u00dabeda\u00bb, y prefiri\u00f3 jug\u00e1rsela menos en el cante. Es un decir, porque en el flamenco tampoco lo ha tenido del todo f\u00e1cil, aunque s\u00ed que no se le puede negar el empe\u00f1o continuo por dejar una buena trayectoria y discograf\u00eda. <strong>Manolo Sim\u00f3n<\/strong> es jerezano (1953), tiene una voz portentosa, como pueden comprobar en el inicio de esta entrevista grabada en la <strong>Bodeguita de Jes\u00fas<\/strong>, cerca de donde vive el cantaor. Va camino de publicar su decimos\u00e9ptimo disco, en los que ha recogido una amplia antolog\u00eda, domina casi todos los estilos. \u00abDicen algunas cr\u00edticas que soy uno de los m\u00e1s largos que est\u00e1n quedando\u00bb, dice. Es inquieto, \u00absi hoy quiero hacer una cosa, ma\u00f1ana quiero hacer otra\u00bb. De premios tiene tela, \u00abcien primeros premios por lo menos\u00bb<\/span><span class=\"s1\">.<\/span><\/p>\n<p>&nbsp;<\/p>\n<p>&nbsp;<\/p>\n<blockquote>\n<p class=\"p1\"><em><span class=\"s1\">\u00abLos concursos dan experiencia, satisfacciones y algunos berrenchines\u00bb<\/span><\/em><\/p>\n<\/blockquote>\n<p>&nbsp;<\/p>\n<p>&nbsp;<\/p>\n<figure id=\"attachment_49029\" aria-describedby=\"caption-attachment-49029\" style=\"width: 1600px\" class=\"wp-caption aligncenter\"><a href=\"https:\/\/expoflamenco.com\/prensa\/wp-content\/uploads\/sites\/17\/2024\/03\/expoflamenco-manolo-simon-4-entrevista-con-juan-garrido.jpg\"><img fetchpriority=\"high\" decoding=\"async\" class=\"size-full wp-image-49029\" src=\"https:\/\/expoflamenco.com\/prensa\/wp-content\/uploads\/sites\/17\/2024\/03\/expoflamenco-manolo-simon-4-entrevista-con-juan-garrido.jpg\" alt=\"\" width=\"1600\" height=\"898\" \/><\/a><figcaption id=\"caption-attachment-49029\" class=\"wp-caption-text\">El cantaor jerezano Manolo Sim\u00f3n, durante su charla con Juan Garrido en la Bodeguita de Jes\u00fas, Jerez. Marzo 2024.<\/figcaption><\/figure>\n<p>&nbsp;<\/p>\n<figure id=\"attachment_49025\" aria-describedby=\"caption-attachment-49025\" style=\"width: 1300px\" class=\"wp-caption aligncenter\"><a href=\"https:\/\/expoflamenco.com\/prensa\/wp-content\/uploads\/sites\/17\/2024\/03\/expoflamenco-manolo-simon-1-entrevista-con-juan-garrido.jpg\"><img decoding=\"async\" class=\"size-full wp-image-49025\" src=\"https:\/\/expoflamenco.com\/prensa\/wp-content\/uploads\/sites\/17\/2024\/03\/expoflamenco-manolo-simon-1-entrevista-con-juan-garrido.jpg\" alt=\"\" width=\"1300\" height=\"800\" \/><\/a><figcaption id=\"caption-attachment-49025\" class=\"wp-caption-text\">El cantaor jerezano Manolo Sim\u00f3n, durante su charla con Juan Garrido en la Bodeguita de Jes\u00fas, Jerez. Marzo 2024.<\/figcaption><\/figure>\n<p>&nbsp;<\/p>\n","protected":false,"gt_translate_keys":[{"key":"rendered","format":"html"}]},"excerpt":{"rendered":"<p>El cantaor jerezano Manolo Sim\u00f3n charla con Juan Garrido en exclusiva para expoflamenco desde la Bodeguita de Jes\u00fas, Jerez.<\/p>\n","protected":false,"gt_translate_keys":[{"key":"rendered","format":"html"}]},"author":34,"featured_media":854,"comment_status":"open","ping_status":"open","sticky":false,"template":"","format":"standard","meta":{"_acf_changed":false,"pmpro_default_level":"","jnews-multi-image_gallery":[],"jnews_single_post":null,"jnews_primary_category":[],"jnews_override_bookmark_settings":{"override_bookmark_button":"0","override_show_bookmark_button":"0"},"jnews_social_meta":[],"jnews_review":[],"enable_review":"","type":"percentage","name":"","summary":"","brand":"","sku":"","good":[],"bad":[],"score_override":"","override_value":"","rating":[],"price":[],"jnews_override_counter":{"view_counter_number":"0","share_counter_number":"0","like_counter_number":"0","dislike_counter_number":"0"},"footnotes":""},"categories":[38,130],"tags":[243,195,788],"class_list":["post-853","post","type-post","status-publish","format-standard","has-post-thumbnail","hentry","category-en-portada","category-entrevistas","tag-cantaor-jerezano","tag-flamenco","tag-manolo-simon","pmpro-has-access"],"acf":[],"aioseo_notices":[],"gt_translate_keys":[{"key":"link","format":"url"}],"_links":{"self":[{"href":"https:\/\/expoflamenco.com\/revista\/wp-json\/wp\/v2\/posts\/853","targetHints":{"allow":["GET"]}}],"collection":[{"href":"https:\/\/expoflamenco.com\/revista\/wp-json\/wp\/v2\/posts"}],"about":[{"href":"https:\/\/expoflamenco.com\/revista\/wp-json\/wp\/v2\/types\/post"}],"author":[{"embeddable":true,"href":"https:\/\/expoflamenco.com\/revista\/wp-json\/wp\/v2\/users\/34"}],"replies":[{"embeddable":true,"href":"https:\/\/expoflamenco.com\/revista\/wp-json\/wp\/v2\/comments?post=853"}],"version-history":[{"count":0,"href":"https:\/\/expoflamenco.com\/revista\/wp-json\/wp\/v2\/posts\/853\/revisions"}],"wp:featuredmedia":[{"embeddable":true,"href":"https:\/\/expoflamenco.com\/revista\/wp-json\/wp\/v2\/media\/854"}],"wp:attachment":[{"href":"https:\/\/expoflamenco.com\/revista\/wp-json\/wp\/v2\/media?parent=853"}],"wp:term":[{"taxonomy":"category","embeddable":true,"href":"https:\/\/expoflamenco.com\/revista\/wp-json\/wp\/v2\/categories?post=853"},{"taxonomy":"post_tag","embeddable":true,"href":"https:\/\/expoflamenco.com\/revista\/wp-json\/wp\/v2\/tags?post=853"}],"curies":[{"name":"wp","href":"https:\/\/api.w.org\/{rel}","templated":true}]}}