{"id":851,"date":"2024-03-21T12:23:19","date_gmt":"2024-03-21T11:23:19","guid":{"rendered":"https:\/\/expoflamenco.com\/revistanew\/abierto-el-plazo-de-inscripcion-para-el-63o-concurso-del-cante-de-las-minas\/"},"modified":"2024-03-21T12:23:19","modified_gmt":"2024-03-21T11:23:19","slug":"abierto-el-plazo-de-inscripcion-para-el-63o-concurso-del-cante-de-las-minas","status":"publish","type":"post","link":"https:\/\/expoflamenco.com\/revista\/abierto-el-plazo-de-inscripcion-para-el-63o-concurso-del-cante-de-las-minas\/","title":{"rendered":"Abierto el plazo de inscripci\u00f3n para el 63\u00ba Concurso del Cante de las Minas","gt_translate_keys":[{"key":"rendered","format":"text"}]},"content":{"rendered":"<p>El <strong>Festival Internacional del Cante de las Minas<\/strong> abre el plazo para participar en el considerado como el mejor concurso de flamenco del mundo. El certamen de la 63\u00aa edici\u00f3n del festival de La Uni\u00f3n vuelve a buscar a los mejores artistas para que su paso por la \u2018Catedral del Cante\u2019, el Antiguo Mercado P\u00fablico, sea el inicio de una exitosa trayectoria dentro del flamenco.<\/p>\n<p>&nbsp;<\/p>\n<p>Las bases, que se pueden consultar en la web <a href=\"http:\/\/www.festivalcantedelasminas.org\">www.festivalcantedelasminas.org<\/a>, incluyen en esta edici\u00f3n algunas novedades. La primera de ellas es que un mismo jurado se encargar\u00e1 de la clasificaci\u00f3n de los aspirantes a los m\u00e1ximos galardones en todas las fases del concurso, desde la selecci\u00f3n previa hasta la final, pasando por las pruebas selectivas.<\/p>\n<p>&nbsp;<\/p>\n<p>Los cambios m\u00e1s significativos est\u00e1n en el concurso de Cante Flamenco, ya que para alzarse con la prestigiosa \u2018L\u00e1mpara Minera\u2019 ser\u00e1 obligatorio ganar el primer premio de Mineras. Los aspirantes tambi\u00e9n deber\u00e1n ser conocedores de los cantes del Grupo de \u2018Cantes Mineros\u2019, para lo cual deber\u00e1n interpretar, mediante sorteo p\u00fablico, unos de los cantes que engloba (cartageneras, tarantas, resto de cantes), exceptuando la minera. A esto se suma el requisito de haberse clasificado en la fase final en alguno de los cantes de los Grupos II y III.<\/p>\n<p>&nbsp;<\/p>\n<p>Tambi\u00e9n cambian las dotaciones. En el Grupo \u2018Cantes Mineros\u2019, los premios ascienden a la cuant\u00eda econ\u00f3mica de 3.000 euros, el doble que en anteriores ediciones. Los \u2018Cantes Bajoandaluces\u2019 (Grupo III) se dividen en esta ocasi\u00f3n en dos grupos: el A, que incluye ton\u00e1s, siguiriyas, soleares, buler\u00edas por sole\u00e1, ca\u00f1as, polos livianas y serranas, y el B, con buler\u00edas, canti\u00f1as, tangos, tientos, peteneras, farrucas, fandangos personales. Los premiados en cada una de ambas categor\u00edas recibir\u00e1n un premio de 3.000 euros.<\/p>\n<p>&nbsp;<\/p>\n<p>El Grupo II pasa a denominarse \u2018Cantes de M\u00e1laga, Granada y C\u00f3rdoba y Otros Cantes Derivados del Fandango Andaluz\u2019, que incluye un solo premio por cualquiera de los cantes, con una dotaci\u00f3n de 3.000 euros. Por \u00faltimo, el Premio Cantaores J\u00f3venes asciende de 1.500 a 2.000 euros en estas nuevas bases.<\/p>\n<p>&nbsp;<\/p>\n<p>El jurado valorar\u00e1 la originalidad estil\u00edstica y del repertorio musical y literario, as\u00ed como las aportaciones art\u00edsticas personales del cantaor dentro de la ortodoxia de cada cante. En esta edici\u00f3n, el premio por murcianas est\u00e1 patrocinado por el Ayuntamiento de Murcia, y el de cartageneras por el Ayuntamiento de Cartagena.<\/p>\n<p>&nbsp;<\/p>\n<h3><strong>Nuevos premios<\/strong><\/h3>\n<p>En esta edici\u00f3n se ha incorporado un Premio Especial del Jurado, dotado con la cantidad de 1.000 euros mejor artista de acompa\u00f1amiento en los concursos de Baile e Instrumentista Flamenco, reconociendo as\u00ed la importancia de la labor que realizan a la hora de que los concursantes se alcen con los premios \u2018Desplante\u2019 y \u2018Fil\u00f3n\u2019. La calidad en los concursos de Instrumentista y Guitarra Flamenca han motivado la puesta en marcha de un segundo premio en cada una de las dos categor\u00edas, dotadas en ambos casos de 2.000 euros y un diploma acreditativo.<\/p>\n<p>&nbsp;<\/p>\n<p>\u201cUno de nuestros primeros objetivos fue revisar las bases del concurso y adecuarlas a estos tiempos, poniendo en valor la defensa de nuestro mayor legado cultural, los cantes mineros. Las nuevas dotaciones y premios pretenden ser un aliciente para que este talento flamenco que hay en diferentes rincones del mundo se sienta atra\u00eddo por nuestro concurso y siga la estela de \u00e9xito de otros artistas que han ganado en La Uni\u00f3n, como Miguel Poveda, Roc\u00edo M\u00e1rquez, Vicente Amigo o Eduardo Guerrero, entre muchos otros\u201d, indica el presidente de la Fundaci\u00f3n Cante de las Minas, <strong>Joaqu\u00edn Zapata<\/strong>.<\/p>\n<p>&nbsp;<\/p>\n<p>Los artistas tendr\u00e1n hasta el 1 de junio para realizar su inscripci\u00f3n desde la web <a href=\"http:\/\/www.festivalcantedelasminas.org\">www.festivalcantedelasminas.org<\/a>, siendo este plazo hasta el 1 de julio en la categor\u00eda de Instrumentista flamenco<\/p>\n<p>&nbsp;<\/p>\n<h3><strong>Convocatoria cultural<br \/>\n<\/strong><\/h3>\n<p>La Fundaci\u00f3n Cante de las Minas, en su objetivo de promover y estimular el desarrollo de manifestaciones culturales en torno al Festival Internacional del Cante de las Minas y el flamenco, efect\u00faa una convocatoria destinada a premiar determinadas actividades que versen sobre aspectos relevantes de La Uni\u00f3n, el Festival o los cantes. As\u00ed, la XXII Convocatoria Cultural Internacional abre el plazo para proponer a la organizaci\u00f3n personas, entidades u organismos que destaquen en aspectos como poes\u00eda, prosa, periodismo, artes pl\u00e1sticas, discograf\u00eda, investigaci\u00f3n o gastronom\u00eda, quedando reservado a la organizaci\u00f3n la capacidad de establecer otros premios si lo considera oportuno.<\/p>\n<p>&nbsp;<\/p>\n<p>Estos reconocimientos consisten en un diploma acreditativo y un trofeo, por lo que carecen de dotaci\u00f3n econ\u00f3mica. Las propuestas pueden realizarse hasta el 30 de junio poni\u00e9ndose en contacto directo con la Fundaci\u00f3n Cante de las Minas.<\/p>\n<p>&nbsp;<\/p>\n","protected":false,"gt_translate_keys":[{"key":"rendered","format":"html"}]},"excerpt":{"rendered":"<p>Entre las novedades se a\u00f1ade la obligatoriedad de ganar el premio por Mineras para alzarse con la prestigiosa \u2018L\u00e1mpara Minera\u2019. Los artistas tienen hasta el 1 de junio para realizar su inscripci\u00f3n desde la web www.festivalcantedelasminas.org, hasta el 1 de julio para Instrumentista flamenco.<\/p>\n","protected":false,"gt_translate_keys":[{"key":"rendered","format":"html"}]},"author":5,"featured_media":852,"comment_status":"open","ping_status":"open","sticky":false,"template":"","format":"standard","meta":{"_acf_changed":false,"pmpro_default_level":"","jnews-multi-image_gallery":[],"jnews_single_post":[],"jnews_primary_category":[],"jnews_override_bookmark_settings":[],"jnews_social_meta":[],"jnews_review":[],"enable_review":"","type":"","name":"","summary":"","brand":"","sku":"","good":[],"bad":[],"score_override":"","override_value":"","rating":[],"price":[],"jnews_override_counter":[],"footnotes":""},"categories":[37],"tags":[786,195,787],"class_list":["post-851","post","type-post","status-publish","format-standard","has-post-thumbnail","hentry","category-actualidad","tag-concurso-del-festival-cante-de-las-minas","tag-flamenco","tag-plazo-inscripcion-artistas","pmpro-has-access"],"acf":[],"aioseo_notices":[],"gt_translate_keys":[{"key":"link","format":"url"}],"_links":{"self":[{"href":"https:\/\/expoflamenco.com\/revista\/wp-json\/wp\/v2\/posts\/851","targetHints":{"allow":["GET"]}}],"collection":[{"href":"https:\/\/expoflamenco.com\/revista\/wp-json\/wp\/v2\/posts"}],"about":[{"href":"https:\/\/expoflamenco.com\/revista\/wp-json\/wp\/v2\/types\/post"}],"author":[{"embeddable":true,"href":"https:\/\/expoflamenco.com\/revista\/wp-json\/wp\/v2\/users\/5"}],"replies":[{"embeddable":true,"href":"https:\/\/expoflamenco.com\/revista\/wp-json\/wp\/v2\/comments?post=851"}],"version-history":[{"count":0,"href":"https:\/\/expoflamenco.com\/revista\/wp-json\/wp\/v2\/posts\/851\/revisions"}],"wp:featuredmedia":[{"embeddable":true,"href":"https:\/\/expoflamenco.com\/revista\/wp-json\/wp\/v2\/media\/852"}],"wp:attachment":[{"href":"https:\/\/expoflamenco.com\/revista\/wp-json\/wp\/v2\/media?parent=851"}],"wp:term":[{"taxonomy":"category","embeddable":true,"href":"https:\/\/expoflamenco.com\/revista\/wp-json\/wp\/v2\/categories?post=851"},{"taxonomy":"post_tag","embeddable":true,"href":"https:\/\/expoflamenco.com\/revista\/wp-json\/wp\/v2\/tags?post=851"}],"curies":[{"name":"wp","href":"https:\/\/api.w.org\/{rel}","templated":true}]}}