{"id":849,"date":"2024-03-21T13:26:19","date_gmt":"2024-03-21T12:26:19","guid":{"rendered":"https:\/\/expoflamenco.com\/revistanew\/conciertos-primaverales-del-programa-aienruta-flamencos-2024\/"},"modified":"2024-03-21T13:26:19","modified_gmt":"2024-03-21T12:26:19","slug":"conciertos-primaverales-del-programa-aienruta-flamencos-2024","status":"publish","type":"post","link":"https:\/\/expoflamenco.com\/revista\/conciertos-primaverales-del-programa-aienruta-flamencos-2024\/","title":{"rendered":"Conciertos primaverales del programa AIEnRuta Flamencos 2024","gt_translate_keys":[{"key":"rendered","format":"text"}]},"content":{"rendered":"<p>El programa <strong>AIEnRuta &#8211; Flamencos <\/strong>de la <strong>Sociedad de Artistas Int\u00e9rpretes o Ejecutantes <\/strong>(AIE) ha dado a conocer los pr\u00f3ximos conciertos para esta primavera. Los artistas seleccionados son \u00c1lvaro Martinete (toque), Laura Marchal (cante), Luc\u00eda Beltr\u00e1n (toque), Rafa del Calli (cante), Manuel Cerpa (toque) y Marcos de Silvia (toque).<\/p>\n<p>&nbsp;<\/p>\n<p>AIEnRuta &#8211; Flamencos es un programa organizado por la Sociedad de Artistas Int\u00e9rpretes o Ejecutantes (AIE), la entidad de gesti\u00f3n de los derechos de propiedad intelectual de los artistas, int\u00e9rpretes o ejecutantes, con la colaboraci\u00f3n de diferentes Universidades.<\/p>\n<p>El \u00e1mbito universitario acoge, desde entonces, <strong>una treintena de conciertos cada a\u00f1o<\/strong>. Un jurado independiente formado por periodistas especializados y de fundaciones elige cada a\u00f1o a cinco artistas menores de treinta a\u00f1os. Los j\u00f3venes int\u00e9rpretes seleccionados ofrecen, con el apoyo econ\u00f3mico, de producci\u00f3n y difusi\u00f3n de AIE, presentaciones en vivo en universidades de Madrid, Castilla y Le\u00f3n y Castilla La Mancha, entre otros espacios, de enero a diciembre.<\/p>\n<p>&nbsp;<\/p>\n<h3>Conciertos AIEnRuta<\/h3>\n<p style=\"font-weight: 400;\">SAETAS SEMANA SANTA de MADRID<br \/>\n<strong>RAFAEL DEL CALLI<\/strong><br \/>\n<strong>Jueves Santo 28 Marzo <\/strong>Balc\u00f3n Real Casa de Correos Puerta del Sol.<br \/>\n19h45 Procesi\u00f3n de Jes\u00fas del Gran Poder.<br \/>\n21h30 Procesi\u00f3n de Jes\u00fas el Pobre.<\/p>\n<p><strong>LUC\u00cdA BELTR\u00c1N<\/strong><br \/>\n<strong>Viernes Santo 29 Marzo <\/strong>Balc\u00f3n del Casino de Madrid.<br \/>\n20h00&nbsp;Encuentro Virgen de la Soledad y Jes\u00fas de Medinaceli.<br \/>\n&nbsp;<br \/>\n<strong>EL PERRETE<\/strong><br \/>\n<strong>Viernes Santo 29 Marzo <\/strong>Balc\u00f3n de la Plaza de la Villa.<br \/>\n20h45&nbsp;Encuentro de los Siete Dolores y el Cristo de los Alabarderos.<br \/>\n&nbsp;<br \/>\n<strong>PURA NAVARRO<\/strong><br \/>\n<strong>S\u00e1bado Santo 30 Marzo <\/strong>Balc\u00f3n de la Plaza de la Villa.<br \/>\n18h30 Saeta de la Virgen de la Soledad y el Cristo Yacente.<br \/>\n&nbsp;<br \/>\n<strong>AUDITORIO COLEGIO LOS BASILIOS<\/strong><br \/>\nUAH C\/ Colegios, 10, Alcal\u00e1 de Henares.<\/p>\n<p>15 Abril&nbsp;&nbsp;&nbsp;&nbsp;&nbsp;&nbsp;&nbsp;&nbsp;&nbsp;&nbsp;&nbsp;&nbsp;&nbsp;&nbsp;&nbsp;&nbsp;&nbsp;&nbsp;&nbsp;&nbsp;&nbsp;&nbsp;&nbsp;&nbsp;&nbsp; <strong>LAURA MARCHAL <\/strong>(Cante)<br \/>\n16 Abril&nbsp;&nbsp;&nbsp;&nbsp;&nbsp;&nbsp;&nbsp;&nbsp;&nbsp;&nbsp;&nbsp;&nbsp;&nbsp;&nbsp;&nbsp;&nbsp;&nbsp;&nbsp;&nbsp;&nbsp;&nbsp;&nbsp;&nbsp;&nbsp;&nbsp; <strong>\u00c1LVARO MARTINETE <\/strong>(Guitarra)<br \/>\n17 Abril&nbsp;&nbsp;&nbsp;&nbsp;&nbsp;&nbsp;&nbsp;&nbsp;&nbsp;&nbsp;&nbsp;&nbsp;&nbsp;&nbsp;&nbsp;&nbsp;&nbsp;&nbsp;&nbsp;&nbsp;&nbsp;&nbsp;&nbsp;&nbsp;&nbsp; <strong>LUC\u00cdA BELTR\u00c1N<\/strong> (Cante)<br \/>\n18 Abril &nbsp;&nbsp;&nbsp;&nbsp;&nbsp;&nbsp;&nbsp;&nbsp;&nbsp;&nbsp;&nbsp;&nbsp;&nbsp;&nbsp;&nbsp;&nbsp;&nbsp;&nbsp;&nbsp;&nbsp;&nbsp;&nbsp;&nbsp;&nbsp;&nbsp;<strong>MARCOS DE SILVIA <\/strong>(Guitarra)<br \/>\n&nbsp;<br \/>\n<strong>FACULTAD DE TURISMO Y COMERCIO<\/strong><br \/>\nUCM. Av. de Filipinas, 3, Madrid.<\/p>\n<p>18 Abril&nbsp;&nbsp;&nbsp;&nbsp;&nbsp;&nbsp;&nbsp;&nbsp;&nbsp;&nbsp;&nbsp;&nbsp;&nbsp;&nbsp;&nbsp;&nbsp;&nbsp;&nbsp;&nbsp;&nbsp;&nbsp;&nbsp;&nbsp;&nbsp;&nbsp; <strong>RAFAEL DEL CALLI<\/strong> (Cante)<br \/>\n09 Mayo&nbsp;&nbsp;&nbsp;&nbsp;&nbsp;&nbsp;&nbsp;&nbsp;&nbsp;&nbsp;&nbsp;&nbsp;&nbsp;&nbsp;&nbsp;&nbsp;&nbsp;&nbsp;&nbsp;&nbsp;&nbsp;&nbsp;&nbsp;&nbsp;&nbsp;<strong>\u00c1LVARO MARTINETE <\/strong>(Guitarra)<br \/>\n30 Mayo&nbsp;&nbsp;&nbsp;&nbsp;&nbsp;&nbsp;&nbsp;&nbsp;&nbsp;&nbsp;&nbsp;&nbsp;&nbsp;&nbsp;&nbsp;&nbsp;&nbsp;&nbsp;&nbsp;&nbsp;&nbsp;&nbsp;&nbsp;&nbsp;&nbsp;<strong>LUC\u00cdA BELTR\u00c1N <\/strong>(Cante)<\/p>\n<p style=\"font-weight: 400;\">&nbsp;<\/p>\n","protected":false,"gt_translate_keys":[{"key":"rendered","format":"html"}]},"excerpt":{"rendered":"<p>El programa AIEnRuta &#8211; Flamencos de la Sociedad de Artistas Int\u00e9rpretes o Ejecutantes (AIE) ha dado a conocer los pr\u00f3ximos conciertos de primavera: \u00c1lvaro Martinete (toque), Laura Marchal (cante), Luc\u00eda Beltr\u00e1n (toque), Rafa del Calli (cante), Manuel Cerpa (toque) y Marcos de Silvia (toque).<\/p>\n","protected":false,"gt_translate_keys":[{"key":"rendered","format":"html"}]},"author":5,"featured_media":850,"comment_status":"open","ping_status":"open","sticky":false,"template":"","format":"standard","meta":{"_acf_changed":false,"pmpro_default_level":"","jnews-multi-image_gallery":[],"jnews_single_post":[],"jnews_primary_category":[],"jnews_override_bookmark_settings":[],"jnews_social_meta":[],"jnews_review":[],"enable_review":"","type":"","name":"","summary":"","brand":"","sku":"","good":[],"bad":[],"score_override":"","override_value":"","rating":[],"price":[],"jnews_override_counter":[],"footnotes":""},"categories":[37],"tags":[784,195,785],"class_list":["post-849","post","type-post","status-publish","format-standard","has-post-thumbnail","hentry","category-actualidad","tag-aienruta-flamencos-2024","tag-flamenco","tag-manuel-cerpa","pmpro-has-access"],"acf":[],"aioseo_notices":[],"gt_translate_keys":[{"key":"link","format":"url"}],"_links":{"self":[{"href":"https:\/\/expoflamenco.com\/revista\/wp-json\/wp\/v2\/posts\/849","targetHints":{"allow":["GET"]}}],"collection":[{"href":"https:\/\/expoflamenco.com\/revista\/wp-json\/wp\/v2\/posts"}],"about":[{"href":"https:\/\/expoflamenco.com\/revista\/wp-json\/wp\/v2\/types\/post"}],"author":[{"embeddable":true,"href":"https:\/\/expoflamenco.com\/revista\/wp-json\/wp\/v2\/users\/5"}],"replies":[{"embeddable":true,"href":"https:\/\/expoflamenco.com\/revista\/wp-json\/wp\/v2\/comments?post=849"}],"version-history":[{"count":0,"href":"https:\/\/expoflamenco.com\/revista\/wp-json\/wp\/v2\/posts\/849\/revisions"}],"wp:featuredmedia":[{"embeddable":true,"href":"https:\/\/expoflamenco.com\/revista\/wp-json\/wp\/v2\/media\/850"}],"wp:attachment":[{"href":"https:\/\/expoflamenco.com\/revista\/wp-json\/wp\/v2\/media?parent=849"}],"wp:term":[{"taxonomy":"category","embeddable":true,"href":"https:\/\/expoflamenco.com\/revista\/wp-json\/wp\/v2\/categories?post=849"},{"taxonomy":"post_tag","embeddable":true,"href":"https:\/\/expoflamenco.com\/revista\/wp-json\/wp\/v2\/tags?post=849"}],"curies":[{"name":"wp","href":"https:\/\/api.w.org\/{rel}","templated":true}]}}