{"id":809,"date":"2024-04-04T18:15:24","date_gmt":"2024-04-04T16:15:24","guid":{"rendered":"https:\/\/expoflamenco.com\/revistanew\/pepe-habichuela-recordando-a-paco-de-lucia-en-la-gran-manzana\/"},"modified":"2024-04-04T18:15:24","modified_gmt":"2024-04-04T16:15:24","slug":"pepe-habichuela-recordando-a-paco-de-lucia-en-la-gran-manzana","status":"publish","type":"post","link":"https:\/\/expoflamenco.com\/revista\/pepe-habichuela-recordando-a-paco-de-lucia-en-la-gran-manzana\/","title":{"rendered":"Pepe Habichuela, recordando a Paco de Luc\u00eda en la Gran Manzana","gt_translate_keys":[{"key":"rendered","format":"text"}]},"content":{"rendered":"<p>\u00abFeliz, me siento feliz de estar aqu\u00ed en Nueva York y tocar para \u00e9l\u00bb, dice Jos\u00e9 Antonio Carmona Carmona, <strong>Pepe Habichuela<\/strong> (Granada, 1944). Se refiere a <strong>Paco de Luc\u00eda<\/strong>, que da nombre al <a href=\"https:\/\/pacodelucialegacy.com\/es\/\" target=\"_blank\" rel=\"noopener\">Festival Paco de Luc\u00eda Legacy<\/a> en el d\u00e9cimo aniversario de su fallecimiento. En esta amena conversaci\u00f3n para <em>expoflamenco<\/em> previa a su actuaci\u00f3n en Manhattan, el maestro recuerda su buena relaci\u00f3n con el genio algecire\u00f1o, el compa\u00f1erismo que exist\u00eda entre ellos. \u00bfLa guitarra de Granada es la guitarra del mundo? \u00abEso dicen. Yo no puedo decirlo, porque soy de Granada. Pero s\u00ed, las guitarras de Granada son especiales, el rasgueado, el toque del Sacromonte, las ense\u00f1anzas de Marote, que era el mejor tocando para baile\u00bb. Sobre la fusi\u00f3n, Habichuela reconoce su disfrute tocando por seguiriyas junto a grandes m\u00fasicos de jazz, sin que tales mezclas le restaran dolor al toque jondo. Recuerda sus tiempos en la Gran Manzana con el proyecto <em>Flamenco Puro<\/em>, junto a <strong>Chocolate, Fernanda, Manuela Carrasco, Angelita Vargas, Adela la Chaqueta<\/strong>&#8230; \u00abSal\u00eda la Carrasco a bailar y formaba el taco. Un aplauso tremendo. Y Angelita bailaba unos tientos muy bonitos\u00bb. \u00bfA\u00fan en activo? \u00abAhora me est\u00e1n haciendo un libro disco y har\u00e9 una gira por Espa\u00f1a para presentarlo\u00bb. Y como fin de fiesta, que las entrevistas audiovisuales tambi\u00e9n lo tienen, o por lo menos estas nuestras, una charla en japon\u00e9s con nuestra acompa\u00f1ante Yurie Kaneko y un cantecito de Jafel\u00edn. Muy grande el maestro Pepe Habichuela.<\/p>\n<p>&nbsp;<\/p>\n<p>&nbsp;<\/p>\n<figure id=\"attachment_49356\" aria-describedby=\"caption-attachment-49356\" style=\"width: 1500px\" class=\"wp-caption aligncenter\"><a href=\"https:\/\/expoflamenco.com\/prensa\/wp-content\/uploads\/sites\/17\/2024\/04\/expoflamenco-pepe-habichuela-2-entrevista-jafelin-helten-en-hotel-hilton-garden-nueva-york-feb24.jpg\"><img fetchpriority=\"high\" decoding=\"async\" class=\"size-full wp-image-49356\" src=\"https:\/\/expoflamenco.com\/prensa\/wp-content\/uploads\/sites\/17\/2024\/04\/expoflamenco-pepe-habichuela-2-entrevista-jafelin-helten-en-hotel-hilton-garden-nueva-york-feb24.jpg\" alt=\"\" width=\"1500\" height=\"842\" \/><\/a><figcaption id=\"caption-attachment-49356\" class=\"wp-caption-text\">Fin de fiesta. El guitarrista granadino Pepe Habichuela, entrevistado por Jafel\u00edn Helten en Nueva York. Hotel Hilton Garden Inn.<\/figcaption><\/figure>\n<p>&nbsp;<\/p>\n<figure id=\"attachment_49360\" aria-describedby=\"caption-attachment-49360\" style=\"width: 1300px\" class=\"wp-caption aligncenter\"><a href=\"https:\/\/expoflamenco.com\/prensa\/wp-content\/uploads\/sites\/17\/2024\/04\/expoflamenco-pepe-habichuela-3-entrevista-jafelin-helten-en-hotel-hilton-garden-nueva-york-feb24.jpg\"><img decoding=\"async\" class=\"size-full wp-image-49360\" src=\"https:\/\/expoflamenco.com\/prensa\/wp-content\/uploads\/sites\/17\/2024\/04\/expoflamenco-pepe-habichuela-3-entrevista-jafelin-helten-en-hotel-hilton-garden-nueva-york-feb24.jpg\" alt=\"\" width=\"1300\" height=\"800\" \/><\/a><figcaption id=\"caption-attachment-49360\" class=\"wp-caption-text\">El guitarrista granadino Pepe Habichuela, entrevistado por Jafel\u00edn Helten en Nueva York. Hotel Hilton Garden Inn.<\/figcaption><\/figure>\n<p>&nbsp;<\/p>\n","protected":false,"gt_translate_keys":[{"key":"rendered","format":"html"}]},"excerpt":{"rendered":"<p>El veterano guitarrista granadino Pepe Habichuela es entrevistado por Jafel\u00edn Helten en exclusiva para expoflamenco con motivo de su presencia en el Festival Paco de Luc\u00eda Legacy, Nueva York. \u00abS\u00ed, las guitarras de Granada son especiales, el toque del Sacromonte, el rasgueado de Marote\u00bb, dice.<\/p>\n","protected":false,"gt_translate_keys":[{"key":"rendered","format":"html"}]},"author":57,"featured_media":810,"comment_status":"open","ping_status":"open","sticky":false,"template":"","format":"standard","meta":{"_acf_changed":false,"pmpro_default_level":"","jnews-multi-image_gallery":[],"jnews_single_post":null,"jnews_primary_category":[],"jnews_override_bookmark_settings":{"override_bookmark_button":"0","override_show_bookmark_button":"0"},"jnews_social_meta":[],"jnews_review":[],"enable_review":"","type":"percentage","name":"","summary":"","brand":"","sku":"","good":[],"bad":[],"score_override":"","override_value":"","rating":[],"price":[],"jnews_override_counter":{"view_counter_number":"0","share_counter_number":"0","like_counter_number":"0","dislike_counter_number":"0"},"footnotes":""},"categories":[130],"tags":[476,279,195,739,740],"class_list":["post-809","post","type-post","status-publish","format-standard","has-post-thumbnail","hentry","category-entrevistas","tag-nueva-york","tag-festival-paco-de-lucia-legacy","tag-flamenco","tag-guitarrista-granadino","tag-pepe-habichuela","pmpro-has-access"],"acf":[],"aioseo_notices":[],"gt_translate_keys":[{"key":"link","format":"url"}],"_links":{"self":[{"href":"https:\/\/expoflamenco.com\/revista\/wp-json\/wp\/v2\/posts\/809","targetHints":{"allow":["GET"]}}],"collection":[{"href":"https:\/\/expoflamenco.com\/revista\/wp-json\/wp\/v2\/posts"}],"about":[{"href":"https:\/\/expoflamenco.com\/revista\/wp-json\/wp\/v2\/types\/post"}],"author":[{"embeddable":true,"href":"https:\/\/expoflamenco.com\/revista\/wp-json\/wp\/v2\/users\/57"}],"replies":[{"embeddable":true,"href":"https:\/\/expoflamenco.com\/revista\/wp-json\/wp\/v2\/comments?post=809"}],"version-history":[{"count":0,"href":"https:\/\/expoflamenco.com\/revista\/wp-json\/wp\/v2\/posts\/809\/revisions"}],"wp:featuredmedia":[{"embeddable":true,"href":"https:\/\/expoflamenco.com\/revista\/wp-json\/wp\/v2\/media\/810"}],"wp:attachment":[{"href":"https:\/\/expoflamenco.com\/revista\/wp-json\/wp\/v2\/media?parent=809"}],"wp:term":[{"taxonomy":"category","embeddable":true,"href":"https:\/\/expoflamenco.com\/revista\/wp-json\/wp\/v2\/categories?post=809"},{"taxonomy":"post_tag","embeddable":true,"href":"https:\/\/expoflamenco.com\/revista\/wp-json\/wp\/v2\/tags?post=809"}],"curies":[{"name":"wp","href":"https:\/\/api.w.org\/{rel}","templated":true}]}}