{"id":807,"date":"2024-04-05T18:55:22","date_gmt":"2024-04-05T16:55:22","guid":{"rendered":"https:\/\/expoflamenco.com\/revistanew\/la-51a-edicion-del-festival-flamenco-la-mistela-de-los-palacios-ya-tiene-programa\/"},"modified":"2024-04-05T18:55:22","modified_gmt":"2024-04-05T16:55:22","slug":"la-51a-edicion-del-festival-flamenco-la-mistela-de-los-palacios-ya-tiene-programa","status":"publish","type":"post","link":"https:\/\/expoflamenco.com\/revista\/la-51a-edicion-del-festival-flamenco-la-mistela-de-los-palacios-ya-tiene-programa\/","title":{"rendered":"La 51\u00aa edici\u00f3n del Festival Flamenco La Mistela de Los Palacios ya tiene programa","gt_translate_keys":[{"key":"rendered","format":"text"}]},"content":{"rendered":"<p>El Teatro municipal Pedro P\u00e9rez Fern\u00e1ndez de Los Palacios acoge del 18 al 26 de octubre el <strong>51\u00ba Festival Flamenco La Mistela<\/strong>, organizado por la <strong>Tertulia Flamenca El Pozo de las Penas<\/strong> y el Ayuntamiento de aquel municipio sevillano. Ya se conoce el cartel, obra de Patricio Hidalgo, que hace un gui\u00f1o a Paco de Luc\u00eda en el d\u00e9cimo aniversario de su muerte, y el programa art\u00edstico, que incluye a Manuela Carrasco, Tomatito, Mar\u00eda Terremoto y Juanelo.<\/p>\n<p>&nbsp;<\/p>\n<p>El 18 de octubre abre el tel\u00f3n <strong>Juanelo<\/strong>, un joven cantaor flamenco nacido en la familia Orta, de Los Palacios y Villafranca. \u00c9l es el artista ganador de la prestigiosa <strong>Venencia Flamenca<\/strong> en esta edici\u00f3n (2024). A pesar de su juventud, ha trabajado con diversos artistas como Mar\u00eda Pag\u00e9s, Concha Vargas, Jos\u00e9 Galv\u00e1n, Pastora Galv\u00e1n, Pepa Montes, Cristina Hoyos y Carmen Ledesma. Juanelo se distingue por su versatilidad con los diferentes palos flamencos. Ha participado en prestigiosos festivales flamencos, destacando su presencia en el Festival Flamenco de La Villette en Par\u00eds en 2018, la Caracola Lebrijana en 2019, y la II Bienal de Flamenco en la Provincia en 2023, as\u00ed como en el Circuito Provincial de Pe\u00f1as Flamencas organizado por la Diputaci\u00f3n de Sevilla en 2021 y 2022, y en el circuito de J\u00f3venes Cantaores organizado por la Uni\u00f3n de Pe\u00f1as de Sevilla.<\/p>\n<p>&nbsp;<\/p>\n<p>Un d\u00eda despu\u00e9s, el 19 de octubre, act\u00faa Jos\u00e9 Fern\u00e1ndez Torres <strong>Tomatito<\/strong>. Nacido en 1958 en Almer\u00eda, rodeado de guitarras flamencas, desde peque\u00f1o escuch\u00f3 el toque de su padre, tambi\u00e9n llamado Tomate, y el de su abuelo, Miguel Tomate. Por si fuera poco, es sobrino del legendario tocaor Ni\u00f1o Miguel. A los doce a\u00f1os cambi\u00f3 su residencia almeriense por la ciudad de M\u00e1laga y es all\u00ed donde empieza su carrera musical, actuando en tablaos como la Taberna Gitana, donde no s\u00f3lo ten\u00eda como espectador a Paco de Luc\u00eda, sino que adem\u00e1s conoci\u00f3 a Camar\u00f3n de la Isla. Tomatito se ha convertido en solista de m\u00e1xima relevancia dentro del \u00e1mbito de la guitarra flamenca. Su forma de abordar tanto los palos sobrios como los festivos sacan a relucir una sensibilidad sin precedentes y un don interpretativo fuera de lo com\u00fan. En el Festival de la Mistela, Tomatito se une a un grupo de m\u00fasicos cuidadosamente seleccionados por su afinidad con el esp\u00edritu musical gitano para compartir de nuevo esa intangible magia, ese ritmo cautivador y ese poder emotivo de los que que \u00e9l posee la llave.<\/p>\n<p>&nbsp;<\/p>\n<p>&nbsp;<\/p>\n<p><a href=\"https:\/\/expoflamenco.com\/prensa\/wp-content\/uploads\/sites\/17\/2024\/04\/expoflamenco-fedstival-flamenco-mistela-los-palacios-2024.jpg\"><img fetchpriority=\"high\" decoding=\"async\" class=\"aligncenter wp-image-49368\" src=\"https:\/\/expoflamenco.com\/prensa\/wp-content\/uploads\/sites\/17\/2024\/04\/expoflamenco-fedstival-flamenco-mistela-los-palacios-2024.jpg\" alt=\"\" width=\"500\" height=\"696\"><\/a><\/p>\n<p>&nbsp;<\/p>\n<p>&nbsp;<\/p>\n<p>El 25 de octubre, <strong>Mar\u00eda Terremoto<\/strong>. La consagracio\u0301n de esta cantaora llego\u0301 en la Bienal de Flamenco de Sevilla de 2016, donde consiguio\u0301 el Giraldillo Revelacio\u0301n siendo la artista ma\u0301s joven de la historia en conseguirlo. Tras varios galardones, un primer trabajo discogra\u0301fico y una exitosa gira, siguio\u0301 acumulando premios (como la prestigiosa Venencia Flamenca en 2017 o el Premio Joven Ciudad de Jerez 2019) y en la actualidad recorre ya como primera figura los festivales ma\u0301s importantes a nivel nacional e internacional, destacando lugares como Mont de Marsan, Nueva York, Miami y la direccio\u0301n de La Fiesta de La Buleri\u0301a Joven en 2019. La joven cantaora es aclamada por toda la prensa actuacio\u0301n tras actuacio\u0301n, ya que muchos ven en su cante y sus maneras a la gran esperanza del cante que llevaban tantos an\u0303os esperando.<\/p>\n<p>&nbsp;<\/p>\n<p>Y el 26 de octubre cierra <strong>Manuela Carrasco<\/strong>. Desde que puso por primera vez, a los diez an\u0303os, sus tacones sobre el escenario del mi\u0301tico tablao El Jaleo de Torremolinos, nunca ma\u0301s se dejo\u0301 de hablar de ella. Desde ese instante comenzo\u0301 a escribir su propia historia sin saber que pasari\u0301a a ser una de las ma\u0301s importantes del arte jondo. Tras ma\u0301s de cinco de\u0301cadas de trayectoria, actuando con los artistas ma\u0301s grandes del mundo flamenco (como Camaro\u0301n de la Isla o El Lebrijano), en los escenarios ma\u0301s ico\u0301nicos (Bienal de Sevilla, Festival de Jerez, Flamenco Festival USA&#8230;) y acumulando todos los premios posibles (Ca\u0301tedra de Flamencologi\u0301a de Jerez de la Frontera, Compa\u0301s del Cante 2018, Medalla de Oro al Me\u0301rito en Bellas Artes&#8230;), ha llegado el momento de disfrutar lo sembrado y despedirse por todo lo alto.<\/p>\n<p>&nbsp;<\/p>\n","protected":false,"gt_translate_keys":[{"key":"rendered","format":"html"}]},"excerpt":{"rendered":"<p>La c\u00e9lebre cita flamenca de Los Palacios (Sevilla) celebra su 51\u00aa edici\u00f3n del 18 al 26 de octubre. Act\u00faan Manuela Carrasco, Tomatito, Mar\u00eda Terremoto y Juanelo, que recibe la Venencia Flamenca.<\/p>\n","protected":false,"gt_translate_keys":[{"key":"rendered","format":"html"}]},"author":5,"featured_media":808,"comment_status":"open","ping_status":"open","sticky":false,"template":"","format":"standard","meta":{"_acf_changed":false,"pmpro_default_level":"","jnews-multi-image_gallery":[],"jnews_single_post":[],"jnews_primary_category":[],"jnews_override_bookmark_settings":[],"jnews_social_meta":[],"jnews_review":[],"enable_review":"","type":"","name":"","summary":"","brand":"","sku":"","good":[],"bad":[],"score_override":"","override_value":"","rating":[],"price":[],"jnews_override_counter":[],"footnotes":""},"categories":[37],"tags":[738,195,600],"class_list":["post-807","post","type-post","status-publish","format-standard","has-post-thumbnail","hentry","category-actualidad","tag-51-festival-flamenco-la-mistela-de-los-palacios","tag-flamenco","tag-manuela-carrasco","pmpro-has-access"],"acf":[],"aioseo_notices":[],"gt_translate_keys":[{"key":"link","format":"url"}],"_links":{"self":[{"href":"https:\/\/expoflamenco.com\/revista\/wp-json\/wp\/v2\/posts\/807","targetHints":{"allow":["GET"]}}],"collection":[{"href":"https:\/\/expoflamenco.com\/revista\/wp-json\/wp\/v2\/posts"}],"about":[{"href":"https:\/\/expoflamenco.com\/revista\/wp-json\/wp\/v2\/types\/post"}],"author":[{"embeddable":true,"href":"https:\/\/expoflamenco.com\/revista\/wp-json\/wp\/v2\/users\/5"}],"replies":[{"embeddable":true,"href":"https:\/\/expoflamenco.com\/revista\/wp-json\/wp\/v2\/comments?post=807"}],"version-history":[{"count":0,"href":"https:\/\/expoflamenco.com\/revista\/wp-json\/wp\/v2\/posts\/807\/revisions"}],"wp:featuredmedia":[{"embeddable":true,"href":"https:\/\/expoflamenco.com\/revista\/wp-json\/wp\/v2\/media\/808"}],"wp:attachment":[{"href":"https:\/\/expoflamenco.com\/revista\/wp-json\/wp\/v2\/media?parent=807"}],"wp:term":[{"taxonomy":"category","embeddable":true,"href":"https:\/\/expoflamenco.com\/revista\/wp-json\/wp\/v2\/categories?post=807"},{"taxonomy":"post_tag","embeddable":true,"href":"https:\/\/expoflamenco.com\/revista\/wp-json\/wp\/v2\/tags?post=807"}],"curies":[{"name":"wp","href":"https:\/\/api.w.org\/{rel}","templated":true}]}}