{"id":751,"date":"2024-03-03T11:36:39","date_gmt":"2024-03-03T10:36:39","guid":{"rendered":"https:\/\/expoflamenco.com\/revistanew\/farruquito-y-el-pele-dos-almas-rejuvenecidas\/"},"modified":"2024-03-03T11:36:39","modified_gmt":"2024-03-03T10:36:39","slug":"farruquito-y-el-pele-dos-almas-rejuvenecidas","status":"publish","type":"post","link":"https:\/\/expoflamenco.com\/revista\/farruquito-y-el-pele-dos-almas-rejuvenecidas\/","title":{"rendered":"Farruquito y El Pele, dos almas rejuvenecidas","gt_translate_keys":[{"key":"rendered","format":"text"}]},"content":{"rendered":"<p>Nuevo d\u00eda en el <strong>Festival de Jerez <\/strong>y la actividad no cesa, todo lo contrario. La organizaci\u00f3n aprovecha los fines de semanas para acumular actividades en pro de todos los aficionados cercanos a la ciudad, bien de la provincia o de otros puntos de la regi\u00f3n. Como principal atractivo, por aquello de que es gratuito el acceso y adem\u00e1s se vive un ambiente tan aut\u00e9ntico, el ciclo <em><strong>De Pe\u00f1a en Pe\u00f1a<\/strong>,<\/em> que en esta jornada de s\u00e1bado, 2 de marzo, divid\u00eda al p\u00fablico entre Santiago y San Miguel.<\/p>\n<p>&nbsp;<\/p>\n<h3><strong>De Pe\u00f1a en Pe\u00f1a, entre Lebrija y Chiclana<\/strong><\/h3>\n<p>A las tres de la tarde empez\u00f3 todo en la <strong>Pe\u00f1a T\u00edo Jos\u00e9 de Paula<\/strong>. Mientras los compa\u00f1eros de prensa se reun\u00edan en la bodega Fundador para disfrutar de un buen rato de convivencia y un merecido almuerzo, yo estaba en la calle la Merced para presenciar el recital de <strong>Malena Carrasco<\/strong> y <strong>Luis Carrasco<\/strong>. Desde Lebrija llegaron una serie de familiares para arropar a esta cantaora que se desenvuelve en los cantes de su tierra como la sole\u00e1, con especial brillo. Tuve que marcharme pronto, en la Pe\u00f1a La Buler\u00eda, atestada hasta la bandera, esperaba <strong>Esmeralda Rancapino<\/strong> para salir al escenario a las tres y media. Taxi que te crio. La chiclanera ya no es esa ni\u00f1a que comenzaba a llamar la atenci\u00f3n por su impronta gitana, ahora se mueve y domina el escenario, y eso que ten\u00eda justo en primera fila a Paco Cepero y Mar\u00eda Vargas. Con la guitarra de Antonio Higuero, gust\u00f3 por sole\u00e1, tangos y alegr\u00edas, buler\u00edas y el <em>canastera<\/em> de Camar\u00f3n.<\/p>\n<p>&nbsp;<\/p>\n<h3><strong>Roc\u00edo Luna, todo al rojo en Villavicencio<\/strong><\/h3>\n<p>De traje chaqueta rojo apareci\u00f3 una evocadora <strong>Roc\u00edo Luna<\/strong> para iniciar el ciclo de Los Conciertos de Palacio, en Villavicencio, dentro del Alc\u00e1zar de Jerez. Este espacio inspira elegancia, recogimiento y est\u00e1 exento de equipo de sonido, la cantaora hizo su recital sin megafon\u00eda como es costumbre aqu\u00ed. Todo lleno y gente en puerta por si alguien dejaba una entrada libre.<\/p>\n<p>&nbsp;<\/p>\n<p>Estuvo arropada por la guitarra de <strong>Jes\u00fas Rodr\u00edguez<\/strong> y las palmas de Emilio Casta\u00f1eda y de Antonio Amaya \u2018Petete\u2019, y fueron los encargados de iniciar el comp\u00e1s en una mesa para que Roc\u00edo se presentara por buler\u00edas en \u201chomenaje a la tierra\u201d. Es una cantaora con cualidades, <strong>una voz delicada y sugerente<\/strong>, que necesita pausa en la guitarra y el comp\u00e1s. Los cantes de levante los interpret\u00f3 con sumo gusto demostrando su manejo de la materia y su merecida L\u00e1mpara Minera del Festival Internacional del Cante de las Minas de La Uni\u00f3n 2023. Controla los bajos y es capaz de llegar a ellos hasta provocar la emoci\u00f3n.<\/p>\n<p>&nbsp;<\/p>\n<p>Sobrada estuvo en la buler\u00eda por sole\u00e1, aunque a veces la guitarra se la comiera al no contar su voz con el referido micr\u00f3fono, pero sale bien parada, como en la seguiriya o en los tangos. Sus referencias son amplias, desde Pastora a Camar\u00f3n, pasando por Morente, aunque todo lo lleva a su terreno como cantaora del siglo XXI, hasta en la est\u00e9tica, como hemos podido ver d\u00edas antes a \u00c1ngeles Toledano o Yerai Cort\u00e9s, l\u00ednea que marca un Israel Fern\u00e1ndez que arrasa como icono. El p\u00fablico agradece su entrega con minutos de aplauso.<\/p>\n<p>&nbsp;<\/p>\n<p>&nbsp;<\/p>\n<figure id=\"attachment_48444\" aria-describedby=\"caption-attachment-48444\" style=\"width: 1300px\" class=\"wp-caption aligncenter\"><a href=\"https:\/\/expoflamenco.com\/prensa\/wp-content\/uploads\/sites\/17\/2024\/03\/expoflamenco-rocio-luna-1-villavicencio-mar24-foto-tamara-pastora-festival-jerez.jpg\"><img fetchpriority=\"high\" decoding=\"async\" class=\"size-full wp-image-48444\" src=\"https:\/\/expoflamenco.com\/prensa\/wp-content\/uploads\/sites\/17\/2024\/03\/expoflamenco-rocio-luna-1-villavicencio-mar24-foto-tamara-pastora-festival-jerez.jpg\" alt=\"\" width=\"1300\" height=\"800\"><\/a><figcaption id=\"caption-attachment-48444\" class=\"wp-caption-text\">Roc\u00edo Luna. Villavicencio. XXVIII Festival de Jerez. 2 marzo 2024. Foto: Tamara Pastora &#8211; Festival de Jerez<\/figcaption><\/figure>\n<p>&nbsp;<\/p>\n<p>&nbsp;<\/p>\n<blockquote><p><em>\u00abEl principio del montaje es emocionante: Farruquito toca la guitarra y susurra melod\u00edas para que inspiren a su Moreno a cantar. Cuesta muy poco escribir lo que escribo, pero que nadie crea que lo que pasa en esta saga es normal. Antes de nacer ya saben mover las mu\u00f1ecas\u00bb<\/em><\/p><\/blockquote>\n<p>&nbsp;<\/p>\n<p>&nbsp;<\/p>\n<h3><strong>El alma de Farruquito lleva nombre de Juan <\/strong><\/h3>\n<p>Hace veinte a\u00f1os que <strong>Farruquito<\/strong>, el pr\u00edncipe del baile gitano (ya pr\u00e1cticamente rey), present\u00f3 <em>Alma Vieja<\/em>, marc\u00e1ndolo para siempre dentro del mundo esc\u00e9nico. Ahora, dos d\u00e9cadas despu\u00e9s, recurre a esa idea para rejuvenecer sentimientos y renovar ilusiones, y lo hace a trav\u00e9s de la figura de <strong>Juan El Moreno<\/strong>, su hijo. El peque\u00f1o de la saga hace unos d\u00edas debut\u00f3 en solitario en Jerez dentro del <em>ciclo De Pe\u00f1a en Pe\u00f1a<\/em>, causando sensaci\u00f3n, tal como lo hizo en el <strong>Teatro Villamarta<\/strong> junto a su padre y con un p\u00fablico que enloquece con esta saga.<\/p>\n<p>&nbsp;<\/p>\n<p>Con el cante de Manuel de la Nina, El Bola, Mari Viz\u00e1rraga y Mara Rey, la gran guitarra de Manuel Valencia, la percusi\u00f3n de Paco Vega y el piano de Jos\u00e9 Fern\u00e1ndez, padre e hijo desarrollaron un montaje estructurado seg\u00fan estilos, con un vestuario siempre a la altura, con coreograf\u00edas compartidas y otras en solitario, y con el resultado que como siempre obtienen.<\/p>\n<p>&nbsp;<\/p>\n<p>En proyecciones pueden apreciarse sentimientos nost\u00e1lgicos, profundo pesar por la p\u00e9rdida de genios como el patriarca Farruco o su hija Pilar, pero la nueva savia hace que el agua siga corriendo cual molino. Ilusiones y ganas, siempre basadas en el trabajo diario y el esfuerzo, porque esta familia no se conforman con tener el don, el talento, sino que agudiza cada elemento t\u00e9cnico.<\/p>\n<p>&nbsp;<\/p>\n<p>En <em><strong>Alma Nueva<\/strong><\/em> aparecen tambi\u00e9n las bailaoras <strong>Cristina Soler<\/strong> y <strong>Auxi Fern\u00e1ndez<\/strong>, que, adem\u00e1s de cuerpo de baile, convencen por taranto y tangos, respectivamente y en solitario. Farruquito marca la senda y su hijo Juan se crece ante el espejo, respondi\u00e9ndole a la sole\u00e1 de la \u00faltima parte del espect\u00e1culo con valent\u00eda y coraje. En alg\u00fan momento, hasta se escucha su voz pidi\u00e9ndole al atr\u00e1s m\u00e1s ca\u00f1a.<\/p>\n<p>&nbsp;<\/p>\n<p>El principio del montaje es emocionante: Farruquito toca la guitarra y susurra melod\u00edas para que inspire a su Moreno a cantar. Cuesta muy poco escribir lo que escribo, pero que nadie crea que lo que pasa en esta saga es normal. Antes de nacer ya saben mover las mu\u00f1ecas.<\/p>\n<p>&nbsp;<\/p>\n<p>Buler\u00edas, farrucas y alegr\u00edas conforman el repertorio de un espect\u00e1culo de hora y media larga en el que hay espacio para la sorpresa, como la que vivimos al final con la participaci\u00f3n de <strong>Manuela y Triana, las dos hijas peque\u00f1as de Farruquito<\/strong>, que levantan al respetable.<\/p>\n<p>&nbsp;<\/p>\n<p>&nbsp;<\/p>\n<figure id=\"attachment_48442\" aria-describedby=\"caption-attachment-48442\" style=\"width: 1300px\" class=\"wp-caption aligncenter\"><a href=\"https:\/\/expoflamenco.com\/prensa\/wp-content\/uploads\/sites\/17\/2024\/03\/expoflamenco-farruquito-2-alma-nueva-teatro-villamarta-mar24-foto-tamara-pastora-festival-jerez.jpg\"><img decoding=\"async\" class=\"size-full wp-image-48442\" src=\"https:\/\/expoflamenco.com\/prensa\/wp-content\/uploads\/sites\/17\/2024\/03\/expoflamenco-farruquito-2-alma-nueva-teatro-villamarta-mar24-foto-tamara-pastora-festival-jerez.jpg\" alt=\"\" width=\"1300\" height=\"800\"><\/a><figcaption id=\"caption-attachment-48442\" class=\"wp-caption-text\">&#8216;Alma nueva&#8217;, de Farruquito. Teatro Villamarta. XXVIII Festival de Jerez. 2 marzo 2024. Foto: Tamara Pastora &#8211; Festival de Jerez<\/figcaption><\/figure>\n<p>&nbsp;<\/p>\n<p>&nbsp;<\/p>\n<h3><strong>El Pele para el tiempo en Gonz\u00e1les Byass<\/strong><\/h3>\n<p>El magisterio de <strong>El Pele<\/strong> se adue\u00f1\u00f3 de la madrugada de una jornada que parec\u00eda no tener fin. C\u00f3mo no cant\u00f3 que el cansancio que llev\u00e1bamos desapareci\u00f3 y quise que el <strong>Reloj de Arena<\/strong> se quedara quieto. As\u00ed se llama el recital del maestro que estuvo acompa\u00f1ado extraordinariamente por <strong>El Ni\u00f1o Seve<\/strong>, llevando pausadamente por sus bajos y altos tonales, con una personalidad arrolladora y un gusto exquisito.<\/p>\n<p>&nbsp;<\/p>\n<p>Respetuoso, consigui\u00f3 conformar un recital completo y repleto de oles. La gente no quer\u00eda que terminara, ped\u00eda m\u00e1s, quer\u00eda escuchar aquello de \u2018Yo vengo del moro\u2019, y \u00e9l lo regalo para ponerse la corona. Acord\u00e1ndose de Caracol comenz\u00f3 su recital, siguiendo con las malague\u00f1as y llegando a la <strong>sole\u00e1<\/strong>, esa que ha marcado con su estilo singular y que fue una locura. Hace lo que quiere con la voz, es algo tan \u00fanico que se convierte en sello propio. Buena tanda de soleares, as\u00ed como de seguiriyas, rematando con el macho atribuido a Manuel Torre, y refrescando la noche con las alegr\u00edas que tanta popularidad le han dado. &nbsp;Ya en pie, con un control esc\u00e9nico brutal, miraba a su p\u00fablico entregado y le regala fandangos demostrando que tiene unos conocimientos del cante dif\u00edciles de encontrar. Con la felicidad que me produjo este cante de primera, este maestro, fuimos a buscar el descanso del guerrero.<\/p>\n<p>&nbsp;<\/p>\n<p>&nbsp;<\/p>\n<figure id=\"attachment_48446\" aria-describedby=\"caption-attachment-48446\" style=\"width: 1300px\" class=\"wp-caption aligncenter\"><a href=\"https:\/\/expoflamenco.com\/prensa\/wp-content\/uploads\/sites\/17\/2024\/03\/expoflamenco-el-pele-1-gonzalez-byass-mar24-foto-tamara-pastora-festival-jerez.jpg\"><img decoding=\"async\" class=\"size-full wp-image-48446\" src=\"https:\/\/expoflamenco.com\/prensa\/wp-content\/uploads\/sites\/17\/2024\/03\/expoflamenco-el-pele-1-gonzalez-byass-mar24-foto-tamara-pastora-festival-jerez.jpg\" alt=\"\" width=\"1300\" height=\"800\"><\/a><figcaption id=\"caption-attachment-48446\" class=\"wp-caption-text\">El Pele. Gonz\u00e1lez Byass. XXVIII Festival de Jerez. 2 marzo 2024. Foto: Tamara Pastora &#8211; Festival de Jerez<\/figcaption><\/figure>\n<p>&nbsp;<\/p>\n<p>&nbsp;<\/p>\n<p>&nbsp;<\/p>\n","protected":false,"gt_translate_keys":[{"key":"rendered","format":"html"}]},"excerpt":{"rendered":"<p>En el XXVIII Festival de Jerez, la cantaora Roc\u00edo Luna inaugur\u00f3 por la tarde el ciclo del Palacio Villavicencio con un recital completo y de buenos matices.<\/p>\n","protected":false,"gt_translate_keys":[{"key":"rendered","format":"html"}]},"author":34,"featured_media":752,"comment_status":"open","ping_status":"open","sticky":false,"template":"","format":"standard","meta":{"_acf_changed":false,"pmpro_default_level":"","jnews-multi-image_gallery":[],"jnews_single_post":[],"jnews_primary_category":[],"jnews_override_bookmark_settings":[],"jnews_social_meta":[],"jnews_review":[],"enable_review":"","type":"","name":"","summary":"","brand":"","sku":"","good":[],"bad":[],"score_override":"","override_value":"","rating":[],"price":[],"jnews_override_counter":[],"footnotes":""},"categories":[46],"tags":[502,294,86,195],"class_list":["post-751","post","type-post","status-publish","format-standard","has-post-thumbnail","hentry","category-cronicas","tag-el-pele-2","tag-festival-de-jerez","tag-farruquito","tag-flamenco","pmpro-has-access"],"acf":[],"aioseo_notices":[],"gt_translate_keys":[{"key":"link","format":"url"}],"_links":{"self":[{"href":"https:\/\/expoflamenco.com\/revista\/wp-json\/wp\/v2\/posts\/751","targetHints":{"allow":["GET"]}}],"collection":[{"href":"https:\/\/expoflamenco.com\/revista\/wp-json\/wp\/v2\/posts"}],"about":[{"href":"https:\/\/expoflamenco.com\/revista\/wp-json\/wp\/v2\/types\/post"}],"author":[{"embeddable":true,"href":"https:\/\/expoflamenco.com\/revista\/wp-json\/wp\/v2\/users\/34"}],"replies":[{"embeddable":true,"href":"https:\/\/expoflamenco.com\/revista\/wp-json\/wp\/v2\/comments?post=751"}],"version-history":[{"count":0,"href":"https:\/\/expoflamenco.com\/revista\/wp-json\/wp\/v2\/posts\/751\/revisions"}],"wp:featuredmedia":[{"embeddable":true,"href":"https:\/\/expoflamenco.com\/revista\/wp-json\/wp\/v2\/media\/752"}],"wp:attachment":[{"href":"https:\/\/expoflamenco.com\/revista\/wp-json\/wp\/v2\/media?parent=751"}],"wp:term":[{"taxonomy":"category","embeddable":true,"href":"https:\/\/expoflamenco.com\/revista\/wp-json\/wp\/v2\/categories?post=751"},{"taxonomy":"post_tag","embeddable":true,"href":"https:\/\/expoflamenco.com\/revista\/wp-json\/wp\/v2\/tags?post=751"}],"curies":[{"name":"wp","href":"https:\/\/api.w.org\/{rel}","templated":true}]}}