{"id":745,"date":"2024-03-04T21:43:29","date_gmt":"2024-03-04T20:43:29","guid":{"rendered":"https:\/\/expoflamenco.com\/revistanew\/duquende-el-grupo-de-paco-de-lucia-era-como-una-nave-espacial\/"},"modified":"2024-03-04T21:43:29","modified_gmt":"2024-03-04T20:43:29","slug":"duquende-el-grupo-de-paco-de-lucia-era-como-una-nave-espacial","status":"publish","type":"post","link":"https:\/\/expoflamenco.com\/revista\/duquende-el-grupo-de-paco-de-lucia-era-como-una-nave-espacial\/","title":{"rendered":"Duquende: \u00abEl grupo de Paco de Luc\u00eda era como una nave espacial\u00bb","gt_translate_keys":[{"key":"rendered","format":"text"}]},"content":{"rendered":"<p>Dos d\u00e9cadas al lado de <strong>Paco de Luc\u00eda<\/strong> dan para muchos recuerdos. En la cafeter\u00eda de un hotel de Nueva York, adonde ha acudido para participar en el homenaje al maestro con motivo de los diez a\u00f1os de su muerte, el festival <a href=\"https:\/\/pacodelucialegacy.com\/es\/\" target=\"_blank\" rel=\"noopener\">Paco de Luc\u00eda Legacy<\/a>, Juan Rafael Cort\u00e9s Santiago, conocido como <strong>Duquende<\/strong> (Sabadell, Catalu\u00f1a, 1965), accede a compartir algunos de esos recuerdos con <em>expoflamenco<\/em>. Hombre austero y de pocas palabras, su rostro se le ilumina y r\u00ede constantemente cuando se trata de evocar al genio.<\/p>\n<p>&nbsp;<\/p>\n<p><strong>\u2013 Usted es un devoto de Camar\u00f3n y de Paco de Luc\u00eda, pero \u00bfrecuerda a cu\u00e1ndo se remonta esa pasi\u00f3n?<\/strong><\/p>\n<p>\u2013 Con dos a\u00f1os, ya o\u00eda a Camar\u00f3n y a Paco juntos. Mi sue\u00f1o era conocerlos, y que ellos me conocieran a m\u00ed. Y ese sue\u00f1o se hizo realidad: Camar\u00f3n me toc\u00f3 la guitarra con ocho a\u00f1os, me sac\u00f3 en el Palacio de los Deportes de Barcelona. Ese fue el primer concierto que tuve yo en serio, aparte de las pe\u00f1as, pues yo ya cantaba en las pe\u00f1as desde chiquitito: lo hac\u00eda para mi familia, no por dinero, porque a mi padre no le hac\u00eda falta. S\u00ed por hobby, porque me gustaba el cante. Luego, de m\u00e1s grandecito, pude conocer a Paco e irme de gira con \u00e9l.<\/p>\n<p><strong>\u2013 \u00bfQu\u00e9 sent\u00eda de especial al escucharlos a ellos?<\/strong><\/p>\n<p>\u2013 No lo sab\u00eda. Lo cierto era que me encerraba en mi cuarto y mi padre preguntaba: \u201c\u00bfY el ni\u00f1o, d\u00f3nde est\u00e1 el ni\u00f1o?\u201d. Y mi madre respond\u00eda: \u201cAh\u00ed est\u00e1, escuchando a Camar\u00f3n y a Paco de Luc\u00eda\u201d. Tampoco entend\u00edan ellos la afici\u00f3n tan temprana, y que yo ya supiera a esa edad qui\u00e9nes eran esa gente: los mejores. Y eso que era un tiempo en que hab\u00eda mucha gente buena. A mi padre le gustaban mucho, y desde la barriga de mi madre yo creo que ven\u00eda ya con eso.<\/p>\n<p><strong>\u2013 \u00bfA qu\u00e9 otra gente escuchaba usted entonces?<\/strong><\/p>\n<p>\u2013 A Pansequito, a Juanito Villar, a la Paquera, a Terremoto\u2026 Pero siempre me quedaba con el maestro, la verdad. Camar\u00f3n para m\u00ed ha sido la perfecci\u00f3n del cante, como la perfecci\u00f3n de la guitarra fue Paco. Y nunca m\u00e1s se repetir\u00e1 la historia. Como Paco, nunca he escuchado ni escuchar\u00e9 algo igual. Ni t\u00fa tampoco [risas].<\/p>\n<p><strong>\u2013 Usted ha tocado con guitarristas muy buenos. \u00bfPor qu\u00e9 Paco sobresale sobre todos ellos?<\/strong><\/p>\n<p>\u2013 Paco era el \u00fanico guitarrista que tocaba despacio y se entend\u00eda todo lo que hac\u00eda, desde un principio hasta el final. Ten\u00eda una personalidad que la un\u00eda a la manera de tocar la guitarra, y ambas cosas lo pon\u00edan por encima de la gente: a mil a\u00f1os luz como persona, imag\u00ednate como guitarrista.<\/p>\n<p>&nbsp;<\/p>\n<blockquote>\n<p class=\"p1\"><span class=\"s1\"><em>\u00abEstos d\u00edas en Nueva York, cantando las cosas de \u00e9l, me hace sentir que est\u00e1 vivo, entre medio de nosotros. Nos aprendi\u00f3 a tener una energ\u00eda potente y saber c\u00f3mo hacer que a la gente se le pongan los vellos de punta. Eso y su sonrisa: esa sonrisa tan bonita y tan especial la tengo en mi mente para mientras viva\u00bb<\/em>\u00a0<\/span><\/p>\n<\/blockquote>\n<p>&nbsp;<\/p>\n<p><strong>\u2013 \u00bfA qu\u00e9 se refiere, c\u00f3mo era esa persona?<\/strong><\/p>\n<p>\u2013 Paco era la persona m\u00e1s maravillosa que yo me he echado a la cara. Con un coraz\u00f3n para com\u00e9rselo, y te daba unos consejos como un familiar. Era muy especial, muy especial. Tengo una an\u00e9cdota con \u00e9l, un d\u00eda que, jugando con Joaqu\u00edn Grilo, me hice un corte en el ojo. Me gir\u00e9 y hab\u00eda un espig\u00f3n detr\u00e1s de m\u00ed, y me hice un corte en la ceja. Faltaban unos minutos para salir a cantar. Gabriela, la mujer de Paco, llam\u00f3 a unos m\u00e9dicos para que me pusieran unos puntos de aproximaci\u00f3n. Paco quer\u00eda que fuera al hospital, y yo le dije que no, que quer\u00eda cantar. Cuando vino el <em>Zyryab<\/em>, que era nueve por en medio, se me abri\u00f3 la raja y aquello empez\u00f3 a chorrear sangre como un toro. Y la gente se cre\u00eda que era efectos especiales, como parte del concierto. Paco me hac\u00eda con la cabeza as\u00ed, que me fuera, pero a m\u00ed ah\u00ed me daba igual\u2026<\/p>\n<p><strong>\u2013 Aunque acabara como el traje de Jos\u00e9 Tom\u00e1s\u2026<\/strong><\/p>\n<p>\u2013 Exactamente, acab\u00e9 con todos los pantalones chorreando de sangre, termin\u00e9 de all\u00ed y me llev\u00f3 la Gabriela para que me pusieran puntos en el ojo. Hay fotos con \u00e9l en los camerinos, empez\u00f3 a abrazarme, a pegarme besos, dici\u00e9ndome que yo era un h\u00e9roe [risas]. Era como un hermano mayor.<\/p>\n<p><strong>\u2013 La llamada para que se incorporara usted al grupo, \u00bfrecuerda c\u00f3mo fue?<\/strong><\/p>\n<p>\u2013 S\u00ed, fue una noche hace treinta a\u00f1os. Me llam\u00f3 como a las doce, yo estaba en mi casa tan tranquilo y me suena el tel\u00e9fono. Era \u00e9l. \u201c\u00bfQu\u00e9 pasa, Paco?\u201d. \u201cPues mira, me gustar\u00eda que te vinieras a mi gira\u201d. Y yo ya quer\u00eda coger la ropa e irme para all\u00e1. \u201cNo, no, \u00a1ma\u00f1ana por la ma\u00f1ana!\u201d [risas] Yo estaba como loco, \u00bfad\u00f3nde hay que ir, Paco?<\/p>\n<p><strong>\u2013 \u00bfLo esperaba?<\/strong><\/p>\n<p>\u2013 En parte s\u00ed. Yo ya hab\u00eda hablado con \u00e9l en Madrid, me hab\u00eda pegado fiestas con \u00e9l, me hab\u00eda escuchado toda la noche entera cantando\u2026 Y hab\u00edamos quedado en eso, a ver si alg\u00fan d\u00eda\u2026 Y el d\u00eda lleg\u00f3.<\/p>\n<p><strong>\u2013 \u00bfC\u00f3mo se conocieron?<\/strong><\/p>\n<p>\u2013 Precisamente en Madrid, yo iba entonces con la gira de Tomatito. Est\u00e1bamos en el Candela, donde nos junt\u00e1bamos muchos artistas. Cuando vi a aquella persona sentada en medio de la gente, yo no vi una persona, vi una luz, vi un alba, porque ten\u00eda un alba encima, como si fuera un \u00e1ngel.<\/p>\n<p><strong>\u2013 \u00bfLe puso nervioso verlo ah\u00ed?<\/strong><\/p>\n<p>\u2013 No, no, al contrario. A m\u00ed Paco me hac\u00eda m\u00e1s grande. Yo le daba espect\u00e1culo, \u00e9l dec\u00eda, \u201cque cante el muchacho\u201d, y yo empezaba y nos qued\u00e1bamos toda la noche con Miguel El Rubio, Cancanilla\u2026 \u00c9l escuchando y gozando de nosotros.<\/p>\n<p>&nbsp;<\/p>\n<blockquote>\n<p class=\"p1\"><em><span class=\"s1\">\u00abPaco admiraba a Manolo y Manolo lo admiraba a \u00e9l. Son totalmente distintos. Paco tocaba para el mundo, y Manolo fue el maestro de todos los guitarras del mundo, el que aprendi\u00f3 a los ni\u00f1os a tocar. Ellos aprend\u00edan con Manolo, y luego trataban de cogerle a Paco la forma\u00bb<\/span><\/em><\/p>\n<\/blockquote>\n<p>&nbsp;<\/p>\n<p><strong>\u2013 \u00bfSe comportaba de un modo diferente en aquellas reuniones en petit comit\u00e9?<\/strong><\/p>\n<p>\u2013 \u00c9l era distinto a todo el mundo\u2026 Si te digo la verdad, a \u00e9l no le gustaba la guitarra. Odiaba la guitarra. Dec\u00eda cosas que\u2026 da hasta verg\u00fcenza decirlo. Dec\u00eda \u201cdonde se ponga un ay vuestro, que se quiten las guitarras\u201d. Y yo me echaba a re\u00edr con \u00e9l. \u201cPero Paco, qu\u00e9 dices, hombre, \u00bfqu\u00e9 van a hacer los dem\u00e1s con las guitarras? \u00bfUna hoguera de San Juan? \u00bfLas vas a quemar todas?\u201d. Le gustaba mucho el cante. No era como la mayor\u00eda de los guitarristas que hay, que est\u00e1n siempre hablando de guitarras. \u00c9l odiaba eso. Odiaba que incluso los mismos guitarristas que llevaba le hablaran de la guitarra. A los que hablaban de la guitarra m\u00e1s de lo normal les dec\u00eda una palabra que no olvidar\u00e9 en mi vida; \u201cPuf, \u00a1pollavieja!\u201d.<\/p>\n<p><strong>\u2013 Se dice que la conexi\u00f3n tan especial que tuvo con Camar\u00f3n se debi\u00f3 en buena parte a que \u00e9ste adoraba la guitarra, mientras que Paco amaba el cante\u2026<\/strong><\/p>\n<p>\u2013 Totalmente. Yo de Jos\u00e9, cada vez que ven\u00eda a Barcelona, no me perd\u00eda una. Despu\u00e9s de que me tocara la guitarra con ocho a\u00f1os, el Viriato, que era el m\u00e1nager, ya me daba seis meses para irme de gira con ellos, con Camar\u00f3n, con Paquera&#8230; Pero mi padre no quiso, dec\u00eda que no hac\u00eda falta gracias a Dios, y tampoco me quer\u00eda explotar con esa edad.<\/p>\n<p><strong>\u2013 Usted entra en el grupo en el momento en que sale Pepe de Luc\u00eda, que hab\u00eda marcado toda una \u00e9poca. \u00bfC\u00f3mo es esa transici\u00f3n?<\/strong><\/p>\n<p>\u2013 Yo sab\u00eda que iba a aportar much\u00edsimo, porque Paco me llamaba halag\u00e1ndome, dici\u00e9ndome que yo era su inspiraci\u00f3n\u2026 \u201cJuan, estamos de gira, me aburro con los ni\u00f1os. Vente, que t\u00fa me inspiras\u201d. Y solo hay que ver los v\u00eddeos que hay por ah\u00ed para comprobar c\u00f3mo me mira, c\u00f3mo me jalea, c\u00f3mo me sonr\u00ede cuando canto.<\/p>\n<p><strong>\u2013 \u00bfC\u00f3mo era eso de aburrirse con los ni\u00f1os?<\/strong><\/p>\n<p>\u2013 El mismo Carles Benavent me dec\u00eda: \u201cNo ronees, que te tenemos envidia sana\u201d. Paco dec\u00eda que yo era su ni\u00f1o <em>amimao<\/em>, y yo me pon\u00eda con \u00e9l como si fuera mi padre. Y lo m\u00e1s bueno que ten\u00eda era que te dejaba cantar. Al principio, cuando me un\u00ed a la gira, no sab\u00eda lo que iba a hacer. Con la cabeza de \u00e9l me se\u00f1alaba, y hab\u00eda veces que entraba en los sitios, y veces que no. Pero a base de ir con la gira, a los cuatro o cinco d\u00edas ya sab\u00edas tu deber. Pero Paco nunca marcaba por d\u00f3nde hab\u00eda que ir.<\/p>\n<p><strong>\u2013 Paco sab\u00eda mucho de cante. \u00bfNo le daba instrucciones?<\/strong><\/p>\n<p>\u2013 Era una persona muy inteligente, y m\u00e1s bien me ped\u00eda opini\u00f3n a m\u00ed. \u201c\u00bfQu\u00e9 te parece esto?\u201d. Me preguntaba por los discos que sal\u00edan. \u201cBueno, afina bonito, est\u00e1 muy bien\u2026\u201d. \u201cClaro, claro\u201d. Y los temas de Paco, yo iba en el coche y los iba cantando, chiflando, uno detr\u00e1s de otro, sin equivocarme de nota. Eso se me ha quedado, imag\u00ednate, veinte a\u00f1os con \u00e9l, de compa\u00f1eros. No solo habl\u00e1bamos de flamenco, tambi\u00e9n de la casa, de la familia, de los ni\u00f1os\u2026 Tuvimos tanta intimidad que cuando pas\u00f3 lo que pas\u00f3, me llamaron sesenta televisiones, y yo a nadie le quise dar una palabra de mi amigo Paco, por respeto y porque no me sal\u00eda.<\/p>\n<p><strong>\u2013 Pero est\u00e1bamos hablando de Pepe. \u00bfNo fue delicado sustituirlo?<\/strong><\/p>\n<p>\u2013 No, yo con Pepe tengo muy buena relaci\u00f3n, para m\u00ed es tambi\u00e9n una maravillosa persona, a trav\u00e9s de all\u00ed hicimos un disco juntos. En la vida hemos tenido el menor problema. Conocerlo fue otra ilusi\u00f3n muy bonita. Era el letrista de Camar\u00f3n y hermano de Paco, y siempre me ha gustado como canta. Una fuente muy grande para los cantaores.<\/p>\n<p>&nbsp;<\/p>\n<blockquote>\n<p class=\"p1\"><em><span class=\"s1\">\u00abYo me perd\u00eda un poco con \u00e9l, porque sal\u00eda muy nervioso, con la guitarra por delante, en la boca, con las dos manos cogidas al m\u00e1stil, y me dec\u00eda \u201c\u00a1estoy cagao!\u201d. Pero se sentaba, cruzaba las piernas, y aquello era magia. Con el primer tono que hac\u00eda, una cuerda nada m\u00e1s\u2026 Para m\u00ed que le echaba polvos m\u00e1gicos al p\u00fablico y los dejaba hipnotizados. Algo ten\u00eda de brujo\u00bb<\/span><\/em><\/p>\n<\/blockquote>\n<p>&nbsp;<\/p>\n<p><strong>\u2013 Tambi\u00e9n se incorpor\u00f3 a un grupo que ya estaba consolidado, con Pardo, Rubem, Benavent\u2026 \u00bfLo acogieron bien?<\/strong><\/p>\n<p>\u2013 Ellos eran una familia para m\u00ed. Eran dos meses y medio los que nos tir\u00e1bamos fuera de casa, y yo era uno de los m\u00e1s j\u00f3venes, junto con El Grilo. Pero ellos me ense\u00f1aron muchas cosas a m\u00ed, a ser persona, a tener humildad, eso se lo debo a ellos, que son bell\u00edsimas personas, no tienen ninguna maldad, todo lo contrario. Me ve\u00edan un poquito triste pensando en la casa, y me dec\u00edan, \u201cvente, vente, que nos vamos a re\u00edr\u201d, y me llevaban al cuarto de alguno, y habl\u00e1bamos de cosas de gracia, nos \u00edbamos a comer por ah\u00ed juntos\u2026 Te quitaban la tristeza que pod\u00edas tener.<\/p>\n<p><strong>\u2013 \u00bfCree usted que sin ese ejemplo podr\u00eda haberse vuelto m\u00e1s engre\u00eddo cuando empez\u00f3 a tener \u00e9xito?<\/strong><\/p>\n<p>\u2013 No, no es mi car\u00e1cter. Yo soy una persona que me gusta estar en la sombra, no me gustan los protagonismos, huyo de eso.<\/p>\n<p><strong>\u2013 Paco pod\u00eda fichar a quien quisiera, \u00bfqu\u00e9 cree que ve\u00eda en ustedes?<\/strong><\/p>\n<p>\u2013 Creo que quienes nos arrim\u00e1bamos a \u00e9l \u00e9ramos personas de su agrado. Porque Paco con nosotros tambi\u00e9n se divert\u00eda mucho, y nos ten\u00eda mucha admiraci\u00f3n. Nosotros con \u00e9l, locos, pero al rev\u00e9s tambi\u00e9n ocurr\u00eda, y nos lo hac\u00eda sentir. <strong>\u00a0\u00a0<\/strong><\/p>\n<p><strong>\u2013 En su caso, \u00bfcree que el aire camaronero de su cante le favoreci\u00f3?<\/strong><\/p>\n<p>\u2013 Puede ser, nada m\u00e1s tienes que escuchar los conciertos que hac\u00edamos, cuando llegaba el <em>Zyryab<\/em> y me hac\u00eda cantar por seguiriya al nueve por medio\u2026 Ah\u00ed se le ve\u00eda hasta la \u00faltima muela, le emocionaba, y yo me emocionaba de verlo a \u00e9l.<\/p>\n<p>&nbsp;<\/p>\n<figure id=\"attachment_46810\" aria-describedby=\"caption-attachment-46810\" style=\"width: 1917px\" class=\"wp-caption aligncenter\"><a href=\"https:\/\/expoflamenco.com\/prensa\/wp-content\/uploads\/sites\/17\/2023\/12\/duquende-foto-antonio-moreno-1-20240418-081234.jpeg\"><img fetchpriority=\"high\" decoding=\"async\" class=\"size-full wp-image-46810\" src=\"https:\/\/expoflamenco.com\/prensa\/wp-content\/uploads\/sites\/17\/2023\/12\/duquende-foto-antonio-moreno-1-20240418-081234.jpeg\" alt=\"\" width=\"1917\" height=\"1276\" \/><\/a><figcaption id=\"caption-attachment-46810\" class=\"wp-caption-text\">Duquende. Foto: Antonio Moreno<\/figcaption><\/figure>\n<p>&nbsp;<\/p>\n<p><strong>\u2013 Acostumbrado a tocar con un guitarrista, \u00bfle supuso un problema verse rodeado de instrumentos?<\/strong><\/p>\n<p>\u2013 Sin querer, coges un aprendizaje sin quererlo. Al principio me preguntaba qu\u00e9 estaba aprendiendo ah\u00ed, y me dec\u00eda que nada. Pero no era as\u00ed. Al pasar del tiempo descubres que has aprendido mucho. Hasta los andares de Paco eran de arte. Mi sensaci\u00f3n con el grupo de Paco de Luc\u00eda es que era como una nave espacial, en la que Paco era el capit\u00e1n, mientras que nosotros \u00e9ramos los tripulantes, quienes le ayud\u00e1bamos con los botones para que aquello funcionara. La sensaci\u00f3n era pasar como a otra dimensi\u00f3n por encima de la gente con la m\u00fasica.<\/p>\n<p><strong>\u2013 Pero trabajaban para que se luciera \u00e9l, \u00bfno?<\/strong><\/p>\n<p>\u2013 Totalmente. Yo no cantaba para el p\u00fablico, yo cantaba para agradarlo a \u00e9l. Porque si lograba agradar a Paco, agradaba al p\u00fablico.<\/p>\n<p>&nbsp;<\/p>\n<blockquote>\n<p class=\"p1\"><em><span class=\"s1\">\u00abCreo que quienes nos arrim\u00e1bamos a \u00e9l \u00e9ramos personas de su agrado. Porque Paco con nosotros tambi\u00e9n se divert\u00eda mucho, y nos ten\u00eda mucha admiraci\u00f3n. Nosotros con \u00e9l, locos, pero al rev\u00e9s tambi\u00e9n ocurr\u00eda, y nos lo hac\u00eda sentir\u00bb<\/span><\/em><\/p>\n<\/blockquote>\n<p>&nbsp;<\/p>\n<p><strong>\u2013 \u00bfTen\u00edan alg\u00fan c\u00f3digo en escena?<\/strong><\/p>\n<p>\u2013 Una mirada, y lo que quer\u00eda decir lo entend\u00edamos todos perfectamente, tal era la conexi\u00f3n que ten\u00edamos, incluso mentalmente.<\/p>\n<p><strong>\u2013 \u00bfRecuerda noches malas?<\/strong><\/p>\n<p>\u2013 S\u00ed, recuerdo un d\u00eda que sali\u00f3 Paco y toc\u00f3 muy malamente. Se fue de ritmo, cosa rara. Y pens\u00e9 para m\u00ed: \u201c\u00bfVes como eres humano?\u201d. Los humanos, todos fallan. Eso fue una noche. A la otra noche, lleg\u00f3 con su guitarra y entr\u00f3 para adentro para el camerino muy r\u00e1pido, y no quiso hablar con nadie. Estaba muy raro, yo creo que se hab\u00eda dado cuenta de que no hab\u00eda estado bien. Pero sali\u00f3 a tocar, y lo hizo de una manera que yo en mi vida lo he visto tocar de esa manera, y pas\u00e9 veinte a\u00f1os vi\u00e9ndolo tocar todos los d\u00edas. Fue incre\u00edble. Cuando entr\u00f3 dentro, me dijo: \u201cMira lo que me ha pasado\u201d. Y me ense\u00f1\u00f3 la mano, le hab\u00eda salido un bulto en los tendones, le toqu\u00e9 y vi que era muy grande. Le pregunt\u00e9 si sab\u00eda c\u00f3mo hab\u00eda tocado aquella noche.<\/p>\n<p><strong>\u2013 El p\u00fablico casi siempre parec\u00eda entregado, pero habr\u00eda veces que no fuera as\u00ed\u2026<\/strong><\/p>\n<p>\u2013 S\u00ed, pero para eso estaba Paco, que se levantaba y les dec\u00eda: \u201c\u00a1Sobas, que sois muy sobas!\u201d. Porque no hab\u00edan aplaudido lo suficiente [risas].<\/p>\n<p><strong>\u2013 H\u00e1bleme del Paco que se pon\u00eda nervioso cuando actuaba en Espa\u00f1a.<\/strong><\/p>\n<p>\u2013 Paco tocaba bien cuando se iba a Alemania, a Rusia. Pero cuando iba a Espa\u00f1a, dec\u00eda: \u201cYa van a estar ah\u00ed todos con los cuchillos\u201d. Estaba la gente ah\u00ed esperando el fallo, much\u00edsima gente. Pero cuando sal\u00eda bien, se volv\u00eda hacia m\u00ed, que estaba a su izquierda, y me dec\u00eda \u201chan tragado, han tragado\u201d [risas]. Yo me perd\u00eda un poco con \u00e9l, porque sal\u00eda muy nervioso, con la guitarra por delante, en la boca, con las dos manos cogidas al m\u00e1stil, y me dec\u00eda \u201c\u00a1estoy cagao!\u201d. Pero se sentaba, cruzaba las piernas, y aquello era magia. Con el primer tono que hac\u00eda, una cuerda nada m\u00e1s\u2026 Para m\u00ed que le echaba polvos m\u00e1gicos al p\u00fablico y los dejaba hipnotizados. Algo ten\u00eda de brujo.<\/p>\n<p><strong>\u2013 \u00bfHab\u00eda gente que lo quer\u00eda fuera de combate?<\/strong><\/p>\n<p>\u2013 Mucha gente, que no voy a dar nombres, me pregunt\u00f3 cuando se cort\u00f3 un dedo con un coral. \u201c\u00bfPero podr\u00e1 tocar, podr\u00e1 tocar?\u201d. Deseando coger la oportunidad. Pero, \u00bfqu\u00e9 oportunidad te va a dar, si como ese no hay nadie? Y lo que ha hecho, nadie lo superar\u00e1. Luego hab\u00eda gente que tambi\u00e9n lo admiraba, claro. Pero \u00e9l dec\u00eda que hab\u00eda dejado a muchos guitarristas locos, porque quer\u00edan llegar hasta donde estaba \u00e9l, y estudiaban, estudiaban y estudiaban, pero era imposible.<\/p>\n<p><strong>\u2013 \u00bfUsted se apuntaba a las pachangas de f\u00fatbol con \u00e9l?<\/strong><\/p>\n<p>\u2013 \u00a1Claro! Yo me iba con ellos, es que era una obligaci\u00f3n que ten\u00edamos todos en las giras, jug\u00e1bamos con segundas divisiones, se nos daba bien. Uno de los peores era Benavent, \u00a1pero un d\u00eda meti\u00f3 un gol! Paco dec\u00eda, \u201cal <em>Bernab\u00e9<\/em> dejadlo\u201d, como si estuviera de estorbo, pero un d\u00eda la pelota se adelant\u00f3, y el Carlos sin querer le meti\u00f3 una patada y marc\u00f3 un gol. Paco se puso muy contento: \u201c\u00a1Ahora qu\u00e9! \u00a1El Carlos, qu\u00e9!\u201d. \u00c9ramos muy felices. Si te digo la verdad, los recuerdos que tengo son tant\u00edsimos que no puedo ni enumerarlos. Me he recorrido quince veces el mundo con \u00e9l, y no te podr\u00eda decir si he estado en tal sitio o tal otro, \u00bfsabes? Era una locura.<\/p>\n<p>&nbsp;<\/p>\n<blockquote>\n<p class=\"p1\"><em><span class=\"s1\">\u00abSi te digo la verdad, a \u00e9l no le gustaba la guitarra. Odiaba la guitarra. Dec\u00eda cosas que\u2026 da hasta verg\u00fcenza decirlo. Dec\u00eda \u201cdonde se ponga un ay vuestro, que se quiten las guitarras\u201d. Y yo me echaba a re\u00edr con \u00e9l. \u201cPero Paco, qu\u00e9 dices, hombre, \u00bfqu\u00e9 van a hacer los dem\u00e1s con las guitarras? \u00bfUna hoguera de San Juan? \u00bfLas vas a quemar todas?\u201d. Le gustaba mucho el cante\u00bb<\/span><\/em><\/p>\n<\/blockquote>\n<p>&nbsp;<\/p>\n<p><strong>\u2013 \u00bfQu\u00e9 cosas le interesaban a Paco fuera del flamenco?<\/strong><\/p>\n<p>\u2013 Yo he escuchado a Paco hablar de flamenco y de f\u00fatbol, de otras cosas no. Ten\u00eda sus cositas como todo el mundo, que quedan para nosotros. Las quejas y las cosas que todos tenemos. Pero no se separaba de nosotros. Lo invitaban a comer a la embajada, y dec\u00eda: \u201cSi no vienen los ni\u00f1os, yo no voy\u201d. Y nos ten\u00edan que llevar a todos. Y si era menester, cog\u00eda la guitarra y tocaba con nosotros en las fiestas. Me dec\u00eda, \u201cno me hagas muchas letras dif\u00edciles, h\u00e1zmelas suavillas\u201d, que no tuvieran tonos muy raros [risas].<\/p>\n<p><strong>\u2013 \u00bfRecuerda sus bromas?<\/strong><\/p>\n<p>\u2013 \u00bfBromas? Desde que se levantaba. Puedo decir tantas\u2026 Y eran muy pesadas. Le gustaba mucho poner a la gente en contra, eso le encantaba. Le dec\u00eda por ejemplo a Ca\u00f1izares, \u201cmira lo que dice el Grilo, que t\u00fa no sabes tocar, que donde se toca es en Jerez\u201d. Un d\u00eda est\u00e1bamos con Josele, Pira\u00f1a, un mont\u00f3n de gente\u2026 Y Paco le dice al Pira\u00f1a que cuando est\u00e9 en el escenario, coja un mont\u00f3n de pl\u00e1tanos y se los tire al Josele cuando vaya a presentarlo. \u201cA la guitarra, Josele\u201d. Y se lo tir\u00f3. Y el Josele se qued\u00f3\u2026 El Paco se meaba de risa, pero no s\u00e9 si esto a Josele le va a gustar [risas].<\/p>\n<p><strong>\u2013 No obstante, Paco se ve siempre en los conciertos muy concentrado. \u00bfDesde su silla aprobaba o desaprobaba?<\/strong><\/p>\n<p>\u2013 Paco no era el que te echaba la bronca, era Ram\u00f3n de Algeciras. Siempre en la puerta para que no tard\u00e1ramos en bajar para los viajes. Si no hubiera sido por Ram\u00f3n no s\u00e9 qu\u00e9 habr\u00eda sido de aquello, porque \u00e9ramos j\u00f3venes y las fiestas, todas las noches. \u201cNo se levanta el Rubem\u201d. Pues todos corriendo a hacer la maleta para que no tuviera problemas con Ram\u00f3n. O llamaba a la puerta de Ca\u00f1izares, que estaba durmiendo con el traje puesto, de haberse venido de juerga [risas]. Ram\u00f3n se pon\u00eda muy, muy enfadado. Paco era quien estaba detr\u00e1s de todo esto, pero Ram\u00f3n era la polic\u00eda flamenca, como le dec\u00edamos nosotros. Pero por mucha fiesta que hubiera, siempre est\u00e1bamos a nivel con \u00e9l. Nunca, nunca hubo una noche que dij\u00e9ramos: \u201cHostia, hoy no he podido\u201d. \u00c9l ten\u00eda tanta energ\u00eda que nos pon\u00eda en el sitio. Siempre la misma tensi\u00f3n, desde el principio hasta el final. \u00c9l pon\u00eda un nivel al principio, con la ronde\u00f1a, y de ah\u00ed solo pod\u00edamos ir para arriba. Empezaba con una bomba de relojer\u00eda.<\/p>\n<p><strong>\u2013 Y el p\u00fablico ah\u00ed s\u00ed que no ten\u00eda escapatoria\u2026<\/strong><\/p>\n<p>\u2013 Esa diferencia tambi\u00e9n la veo, hay guitarristas que tocan muy bien, pero no veo que consigan esa emoci\u00f3n del p\u00fablico. Cuando Paco tocaba, las mujeres y los hombres chillaban sin querer. Hac\u00edan \u201caaaaaaah\u201d y se levantaban de la silla. Era una cosa el\u00e9ctrica.<\/p>\n<p><strong>\u2013 \u00bfLo visit\u00f3 en la casa de Canc\u00fan?<\/strong><\/p>\n<p>\u2013 S\u00ed, pas\u00e9 con \u00e9l una semana, y all\u00ed me hice este tatuaje [muestra una media luna y una estrella en su mano], que era la insignia de Camar\u00f3n. Yo siempre me lo hac\u00eda con boli, y le cont\u00e9 a Paco: \u201cMira, me da verg\u00fcenza decirlo, pero yo me pongo esto con boli porque me gusta llevarlo\u201d. Y \u00e9l me anim\u00f3 a hacerlo: \u201cH\u00e1ztelo, que no pasa nada\u201d. \u201cEs que la gente va a decir, mira, como Camar\u00f3n\u201d. \u201cNo, t\u00fa le dices a la gente que es un recuerdo, \u00bfvale? Una cosa que t\u00fa tienes \u00edntima, ya est\u00e1\u201d. Y me lo hice en Canc\u00fan. \u00c9l all\u00ed se relajaba mucho, pero era tranquilo donde estuviese.<\/p>\n<p><strong>\u2013 En el estudio, \u00bfc\u00f3mo era?<\/strong><\/p>\n<p>\u2013 Pues una persona que tampoco te exig\u00eda tanto. Cuando he grabado con \u00e9l, ya sea con mi disco o con el suyo, se sent\u00f3 enfrente de m\u00ed y yo de \u00e9l, pusieron la claqueta y cantamos los dos en directo. Luego retocamos dos tonter\u00edas, pero lo que hicimos en directo casi nos vali\u00f3. Dos tomas. A \u00e9l le gustaba grabar de primeras \u2013que se enteren los guitarristas\u2013, porque dec\u00eda que si la hac\u00eda otra vez, desafinaba. Hay gente que se ha tirado hasta un mes y no da pie con bola. En mi disco <em>Samaruco<\/em>, yo lo llam\u00e9 y nos pusimos con Isidro Sanl\u00facar igual, a grabar como si fuera un directo.<\/p>\n<p>&nbsp;<\/p>\n<blockquote>\n<p class=\"p1\"><em><span class=\"s1\">\u00abCamar\u00f3n para m\u00ed ha sido la perfecci\u00f3n del cante, como la perfecci\u00f3n de la guitarra fue Paco. Y nunca m\u00e1s se repetir\u00e1 la historia. Como Paco, nunca he escuchado ni escuchar\u00e9 algo igual. Ni t\u00fa tampoco\u00bb<\/span><\/em><\/p>\n<\/blockquote>\n<p>&nbsp;<\/p>\n<p><strong>\u2013 \u00bfC\u00f3mo se llevaba Paco con Isidro?<\/strong><\/p>\n<p>\u2013 Exagerado. Isidro quer\u00eda mucho a Paco, y Paco a Isidro. Se respetaban much\u00edsimo, los ve\u00eda como cient\u00edficos del flamenco. Miraban las cosas con lupa, al mil\u00edmetro. Lo que pasa es que Isidro dec\u00eda que ten\u00eda la enfermedad del no. Yo le dije que me gustar\u00eda mucho que tocara la guitarra con Paco, y me respondi\u00f3 que s\u00ed, se ensay\u00f3 las falsetas que iba a hacer en la buler\u00eda, pero cuando lleg\u00f3\u2026 Le dio la enfermedad, y se cag\u00f3 [risas]. Cuando vio a Paco all\u00ed, dijo, \u201cno, no, no, que toque \u00e9l\u201d. Todo ven\u00eda de un d\u00eda que estaba tocando con su hermano Manolo, siendo muy jovencito, y le dio por decir que \u00e9l no iba por delante. As\u00ed se le meti\u00f3 la enfermedad del no, y se qued\u00f3 tocando detr\u00e1s de su hermano.<\/p>\n<p><strong>\u2013 Y la rivalidad de la que siempre se ha hablado entre Manolo Sanl\u00facar y Paco, \u00bfusted la ha percibido?<\/strong><\/p>\n<p>\u2013 Yo creo que no. No, no. Yo he estado con Isidro en estudio, y ha llamado Manolo para decir, \u201cIsidro, que no me entero bien de lo que estoy haciendo, \u00bfte puedes venir para ac\u00e1?\u201d. Era el cerebro. Lo que pasa es que con el no este que ten\u00eda de enfermedad, no le permit\u00eda disfrutarlo \u00e9l. En cuanto a Paco, \u00e9l admiraba a Manolo y Manolo lo admiraba a \u00e9l. Son totalmente distintos, Paco tocaba para el mundo, y Manolo fue el maestro de todos los guitarras del mundo, el que aprendi\u00f3 a los ni\u00f1os a tocar. Ellos aprend\u00edan con Manolo, y luego trataban de cogerle a Paco la forma.<\/p>\n<p><strong>\u2013 \u00bfEs cierto que usted le dijo que no alguna vez a Paco?<\/strong><\/p>\n<p>\u2013 Hubo veces que me quitaba de en medio, y Paco se ve\u00eda obligado a llamar a otras personas. Me daba el punto y no ten\u00eda ganas de ir. Yo soy una persona rarilla y \u00e9l me llamaba, \u201cJuan, por favor\u201d, hasta se enfadaba mucho conmigo, la verdad, pero ten\u00eda que tirar las cosas para adelante. Cuando yo no quise ir entr\u00f3 Rafael de Utrera, Rubio de Pruna\u2026 Esta gente conoce a Paco gracias a que yo tengo ese punto loco [risas]. Nadie me ha dado las gracias, y creo que es para darlas, porque yo era el cantaor de Paco. Pero ten\u00eda mis cosillas, y prefer\u00eda dejarlo tirado. Yo ten\u00eda mi camino y me daba por ah\u00ed. Lo bueno es que acababa perdon\u00e1ndome y me volv\u00eda a llamar.<\/p>\n<p><strong>\u2013 \u00bfC\u00f3mo le lleg\u00f3 la noticia de la muerte de Paco?<\/strong><\/p>\n<p>\u2013 Estaba yo en casa, a las ocho de la ma\u00f1ana, me llam\u00f3 un amigo de nosotros y cuando me lo cont\u00f3, imag\u00ednate. No me lo cre\u00eda y sigo sin cre\u00e9rmelo. Me acuerdo de \u00e9l todos los d\u00edas. Hasta sue\u00f1o con \u00e9l. El otro d\u00eda so\u00f1\u00e9 que me hab\u00edan robado el m\u00f3vil. Una muchacha me ped\u00eda para llamar, era urgente, y yo se lo dej\u00e9, y cuando me di cuenta se hab\u00eda ido la muchacha con el m\u00f3vil. \u00bfY sabes qu\u00e9 pens\u00e9? \u201c\u00a1Es que tengo el n\u00famero de Paco ah\u00ed!\u201d.<\/p>\n<p><strong>\u2013 \u00c9l era mucho de llamar por tel\u00e9fono, \u00bfno?<\/strong><\/p>\n<p>\u2013 \u00c9l llamaba mucho. Cuando naci\u00f3 el ni\u00f1o me llam\u00f3 corriendo, estaba muy contento. \u201c\u00a1Juan, ya soy padre! \u00bfY sabes qu\u00e9? \u00a1Ha nacido con unos pedazo de huevos\u2026!\u201d [risas]. Siempre se estaba riendo, se re\u00eda de su sombra. Otra cosa que me acuerdo es en Sevilla, hab\u00eda un gitano que med\u00eda metro y medio, lleg\u00f3 roneando y diciendo que era cantaor y ven\u00eda a ver a Paco, pero se quejaba de que el de la puerta no lo dejaba entrar porque no lo hab\u00eda reconocido. Ya sabes, roneando los gitanos\u2026 \u201cY he estado a punto de darle una torta\u201d, a\u00f1adi\u00f3. Paco se le qued\u00f3 mirando, \u00bfy qu\u00e9 hizo? Llam\u00f3 al gigante de la puerta, \u201cmira, d\u00edselo a \u00e9l en la cara\u201d. Si vieras el gitano la cara\u2026 Y yo, \u201cPaco, por dios\u2026\u201d [risas] Era un ni\u00f1o malo, un ni\u00f1o travieso. Pero tambi\u00e9n la persona m\u00e1s lista del mundo: estaba aqu\u00ed y estaba d\u00e1ndose cuenta de lo que hablaban all\u00ed, y all\u00e1\u2026 Ten\u00eda la antena puesta siempre.<\/p>\n<p><strong>\u2013 \u00bfQu\u00e9 frase suya recordar\u00e1 siempre?<\/strong><\/p>\n<p>\u2013 Una cosa que me dijo un d\u00eda que yo iba a salir, y estaba muy nervioso. \u201cPaco, hay muchos artistas en el p\u00fablico\u201d, le dije. Y me respondi\u00f3: \u201cMira, \u00bft\u00fa ves la gente que hay ah\u00ed? Nadie sabe nada, \u00bfvale? As\u00ed que sal ah\u00ed y haz lo que t\u00fa sabes hacer\u201d. Eso me dio a m\u00ed una confianza tal, que aquel d\u00eda cant\u00e9 como nunca. Estos d\u00edas en Nueva York, cantando las cosas de \u00e9l, me hace sentir que est\u00e1 vivo, entre medio de nosotros. Nos aprendi\u00f3 a tener una energ\u00eda potente y saber c\u00f3mo hacer que a la gente se le pongan los vellos de punta. Eso y su sonrisa: esa sonrisa tan bonita y tan especial la tengo en mi mente para mientras viva. \u2666<\/p>\n<p>&nbsp;<\/p>\n<h6 style=\"text-align: right;\">Imagen superior de Duquende: Kiko Valle &#8211; julio 2022<\/h6>\n<p>&nbsp;<\/p>\n<p>&nbsp;<\/p>\n<p><strong><em>\u2192\u00a0 <a href=\"https:\/\/expoflamenco.com\/revista\/firmas\/los-elegidos\/\" target=\"_blank\" rel=\"noopener\">Ver aqu\u00ed las entregas de la serie LOS ELEGIDOS, de Alejandro Luque, sobre los colaboradores de Paco de Luc\u00eda.<\/a><\/em><\/strong><\/p>\n<p>&nbsp;<\/p>\n","protected":false,"gt_translate_keys":[{"key":"rendered","format":"html"}]},"excerpt":{"rendered":"<p>LOS ELEGIDOS (IV). \u00abPaco era el capit\u00e1n y nosotros lo ayud\u00e1bamos con los botones\u00bb, explica Juan Rafael Cort\u00e9s Santiago &#8216;Duquende&#8217; sobre esa met\u00e1fora de la nave espacial, mientras accede a compartir algunos de sus recuerdos con expoflamenco. <\/p>\n","protected":false,"gt_translate_keys":[{"key":"rendered","format":"html"}]},"author":13,"featured_media":746,"comment_status":"open","ping_status":"open","sticky":false,"template":"","format":"standard","meta":{"_acf_changed":false,"pmpro_default_level":"","jnews-multi-image_gallery":[],"jnews_single_post":{"format":"standard","override":[{"template":"2","parallax":"1","fullscreen":"1","layout":"right-sidebar","sidebar":"default-sidebar","second_sidebar":"default-sidebar","sticky_sidebar":"1","share_position":"bottom","share_float_style":"share-monocrhome","show_share_counter":"1","show_view_counter":"1","show_featured":"1","show_post_meta":"1","show_post_author":"1","show_post_author_image":"1","show_post_date":"1","post_date_format":"default","post_date_format_custom":"Y\/m\/d","show_post_reading_time":"1","post_reading_time_wpm":"250","post_calculate_word_method":"str_word_count","show_zoom_button":"1","zoom_button_out_step":"2","zoom_button_in_step":"3","show_post_tag":"1","show_prev_next_post":"1","show_popup_post":"1","number_popup_post":"1","show_author_box":"1","show_post_related":"1","show_inline_post_related":"1"}],"image_override":[{"single_post_thumbnail_size":"crop-500","single_post_gallery_size":"crop-500"}],"trending_post_position":"meta","trending_post_label":"Tendencias","sponsored_post_label":"Patrocinado por","disable_ad":"0","subtitle":"LOS ELEGIDOS (IV). \u00abPaco era el capit\u00e1n y nosotros lo ayud\u00e1bamos con los botones\u00bb, explica Juan Rafael Cort\u00e9s Santiago 'Duquende' sobre esa met\u00e1fora de la nave espacial, mientras accede a compartir algunos de sus recuerdos con expoflamenco."},"jnews_primary_category":[],"jnews_override_bookmark_settings":{"override_bookmark_button":"0","override_show_bookmark_button":"0"},"jnews_social_meta":[],"jnews_review":[],"enable_review":"","type":"percentage","name":"","summary":"","brand":"","sku":"","good":[],"bad":[],"score_override":"","override_value":"","rating":[],"price":[],"jnews_override_counter":{"view_counter_number":"0","share_counter_number":"0","like_counter_number":"0","dislike_counter_number":"0"},"footnotes":""},"categories":[38,130,277],"tags":[662,663,106,195],"class_list":["post-745","post","type-post","status-publish","format-standard","has-post-thumbnail","hentry","category-en-portada","category-entrevistas","category-los-elegidos","tag-a-juan-rafael-cortes-santiago-duquende","tag-cantaor-duquende","tag-colaboradores-de-paco-de-lucia","tag-flamenco","pmpro-has-access"],"acf":[],"aioseo_notices":[],"gt_translate_keys":[{"key":"link","format":"url"}],"_links":{"self":[{"href":"https:\/\/expoflamenco.com\/revista\/wp-json\/wp\/v2\/posts\/745","targetHints":{"allow":["GET"]}}],"collection":[{"href":"https:\/\/expoflamenco.com\/revista\/wp-json\/wp\/v2\/posts"}],"about":[{"href":"https:\/\/expoflamenco.com\/revista\/wp-json\/wp\/v2\/types\/post"}],"author":[{"embeddable":true,"href":"https:\/\/expoflamenco.com\/revista\/wp-json\/wp\/v2\/users\/13"}],"replies":[{"embeddable":true,"href":"https:\/\/expoflamenco.com\/revista\/wp-json\/wp\/v2\/comments?post=745"}],"version-history":[{"count":0,"href":"https:\/\/expoflamenco.com\/revista\/wp-json\/wp\/v2\/posts\/745\/revisions"}],"wp:featuredmedia":[{"embeddable":true,"href":"https:\/\/expoflamenco.com\/revista\/wp-json\/wp\/v2\/media\/746"}],"wp:attachment":[{"href":"https:\/\/expoflamenco.com\/revista\/wp-json\/wp\/v2\/media?parent=745"}],"wp:term":[{"taxonomy":"category","embeddable":true,"href":"https:\/\/expoflamenco.com\/revista\/wp-json\/wp\/v2\/categories?post=745"},{"taxonomy":"post_tag","embeddable":true,"href":"https:\/\/expoflamenco.com\/revista\/wp-json\/wp\/v2\/tags?post=745"}],"curies":[{"name":"wp","href":"https:\/\/api.w.org\/{rel}","templated":true}]}}