{"id":743,"date":"2024-03-04T22:17:30","date_gmt":"2024-03-04T21:17:30","guid":{"rendered":"https:\/\/expoflamenco.com\/revistanew\/mercedes-ruiz-reivindico-siempre-la-tradicion-porque-he-crecido-con-eso\/"},"modified":"2024-03-04T22:17:30","modified_gmt":"2024-03-04T21:17:30","slug":"mercedes-ruiz-reivindico-siempre-la-tradicion-porque-he-crecido-con-eso","status":"publish","type":"post","link":"https:\/\/expoflamenco.com\/revista\/mercedes-ruiz-reivindico-siempre-la-tradicion-porque-he-crecido-con-eso\/","title":{"rendered":"Mercedes Ruiz: \u00abReivindico siempre la tradici\u00f3n porque he crecido con eso\u00bb","gt_translate_keys":[{"key":"rendered","format":"text"}]},"content":{"rendered":"<p class=\"p1\"><span class=\"s1\">La bailaora jerezana estrena en 2024 su <i><strong>Romancero del baile flamenco<\/strong>, <\/i>dentro de la programaci\u00f3n del <a href=\"https:\/\/www.festivaldejerez.es\/\" target=\"_blank\" rel=\"noopener\">XXVIII Festival de Jerez<\/a>. Mercedes es del barrio de San Miguel, all\u00ed tiene su peque\u00f1o estudio que en su d\u00eda fue el primer local de la Pe\u00f1a La Buler\u00eda, esto es, la Calle Baro, donde se fund\u00f3 la entidad en 1977. Es un espacio con encanto, y en la intimidad de la entrevista la artista se muestra tal como es, sencilla y con una profundidad sentimental de mucha categor\u00eda. Naci\u00f3 en 1980 y comenz\u00f3 dando clases en su barriada de San Telmo, pasando luego por <strong>Ana Mar\u00eda L\u00f3pez<\/strong> y lleg\u00f3 a formar parte de la compa\u00f1\u00eda de <strong>Manuel Morao<\/strong>, por lo que comparti\u00f3 escenarios con Mora\u00edto, El Torta, Moneo, T\u00edo Juane, Mar\u00eda Sole\u00e1&#8230; entre otros. \u00abNo era consciente de aquello pero porque lo ve\u00eda natural, mi d\u00eda a d\u00eda\u00bb, dice. Desde entonces se siente bailaora y tiene la ilusi\u00f3n de entonces, a pesar de que este nuevo espect\u00e1culo ser\u00e1 el decimocuarto en su lista de producciones. \u00abSoy introvertida, pero soy una mujer que siempre tiene ganas de superarse, por m\u00ed misma, con ganas de aprender, supersensible\u00bb, relata.<\/span><\/p>\n<p>&nbsp;<\/p>\n<blockquote>\n<p class=\"p1\"><em><span class=\"s1\">\u00abSoy introvertida, pero soy una mujer que siempre tiene ganas de superarse, por m\u00ed misma, con ganas de aprender, supersensible\u00bb<\/span><\/em><\/p>\n<\/blockquote>\n<p>&nbsp;<\/p>\n<p>&nbsp;<\/p>\n<figure id=\"attachment_48478\" aria-describedby=\"caption-attachment-48478\" style=\"width: 1600px\" class=\"wp-caption aligncenter\"><a href=\"https:\/\/expoflamenco.com\/prensa\/wp-content\/uploads\/sites\/17\/2024\/03\/expoflamenco-mercedes-ruiz-3-entrevista-con-juan-garrido-mar24.jpg\"><img fetchpriority=\"high\" decoding=\"async\" class=\"size-full wp-image-48478\" src=\"https:\/\/expoflamenco.com\/prensa\/wp-content\/uploads\/sites\/17\/2024\/03\/expoflamenco-mercedes-ruiz-3-entrevista-con-juan-garrido-mar24.jpg\" alt=\"\" width=\"1600\" height=\"899\" \/><\/a><figcaption id=\"caption-attachment-48478\" class=\"wp-caption-text\">La bailaora jerezana Mercedes Ruiz, durante su charla con Juan Garrido para expoflamenco. Marzo 2024.<\/figcaption><\/figure>\n<p>&nbsp;<\/p>\n<figure id=\"attachment_48474\" aria-describedby=\"caption-attachment-48474\" style=\"width: 1300px\" class=\"wp-caption aligncenter\"><a href=\"https:\/\/expoflamenco.com\/prensa\/wp-content\/uploads\/sites\/17\/2024\/03\/expoflamenco-mercedes-ruiz-2-entrevista-con-juan-garrido-mar24.jpg\"><img decoding=\"async\" class=\"size-full wp-image-48474\" src=\"https:\/\/expoflamenco.com\/prensa\/wp-content\/uploads\/sites\/17\/2024\/03\/expoflamenco-mercedes-ruiz-2-entrevista-con-juan-garrido-mar24.jpg\" alt=\"\" width=\"1300\" height=\"800\" \/><\/a><figcaption id=\"caption-attachment-48474\" class=\"wp-caption-text\">La bailaora jerezana Mercedes Ruiz, durante su charla con Juan Garrido para expoflamenco. Marzo 2024.<\/figcaption><\/figure>\n<p>&nbsp;<\/p>\n","protected":false,"gt_translate_keys":[{"key":"rendered","format":"html"}]},"excerpt":{"rendered":"<p>La bailaora jerezana Mercedes Ruiz charla con Juan Garrido en exclusiva para expoflamenco desde su estudio de danza, que fue sede de la pe\u00f1a La Buler\u00eda. \u00abBailo con la ilusi\u00f3n del primer d\u00eda\u00bb, dice.<\/p>\n","protected":false,"gt_translate_keys":[{"key":"rendered","format":"html"}]},"author":34,"featured_media":744,"comment_status":"open","ping_status":"open","sticky":false,"template":"","format":"standard","meta":{"_acf_changed":false,"pmpro_default_level":"","jnews-multi-image_gallery":[],"jnews_single_post":null,"jnews_primary_category":[],"jnews_override_bookmark_settings":{"override_bookmark_button":"0","override_show_bookmark_button":"0"},"jnews_social_meta":[],"jnews_review":[],"enable_review":"","type":"percentage","name":"","summary":"","brand":"","sku":"","good":[],"bad":[],"score_override":"","override_value":"","rating":[],"price":[],"jnews_override_counter":{"view_counter_number":"0","share_counter_number":"0","like_counter_number":"0","dislike_counter_number":"0"},"footnotes":""},"categories":[38,130],"tags":[661,195,296],"class_list":["post-743","post","type-post","status-publish","format-standard","has-post-thumbnail","hentry","category-en-portada","category-entrevistas","tag-bailaora-jerezana","tag-flamenco","tag-mercedes-ruiz","pmpro-has-access"],"acf":[],"aioseo_notices":[],"gt_translate_keys":[{"key":"link","format":"url"}],"_links":{"self":[{"href":"https:\/\/expoflamenco.com\/revista\/wp-json\/wp\/v2\/posts\/743","targetHints":{"allow":["GET"]}}],"collection":[{"href":"https:\/\/expoflamenco.com\/revista\/wp-json\/wp\/v2\/posts"}],"about":[{"href":"https:\/\/expoflamenco.com\/revista\/wp-json\/wp\/v2\/types\/post"}],"author":[{"embeddable":true,"href":"https:\/\/expoflamenco.com\/revista\/wp-json\/wp\/v2\/users\/34"}],"replies":[{"embeddable":true,"href":"https:\/\/expoflamenco.com\/revista\/wp-json\/wp\/v2\/comments?post=743"}],"version-history":[{"count":0,"href":"https:\/\/expoflamenco.com\/revista\/wp-json\/wp\/v2\/posts\/743\/revisions"}],"wp:featuredmedia":[{"embeddable":true,"href":"https:\/\/expoflamenco.com\/revista\/wp-json\/wp\/v2\/media\/744"}],"wp:attachment":[{"href":"https:\/\/expoflamenco.com\/revista\/wp-json\/wp\/v2\/media?parent=743"}],"wp:term":[{"taxonomy":"category","embeddable":true,"href":"https:\/\/expoflamenco.com\/revista\/wp-json\/wp\/v2\/categories?post=743"},{"taxonomy":"post_tag","embeddable":true,"href":"https:\/\/expoflamenco.com\/revista\/wp-json\/wp\/v2\/tags?post=743"}],"curies":[{"name":"wp","href":"https:\/\/api.w.org\/{rel}","templated":true}]}}