{"id":741,"date":"2024-03-05T13:58:26","date_gmt":"2024-03-05T12:58:26","guid":{"rendered":"https:\/\/expoflamenco.com\/revistanew\/beatriz-morales-y-agujetas-chico-el-amor-todo-lo-puede\/"},"modified":"2024-03-05T13:58:26","modified_gmt":"2024-03-05T12:58:26","slug":"beatriz-morales-y-agujetas-chico-el-amor-todo-lo-puede","status":"publish","type":"post","link":"https:\/\/expoflamenco.com\/revista\/beatriz-morales-y-agujetas-chico-el-amor-todo-lo-puede\/","title":{"rendered":"Beatriz Morales y Agujetas Chico: el amor todo lo puede","gt_translate_keys":[{"key":"rendered","format":"text"}]},"content":{"rendered":"<p>Todav\u00eda hay quien pone en cuesti\u00f3n la poca presencia de artistas flamencos de Jerez en la programaci\u00f3n del Festival, siendo absolutamente un comentario falaz porque desde siempre han tenido su sitio y la direcci\u00f3n ha sabido equilibrar el dise\u00f1o de las actividades con el peso tanto de los artistas locales como los de fuera, independientemente de la fama que tengan a nivel universal.<\/p>\n<p>&nbsp;<\/p>\n<p>De ah\u00ed que ocurran cosas como las de la jornada de ayer, 4 de marzo, en el comienzo de la segunda semana del certamen. Por la tarde el comp\u00e1s se adue\u00f1aba del Palacio de Villavicencio, con dos de las voces m\u00e1s ilusionantes del panorama actual como las de Pedro Montoya El Chanquita y Bernardo Rubichi, y por la noche el protagonismo reca\u00eda en el d\u00fao conformado por Beatriz Morales y Agujetas Chico. Jerez, por todos sus lados y aristas.<\/p>\n<p>&nbsp;<\/p>\n<p>&nbsp;<\/p>\n<blockquote><p><em>\u00abLa fuente de La Plazuela sigue emanando cante del bueno con la saga Rubichi. Bernardo, el hijo menor de Tom\u00e1s, cant\u00f3 con un arrojo sorprendente, ech\u00e1ndole toda las ganas a la digna labor de triunfar. As\u00ed lo hizo, porque la gente supo valorar que estos nuevos testimonios sonoros son tan valiosos como el tesoro del Estado\u00bb<\/em><\/p><\/blockquote>\n<p>&nbsp;<\/p>\n<p>&nbsp;<\/p>\n<figure id=\"attachment_48486\" aria-describedby=\"caption-attachment-48486\" style=\"width: 1300px\" class=\"wp-caption aligncenter\"><a href=\"https:\/\/expoflamenco.com\/prensa\/wp-content\/uploads\/sites\/17\/2024\/03\/expoflamenco-chanquita-y-bernardo-rubichi-2-palacio-villavicencio-foto-esteban-abion-festival-jerez-mar24.jpg\"><img fetchpriority=\"high\" decoding=\"async\" class=\"size-full wp-image-48486\" src=\"https:\/\/expoflamenco.com\/prensa\/wp-content\/uploads\/sites\/17\/2024\/03\/expoflamenco-chanquita-y-bernardo-rubichi-2-palacio-villavicencio-foto-esteban-abion-festival-jerez-mar24.jpg\" alt=\"\" width=\"1300\" height=\"916\"><\/a><figcaption id=\"caption-attachment-48486\" class=\"wp-caption-text\">Chanquita y Bernardo Rubichi. Palacio de Villavicencio. XXVIII Festival de Jerez. 4 marzo 2024. Foto: Esteban Abi\u00f3n &#8211; Festival de Jerez<\/figcaption><\/figure>\n<p>&nbsp;<\/p>\n<p>&nbsp;<\/p>\n<h2><strong>Cante nuevo de la vieja escuela <\/strong><\/h2>\n<p>El <strong>Palacio de Villavicencio<\/strong> del Alc\u00e1zar de Jerez abr\u00eda sus puertas para recibir a los cantaores <strong>Chanquita<\/strong> y <strong>Bernardo Rubichi<\/strong>, dos de los mejores cantaores de la nueva hornada. As\u00ed hay que decirlo, sin met\u00e1foras que valgan. Dos buenos, muy buenos cantaores que ponen de manifiesto la realidad jerezana, esa que no ve mermada sus frutos ni sus ramas con el paso del tiempo, por mucho que algunos se empe\u00f1en en agarrarse a la visi\u00f3n nost\u00e1lgica de que cualquier tiempo pasado fue mejor.<\/p>\n<p>&nbsp;<\/p>\n<p>No s\u00e9 si fue mejor o no, porque yo tampoco lo viv\u00ed. Estoy seguro de que no fue malo, m\u00e1s que nada porque podemos ser testigos una y otra vez de las grandes grabaciones que dejaron para la historia. Y por eso aplaudimos a esas generaciones de otro tiempo que marcaron el camino para que la actualidad brille como tal. Pero ahora sigue latiendo el cante con j\u00f3venes que nacen con un talento y que bucean en las discograf\u00edas, canales de YouTube y en las propias fiestas caseras, que todav\u00eda existen, insisto.<\/p>\n<p>&nbsp;<\/p>\n<p>El primero en salir fue <strong>Pedro Montoya Chanquita<\/strong>, de fina y alta estampa sobre el escenario, dando la bienvenida por martinetes y ton\u00e1s. De nervios andaba sobrado, porque lo conozco y lo not\u00e9, pero con media sonrisa le echaba valor al toro y as\u00ed lo demostr\u00f3 por <strong>buler\u00edas por sole\u00e1<\/strong>, una buena tanda de letras en la que se acord\u00f3 de <strong>Mar\u00eda Bala<\/strong>, a la que llegaron a escuchar. Sigui\u00f3 por <strong>seguiriyas<\/strong>, con buen temple y un buen acompa\u00f1amiento de guitarra con <strong>Rub\u00e9n Mart\u00ednez<\/strong>, pues qu\u00e9 alegr\u00eda que las falsetas no sean tan largas, acierta sugiriendo y eso me gusta. Por buler\u00edas remat\u00f3 la faena, cuando ya estaba a gusto, cuando podr\u00eda haberse llevado dos d\u00edas m\u00e1s disfrutando y haciendo disfrutar. <strong>Markito Carpio<\/strong> y <strong>Pirulo<\/strong> estuvieron al comp\u00e1s. Santiago puro.<\/p>\n<p>&nbsp;<\/p>\n<p>La fuente de La Plazuela sigue emanando cante del bueno con la saga <strong>Rubichi.<\/strong> Bernardo, el hijo menor de Tom\u00e1s, cant\u00f3 con un arrojo sorprendente, ech\u00e1ndole toda las ganas a la digna labor de triunfar. As\u00ed lo hizo, porque la gente supo valorar que estos nuevos testimonios sonoros son tan valiosos como el tesoro del Estado. Bernardo gan\u00f3 el pasado a\u00f1o el <em>Premio Revelaci\u00f3n del ciclo De Pe\u00f1a en Pe\u00f1a<\/em>, por eso merec\u00eda este lugar y lo aprovech\u00f3 para consolidarse como nueva figura. Hace los cantes de la casa (tambi\u00e9n es nieto de Dolores Agujetas), los tientos, cortos y bien hilvanados con los tangos, con las palmas de su hermano Manuel. \u00a1Qu\u00e9 buena casa! La guitarra es de Domingo, tambi\u00e9n Rubichi, una garant\u00eda para el cantaor. \u201cAs\u00ed ya no se canta por seguiriyas\u201d, dijo Tom\u00e1s a viva voz desde abajo del escenario cuando acab\u00f3 de cantar este estilo Bernardo. Sigui\u00f3 por fandangos y termin\u00f3 por buler\u00edas, las letras de su gente, algunas propias de un ayer en blanco y negro, creadores de letras y estilos: <em>En este cestito llevo, remedio pa to los males\u2026,<\/em> <em>Este borreguito, que dime ni\u00f1o quien te lo dio\u2026<\/em><\/p>\n<p>&nbsp;<\/p>\n<p>&nbsp;<\/p>\n<blockquote><p><em>\u00abLas palmas vuelven a sonar cuando la elegancia de Beatriz Morales palpita en un zapateado y se desprende del peso que el d\u00eda a d\u00eda causa corriendo, huyendo, en el poco espacio que le permite un cenital, y sale vencedora centr\u00e1ndose en el goce propio del taranto junto al cante de calidad suprema de Agujetas Chico\u00bb<\/em><\/p><\/blockquote>\n<p>&nbsp;<\/p>\n<p>&nbsp;<\/p>\n<figure id=\"attachment_48494\" aria-describedby=\"caption-attachment-48494\" style=\"width: 1300px\" class=\"wp-caption aligncenter\"><a href=\"https:\/\/expoflamenco.com\/prensa\/wp-content\/uploads\/sites\/17\/2024\/03\/expoflamenco-beatriz-morales-y-agujetas-chico-5-teatro-villamarta-mar24-foto-tamara-pastora-festival-de-jerez.jpg\"><img decoding=\"async\" class=\"size-full wp-image-48494\" src=\"https:\/\/expoflamenco.com\/prensa\/wp-content\/uploads\/sites\/17\/2024\/03\/expoflamenco-beatriz-morales-y-agujetas-chico-5-teatro-villamarta-mar24-foto-tamara-pastora-festival-de-jerez.jpg\" alt=\"\" width=\"1300\" height=\"800\"><\/a><figcaption id=\"caption-attachment-48494\" class=\"wp-caption-text\">&#8216;De la naturaleza del amor&#8217;, de Beatriz Morales y Agujetas Chico. Teatro Villamarta. XXVIII Festival de Jerez. 4 marzo 2024. Foto: Tamara Pastora &#8211; Festival de Jerez<\/figcaption><\/figure>\n<p>&nbsp;<\/p>\n<p>&nbsp;<\/p>\n<h2><strong>Conjunci\u00f3n de amor y pasi\u00f3n <\/strong><\/h2>\n<p>&nbsp;El <strong>Teatro Villamarta<\/strong> despidi\u00f3 con palmas a <strong>Beatriz Morales y Agujetas Chico<\/strong>, un d\u00fao art\u00edstico y personal que cumpli\u00f3 un sue\u00f1o tras a\u00f1os de esfuerzo y ganas. Con amor, todo se consigue. Al menos es lo que nos han dicho desde ni\u00f1os. Y no cabe duda de que ambos hayan volcado en este estreno todo ese amor, cari\u00f1o y mimo que necesita cualquier propuesta para ponerla encima del escenario. La ficha art\u00edstica y t\u00e9cnica demuestra generosidad absoluta para con el resultado marcado, o sea, no escatiman en nada, ni en vestuario (Palomo Spain), ni en fotograf\u00eda, ni en sonido o iluminaci\u00f3n, ni en m\u00fasicos, ni en direcci\u00f3n esc\u00e9nica (Juan Dolores Caballero \u201cEl Chino\u201d )\u2026<\/p>\n<p>&nbsp;<\/p>\n<p>A Beatriz la hemos podido ver crecer en escenarios de medio formato como la Sala Compa\u00f1\u00eda, en estrenos como en <em>Mu cortito, mu flamenco<\/em> (2016, junto a Carmen La Talegona), <em>Hembra Alpha<\/em> (2019) y <em>Flamenco sin sulfitos<\/em> (2022), ya con Agujetas Chico, y ahora era el momento de su gran noche en el principal espacio del Festival. Nos consta el esfuerzo que han puesto en este <strong><em>De la naturaleza del amor<\/em><\/strong>, pues dan un paso m\u00e1s en sendas carreras con una exploraci\u00f3n tanto en repertorio como en dramaturgia hasta ahora desconocida por ellos. Como cualquier estreno absoluto, hay cosas a pulir, pero lo importante es que puedan llevarlo a m\u00e1s escenarios para que consigan redondearlo al completo y es ah\u00ed donde dependen del apoyo de los otros festivales. &nbsp;<\/p>\n<p>&nbsp;<\/p>\n<p>El amor como tem\u00e1tica, desde el familiar al que pasa por el erotismo, pasi\u00f3n, como juego, como posesi\u00f3n o como el amor propio que ha de estar siempre presente. Dise\u00f1a en una caja imaginaria un espacio en el que baila e interpreta, meti\u00e9ndose en la intrahistoria, al igual que un <strong>Agujetas Chico magn\u00edfico tanto en la ejecuci\u00f3n de cada cante como en esa faceta que abre a la adaptaci\u00f3n de textos<\/strong> de William Shakespeare, Federico Garc\u00eda Lorca, Walt Whitman, Gloria Fuertes, Agust\u00edn Garc\u00eda Calvo, Gabriela Mistral.<\/p>\n<p>&nbsp;<\/p>\n<p>En un lateral del escenario, fuera de esa caja a la que hac\u00eda referencia, se encuentra un camerino improvisado con todo el vestuario que va utilizando para cada escena. El primer pellizco es el leco de Manuel Agujetas de fondo, iniciando el momento de la ton\u00e1, y Dolores Agujetas desde el escenario anima el asunto con un \u201cvamos all\u00e1\u201d. El amor es un torbellino de dolor, un laberinto de emociones encontradas y Bea intenta salir de ese traje de fuerza que la oprime, pasando a los tangos pasionales. Amor personal en la sole\u00e1, de rojo, con las voces de <strong>May y Mar\u00eda Jos\u00e9 Fern\u00e1ndez<\/strong>, que la ayudan a vestirse y a que el cante suene.<\/p>\n<p>&nbsp;<\/p>\n<p>Las palmas vuelven a sonar cuando <strong>la elegancia de Bea<\/strong> palpita en un zapateado y se desprende del peso que el d\u00eda a d\u00eda causa corriendo, huyendo, en el poco espacio que le permite un cenital, y sale vencedora centr\u00e1ndose en el goce propio del taranto junto al cante de calidad suprema de Antonio. Sigue por buler\u00edas, con un abrigo de plumas blanco, firmadas por el core\u00f3grafo Joaqu\u00edn Grilo, para llevar al disfrute por rumbas, libres, <em>disfrutones<\/em>, felices, generosos\u2026 el verdadero amor. El atr\u00e1s compuesto por Bernardo y Juan Parrilla, viol\u00edn y flauta, el piano de Rub\u00e9n Amador, la percusi\u00f3n de Carlos Merino, la guitarra de David Caro y los coros de Los Mellis de Huelva, realizan un gran trabajo, como si fueran la celestina y ayuden a que el amor pueda hacerse realidad.<\/p>\n<p><strong>&nbsp;<\/strong><br \/>\n&nbsp;<\/p>\n<p><strong>Ficha art\u00edstica<\/strong><\/p>\n<p><em>De la naturaleza del amor <\/em>\u2013 Beatriz Morales y Agujetas Chico<br \/>\nXXVIII Festival de Jerez<br \/>\nTeatro Villamarta<br \/>\n5 de marzo de 2024<br \/>\nBaile: Beatriz Morales<br \/>\nCante: Agujetas Chico, May Fern\u00e1ndez, Mar\u00eda Jos\u00e9 Fern\u00e1ndez<br \/>\nCoros, palmas: Los Mellis de Huelva<br \/>\nGuitarra: David Caro<br \/>\nFlauta: Juan Parrilla<br \/>\nViol\u00edn: Bernardo Parrilla<br \/>\nPiano: Rub\u00e9n Amador<br \/>\nPercusi\u00f3n: Carlos Merino<br \/>\nPoemas: William Shakespeare, Federico Garc\u00eda Lorca, Walt Whitman, Gloria Fuertes, Agust\u00edn Garc\u00eda Calvo, Gabriela Mistral<\/p>\n<p>&nbsp;<\/p>\n<p>&nbsp;<\/p>\n<figure id=\"attachment_48492\" aria-describedby=\"caption-attachment-48492\" style=\"width: 1300px\" class=\"wp-caption aligncenter\"><a href=\"https:\/\/expoflamenco.com\/prensa\/wp-content\/uploads\/sites\/17\/2024\/03\/expoflamenco-beatriz-morales-y-agujetas-chico-4-teatro-villamarta-mar24-foto-tamara-pastora-festival-de-jerez.jpg\"><img decoding=\"async\" class=\"size-full wp-image-48492\" src=\"https:\/\/expoflamenco.com\/prensa\/wp-content\/uploads\/sites\/17\/2024\/03\/expoflamenco-beatriz-morales-y-agujetas-chico-4-teatro-villamarta-mar24-foto-tamara-pastora-festival-de-jerez.jpg\" alt=\"\" width=\"1300\" height=\"800\"><\/a><figcaption id=\"caption-attachment-48492\" class=\"wp-caption-text\">&#8216;De la naturaleza del amor&#8217;, de Beatriz Morales y Agujetas Chico. Teatro Villamarta. XXVIII Festival de Jerez. 4 marzo 2024. Foto: Tamara Pastora &#8211; Festival de Jerez<\/figcaption><\/figure>\n<p>&nbsp;<\/p>\n<figure id=\"attachment_48488\" aria-describedby=\"caption-attachment-48488\" style=\"width: 1300px\" class=\"wp-caption aligncenter\"><a href=\"https:\/\/expoflamenco.com\/prensa\/wp-content\/uploads\/sites\/17\/2024\/03\/expoflamenco-beatriz-morales-y-agujetas-chico-2-teatro-villamarta-mar24-foto-tamara-pastora-festival-de-jerez.jpg\"><img loading=\"lazy\" decoding=\"async\" class=\"size-full wp-image-48488\" src=\"https:\/\/expoflamenco.com\/prensa\/wp-content\/uploads\/sites\/17\/2024\/03\/expoflamenco-beatriz-morales-y-agujetas-chico-2-teatro-villamarta-mar24-foto-tamara-pastora-festival-de-jerez.jpg\" alt=\"\" width=\"1300\" height=\"800\"><\/a><figcaption id=\"caption-attachment-48488\" class=\"wp-caption-text\">&#8216;De la naturaleza del amor&#8217;, de Beatriz Morales y Agujetas Chico. Teatro Villamarta. XXVIII Festival de Jerez. 4 marzo 2024. Foto: Tamara Pastora &#8211; Festival de Jerez<\/figcaption><\/figure>\n<p>&nbsp;<\/p>\n<figure id=\"attachment_48490\" aria-describedby=\"caption-attachment-48490\" style=\"width: 1300px\" class=\"wp-caption aligncenter\"><a href=\"https:\/\/expoflamenco.com\/prensa\/wp-content\/uploads\/sites\/17\/2024\/03\/expoflamenco-beatriz-morales-y-agujetas-chico-3-teatro-villamarta-mar24-foto-tamara-pastora-festival-de-jerez.jpg\"><img loading=\"lazy\" decoding=\"async\" class=\"size-full wp-image-48490\" src=\"https:\/\/expoflamenco.com\/prensa\/wp-content\/uploads\/sites\/17\/2024\/03\/expoflamenco-beatriz-morales-y-agujetas-chico-3-teatro-villamarta-mar24-foto-tamara-pastora-festival-de-jerez.jpg\" alt=\"\" width=\"1300\" height=\"800\"><\/a><figcaption id=\"caption-attachment-48490\" class=\"wp-caption-text\">&#8216;De la naturaleza del amor&#8217;, de Beatriz Morales y Agujetas Chico. Teatro Villamarta. XXVIII Festival de Jerez. 4 marzo 2024. Foto: Tamara Pastora &#8211; Festival de Jerez<\/figcaption><\/figure>\n<p>&nbsp;<\/p>\n","protected":false,"gt_translate_keys":[{"key":"rendered","format":"html"}]},"excerpt":{"rendered":"<p>El d\u00fao art\u00edstico Beatriz Morales y Agujetas Chico estrena en el Teatro Villamarta, XXVIII Festival de Jerez, su montaje \u2018De la naturaleza del amor\u2019, mientras en Villavicencio cantaron por la tarde Chanquita y Bernardo Rubichi.<\/p>\n","protected":false,"gt_translate_keys":[{"key":"rendered","format":"html"}]},"author":34,"featured_media":742,"comment_status":"open","ping_status":"open","sticky":false,"template":"","format":"standard","meta":{"_acf_changed":false,"pmpro_default_level":"","jnews-multi-image_gallery":[],"jnews_single_post":[],"jnews_primary_category":[],"jnews_override_bookmark_settings":[],"jnews_social_meta":[],"jnews_review":[],"enable_review":"","type":"","name":"","summary":"","brand":"","sku":"","good":[],"bad":[],"score_override":"","override_value":"","rating":[],"price":[],"jnews_override_counter":[],"footnotes":""},"categories":[46],"tags":[657,658,659,195,473,660,464],"class_list":["post-741","post","type-post","status-publish","format-standard","has-post-thumbnail","hentry","category-cronicas","tag-bernardo-rubichi","tag-chanquita","tag-de-la-naturaleza-del-amor","tag-flamenco","tag-teatro-villamarta","tag-villavicencio","tag-xxviii-festival-de-jerez","pmpro-has-access"],"acf":[],"aioseo_notices":[],"gt_translate_keys":[{"key":"link","format":"url"}],"_links":{"self":[{"href":"https:\/\/expoflamenco.com\/revista\/wp-json\/wp\/v2\/posts\/741","targetHints":{"allow":["GET"]}}],"collection":[{"href":"https:\/\/expoflamenco.com\/revista\/wp-json\/wp\/v2\/posts"}],"about":[{"href":"https:\/\/expoflamenco.com\/revista\/wp-json\/wp\/v2\/types\/post"}],"author":[{"embeddable":true,"href":"https:\/\/expoflamenco.com\/revista\/wp-json\/wp\/v2\/users\/34"}],"replies":[{"embeddable":true,"href":"https:\/\/expoflamenco.com\/revista\/wp-json\/wp\/v2\/comments?post=741"}],"version-history":[{"count":0,"href":"https:\/\/expoflamenco.com\/revista\/wp-json\/wp\/v2\/posts\/741\/revisions"}],"wp:featuredmedia":[{"embeddable":true,"href":"https:\/\/expoflamenco.com\/revista\/wp-json\/wp\/v2\/media\/742"}],"wp:attachment":[{"href":"https:\/\/expoflamenco.com\/revista\/wp-json\/wp\/v2\/media?parent=741"}],"wp:term":[{"taxonomy":"category","embeddable":true,"href":"https:\/\/expoflamenco.com\/revista\/wp-json\/wp\/v2\/categories?post=741"},{"taxonomy":"post_tag","embeddable":true,"href":"https:\/\/expoflamenco.com\/revista\/wp-json\/wp\/v2\/tags?post=741"}],"curies":[{"name":"wp","href":"https:\/\/api.w.org\/{rel}","templated":true}]}}