{"id":7316,"date":"2026-05-22T21:24:47","date_gmt":"2026-05-22T19:24:47","guid":{"rendered":"https:\/\/expoflamenco.com\/revista\/?p=7316"},"modified":"2026-05-22T21:24:47","modified_gmt":"2026-05-22T19:24:47","slug":"bailo-carmen-de-utrera-y-salio-por-la-puerta-grande","status":"publish","type":"post","link":"https:\/\/expoflamenco.com\/revista\/bailo-carmen-de-utrera-y-salio-por-la-puerta-grande\/","title":{"rendered":"Bail\u00f3 Carmen de Utrera y sali\u00f3 por la puerta grande","gt_translate_keys":[{"key":"rendered","format":"text"}]},"content":{"rendered":"<p>Las caprichosas casualidades cambiaron mi asiento en <strong>Cajasol <\/strong>para ver a <strong>La Diosa<\/strong> por un sitio en la <strong>Pe\u00f1a Flamenca La Polea<\/strong>, en Sevilla, claro. Y el caso es que lo disfrut\u00e9. Pensaba en qu\u00e9 bailaoras pisar\u00edan los maderos de los grandes teatros mientras <strong>Manuela Carrasco<\/strong> era una ni\u00f1a y hac\u00eda sus primeras apariciones en los escenarios m\u00e1s humildes. As\u00ed me di un ba\u00f1o de realidad cuando <strong>Carmen de Utrera<\/strong> me arroj\u00f3 su baile al pecho. Solo calza catorce a\u00f1os y lleva una d\u00e9cada en esto. Solo catorce y ya endi\u00f1a, te arranca el ole. Tiene madera. Sin querer ser demasiado adulador, por precavido, cuanto menos me atrevo a decir que aqu\u00ed ya hay bailaora pa rato. De las buenas.<\/p>\n<p>Su rabiosa juventud viene empujando y dando le\u00f1a. Pero sabe lo que hace. No es alocada. Instruida en el conservatorio y junto a los pies de <strong>Roc\u00edo Reyes<\/strong>, no ha elegido mal su camino. Lo tiene claro. Y sus padres tambi\u00e9n, que la llevan a dosis justas de libertad y cuidados por las vereas que son. As\u00ed que apunten su nombre y dentro de unos a\u00f1os me lo cuentan.<\/p>\n<p>Congreg\u00f3 all\u00ed a aficionaos jartibles como <strong>Freddy Flamencolover<\/strong>, <strong>Eugenio Mart\u00edn<\/strong> o <strong>Juan Guerrero<\/strong>. A pe\u00f1istas, curiosos de tos laos, aficionaos y profesionales. Siempre es un placer compartir actuaciones con el amigo fot\u00f3grafo <strong>Ram\u00f3n Amaya<\/strong> o encontrarse en el p\u00fablico a bailaoras apoyando a las nuevas, como en el caso de <strong>Pastora Galv\u00e1n<\/strong>, que no le quit\u00f3 ojo.<\/p>\n<p>Principi\u00f3 la guitarra de <strong>Cristian Cabello <\/strong>alternando las tonalidades a mayores y menores con vertiginoso soniquetazo por buler\u00edas, acompa\u00f1ado a las palmas por Roc\u00edo y <strong>Joni Torres<\/strong>, cantaor gitano de Osuna que cada vez hace tronar mejor su ga\u00f1ote calentando cada uno de los tercios que se adjudica. Estuvo acaramelao en las mec\u00edas de los tientos tangos, solemne y recio en la sole\u00e1 entre los dos bailes, brillando en los envites de <strong>La Andonda<\/strong>, el recuerdo a los aires de <strong>Perrate<\/strong> o en la variante de <strong>La Serneta<\/strong>, sin gritar, reposao y marcando bien los silencios.<\/p>\n<p>&nbsp;<\/p>\n<blockquote><p><em>\u00abCarmen de Utrera bail\u00f3 pa com\u00e9rsela. Y lo hizo al cante, rebosando sevillan\u00eda, con desparpajo, naturalidad y soltura. Se nota que le gusta lo bueno. Se la ve\u00eda venir desde que era una mica subi\u00e9ndose a dar sus pata\u00edtas en las innumerables pe\u00f1as donde la he visto hipnotiz\u00e1, con fijaci\u00f3n en los flamencos del proscenio. Lo ha mamao\u00bb<\/em><\/p><\/blockquote>\n<p>&nbsp;<\/p>\n<div style='display:none' class=\"jeg_preview_slider gallery_1\" data-selector='gallery_1' data-icon-prev-html=\"&lt;span class=&quot;jeg-fa-4 jeg-icon-svg jeg-svg-angle-left jeg-preview-control-icon&quot; aria-hidden=&quot;true&quot;&gt;&lt;svg xmlns=&quot;http:\/\/www.w3.org\/2000\/svg&quot; viewBox=&quot;0 0 640 1792&quot; aria-hidden=&quot;true&quot;&gt;&lt;g transform=&quot;translate(0 1536) scale(1 -1)&quot;&gt;&lt;path fill=&quot;currentColor&quot; d=&quot;M627 992q0 -13 -10 -23l-393 -393l393 -393q10 -10 10 -23t-10 -23l-50 -50q-10 -10 -23 -10t-23 10l-466 466q-10 10 -10 23t10 23l466 466q10 10 23 10t23 -10l50 -50q10 -10 10 -23z&quot;\/&gt;&lt;\/g&gt;&lt;\/svg&gt;&lt;\/span&gt;\" data-icon-next-html=\"&lt;span class=&quot;jeg-fa-4 jeg-icon-svg jeg-svg-angle-right jeg-preview-control-icon&quot; aria-hidden=&quot;true&quot;&gt;&lt;svg xmlns=&quot;http:\/\/www.w3.org\/2000\/svg&quot; viewBox=&quot;0 0 640 1792&quot; aria-hidden=&quot;true&quot;&gt;&lt;g transform=&quot;translate(0 1536) scale(1 -1)&quot;&gt;&lt;path fill=&quot;currentColor&quot; d=&quot;M595 576q0 -13 -10 -23l-466 -466q-10 -10 -23 -10t-23 10l-50 50q-10 10 -10 23t10 23l393 393l-393 393q-10 10 -10 23t10 23l50 50q10 10 23 10t23 -10l466 -466q10 -10 10 -23z&quot;\/&gt;&lt;\/g&gt;&lt;\/svg&gt;&lt;\/span&gt;\" data-icon-expand-html=\"&lt;span class=&quot;jeg-fa-4 jeg-icon-svg jeg-svg-expand jeg-preview-toggle-icon&quot; aria-hidden=&quot;true&quot;&gt;&lt;svg xmlns=&quot;http:\/\/www.w3.org\/2000\/svg&quot; viewBox=&quot;0 0 1536 1792&quot; aria-hidden=&quot;true&quot;&gt;&lt;g transform=&quot;translate(0 1536) scale(1 -1)&quot;&gt;&lt;path fill=&quot;currentColor&quot; d=&quot;M755 480q0 -13 -10 -23l-332 -332l144 -144q19 -19 19 -45t-19 -45t-45 -19h-448q-26 0 -45 19t-19 45v448q0 26 19 45t45 19t45 -19l144 -144l332 332q10 10 23 10t23 -10l114 -114q10 -10 10 -23zM1536 1344v-448q0 -26 -19 -45t-45 -19t-45 19l-144 144l-332 -332 q-10 -10 -23 -10t-23 10l-114 114q-10 10 -10 23t10 23l332 332l-144 144q-19 19 -19 45t19 45t45 19h448q26 0 45 -19t19 -45z&quot;\/&gt;&lt;\/g&gt;&lt;\/svg&gt;&lt;\/span&gt;\" data-icon-close-html=\"&lt;span class=&quot;jeg-fa-4 jeg-icon-svg jeg-svg-compress jeg-preview-toggle-icon&quot; aria-hidden=&quot;true&quot;&gt;&lt;svg xmlns=&quot;http:\/\/www.w3.org\/2000\/svg&quot; viewBox=&quot;0 0 1536 1792&quot; aria-hidden=&quot;true&quot;&gt;&lt;g transform=&quot;translate(0 1536) scale(1 -1)&quot;&gt;&lt;path fill=&quot;currentColor&quot; d=&quot;M768 576v-448q0 -26 -19 -45t-45 -19t-45 19l-144 144l-332 -332q-10 -10 -23 -10t-23 10l-114 114q-10 10 -10 23t10 23l332 332l-144 144q-19 19 -19 45t19 45t45 19h448q26 0 45 -19t19 -45zM1523 1248q0 -13 -10 -23l-332 -332l144 -144q19 -19 19 -45t-19 -45 t-45 -19h-448q-26 0 -45 19t-19 45v448q0 26 19 45t45 19t45 -19l144 -144l332 332q10 10 23 10t23 -10l114 -114q10 -10 10 -23z&quot;\/&gt;&lt;\/g&gt;&lt;\/svg&gt;&lt;\/span&gt;\">\n                        <div class=\"jeg_preview_holder\">\n                            <div class=\"jeg_preview_media\">\n                        <div class=\"jeg_preview_media_holder\">\n                            <h3>&nbsp;<\/h3>\n                            <div class=\"fullscreen-switch\">\n                                <i class=\"fa\"><\/i>\n                            <\/div>\n                            <div class=\"jeg_preview_media_content\">\n                                <div class=\"jeg_preview_media_content_holder_padding\">\n                                    <div class=\"jeg_preview_media_content_holder\"><\/div>\n                                <\/div>\n                                <div class=\"jeg_preview_media_content_navigation\">\n                                    <div class=\"prev\">\n\t\t\t\t\t\t\t\t\t\t<i class=\"fa\"><\/i>\n\t\t\t\t\t\t\t\t\t<\/div>\n                                    <div class=\"next\">\n\t\t\t\t\t\t\t\t\t\t<i class=\"fa\"><\/i>\n\t\t\t\t\t\t\t\t\t<\/div>\n                                <\/div>\n                                <div class='preview-slider-overlay'>\n                                    <div class='preloader_type preloader_dot'>\n                                        <div class=\"module-preloader jeg_preloader dot\">\n                                            <span><\/span><span><\/span><span><\/span>\n                                        <\/div>\n                                        <div class=\"module-preloader jeg_preloader circle\">\n                                            <div class=\"jnews_preloader_circle_outer\">\n                                                <div class=\"jnews_preloader_circle_inner\"><\/div>\n                                            <\/div>\n                                        <\/div>\n                                        <div class=\"module-preloader jeg_preloader square\">\n                                            <div class=\"jeg_square\">\n                                                <div class=\"jeg_square_inner\"><\/div>\n                                            <\/div>\n                                        <\/div>\n                                    <\/div>\n                                <\/div>\n                            <\/div>\n                            <div class=\"jeg_preview_control\">\n                                <div class=\"left_control\">\n                                    <div class=\"counter\"><span class=\"current\">1<\/span> de  13<\/div>\n                                    <div class=\"subtitle\"><\/div>\n                                <\/div>\n                                <div class=\"zoom\">\n                                    <span class=\"reduce\">-<\/span>\n                                    <span class=\"increase\">+<\/span>\n                                <\/div>\n                            <\/div>\n                        <\/div>\n                    <\/div>\n\n                    <div class=\"jeg_preview_bottom_slider\">\n                        <a data-id=\"0\" data-title=\"Recital de baile de Carmen de Utrera. Pe\u00f1a Flamenca La Polea, Sevilla. 21 mayo 2026. Foto: Kiko Valle\" data-image=\"https:\/\/expoflamenco.com\/revista\/wp-content\/uploads\/sites\/46\/2026\/05\/expoflamenco-carmen-de-utrera-3-pena-flamenca-la-polea-sevilla-may26-foto-kiko-valle.webp\" href=\"https:\/\/expoflamenco.com\/revista\/wp-content\/uploads\/sites\/46\/2026\/05\/expoflamenco-carmen-de-utrera-3-pena-flamenca-la-polea-sevilla-may26-foto-kiko-valle.webp\" class=\"jeg_preview_item active\">\n                            <div class=\"jeg_preview_item_thumbnail\">\n                                <img decoding=\"async\" width=\"120\" height=\"86\" src=\"https:\/\/expoflamenco.com\/revista\/wp-content\/uploads\/sites\/46\/2026\/05\/expoflamenco-carmen-de-utrera-3-pena-flamenca-la-polea-sevilla-may26-foto-kiko-valle-120x86.webp\" class=\"attachment-jnews-120x86 size-jnews-120x86\" alt=\"Recital de baile de Carmen de Utrera. Pe\u00f1a Flamenca La Polea, Sevilla. 21 mayo 2026. Foto: Kiko Valle\" srcset=\"https:\/\/expoflamenco.com\/revista\/wp-content\/uploads\/sites\/46\/2026\/05\/expoflamenco-carmen-de-utrera-3-pena-flamenca-la-polea-sevilla-may26-foto-kiko-valle-120x86.webp 120w, https:\/\/expoflamenco.com\/revista\/wp-content\/uploads\/sites\/46\/2026\/05\/expoflamenco-carmen-de-utrera-3-pena-flamenca-la-polea-sevilla-may26-foto-kiko-valle-350x250.webp 350w, https:\/\/expoflamenco.com\/revista\/wp-content\/uploads\/sites\/46\/2026\/05\/expoflamenco-carmen-de-utrera-3-pena-flamenca-la-polea-sevilla-may26-foto-kiko-valle-750x536.webp 750w, https:\/\/expoflamenco.com\/revista\/wp-content\/uploads\/sites\/46\/2026\/05\/expoflamenco-carmen-de-utrera-3-pena-flamenca-la-polea-sevilla-may26-foto-kiko-valle-1140x815.webp 1140w\" sizes=\"(max-width: 120px) 100vw, 120px\" \/>\n                            <\/div>\n                        <\/a><a data-id=\"1\" data-title=\"Recital de baile de Carmen de Utrera. Pe\u00f1a Flamenca La Polea, Sevilla. 21 mayo 2026. Foto: Kiko Valle\" data-image=\"https:\/\/expoflamenco.com\/revista\/wp-content\/uploads\/sites\/46\/2026\/05\/expoflamenco-carmen-de-utrera-2-pena-flamenca-la-polea-sevilla-may26-foto-kiko-valle.webp\" href=\"https:\/\/expoflamenco.com\/revista\/wp-content\/uploads\/sites\/46\/2026\/05\/expoflamenco-carmen-de-utrera-2-pena-flamenca-la-polea-sevilla-may26-foto-kiko-valle.webp\" class=\"jeg_preview_item \">\n                            <div class=\"jeg_preview_item_thumbnail\">\n                                <img decoding=\"async\" width=\"120\" height=\"86\" src=\"https:\/\/expoflamenco.com\/revista\/wp-content\/uploads\/sites\/46\/2026\/05\/expoflamenco-carmen-de-utrera-2-pena-flamenca-la-polea-sevilla-may26-foto-kiko-valle-120x86.webp\" class=\"attachment-jnews-120x86 size-jnews-120x86\" alt=\"Recital de baile de Carmen de Utrera. Pe\u00f1a Flamenca La Polea, Sevilla. 21 mayo 2026. Foto: Kiko Valle\" srcset=\"https:\/\/expoflamenco.com\/revista\/wp-content\/uploads\/sites\/46\/2026\/05\/expoflamenco-carmen-de-utrera-2-pena-flamenca-la-polea-sevilla-may26-foto-kiko-valle-120x86.webp 120w, https:\/\/expoflamenco.com\/revista\/wp-content\/uploads\/sites\/46\/2026\/05\/expoflamenco-carmen-de-utrera-2-pena-flamenca-la-polea-sevilla-may26-foto-kiko-valle-350x250.webp 350w, https:\/\/expoflamenco.com\/revista\/wp-content\/uploads\/sites\/46\/2026\/05\/expoflamenco-carmen-de-utrera-2-pena-flamenca-la-polea-sevilla-may26-foto-kiko-valle-750x536.webp 750w, https:\/\/expoflamenco.com\/revista\/wp-content\/uploads\/sites\/46\/2026\/05\/expoflamenco-carmen-de-utrera-2-pena-flamenca-la-polea-sevilla-may26-foto-kiko-valle-1140x815.webp 1140w\" sizes=\"(max-width: 120px) 100vw, 120px\" \/>\n                            <\/div>\n                        <\/a><a data-id=\"2\" data-title=\"Recital de baile de Carmen de Utrera. Pe\u00f1a Flamenca La Polea, Sevilla. 21 mayo 2026. Foto: Kiko Valle\" data-image=\"https:\/\/expoflamenco.com\/revista\/wp-content\/uploads\/sites\/46\/2026\/05\/expoflamenco-carmen-de-utrera-4-pena-flamenca-la-polea-sevilla-may26-foto-kiko-valle.webp\" href=\"https:\/\/expoflamenco.com\/revista\/wp-content\/uploads\/sites\/46\/2026\/05\/expoflamenco-carmen-de-utrera-4-pena-flamenca-la-polea-sevilla-may26-foto-kiko-valle.webp\" class=\"jeg_preview_item \">\n                            <div class=\"jeg_preview_item_thumbnail\">\n                                <img decoding=\"async\" width=\"120\" height=\"86\" src=\"https:\/\/expoflamenco.com\/revista\/wp-content\/uploads\/sites\/46\/2026\/05\/expoflamenco-carmen-de-utrera-4-pena-flamenca-la-polea-sevilla-may26-foto-kiko-valle-120x86.webp\" class=\"attachment-jnews-120x86 size-jnews-120x86\" alt=\"Recital de baile de Carmen de Utrera. Pe\u00f1a Flamenca La Polea, Sevilla. 21 mayo 2026. Foto: Kiko Valle\" srcset=\"https:\/\/expoflamenco.com\/revista\/wp-content\/uploads\/sites\/46\/2026\/05\/expoflamenco-carmen-de-utrera-4-pena-flamenca-la-polea-sevilla-may26-foto-kiko-valle-120x86.webp 120w, https:\/\/expoflamenco.com\/revista\/wp-content\/uploads\/sites\/46\/2026\/05\/expoflamenco-carmen-de-utrera-4-pena-flamenca-la-polea-sevilla-may26-foto-kiko-valle-350x250.webp 350w, https:\/\/expoflamenco.com\/revista\/wp-content\/uploads\/sites\/46\/2026\/05\/expoflamenco-carmen-de-utrera-4-pena-flamenca-la-polea-sevilla-may26-foto-kiko-valle-750x536.webp 750w, https:\/\/expoflamenco.com\/revista\/wp-content\/uploads\/sites\/46\/2026\/05\/expoflamenco-carmen-de-utrera-4-pena-flamenca-la-polea-sevilla-may26-foto-kiko-valle-1140x815.webp 1140w\" sizes=\"(max-width: 120px) 100vw, 120px\" \/>\n                            <\/div>\n                        <\/a><a data-id=\"3\" data-title=\"Recital de baile de Carmen de Utrera. Pe\u00f1a Flamenca La Polea, Sevilla. 21 mayo 2026. Foto: Kiko Valle\" data-image=\"https:\/\/expoflamenco.com\/revista\/wp-content\/uploads\/sites\/46\/2026\/05\/expoflamenco-carmen-de-utrera-5-pena-flamenca-la-polea-sevilla-may26-foto-kiko-valle.webp\" href=\"https:\/\/expoflamenco.com\/revista\/wp-content\/uploads\/sites\/46\/2026\/05\/expoflamenco-carmen-de-utrera-5-pena-flamenca-la-polea-sevilla-may26-foto-kiko-valle.webp\" class=\"jeg_preview_item \">\n                            <div class=\"jeg_preview_item_thumbnail\">\n                                <img decoding=\"async\" width=\"120\" height=\"86\" src=\"https:\/\/expoflamenco.com\/revista\/wp-content\/uploads\/sites\/46\/2026\/05\/expoflamenco-carmen-de-utrera-5-pena-flamenca-la-polea-sevilla-may26-foto-kiko-valle-120x86.webp\" class=\"attachment-jnews-120x86 size-jnews-120x86\" alt=\"Recital de baile de Carmen de Utrera. Pe\u00f1a Flamenca La Polea, Sevilla. 21 mayo 2026. Foto: Kiko Valle\" srcset=\"https:\/\/expoflamenco.com\/revista\/wp-content\/uploads\/sites\/46\/2026\/05\/expoflamenco-carmen-de-utrera-5-pena-flamenca-la-polea-sevilla-may26-foto-kiko-valle-120x86.webp 120w, https:\/\/expoflamenco.com\/revista\/wp-content\/uploads\/sites\/46\/2026\/05\/expoflamenco-carmen-de-utrera-5-pena-flamenca-la-polea-sevilla-may26-foto-kiko-valle-350x250.webp 350w, https:\/\/expoflamenco.com\/revista\/wp-content\/uploads\/sites\/46\/2026\/05\/expoflamenco-carmen-de-utrera-5-pena-flamenca-la-polea-sevilla-may26-foto-kiko-valle-750x536.webp 750w, https:\/\/expoflamenco.com\/revista\/wp-content\/uploads\/sites\/46\/2026\/05\/expoflamenco-carmen-de-utrera-5-pena-flamenca-la-polea-sevilla-may26-foto-kiko-valle-1140x815.webp 1140w\" sizes=\"(max-width: 120px) 100vw, 120px\" \/>\n                            <\/div>\n                        <\/a><a data-id=\"4\" data-title=\"Recital de baile de Carmen de Utrera. Pe\u00f1a Flamenca La Polea, Sevilla. 21 mayo 2026. Foto: Kiko Valle\" data-image=\"https:\/\/expoflamenco.com\/revista\/wp-content\/uploads\/sites\/46\/2026\/05\/expoflamenco-carmen-de-utrera-6-pena-flamenca-la-polea-sevilla-may26-foto-kiko-valle.webp\" href=\"https:\/\/expoflamenco.com\/revista\/wp-content\/uploads\/sites\/46\/2026\/05\/expoflamenco-carmen-de-utrera-6-pena-flamenca-la-polea-sevilla-may26-foto-kiko-valle.webp\" class=\"jeg_preview_item \">\n                            <div class=\"jeg_preview_item_thumbnail\">\n                                <img decoding=\"async\" width=\"120\" height=\"86\" src=\"https:\/\/expoflamenco.com\/revista\/wp-content\/uploads\/sites\/46\/2026\/05\/expoflamenco-carmen-de-utrera-6-pena-flamenca-la-polea-sevilla-may26-foto-kiko-valle-120x86.webp\" class=\"attachment-jnews-120x86 size-jnews-120x86\" alt=\"Recital de baile de Carmen de Utrera. Pe\u00f1a Flamenca La Polea, Sevilla. 21 mayo 2026. Foto: Kiko Valle\" srcset=\"https:\/\/expoflamenco.com\/revista\/wp-content\/uploads\/sites\/46\/2026\/05\/expoflamenco-carmen-de-utrera-6-pena-flamenca-la-polea-sevilla-may26-foto-kiko-valle-120x86.webp 120w, https:\/\/expoflamenco.com\/revista\/wp-content\/uploads\/sites\/46\/2026\/05\/expoflamenco-carmen-de-utrera-6-pena-flamenca-la-polea-sevilla-may26-foto-kiko-valle-350x250.webp 350w, https:\/\/expoflamenco.com\/revista\/wp-content\/uploads\/sites\/46\/2026\/05\/expoflamenco-carmen-de-utrera-6-pena-flamenca-la-polea-sevilla-may26-foto-kiko-valle-750x536.webp 750w, https:\/\/expoflamenco.com\/revista\/wp-content\/uploads\/sites\/46\/2026\/05\/expoflamenco-carmen-de-utrera-6-pena-flamenca-la-polea-sevilla-may26-foto-kiko-valle-1140x815.webp 1140w\" sizes=\"(max-width: 120px) 100vw, 120px\" \/>\n                            <\/div>\n                        <\/a><a data-id=\"5\" data-title=\"Recital de baile de Carmen de Utrera. Pe\u00f1a Flamenca La Polea, Sevilla. 21 mayo 2026. Foto: Kiko Valle\" data-image=\"https:\/\/expoflamenco.com\/revista\/wp-content\/uploads\/sites\/46\/2026\/05\/expoflamenco-carmen-de-utrera-7-pena-flamenca-la-polea-sevilla-may26-foto-kiko-valle.webp\" href=\"https:\/\/expoflamenco.com\/revista\/wp-content\/uploads\/sites\/46\/2026\/05\/expoflamenco-carmen-de-utrera-7-pena-flamenca-la-polea-sevilla-may26-foto-kiko-valle.webp\" class=\"jeg_preview_item \">\n                            <div class=\"jeg_preview_item_thumbnail\">\n                                <img decoding=\"async\" width=\"120\" height=\"86\" src=\"https:\/\/expoflamenco.com\/revista\/wp-content\/uploads\/sites\/46\/2026\/05\/expoflamenco-carmen-de-utrera-7-pena-flamenca-la-polea-sevilla-may26-foto-kiko-valle-120x86.webp\" class=\"attachment-jnews-120x86 size-jnews-120x86\" alt=\"Recital de baile de Carmen de Utrera. Pe\u00f1a Flamenca La Polea, Sevilla. 21 mayo 2026. Foto: Kiko Valle\" srcset=\"https:\/\/expoflamenco.com\/revista\/wp-content\/uploads\/sites\/46\/2026\/05\/expoflamenco-carmen-de-utrera-7-pena-flamenca-la-polea-sevilla-may26-foto-kiko-valle-120x86.webp 120w, https:\/\/expoflamenco.com\/revista\/wp-content\/uploads\/sites\/46\/2026\/05\/expoflamenco-carmen-de-utrera-7-pena-flamenca-la-polea-sevilla-may26-foto-kiko-valle-350x250.webp 350w, https:\/\/expoflamenco.com\/revista\/wp-content\/uploads\/sites\/46\/2026\/05\/expoflamenco-carmen-de-utrera-7-pena-flamenca-la-polea-sevilla-may26-foto-kiko-valle-750x536.webp 750w, https:\/\/expoflamenco.com\/revista\/wp-content\/uploads\/sites\/46\/2026\/05\/expoflamenco-carmen-de-utrera-7-pena-flamenca-la-polea-sevilla-may26-foto-kiko-valle-1140x815.webp 1140w\" sizes=\"(max-width: 120px) 100vw, 120px\" \/>\n                            <\/div>\n                        <\/a><a data-id=\"6\" data-title=\"Recital de baile de Carmen de Utrera. Pe\u00f1a Flamenca La Polea, Sevilla. 21 mayo 2026. Foto: Kiko Valle\" data-image=\"https:\/\/expoflamenco.com\/revista\/wp-content\/uploads\/sites\/46\/2026\/05\/expoflamenco-carmen-de-utrera-8-pena-flamenca-la-polea-sevilla-may26-foto-kiko-valle.webp\" href=\"https:\/\/expoflamenco.com\/revista\/wp-content\/uploads\/sites\/46\/2026\/05\/expoflamenco-carmen-de-utrera-8-pena-flamenca-la-polea-sevilla-may26-foto-kiko-valle.webp\" class=\"jeg_preview_item \">\n                            <div class=\"jeg_preview_item_thumbnail\">\n                                <img decoding=\"async\" width=\"120\" height=\"86\" src=\"https:\/\/expoflamenco.com\/revista\/wp-content\/uploads\/sites\/46\/2026\/05\/expoflamenco-carmen-de-utrera-8-pena-flamenca-la-polea-sevilla-may26-foto-kiko-valle-120x86.webp\" class=\"attachment-jnews-120x86 size-jnews-120x86\" alt=\"Recital de baile de Carmen de Utrera. Pe\u00f1a Flamenca La Polea, Sevilla. 21 mayo 2026. Foto: Kiko Valle\" srcset=\"https:\/\/expoflamenco.com\/revista\/wp-content\/uploads\/sites\/46\/2026\/05\/expoflamenco-carmen-de-utrera-8-pena-flamenca-la-polea-sevilla-may26-foto-kiko-valle-120x86.webp 120w, https:\/\/expoflamenco.com\/revista\/wp-content\/uploads\/sites\/46\/2026\/05\/expoflamenco-carmen-de-utrera-8-pena-flamenca-la-polea-sevilla-may26-foto-kiko-valle-350x250.webp 350w, https:\/\/expoflamenco.com\/revista\/wp-content\/uploads\/sites\/46\/2026\/05\/expoflamenco-carmen-de-utrera-8-pena-flamenca-la-polea-sevilla-may26-foto-kiko-valle-750x536.webp 750w, https:\/\/expoflamenco.com\/revista\/wp-content\/uploads\/sites\/46\/2026\/05\/expoflamenco-carmen-de-utrera-8-pena-flamenca-la-polea-sevilla-may26-foto-kiko-valle-1140x815.webp 1140w\" sizes=\"(max-width: 120px) 100vw, 120px\" \/>\n                            <\/div>\n                        <\/a><a data-id=\"7\" data-title=\"Recital de baile de Carmen de Utrera. Pe\u00f1a Flamenca La Polea, Sevilla. 21 mayo 2026. Foto: Kiko Valle\" data-image=\"https:\/\/expoflamenco.com\/revista\/wp-content\/uploads\/sites\/46\/2026\/05\/expoflamenco-carmen-de-utrera-9-pena-flamenca-la-polea-sevilla-may26-foto-kiko-valle.webp\" href=\"https:\/\/expoflamenco.com\/revista\/wp-content\/uploads\/sites\/46\/2026\/05\/expoflamenco-carmen-de-utrera-9-pena-flamenca-la-polea-sevilla-may26-foto-kiko-valle.webp\" class=\"jeg_preview_item \">\n                            <div class=\"jeg_preview_item_thumbnail\">\n                                <img decoding=\"async\" width=\"120\" height=\"86\" src=\"https:\/\/expoflamenco.com\/revista\/wp-content\/uploads\/sites\/46\/2026\/05\/expoflamenco-carmen-de-utrera-9-pena-flamenca-la-polea-sevilla-may26-foto-kiko-valle-120x86.webp\" class=\"attachment-jnews-120x86 size-jnews-120x86\" alt=\"Recital de baile de Carmen de Utrera. Pe\u00f1a Flamenca La Polea, Sevilla. 21 mayo 2026. Foto: Kiko Valle\" srcset=\"https:\/\/expoflamenco.com\/revista\/wp-content\/uploads\/sites\/46\/2026\/05\/expoflamenco-carmen-de-utrera-9-pena-flamenca-la-polea-sevilla-may26-foto-kiko-valle-120x86.webp 120w, https:\/\/expoflamenco.com\/revista\/wp-content\/uploads\/sites\/46\/2026\/05\/expoflamenco-carmen-de-utrera-9-pena-flamenca-la-polea-sevilla-may26-foto-kiko-valle-350x250.webp 350w, https:\/\/expoflamenco.com\/revista\/wp-content\/uploads\/sites\/46\/2026\/05\/expoflamenco-carmen-de-utrera-9-pena-flamenca-la-polea-sevilla-may26-foto-kiko-valle-750x536.webp 750w, https:\/\/expoflamenco.com\/revista\/wp-content\/uploads\/sites\/46\/2026\/05\/expoflamenco-carmen-de-utrera-9-pena-flamenca-la-polea-sevilla-may26-foto-kiko-valle-1140x815.webp 1140w\" sizes=\"(max-width: 120px) 100vw, 120px\" \/>\n                            <\/div>\n                        <\/a><a data-id=\"8\" data-title=\"Recital de baile de Carmen de Utrera. Pe\u00f1a Flamenca La Polea, Sevilla. 21 mayo 2026. Foto: Kiko Valle\" data-image=\"https:\/\/expoflamenco.com\/revista\/wp-content\/uploads\/sites\/46\/2026\/05\/expoflamenco-carmen-de-utrera-10-pena-flamenca-la-polea-sevilla-may26-foto-kiko-valle.webp\" href=\"https:\/\/expoflamenco.com\/revista\/wp-content\/uploads\/sites\/46\/2026\/05\/expoflamenco-carmen-de-utrera-10-pena-flamenca-la-polea-sevilla-may26-foto-kiko-valle.webp\" class=\"jeg_preview_item \">\n                            <div class=\"jeg_preview_item_thumbnail\">\n                                <img decoding=\"async\" width=\"120\" height=\"86\" src=\"https:\/\/expoflamenco.com\/revista\/wp-content\/uploads\/sites\/46\/2026\/05\/expoflamenco-carmen-de-utrera-10-pena-flamenca-la-polea-sevilla-may26-foto-kiko-valle-120x86.webp\" class=\"attachment-jnews-120x86 size-jnews-120x86\" alt=\"Recital de baile de Carmen de Utrera. Pe\u00f1a Flamenca La Polea, Sevilla. 21 mayo 2026. Foto: Kiko Valle\" srcset=\"https:\/\/expoflamenco.com\/revista\/wp-content\/uploads\/sites\/46\/2026\/05\/expoflamenco-carmen-de-utrera-10-pena-flamenca-la-polea-sevilla-may26-foto-kiko-valle-120x86.webp 120w, https:\/\/expoflamenco.com\/revista\/wp-content\/uploads\/sites\/46\/2026\/05\/expoflamenco-carmen-de-utrera-10-pena-flamenca-la-polea-sevilla-may26-foto-kiko-valle-350x250.webp 350w, https:\/\/expoflamenco.com\/revista\/wp-content\/uploads\/sites\/46\/2026\/05\/expoflamenco-carmen-de-utrera-10-pena-flamenca-la-polea-sevilla-may26-foto-kiko-valle-750x536.webp 750w, https:\/\/expoflamenco.com\/revista\/wp-content\/uploads\/sites\/46\/2026\/05\/expoflamenco-carmen-de-utrera-10-pena-flamenca-la-polea-sevilla-may26-foto-kiko-valle-1140x815.webp 1140w\" sizes=\"(max-width: 120px) 100vw, 120px\" \/>\n                            <\/div>\n                        <\/a><a data-id=\"9\" data-title=\"Joni Torres. Recital de baile de Carmen de Utrera. Pe\u00f1a Flamenca La Polea, Sevilla. 21 mayo 2026. Foto: Kiko Valle\" data-image=\"https:\/\/expoflamenco.com\/revista\/wp-content\/uploads\/sites\/46\/2026\/05\/expoflamenco-carmen-de-utrera-11-joni-torres-en-pena-flamenca-la-polea-sevilla-may26-foto-kiko-valle.webp\" href=\"https:\/\/expoflamenco.com\/revista\/wp-content\/uploads\/sites\/46\/2026\/05\/expoflamenco-carmen-de-utrera-11-joni-torres-en-pena-flamenca-la-polea-sevilla-may26-foto-kiko-valle.webp\" class=\"jeg_preview_item \">\n                            <div class=\"jeg_preview_item_thumbnail\">\n                                <img decoding=\"async\" width=\"120\" height=\"86\" src=\"https:\/\/expoflamenco.com\/revista\/wp-content\/uploads\/sites\/46\/2026\/05\/expoflamenco-carmen-de-utrera-11-joni-torres-en-pena-flamenca-la-polea-sevilla-may26-foto-kiko-valle-120x86.webp\" class=\"attachment-jnews-120x86 size-jnews-120x86\" alt=\"Recital de baile de Carmen de Utrera. Pe\u00f1a Flamenca La Polea, Sevilla. 21 mayo 2026. Foto: Kiko Valle\" srcset=\"https:\/\/expoflamenco.com\/revista\/wp-content\/uploads\/sites\/46\/2026\/05\/expoflamenco-carmen-de-utrera-11-joni-torres-en-pena-flamenca-la-polea-sevilla-may26-foto-kiko-valle-120x86.webp 120w, https:\/\/expoflamenco.com\/revista\/wp-content\/uploads\/sites\/46\/2026\/05\/expoflamenco-carmen-de-utrera-11-joni-torres-en-pena-flamenca-la-polea-sevilla-may26-foto-kiko-valle-350x250.webp 350w, https:\/\/expoflamenco.com\/revista\/wp-content\/uploads\/sites\/46\/2026\/05\/expoflamenco-carmen-de-utrera-11-joni-torres-en-pena-flamenca-la-polea-sevilla-may26-foto-kiko-valle-750x536.webp 750w, https:\/\/expoflamenco.com\/revista\/wp-content\/uploads\/sites\/46\/2026\/05\/expoflamenco-carmen-de-utrera-11-joni-torres-en-pena-flamenca-la-polea-sevilla-may26-foto-kiko-valle-1140x815.webp 1140w\" sizes=\"(max-width: 120px) 100vw, 120px\" \/>\n                            <\/div>\n                        <\/a><a data-id=\"10\" data-title=\"Joni Torres. Recital de baile de Carmen de Utrera. Pe\u00f1a Flamenca La Polea, Sevilla. 21 mayo 2026. Foto: Kiko Valle\" data-image=\"https:\/\/expoflamenco.com\/revista\/wp-content\/uploads\/sites\/46\/2026\/05\/expoflamenco-carmen-de-utrera-12-joni-torres-en-pena-flamenca-la-polea-sevilla-may26-foto-kiko-valle.webp\" href=\"https:\/\/expoflamenco.com\/revista\/wp-content\/uploads\/sites\/46\/2026\/05\/expoflamenco-carmen-de-utrera-12-joni-torres-en-pena-flamenca-la-polea-sevilla-may26-foto-kiko-valle.webp\" class=\"jeg_preview_item \">\n                            <div class=\"jeg_preview_item_thumbnail\">\n                                <img decoding=\"async\" width=\"120\" height=\"86\" src=\"https:\/\/expoflamenco.com\/revista\/wp-content\/uploads\/sites\/46\/2026\/05\/expoflamenco-carmen-de-utrera-12-joni-torres-en-pena-flamenca-la-polea-sevilla-may26-foto-kiko-valle-120x86.webp\" class=\"attachment-jnews-120x86 size-jnews-120x86\" alt=\"Recital de baile de Carmen de Utrera. Pe\u00f1a Flamenca La Polea, Sevilla. 21 mayo 2026. Foto: Kiko Valle\" srcset=\"https:\/\/expoflamenco.com\/revista\/wp-content\/uploads\/sites\/46\/2026\/05\/expoflamenco-carmen-de-utrera-12-joni-torres-en-pena-flamenca-la-polea-sevilla-may26-foto-kiko-valle-120x86.webp 120w, https:\/\/expoflamenco.com\/revista\/wp-content\/uploads\/sites\/46\/2026\/05\/expoflamenco-carmen-de-utrera-12-joni-torres-en-pena-flamenca-la-polea-sevilla-may26-foto-kiko-valle-350x250.webp 350w, https:\/\/expoflamenco.com\/revista\/wp-content\/uploads\/sites\/46\/2026\/05\/expoflamenco-carmen-de-utrera-12-joni-torres-en-pena-flamenca-la-polea-sevilla-may26-foto-kiko-valle-750x536.webp 750w, https:\/\/expoflamenco.com\/revista\/wp-content\/uploads\/sites\/46\/2026\/05\/expoflamenco-carmen-de-utrera-12-joni-torres-en-pena-flamenca-la-polea-sevilla-may26-foto-kiko-valle-1140x815.webp 1140w\" sizes=\"(max-width: 120px) 100vw, 120px\" \/>\n                            <\/div>\n                        <\/a><a data-id=\"11\" data-title=\"Cristian Cabello. Recital de baile de Carmen de Utrera. Pe\u00f1a Flamenca La Polea, Sevilla. 21 mayo 2026. Foto: Kiko Valle\" data-image=\"https:\/\/expoflamenco.com\/revista\/wp-content\/uploads\/sites\/46\/2026\/05\/expoflamenco-carmen-de-utrera-13-cristian-cabello-en-pena-flamenca-la-polea-sevilla-may26-foto-kiko-valle.webp\" href=\"https:\/\/expoflamenco.com\/revista\/wp-content\/uploads\/sites\/46\/2026\/05\/expoflamenco-carmen-de-utrera-13-cristian-cabello-en-pena-flamenca-la-polea-sevilla-may26-foto-kiko-valle.webp\" class=\"jeg_preview_item \">\n                            <div class=\"jeg_preview_item_thumbnail\">\n                                <img decoding=\"async\" width=\"120\" height=\"86\" src=\"https:\/\/expoflamenco.com\/revista\/wp-content\/uploads\/sites\/46\/2026\/05\/expoflamenco-carmen-de-utrera-13-cristian-cabello-en-pena-flamenca-la-polea-sevilla-may26-foto-kiko-valle-120x86.webp\" class=\"attachment-jnews-120x86 size-jnews-120x86\" alt=\"Recital de baile de Carmen de Utrera. Pe\u00f1a Flamenca La Polea, Sevilla. 21 mayo 2026. Foto: Kiko Valle\" srcset=\"https:\/\/expoflamenco.com\/revista\/wp-content\/uploads\/sites\/46\/2026\/05\/expoflamenco-carmen-de-utrera-13-cristian-cabello-en-pena-flamenca-la-polea-sevilla-may26-foto-kiko-valle-120x86.webp 120w, https:\/\/expoflamenco.com\/revista\/wp-content\/uploads\/sites\/46\/2026\/05\/expoflamenco-carmen-de-utrera-13-cristian-cabello-en-pena-flamenca-la-polea-sevilla-may26-foto-kiko-valle-350x250.webp 350w, https:\/\/expoflamenco.com\/revista\/wp-content\/uploads\/sites\/46\/2026\/05\/expoflamenco-carmen-de-utrera-13-cristian-cabello-en-pena-flamenca-la-polea-sevilla-may26-foto-kiko-valle-750x536.webp 750w, https:\/\/expoflamenco.com\/revista\/wp-content\/uploads\/sites\/46\/2026\/05\/expoflamenco-carmen-de-utrera-13-cristian-cabello-en-pena-flamenca-la-polea-sevilla-may26-foto-kiko-valle-1140x815.webp 1140w\" sizes=\"(max-width: 120px) 100vw, 120px\" \/>\n                            <\/div>\n                        <\/a><a data-id=\"12\" data-title=\"Roc\u00edo Reyes, Joni Torres y Cristian Cabello. Recital de baile de Carmen de Utrera. Pe\u00f1a Flamenca La Polea, Sevilla. 21 mayo 2026. Foto: Kiko Valle\" data-image=\"https:\/\/expoflamenco.com\/revista\/wp-content\/uploads\/sites\/46\/2026\/05\/expoflamenco-carmen-de-utrera-14-rocio-reyes-joni-torres-y-cristian-cabello-en-pena-flamenca-la-polea-sevilla-may26-foto-kiko-valle.webp\" href=\"https:\/\/expoflamenco.com\/revista\/wp-content\/uploads\/sites\/46\/2026\/05\/expoflamenco-carmen-de-utrera-14-rocio-reyes-joni-torres-y-cristian-cabello-en-pena-flamenca-la-polea-sevilla-may26-foto-kiko-valle.webp\" class=\"jeg_preview_item \">\n                            <div class=\"jeg_preview_item_thumbnail\">\n                                <img decoding=\"async\" width=\"120\" height=\"86\" src=\"https:\/\/expoflamenco.com\/revista\/wp-content\/uploads\/sites\/46\/2026\/05\/expoflamenco-carmen-de-utrera-14-rocio-reyes-joni-torres-y-cristian-cabello-en-pena-flamenca-la-polea-sevilla-may26-foto-kiko-valle-120x86.webp\" class=\"attachment-jnews-120x86 size-jnews-120x86\" alt=\"Recital de baile de Carmen de Utrera. Pe\u00f1a Flamenca La Polea, Sevilla. 21 mayo 2026. Foto: Kiko Valle\" srcset=\"https:\/\/expoflamenco.com\/revista\/wp-content\/uploads\/sites\/46\/2026\/05\/expoflamenco-carmen-de-utrera-14-rocio-reyes-joni-torres-y-cristian-cabello-en-pena-flamenca-la-polea-sevilla-may26-foto-kiko-valle-120x86.webp 120w, https:\/\/expoflamenco.com\/revista\/wp-content\/uploads\/sites\/46\/2026\/05\/expoflamenco-carmen-de-utrera-14-rocio-reyes-joni-torres-y-cristian-cabello-en-pena-flamenca-la-polea-sevilla-may26-foto-kiko-valle-350x250.webp 350w, https:\/\/expoflamenco.com\/revista\/wp-content\/uploads\/sites\/46\/2026\/05\/expoflamenco-carmen-de-utrera-14-rocio-reyes-joni-torres-y-cristian-cabello-en-pena-flamenca-la-polea-sevilla-may26-foto-kiko-valle-750x536.webp 750w, https:\/\/expoflamenco.com\/revista\/wp-content\/uploads\/sites\/46\/2026\/05\/expoflamenco-carmen-de-utrera-14-rocio-reyes-joni-torres-y-cristian-cabello-en-pena-flamenca-la-polea-sevilla-may26-foto-kiko-valle-1140x815.webp 1140w\" sizes=\"(max-width: 120px) 100vw, 120px\" \/>\n                            <\/div>\n                        <\/a>\n                    <\/div>\n                        <\/div>\n                        <div class=\"jeg_preview_description\">\n                            \n                            <div class=\"jeg_preview_description_wrapper\">\n                            <div class=\"jeg_hidden_preview_description\">\n                                <h3>1. Recital de baile de Carmen de Utrera. Pe\u00f1a Flamenca La Polea, Sevilla. 21 mayo 2026. Foto: Kiko Valle<\/h3>\n                                <div class=\"jeg_preview_description_content\">\n                                    <p>Recital de baile de Carmen de Utrera. Pe\u00f1a Flamenca La Polea, Sevilla. 21 mayo 2026. Foto: Kiko Valle<\/p>\n\n                                <\/div>\n                            <\/div><div class=\"jeg_hidden_preview_description\">\n                                <h3>2. Recital de baile de Carmen de Utrera. Pe\u00f1a Flamenca La Polea, Sevilla. 21 mayo 2026. Foto: Kiko Valle<\/h3>\n                                <div class=\"jeg_preview_description_content\">\n                                    <p>Recital de baile de Carmen de Utrera. Pe\u00f1a Flamenca La Polea, Sevilla. 21 mayo 2026. Foto: Kiko Valle<\/p>\n\n                                <\/div>\n                            <\/div><div class=\"jeg_hidden_preview_description\">\n                                <h3>3. Recital de baile de Carmen de Utrera. Pe\u00f1a Flamenca La Polea, Sevilla. 21 mayo 2026. Foto: Kiko Valle<\/h3>\n                                <div class=\"jeg_preview_description_content\">\n                                    <p>Recital de baile de Carmen de Utrera. Pe\u00f1a Flamenca La Polea, Sevilla. 21 mayo 2026. Foto: Kiko Valle<\/p>\n\n                                <\/div>\n                            <\/div><div class=\"jeg_hidden_preview_description\">\n                                <h3>4. Recital de baile de Carmen de Utrera. Pe\u00f1a Flamenca La Polea, Sevilla. 21 mayo 2026. Foto: Kiko Valle<\/h3>\n                                <div class=\"jeg_preview_description_content\">\n                                    <p>Recital de baile de Carmen de Utrera. Pe\u00f1a Flamenca La Polea, Sevilla. 21 mayo 2026. Foto: Kiko Valle<\/p>\n\n                                <\/div>\n                            <\/div><div class=\"jeg_hidden_preview_description\">\n                                <h3>5. Recital de baile de Carmen de Utrera. Pe\u00f1a Flamenca La Polea, Sevilla. 21 mayo 2026. Foto: Kiko Valle<\/h3>\n                                <div class=\"jeg_preview_description_content\">\n                                    <p>Recital de baile de Carmen de Utrera. Pe\u00f1a Flamenca La Polea, Sevilla. 21 mayo 2026. Foto: Kiko Valle<\/p>\n\n                                <\/div>\n                            <\/div><div class=\"jeg_hidden_preview_description\">\n                                <h3>6. Recital de baile de Carmen de Utrera. Pe\u00f1a Flamenca La Polea, Sevilla. 21 mayo 2026. Foto: Kiko Valle<\/h3>\n                                <div class=\"jeg_preview_description_content\">\n                                    <p>Recital de baile de Carmen de Utrera. Pe\u00f1a Flamenca La Polea, Sevilla. 21 mayo 2026. Foto: Kiko Valle<\/p>\n\n                                <\/div>\n                            <\/div><div class=\"jeg_hidden_preview_description\">\n                                <h3>7. Recital de baile de Carmen de Utrera. Pe\u00f1a Flamenca La Polea, Sevilla. 21 mayo 2026. Foto: Kiko Valle<\/h3>\n                                <div class=\"jeg_preview_description_content\">\n                                    <p>Recital de baile de Carmen de Utrera. Pe\u00f1a Flamenca La Polea, Sevilla. 21 mayo 2026. Foto: Kiko Valle<\/p>\n\n                                <\/div>\n                            <\/div><div class=\"jeg_hidden_preview_description\">\n                                <h3>8. Recital de baile de Carmen de Utrera. Pe\u00f1a Flamenca La Polea, Sevilla. 21 mayo 2026. Foto: Kiko Valle<\/h3>\n                                <div class=\"jeg_preview_description_content\">\n                                    <p>Recital de baile de Carmen de Utrera. Pe\u00f1a Flamenca La Polea, Sevilla. 21 mayo 2026. Foto: Kiko Valle<\/p>\n\n                                <\/div>\n                            <\/div><div class=\"jeg_hidden_preview_description\">\n                                <h3>9. Recital de baile de Carmen de Utrera. Pe\u00f1a Flamenca La Polea, Sevilla. 21 mayo 2026. Foto: Kiko Valle<\/h3>\n                                <div class=\"jeg_preview_description_content\">\n                                    <p>Recital de baile de Carmen de Utrera. Pe\u00f1a Flamenca La Polea, Sevilla. 21 mayo 2026. Foto: Kiko Valle<\/p>\n\n                                <\/div>\n                            <\/div><div class=\"jeg_hidden_preview_description\">\n                                <h3>10. Joni Torres. Recital de baile de Carmen de Utrera. Pe\u00f1a Flamenca La Polea, Sevilla. 21 mayo 2026. Foto: Kiko Valle<\/h3>\n                                <div class=\"jeg_preview_description_content\">\n                                    <p>Recital de baile de Carmen de Utrera. Pe\u00f1a Flamenca La Polea, Sevilla. 21 mayo 2026. Foto: Kiko Valle<\/p>\n\n                                <\/div>\n                            <\/div><div class=\"jeg_hidden_preview_description\">\n                                <h3>11. Joni Torres. Recital de baile de Carmen de Utrera. Pe\u00f1a Flamenca La Polea, Sevilla. 21 mayo 2026. Foto: Kiko Valle<\/h3>\n                                <div class=\"jeg_preview_description_content\">\n                                    <p>Recital de baile de Carmen de Utrera. Pe\u00f1a Flamenca La Polea, Sevilla. 21 mayo 2026. Foto: Kiko Valle<\/p>\n\n                                <\/div>\n                            <\/div><div class=\"jeg_hidden_preview_description\">\n                                <h3>12. Cristian Cabello. Recital de baile de Carmen de Utrera. Pe\u00f1a Flamenca La Polea, Sevilla. 21 mayo 2026. Foto: Kiko Valle<\/h3>\n                                <div class=\"jeg_preview_description_content\">\n                                    <p>Recital de baile de Carmen de Utrera. Pe\u00f1a Flamenca La Polea, Sevilla. 21 mayo 2026. Foto: Kiko Valle<\/p>\n\n                                <\/div>\n                            <\/div><div class=\"jeg_hidden_preview_description\">\n                                <h3>13. Roc\u00edo Reyes, Joni Torres y Cristian Cabello. Recital de baile de Carmen de Utrera. Pe\u00f1a Flamenca La Polea, Sevilla. 21 mayo 2026. Foto: Kiko Valle<\/h3>\n                                <div class=\"jeg_preview_description_content\">\n                                    <p>Recital de baile de Carmen de Utrera. Pe\u00f1a Flamenca La Polea, Sevilla. 21 mayo 2026. Foto: Kiko Valle<\/p>\n\n                                <\/div>\n                            <\/div>\n                            <\/div>\n                        <\/div>\n                        <script>\n                            var gallery_1 = {\n                                rtl: false,\n                                native_zoom: true,\n                                zoom_max: 5,\n                                zoom_step: 40,\n                                image_sequence: []\n                            };\n                        <\/script>\n                    <\/div>\n<p>&nbsp;<\/p>\n<p>Sorprendi\u00f3 la escrupulosa definici\u00f3n de los pies de Carmen, que apuntillaron las tablas con euforia, sin olvidarse del torso, los brazos y el gesto, siempre apropiado. Con una fuerza, t\u00e9cnica y recursos impropios para su edad, supo transitar de los vaivenes de los tientos a los tangos zalameros, a cuya ejecuci\u00f3n aun le falta la feminidad de los meneos redondeados de caderas, por ponerle alguna pega al asunto. Porque muchas, ya quisieran. Algo que quiz\u00e1s, por otra parte, pegue menos en una ni\u00f1a. Pero <strong>le dio viento al vest\u00edo, su luci\u00f3 en los marcajes y quiso conjugar brazos y pies sin ostentaciones, apuntando desde el principio detalles de la escuela sevillana, con elegancia y trap\u00edo<\/strong>.<\/p>\n<p>Guard\u00f3 el mal fario que le cuelgan al amarillo y sali\u00f3 radiante por canti\u00f1as con su mant\u00f3n, sin abusar de filigranas y ech\u00e1ndolo al suelo para el silencio de las alegr\u00edas y la escobilla, simple, que no facilona, y bien mont\u00e1. Briosa en los paseos, la sonrisa la puso donde cupo y las llamadas en las buler\u00edas de C\u00e1diz que abrocharon el palo, como todo el repertorio, siempre en su sitio y a comp\u00e1s. Bail\u00f3 pa com\u00e9rsela. Y lo hizo al cante, rebosando sevillan\u00eda, con desparpajo, naturalidad y soltura. Se nota que le gusta lo bueno. Se la ve\u00eda venir desde que era una mica subi\u00e9ndose a dar sus pata\u00edtas en las innumerables pe\u00f1as donde la he visto hipnotiz\u00e1, con fijaci\u00f3n en los flamencos del proscenio. Lo ha mamao.<\/p>\n<p>Aquello termin\u00f3 con el age del cante y el baile festeros de Joni haciendo de las suyas, derramando gitaner\u00eda. Y la pat\u00e1 de desped\u00eda. Los aplausos no los dejaban irse. Sali\u00f3 por la puerta grande. Ella es Carmen G\u00f3mez o Carmen de Utrera, que sigue creciendo como la espuma. Acu\u00e9rdense.<\/p>\n<p>&nbsp;<\/p>\n<p><strong>Ficha art\u00edstica<br \/>\n<\/strong>Recital de baile de Carmen de Utrera<br \/>\nPe\u00f1a Flamenca La Polea, Sevilla<br \/>\n21 de mayo de 2026<br \/>\nBaile: Carmen G\u00f3mez<br \/>\nCante: Joni Torres<br \/>\nGuitarra: Cristian Cabello<br \/>\nPalmas: Roc\u00edo Reyes<\/p>\n<p>&nbsp;<\/p>\n<div class=\"jeg_video_container jeg_video_content\"><iframe loading=\"lazy\" title=\"Carmen de Utrera - Pe\u00f1a La Polea, Sevilla\" width=\"500\" height=\"281\" src=\"https:\/\/www.youtube.com\/embed\/roDfj2yReAg?feature=oembed\" frameborder=\"0\" allow=\"accelerometer; autoplay; clipboard-write; encrypted-media; gyroscope; picture-in-picture; web-share\" referrerpolicy=\"strict-origin-when-cross-origin\" allowfullscreen><\/iframe><\/div>\n<p>&nbsp;<\/p>\n<p>&nbsp;<\/p>\n","protected":false,"gt_translate_keys":[{"key":"rendered","format":"html"}]},"excerpt":{"rendered":"<p>La jovenc\u00edsima bailaora Carmen G\u00f3mez ofreci\u00f3 un recital de baile en la Pe\u00f1a Flamenca La Polea de Sevilla y los aplausos del p\u00fablico no la dejaban irse.<\/p>\n","protected":false,"gt_translate_keys":[{"key":"rendered","format":"html"}]},"author":63,"featured_media":7317,"comment_status":"open","ping_status":"open","sticky":false,"template":"","format":"standard","meta":{"_acf_changed":false,"pmpro_default_level":"","jnews-multi-image_gallery":[],"jnews_single_post":{"format":"standard","override":[{"template":"3","parallax":"1","fullscreen":"1","layout":"right-sidebar-narrow","sidebar":"default-sidebar","second_sidebar":"default-sidebar","sticky_sidebar":"1","share_position":"top","share_float_style":"share-monocrhome","show_share_counter":"1","show_featured":"1","show_post_meta":"1","show_post_author":"1","show_post_author_image":"1","show_post_date":"1","post_date_format":"default","post_date_format_custom":"Y\/m\/d","show_post_reading_time":"1","post_reading_time_wpm":"250","post_calculate_word_method":"str_word_count","show_zoom_button":"1","zoom_button_out_step":"2","zoom_button_in_step":"3","show_popup_post":"1","show_comment_section":"1","number_popup_post":"1","show_author_box":"1","show_post_related":"1","show_inline_post_related":"1"}],"image_override":[{"single_post_thumbnail_size":"crop-500","single_post_gallery_size":"crop-500"}],"trending_post_position":"meta","trending_post_label":"Trending","sponsored_post_label":"Sponsored by","disable_ad":"0","subtitle":"La jovenc\u00edsima bailaora Carmen G\u00f3mez ofreci\u00f3 un recital de baile en la Pe\u00f1a Flamenca La Polea de Sevilla y los aplausos del p\u00fablico no la dejaban irse."},"jnews_primary_category":{"id":"46"},"jnews_override_bookmark_settings":{"override_bookmark_button":"0","override_show_bookmark_button":"0"},"jnews_social_meta":[],"jnews_review":[],"enable_review":"","type":"percentage","name":"","summary":"","brand":"","sku":"","good":[],"bad":[],"score_override":"","override_value":"","rating":[],"price":[],"jnews_override_counter":{"view_counter_number":"0","share_counter_number":"0","like_counter_number":"0","dislike_counter_number":"0"},"footnotes":""},"categories":[46,38],"tags":[48,7499,7498,7500],"class_list":["post-7316","post","type-post","status-publish","format-standard","has-post-thumbnail","hentry","category-cronicas","category-en-portada","tag-bailaora-flamenca","tag-carmen-de-utrera","tag-carmen-gomez","tag-pena-flamenca-la-polea-de-sevilla","pmpro-has-access"],"acf":[],"gt_translate_keys":[{"key":"link","format":"url"}],"_links":{"self":[{"href":"https:\/\/expoflamenco.com\/revista\/wp-json\/wp\/v2\/posts\/7316","targetHints":{"allow":["GET"]}}],"collection":[{"href":"https:\/\/expoflamenco.com\/revista\/wp-json\/wp\/v2\/posts"}],"about":[{"href":"https:\/\/expoflamenco.com\/revista\/wp-json\/wp\/v2\/types\/post"}],"author":[{"embeddable":true,"href":"https:\/\/expoflamenco.com\/revista\/wp-json\/wp\/v2\/users\/63"}],"replies":[{"embeddable":true,"href":"https:\/\/expoflamenco.com\/revista\/wp-json\/wp\/v2\/comments?post=7316"}],"version-history":[{"count":1,"href":"https:\/\/expoflamenco.com\/revista\/wp-json\/wp\/v2\/posts\/7316\/revisions"}],"predecessor-version":[{"id":7332,"href":"https:\/\/expoflamenco.com\/revista\/wp-json\/wp\/v2\/posts\/7316\/revisions\/7332"}],"wp:featuredmedia":[{"embeddable":true,"href":"https:\/\/expoflamenco.com\/revista\/wp-json\/wp\/v2\/media\/7317"}],"wp:attachment":[{"href":"https:\/\/expoflamenco.com\/revista\/wp-json\/wp\/v2\/media?parent=7316"}],"wp:term":[{"taxonomy":"category","embeddable":true,"href":"https:\/\/expoflamenco.com\/revista\/wp-json\/wp\/v2\/categories?post=7316"},{"taxonomy":"post_tag","embeddable":true,"href":"https:\/\/expoflamenco.com\/revista\/wp-json\/wp\/v2\/tags?post=7316"}],"curies":[{"name":"wp","href":"https:\/\/api.w.org\/{rel}","templated":true}]}}