{"id":710,"date":"2024-03-08T11:28:26","date_gmt":"2024-03-08T10:28:26","guid":{"rendered":"https:\/\/expoflamenco.com\/revistanew\/la-ix-bienal-flamenca-llega-de-la-mano-de-la-once\/"},"modified":"2024-03-08T11:28:26","modified_gmt":"2024-03-08T10:28:26","slug":"la-ix-bienal-flamenca-llega-de-la-mano-de-la-once","status":"publish","type":"post","link":"https:\/\/expoflamenco.com\/revista\/la-ix-bienal-flamenca-llega-de-la-mano-de-la-once\/","title":{"rendered":"La IX Bienal Flamenca llega de la mano de la ONCE","gt_translate_keys":[{"key":"rendered","format":"text"}]},"content":{"rendered":"<p>Una vez m\u00e1s, y ya van nueve, la <strong>Delegaci\u00f3n Territorial de la ONCE en Andaluc\u00eda, Ceuta y Melilla<\/strong> ha convocado su <strong>Bienal Flamenca<\/strong>. Como es habitual, esta coincide con los a\u00f1os de celebraci\u00f3n de la Bienal de Flamenco de Sevilla. Cuenta con la colaboraci\u00f3n con la Consejer\u00eda de Cultura de la Junta de Andaluc\u00eda, a trav\u00e9s del Instituto Andaluz del Flamenco, y del Ayuntamiento de Granada. Su gala ser\u00e1 el 14 de noviembre en el Teatro Isabel la Cat\u00f3lica de Granada.<\/p>\n<p>&nbsp;<\/p>\n<p>Esta IX Bienal Flamenca premiar\u00e1 a los j\u00f3venes valores al cante y al toque y distinguir\u00e1 a un artista con discapacidad. Lo har\u00e1 en Granada, como lleva siendo desde que naci\u00f3 este evento en 2006 \u00abreivindicando el flamenco como identidad de Andaluc\u00eda y como instrumento de inclusi\u00f3n de las personas con discapacidad en la sociedad\u00bb, se lee en la <a href=\"https:\/\/www.once.es\/\">web oficial<\/a>.<\/p>\n<p>&nbsp;<\/p>\n<p>En este certamen pueden participar los artistas flamencos, en la modalidad de cante o toque, menores de 35 a\u00f1os (nacidos despu\u00e9s del 1 de marzo de 1989). En el caso de los artistas con discapacidad, no existe l\u00edmite de edad, aunque deben acreditar su certificado de discapacidad.<\/p>\n<p>&nbsp;<\/p>\n<p>El concurso tiene premios establecidos por valor de 6.544 euros. Para las modalidades de cante, guitarra y artista con discapacidad habr\u00e1 un premio de 2.011 euros. Adem\u00e1s, el jurado podr\u00e1 otorgar un acc\u00e9sit, dotado con 511 euros al artista que destaque por alguna circunstancia especial merecedora de dicho reconocimiento, se lee en las bases.<\/p>\n<p>&nbsp;<\/p>\n<p>&nbsp;<\/p>\n<blockquote><p><em>\u00abLos participantes en la categor\u00eda de cante deber\u00e1n interpretar al menos tres cantes, uno por grana\u00edna y media grana\u00edna, uno cl\u00e1sico \u2013seguiriyas, sole\u00e1s, cabales, serranas, livianas, ton\u00e1s, martinetes, deblas, ca\u00f1as o polos\u2013 y otro de libre elecci\u00f3n\u00bb<\/em><\/p><\/blockquote>\n<p>&nbsp;<\/p>\n<p>&nbsp;<\/p>\n<p>El plazo de presentaci\u00f3n de candidaturas para participar en esta novena edici\u00f3n de la Bienal Flamenca arranca en marzo, y se mantendr\u00e1 abierto hasta las 14:00 horas del viernes 28 de junio de 2024.<\/p>\n<p>&nbsp;<\/p>\n<p>Para las personas interesadas en participar, en la categor\u00eda de cante deber\u00e1n interpretar al menos tres cantes, uno por grana\u00edna y media grana\u00edna, uno cl\u00e1sico \u2013seguiriyas, sole\u00e1s, cabales, serranas, livianas, ton\u00e1s, martinetes, deblas, ca\u00f1as o polos\u2013 y otro de libre elecci\u00f3n. En la modalidad de toque deber\u00e1n presentar dos, un solo de guitarra y un acompa\u00f1amiento al cante, a elegir.<\/p>\n<p>&nbsp;<\/p>\n<p>En total ser\u00e1n seis los miembros que formar\u00e1n parte del jurado, presidido por el delegado territorial de la ONCE en Andaluc\u00eda, Ceuta y Melilla, y que contar\u00e1 con personas de reconocido prestigio en el mundo del flamenco, tanto en la modalidad de cante como de guitarra, as\u00ed como de los medios de comunicaci\u00f3n especializados en el \u00e1mbito del flamenco. Est\u00e1 previsto que se re\u00fana el jurado en julio para dar el fallo inapelable.<\/p>\n<p>&nbsp;<\/p>\n<p>En la <a href=\"https:\/\/web.archive.org\/web\/20221202033027\/https:\/\/www.expoflamenco.com\/actualidad\/se-entregan-los-premios-de-la-viii-bienal-flamenca-de-la-once\/\">edici\u00f3n de 2022<\/a> el certamen rindi\u00f3 homenaje al maestro guitarrista <strong>Pepe Habichuela<\/strong>, premi\u00f3 a la cantaora almonte\u00f1a <strong>Roc\u00edo Bel\u00e9n Cuesta<\/strong> y el guitarrista granadino <strong>Israel G\u00f3mez<\/strong> y al cantaor cordob\u00e9s <strong>Antonio Mej\u00edas<\/strong> como artista con discapacidad.<\/p>\n<p>&nbsp;<\/p>\n<p>Las <a href=\"https:\/\/www.aacuc.es\/wp-content\/uploads\/2024\/02\/Bases-IX-Concurso-Jovenes-Valores-y-Bienal-Flamenca-de-la-ONCE-Andalucia-2024.pdf\">bases completas<\/a> del Concurso se pueden consultar en la Web de la Asociaci\u00f3n Cultural de Personas Ciegas de Andaluc\u00eda (AACUC).<\/p>\n<p>&nbsp;<\/p>\n<h6 style=\"text-align: right;\">Imagen superior: web ONCE<\/h6>\n<p>&nbsp;<\/p>\n","protected":false,"gt_translate_keys":[{"key":"rendered","format":"html"}]},"excerpt":{"rendered":"<p>La ONCE pone en marcha la novena edici\u00f3n de su Bienal Flamenca para premiar a j\u00f3venes valores del cante y el toque, adem\u00e1s de distinguir a un artista con discapacidad.<\/p>\n","protected":false,"gt_translate_keys":[{"key":"rendered","format":"html"}]},"author":5,"featured_media":711,"comment_status":"open","ping_status":"open","sticky":false,"template":"","format":"standard","meta":{"_acf_changed":false,"pmpro_default_level":"","jnews-multi-image_gallery":[],"jnews_single_post":[],"jnews_primary_category":[],"jnews_override_bookmark_settings":[],"jnews_social_meta":[],"jnews_review":[],"enable_review":"","type":"","name":"","summary":"","brand":"","sku":"","good":[],"bad":[],"score_override":"","override_value":"","rating":[],"price":[],"jnews_override_counter":[],"footnotes":""},"categories":[37],"tags":[623,195],"class_list":["post-710","post","type-post","status-publish","format-standard","has-post-thumbnail","hentry","category-actualidad","tag-bienal-flamenca-once","tag-flamenco","pmpro-has-access"],"acf":[],"aioseo_notices":[],"gt_translate_keys":[{"key":"link","format":"url"}],"_links":{"self":[{"href":"https:\/\/expoflamenco.com\/revista\/wp-json\/wp\/v2\/posts\/710","targetHints":{"allow":["GET"]}}],"collection":[{"href":"https:\/\/expoflamenco.com\/revista\/wp-json\/wp\/v2\/posts"}],"about":[{"href":"https:\/\/expoflamenco.com\/revista\/wp-json\/wp\/v2\/types\/post"}],"author":[{"embeddable":true,"href":"https:\/\/expoflamenco.com\/revista\/wp-json\/wp\/v2\/users\/5"}],"replies":[{"embeddable":true,"href":"https:\/\/expoflamenco.com\/revista\/wp-json\/wp\/v2\/comments?post=710"}],"version-history":[{"count":0,"href":"https:\/\/expoflamenco.com\/revista\/wp-json\/wp\/v2\/posts\/710\/revisions"}],"wp:featuredmedia":[{"embeddable":true,"href":"https:\/\/expoflamenco.com\/revista\/wp-json\/wp\/v2\/media\/711"}],"wp:attachment":[{"href":"https:\/\/expoflamenco.com\/revista\/wp-json\/wp\/v2\/media?parent=710"}],"wp:term":[{"taxonomy":"category","embeddable":true,"href":"https:\/\/expoflamenco.com\/revista\/wp-json\/wp\/v2\/categories?post=710"},{"taxonomy":"post_tag","embeddable":true,"href":"https:\/\/expoflamenco.com\/revista\/wp-json\/wp\/v2\/tags?post=710"}],"curies":[{"name":"wp","href":"https:\/\/api.w.org\/{rel}","templated":true}]}}