{"id":708,"date":"2024-03-08T11:46:14","date_gmt":"2024-03-08T10:46:14","guid":{"rendered":"https:\/\/expoflamenco.com\/revistanew\/arranca-la-segunda-mitad-de-la-23a-edicion-de-flamenco-festival-nueva-york\/"},"modified":"2024-03-08T11:46:14","modified_gmt":"2024-03-08T10:46:14","slug":"arranca-la-segunda-mitad-de-la-23a-edicion-de-flamenco-festival-nueva-york","status":"publish","type":"post","link":"https:\/\/expoflamenco.com\/revista\/arranca-la-segunda-mitad-de-la-23a-edicion-de-flamenco-festival-nueva-york\/","title":{"rendered":"Arranca la segunda mitad de la 23\u00aa edici\u00f3n de Flamenco Festival Nueva York","gt_translate_keys":[{"key":"rendered","format":"text"}]},"content":{"rendered":"<p><a href=\"https:\/\/www.flamencofestival.org\/\" target=\"_blank\" rel=\"noopener\">Flamenco Festival<\/a> contin\u00faa celebrando su 23\u00aa edici\u00f3n en Nueva York y otras ciudades americanas hasta el d\u00eda 17 de marzo. Con la guitarra espa\u00f1ola como protagonista, la cita arranc\u00f3 el viernes 1 de marzo con el recital que ofreci\u00f3 el maestro <strong>Tomatito<\/strong> en el emblem\u00e1tico e hist\u00f3rico Town Hall de Nueva York, que repetiti\u00f3 el jueves 7 en el Willshire Ebell Hall de Los \u00c1ngeles, y contin\u00faa estos d\u00edas con el desembarco del <strong>Ballet Nacional de Espa\u00f1a, Las Migas, Israel Fern\u00e1ndez, Mar\u00eda Jos\u00e9 Llergo o Manuel Li\u00f1\u00e1n<\/strong>, entre otras figuras clave del flamenco espa\u00f1ol contempor\u00e1neo. Todas ellas ofrecer\u00e1n lo mejor del baile, el toque y el cante flamenco a un p\u00fablico \u00e1vido de emoci\u00f3n en diferentes espacios de la Gran Manzana, adem\u00e1s de en otros tantos de Miami, Boston, Los \u00c1ngeles, Chicago y Washington DC.<\/p>\n<p>&nbsp;<\/p>\n<p>El homenaje al guitarrista <strong>Paco de Luc\u00eda<\/strong> cuando se cumplen diez a\u00f1os de su muerte y la conmemoraci\u00f3n del IV centenario del fallecimiento del m\u00fasico y poeta espa\u00f1ol <strong>Vicente Espinel<\/strong> est\u00e1n marcando esta 23\u00aa edici\u00f3n, que contin\u00faa en las pr\u00f3ximas jornadas con una triple funci\u00f3n, los d\u00edas 8, 9 y 10, del <strong>Ballet Nacional de Espa\u00f1a<\/strong>. La compa\u00f1\u00eda regresa a Nueva York con el estreno de <em>Invocaci\u00f3n<\/em>, adaptaci\u00f3n de <em>De lo Flamenco<\/em>, coreograf\u00eda de <strong>Mario Maya<\/strong> para la entonces Compa\u00f1\u00eda Andaluza de Danza (actual Ballet Flamenco de Andaluc\u00eda), pieza que <strong>Rub\u00e9n Olmo<\/strong> recupera para esta ocasi\u00f3n tan especial. Se incorporan adem\u00e1s dos nuevas coreograf\u00edas: <em>Taranto<\/em> y <em>Romance del emplazado<\/em>, creadas por dos de las disc\u00edpulas de Maya, las andaluzas <strong>Isabel Bay\u00f3n y Rafaela Carrasco<\/strong>. Como fin de fiesta, el <strong>Ballet Nacional de Espa\u00f1a<\/strong> har\u00e1 su homenaje a <strong>Paco de Luc\u00eda<\/strong>, como ya hiciera en las funciones celebradas los d\u00edas 1, 2 y 3 en el <strong>Ziff Opera House <\/strong>del <strong>Adrienne Arsht Center de Miami<\/strong>.<\/p>\n<p>&nbsp;<\/p>\n<p>La mujer cada vez adquiere m\u00e1s relevancia en la evoluci\u00f3n del toque. Por eso, dentro de la conmemoraci\u00f3n del D\u00eda Internacional de la Mujer (8 de marzo), la cantaora <strong>Inma la Carbonera <\/strong>y la guitarrista <strong>Antonia Jim\u00e9nez <\/strong>presentan el espect\u00e1culo <em>A Gaya<\/em>, primera propuesta conjunta de ambas artistas, en la antigua residencia del embajador de Espa\u00f1a en <strong>Washington DC<\/strong> (viernes 8). La pieza podr\u00e1 verse al d\u00eda siguiente en <strong>Roulette <\/strong>(Nueva York) y el domingo 10 en el <strong>Instituto Cervantes de Chicago. <\/strong>Y, en este mismo sentido, Flamenco Festival contar\u00e1 tambi\u00e9n con <strong>Las Migas<\/strong>, galardonadas con el Grammy Latino al mejor \u00e1lbum de flamenco 2022, que presentar\u00e1n su repertorio, mezcla elementos tradicionales del flamenco y la m\u00fasica cl\u00e1sica, en <strong>Joe\u2019s Pub <\/strong>del m\u00edtico <strong>The Public Theater<\/strong> el domingo 10 tras haber pasado ya por el<strong> Instituto Cervantes de Chicago <\/strong>(mi\u00e9rcoles 6).<\/p>\n<p><strong>&nbsp;<\/strong><\/p>\n<p>El abrazo entre flamenco y jazz, que tanto propugnaba Paco de Luc\u00eda, tendr\u00e1 su correlaci\u00f3n con un extraordinario <strong>Rycardo Moreno<\/strong>, que se unir\u00e1 al guitarrista de jazz <strong>Yotam Silverstein<\/strong>. Una colaboraci\u00f3n creativa que explora nuevos horizontes musicales y que muestra a dos extraordinarios instrumentistas de las tradiciones musicales del flamenco y el jazz. Ser\u00e1 el mi\u00e9rcoles 13 en <strong>Jazz at Lincoln Center, <\/strong>que tambi\u00e9n ha acogido la residencia art\u00edstica de esta propuesta que cuenta con la colaboraci\u00f3n de <strong>Celia Flores<\/strong>.<\/p>\n<p>&nbsp;<\/p>\n<p>&nbsp;<\/p>\n<blockquote><p><em>\u00abEl homenaje al guitarrista Paco de Luc\u00eda cuando se cumplen diez a\u00f1os de su muerte y la conmemoraci\u00f3n del IV centenario del fallecimiento del m\u00fasico y poeta espa\u00f1ol Vicente Espinel est\u00e1n marcando esta 23\u00aa edici\u00f3n\u00bb<\/em><\/p><\/blockquote>\n<p>&nbsp;<\/p>\n<p>&nbsp;<\/p>\n<h3><strong>Una nueva generaci\u00f3n de flamencos en la escena internacional<\/strong><\/h3>\n<p>Otros dos artistas que no faltar\u00e1n a esta cita y que han trascendido a un p\u00fablico intergeneracional son el cantaor toledano <strong>Israel Fern\u00e1ndez<\/strong> y la cantaora cordobesa <strong>Mar\u00eda Jos\u00e9 Llergo<\/strong>. Israel Fern\u00e1ndez subir\u00e1 el jueves 14 al escenario del <strong>Kauffman Music Center\/Merkin Concert Hall<\/strong> junto a su inseparable <strong>Diego del Morao<\/strong>, como representante de una de las grandes dinast\u00edas flamencas, en una actualizaci\u00f3n de los c\u00f3digos del flamenco gracias al temple y conocimiento del arte jondo derrochando una personalidad marcada y \u00fanica. Por su parte, la dulce voz de ra\u00edz flamenca de Mar\u00eda Jos\u00e9 Llergo se proyectar\u00e1 con todo tipo de sonoridades libres de las ataduras tradicionales con los sonidos electr\u00f3nicos m\u00e1s vanguardistas para presentar su concepto <em>Ultrabelleza<\/em> el viernes 15 en <strong>Le Poisson Rouge<\/strong>, habiendo pasado previamente por el escenario del <strong>Instituto Cervantes de Chicago<\/strong> (d\u00eda 3) y <strong>Crystal Ballroom de Boston<\/strong> (d\u00eda 13).<\/p>\n<p>&nbsp;<\/p>\n<p>Los ecos del cantaor sevillano <strong>Pepe Marchena<\/strong> tambi\u00e9n resonar\u00e1n en la Gran Manzana. Y es que la cantaora <strong>Sandra Carrasco<\/strong> debutar\u00e1 con el joven guitarrista <strong>David de Arahal<\/strong> en el espect\u00e1culo <em>Recordando a Marchena<\/em>, ofreciendo una mirada actual al cante tradicional el 15 de marzo en <strong>Le Poisson Rouge<\/strong>. Una propuesta que llega a Flamenco Festival Nueva York de la mano de la Fundaci\u00f3n SGAE y FlamencoE\u00f1e.<\/p>\n<p>&nbsp;<\/p>\n<h3><strong>La celebraci\u00f3n de la herencia musical de la guitarra a trav\u00e9s del baile<\/strong><\/h3>\n<p>Tras las actuaciones del Ballet Nacional de Espa\u00f1a, la danza continuar\u00e1 celebrando la figura de Paco de Luc\u00eda y a la guitarra espa\u00f1ola de la mano de <strong>Olga Pericet<\/strong>, que, en su espect\u00e1culo <em>La Leona<\/em> homenajea a la c\u00e9lebre guitarra del luthier <strong>Antonio de Torres<\/strong>, primer prototipo de la guitarra como actualmente se conoce en el mundo flamenco, realizando un recorrido por el proceso de construcci\u00f3n del instrumento. Ser\u00e1 esta una funci\u00f3n \u00fanica, en la que la m\u00fasica de Paco de Luc\u00eda tomar\u00e1 forma en la danza de una Pericet que ha recibido como un regalo la posibilidad de adaptar su espect\u00e1culo a las composiciones del maestro. Un homenaje que se dar\u00e1 en el legendario New York City Center, teatro de estilo morisco, el 15 de marzo.<\/p>\n<p>&nbsp;<\/p>\n<p>Tambi\u00e9n en el <strong>New York City Center<\/strong> se celebrar\u00e1 la ya tradicional <strong>Gala Flamenca<\/strong>, que este a\u00f1o cuenta con la direcci\u00f3n del laureado <strong>Manuel Li\u00f1\u00e1n <\/strong>y que, en su particular celebraci\u00f3n en torno a Paco de Luc\u00eda, contar\u00e1 con savia nueva de la danza flamenca como <strong>Alfonso Losa, Paula Comitre y el Yiyo, <\/strong>como bailarines debutantes en Nueva York, adem\u00e1s del propio Li\u00f1\u00e1n, adem\u00e1s del cante de Sandra Carrasco. Una gala que se desmarca de la propuesta ya presentada en Espa\u00f1a incorporando una serie de pinceladas in\u00e9ditas para recordar a la leyenda de la m\u00fasica que es el tocaor de Algeciras y que podr\u00e1 verse los d\u00edas 16 y 17. Previamente, el <strong>Berklee Performance Center Boston<\/strong> y el <strong>Knight Concert Hall del Arsht Center en Miami<\/strong> ser\u00e1n los primeros espacios en vivir la emoci\u00f3n de esta gala los d\u00edas 10 y 14, respectivamente. Asimismo, <strong>Alfonso Losa<\/strong> estar\u00e1 presente en el Festival tambi\u00e9n con su propio espacio, para presentar su propuesta <em>Espacio Creativo<\/em>. Ser\u00e1 el s\u00e1bado 9 en <strong>Berklee Performance Center <\/strong>de Boston.<\/p>\n<p><strong>&nbsp;<\/strong><\/p>\n<p>La pen\u00faltima jornada de Flamenco Festival de Nueva York aguarda tambi\u00e9n el concierto que protagonizar\u00e1 el flautista flamenco <strong>Sergio de Lope, <\/strong>que har\u00e1 equipo con los 80 m\u00fasicos de la Manhattan Wind Ensemble para presentar \u2018Sin L\u00edmites\u2019 en The Centennial Memorial Temple. Un proyecto rompedor y revolucionario para el flamenco y la m\u00fasica orquestal que se presenta en Nueva York casi cincuenta a\u00f1os despu\u00e9s de que el sexteto de Paco de Luc\u00eda incorporara nuevos instrumentos al flamenco.<\/p>\n<p>&nbsp;<\/p>\n<p>Y el domingo 17, gracias al programa de internacionalizaci\u00f3n FlamencoE\u00f1e, promovido por la <strong>Fundaci\u00f3n SGAE<\/strong>, pondr\u00e1 el broche a la 23 edici\u00f3n el guitarrista <strong>Ra\u00fal Cantizano<\/strong>, que subir\u00e1 al escenario de Joe\u2019s Pub el flamenco m\u00e1s vanguardista y experimental con su espect\u00e1culo <em>Zona Acordonada<\/em>, junto a <strong>Los Voluble<\/strong>, que un d\u00eda antes pasar\u00e1 por Chicago de la mano del <strong>Instituto Cervantes<\/strong>.<\/p>\n<p>&nbsp;<\/p>\n<h6 style=\"text-align: right;\">Imagen superior: Presentaci\u00f3n en Sevilla del Flamenco Festival Nueva York. Fundaci\u00f3n Valent\u00edn de Madariaga. 22 enero 2024. Foto: F\u00e9lix V\u00e1zquez<\/h6>\n<p>&nbsp;<\/p>\n","protected":false,"gt_translate_keys":[{"key":"rendered","format":"html"}]},"excerpt":{"rendered":"<p>El Ballet Nacional de Espa\u00f1a, Las Migas, Israel Fern\u00e1ndez, Olga Pericet, Mar\u00eda Jos\u00e9 Llergo y Manuel Li\u00f1\u00e1n, entre los protagonistas de la segunda mitad de la 23 edici\u00f3n de Flamenco Festival Nueva York. La danza toma las riendas en las pr\u00f3ximas jornadas. <\/p>\n","protected":false,"gt_translate_keys":[{"key":"rendered","format":"html"}]},"author":5,"featured_media":709,"comment_status":"open","ping_status":"open","sticky":false,"template":"","format":"standard","meta":{"_acf_changed":false,"pmpro_default_level":"","jnews-multi-image_gallery":[],"jnews_single_post":[],"jnews_primary_category":[],"jnews_override_bookmark_settings":[],"jnews_social_meta":[],"jnews_review":[],"enable_review":"","type":"","name":"","summary":"","brand":"","sku":"","good":[],"bad":[],"score_override":"","override_value":"","rating":[],"price":[],"jnews_override_counter":[],"footnotes":""},"categories":[47],"tags":[195,552],"class_list":["post-708","post","type-post","status-publish","format-standard","has-post-thumbnail","hentry","category-internacional","tag-flamenco","tag-flamenco-festival-nueva-york","pmpro-has-access"],"acf":[],"aioseo_notices":[],"gt_translate_keys":[{"key":"link","format":"url"}],"_links":{"self":[{"href":"https:\/\/expoflamenco.com\/revista\/wp-json\/wp\/v2\/posts\/708","targetHints":{"allow":["GET"]}}],"collection":[{"href":"https:\/\/expoflamenco.com\/revista\/wp-json\/wp\/v2\/posts"}],"about":[{"href":"https:\/\/expoflamenco.com\/revista\/wp-json\/wp\/v2\/types\/post"}],"author":[{"embeddable":true,"href":"https:\/\/expoflamenco.com\/revista\/wp-json\/wp\/v2\/users\/5"}],"replies":[{"embeddable":true,"href":"https:\/\/expoflamenco.com\/revista\/wp-json\/wp\/v2\/comments?post=708"}],"version-history":[{"count":0,"href":"https:\/\/expoflamenco.com\/revista\/wp-json\/wp\/v2\/posts\/708\/revisions"}],"wp:featuredmedia":[{"embeddable":true,"href":"https:\/\/expoflamenco.com\/revista\/wp-json\/wp\/v2\/media\/709"}],"wp:attachment":[{"href":"https:\/\/expoflamenco.com\/revista\/wp-json\/wp\/v2\/media?parent=708"}],"wp:term":[{"taxonomy":"category","embeddable":true,"href":"https:\/\/expoflamenco.com\/revista\/wp-json\/wp\/v2\/categories?post=708"},{"taxonomy":"post_tag","embeddable":true,"href":"https:\/\/expoflamenco.com\/revista\/wp-json\/wp\/v2\/tags?post=708"}],"curies":[{"name":"wp","href":"https:\/\/api.w.org\/{rel}","templated":true}]}}