{"id":6929,"date":"2026-05-02T09:11:20","date_gmt":"2026-05-02T07:11:20","guid":{"rendered":"https:\/\/expoflamenco.com\/revista\/?p=6929"},"modified":"2026-05-02T09:11:20","modified_gmt":"2026-05-02T07:11:20","slug":"el-ballet-flamenco-de-andalucia-llevara-su-tierra-bendita-a-londres-y-manchester","status":"publish","type":"post","link":"https:\/\/expoflamenco.com\/revista\/el-ballet-flamenco-de-andalucia-llevara-su-tierra-bendita-a-londres-y-manchester\/","title":{"rendered":"El Ballet Flamenco de Andaluc\u00eda llevar\u00e1 su \u2018Tierra Bendita\u2019 a Londres y M\u00e1nchester","gt_translate_keys":[{"key":"rendered","format":"text"}]},"content":{"rendered":"<p>El <a href=\"https:\/\/www.juntadeandalucia.es\/cultura\/flamenco\/ballet-flamenco-andalucia\" target=\"_blank\" rel=\"noopener\">Ballet Flamenco de Andaluc\u00eda<\/a>, compa\u00f1\u00eda de la Consejer\u00eda de Cultura y Deporte (Junta de Andaluc\u00eda), volver\u00e1 a estar presente en el <a href=\"https:\/\/flamencofestival.org\/\" target=\"_blank\" rel=\"noopener\">Flamenco Festival de Londres<\/a>, que tendr\u00e1 lugar del 13 al 30 de junio de 2026. Concretamente, los d\u00edas 26 y 27 pondr\u00e1 en escena la suite flamenca <strong><em>Tierra Bendita<\/em><\/strong> en el Sadler&#8217;s Wells Theatre de Londres, y el d\u00eda 30 en el Lyric Theatre de Manchester.<\/p>\n<p>Con este espect\u00e1culo, el Ballet llegar\u00e1 a Reino Unido tras una exitosa gira internacional que inici\u00f3 en el <strong>Teatro Nescaf\u00e9 de Chile<\/strong> en 2025, y con la que ha recorrido <strong>Francia, Marruecos, Estados Unidos<\/strong> y otros pa\u00edses hispanoamericanos. En lo que va de a\u00f1o, la compa\u00f1\u00eda andaluza ha actuado, entre otros escenarios, en <strong>Luxemburgo<\/strong> con la propuesta <em>Pineda. Romance popular en tres estampas<\/em> y en el Teatro Central de Sevilla, donde recientemente ha estrenado <em>Flamenco Patrimonio<\/em>.<\/p>\n<p>Seg\u00fan ha explicado <strong>Patricia Guerrero<\/strong>, directora del Ballet Flamenco de Andaluc\u00eda, en el acto de presentaci\u00f3n del Flamenco Festival de Londres 2026, en el que han participado el secretario general de Innovaci\u00f3n Cultural y Museos, <strong>Jos\u00e9 \u00c1ngel V\u00e9lez<\/strong>, y el director del Flamenco Festival, <strong>Miguel Mar\u00edn<\/strong>, <em>Tierra Bendita<\/em> condensa \u201cla esencia del flamenco, entre la tradici\u00f3n y la modernidad, lo antiguo y lo nuevo\u201d. El montaje realza cantes y bailes arraigados en distintas localidades andaluzas, que han servido de inspiraci\u00f3n para una propuesta esc\u00e9nica en la que participan m\u00fasicos y bailaores de la compa\u00f1\u00eda.<\/p>\n<p>&nbsp;<\/p>\n<blockquote><p><em>\u00abEl Ballet Flamenco es uno de los mejores embajadores del flamenco y su presencia en escenarios internacionales de primer nivel, como es el Flamenco Festival de Londres, que cumple su vig\u00e9simo primera edici\u00f3n, supone una nueva oportunidad para seguir difundiendo el arte jondo\u00bb<\/em><\/p><\/blockquote>\n<p>&nbsp;<\/p>\n<figure id=\"attachment_6931\" aria-describedby=\"caption-attachment-6931\" style=\"width: 1490px\" class=\"wp-caption aligncenter\"><a href=\"https:\/\/expoflamenco.com\/revista\/wp-content\/uploads\/sites\/46\/2026\/05\/ballet-flamenco-de-andalucia-2-presentacion-flamenco-festival-londres.jpeg\"><img fetchpriority=\"high\" decoding=\"async\" class=\"size-full wp-image-6931\" src=\"https:\/\/expoflamenco.com\/revista\/wp-content\/uploads\/sites\/46\/2026\/05\/ballet-flamenco-de-andalucia-2-presentacion-flamenco-festival-londres.jpeg\" alt=\"El Ballet Flamenco de Andaluc\u00eda, en la presentaci\u00f3n del Flamenco Festival Londres. Cartuja, Sevilla.\" width=\"1490\" height=\"931\" srcset=\"https:\/\/expoflamenco.com\/revista\/wp-content\/uploads\/sites\/46\/2026\/05\/ballet-flamenco-de-andalucia-2-presentacion-flamenco-festival-londres.jpeg 1490w, https:\/\/expoflamenco.com\/revista\/wp-content\/uploads\/sites\/46\/2026\/05\/ballet-flamenco-de-andalucia-2-presentacion-flamenco-festival-londres-300x187.jpeg 300w, https:\/\/expoflamenco.com\/revista\/wp-content\/uploads\/sites\/46\/2026\/05\/ballet-flamenco-de-andalucia-2-presentacion-flamenco-festival-londres-1024x640.jpeg 1024w, https:\/\/expoflamenco.com\/revista\/wp-content\/uploads\/sites\/46\/2026\/05\/ballet-flamenco-de-andalucia-2-presentacion-flamenco-festival-londres-768x480.jpeg 768w, https:\/\/expoflamenco.com\/revista\/wp-content\/uploads\/sites\/46\/2026\/05\/ballet-flamenco-de-andalucia-2-presentacion-flamenco-festival-londres-750x469.jpeg 750w, https:\/\/expoflamenco.com\/revista\/wp-content\/uploads\/sites\/46\/2026\/05\/ballet-flamenco-de-andalucia-2-presentacion-flamenco-festival-londres-1140x712.jpeg 1140w\" sizes=\"(max-width: 1490px) 100vw, 1490px\" \/><\/a><figcaption id=\"caption-attachment-6931\" class=\"wp-caption-text\">El Ballet Flamenco de Andaluc\u00eda, en la presentaci\u00f3n del Flamenco Festival Londres. Cartuja, Sevilla.<\/figcaption><\/figure>\n<p>&nbsp;<\/p>\n<p>Por su parte, V\u00e9lez ha destacado que \u201cel Ballet Flamenco es, sin duda, uno de los mejores embajadores del flamenco y su presencia en escenarios internacionales de primer nivel, como es el Flamenco Festival de Londres, que cumple su vig\u00e9simo primera edici\u00f3n, supone una nueva oportunidad para seguir difundiendo el arte jondo\u201d. En esta ocasi\u00f3n, el Ballet mostrar\u00e1 al p\u00fablico londinense el segundo de los cuatro espect\u00e1culos creados hasta ahora por Patricia Guerrero al frente de la compa\u00f1\u00eda.<\/p>\n<p>Para el espect\u00e1culo <em>Tierra Bendita<\/em>, Guerrero ha contado con la colaboraci\u00f3n del guitarrista <strong>Dani de Mor\u00f3n<\/strong>, autor del tema que da t\u00edtulo a la obra, y con el bailaor <strong>Eduardo Leal<\/strong> como maestro repetidor. El cuerpo de baile que llevar\u00e1 la propuesta a escena en Londres est\u00e1 integrado por Adriana G\u00f3mez, Alberto L\u00f3pez, Alejandro Fern\u00e1ndez Pecino, Alicia Gavil\u00e1n, \u00c1lvaro Aguilera, \u00c1ngel Fari\u00f1a, Araceli Mu\u00f1oz, Arturo Fajardo, Claudia \u2018La Debla\u2019, Hugo Aguilar, Mar\u00eda Carrasco, Natalia Alcal\u00e1 y Sof\u00eda Su\u00e1rez. El cante correr\u00e1 a cargo de Amparo Lagares y Ni\u00f1o de Gines. Las guitarras, de Jes\u00fas Rodr\u00edguez y Jos\u00e9 Luis Medina. Y la percusi\u00f3n, de David \u201cChupete\u201d.<\/p>\n<p>&nbsp;<\/p>\n<h3><strong>Ballet Flamenco de Andaluc\u00eda<\/strong><\/h3>\n<p>Patricia Guerrero (Granada, 1990), Premio Nacional de Danza en 2021, ejerce la coordinaci\u00f3n de todos los aspectos relativos a la representaci\u00f3n esc\u00e9nica y ejecuci\u00f3n de las coreograf\u00edas que componen el repertorio de la compa\u00f1\u00eda, incluyendo la recuperaci\u00f3n y mantenimiento de aquellas coreograf\u00edas realizadas a lo largo de la trayectoria del Ballet.<\/p>\n<p>El Ballet Flamenco de Andaluc\u00eda es el m\u00e1ximo representante institucional del arte jondo, ejerciendo de embajador del flamenco desde su creaci\u00f3n en 1994, hace ahora treinta y dos a\u00f1os. En este tiempo, se ha convertido en el mejor medio para abrir nuevos mercados para el Flamenco, ha actuado en escenarios de todo el mundo formando parte de las agendas culturales de pa\u00edses como Estados Unidos, Argentina, Cuba, Francia, Italia, Hungr\u00eda, Suiza o M\u00e9xico, y estando presente en citas internacionales como las Exposiciones de Lisboa (Portugal), Hannover (Alemania), Aichi (Jap\u00f3n) y Dubai (EAU) o en grandes festivales como los de Nueva York o Londres.<\/p>\n<p>&nbsp;<\/p>\n","protected":false,"gt_translate_keys":[{"key":"rendered","format":"html"}]},"excerpt":{"rendered":"<p>La compa\u00f1\u00eda andaluza contin\u00faa su gira internacional en Reino Unido, tras su paso por Francia, Estados Unidos, Marruecos y varios pa\u00edses hispanoamericanos. El Flamenco Festival, que tras dos d\u00e9cadas se consolida como evento de referencia en la agenda cultural londinense, se celebra del 13 al 30 de junio.<\/p>\n","protected":false,"gt_translate_keys":[{"key":"rendered","format":"html"}]},"author":5,"featured_media":6930,"comment_status":"open","ping_status":"open","sticky":false,"template":"","format":"standard","meta":{"_acf_changed":false,"pmpro_default_level":"","jnews-multi-image_gallery":[],"jnews_single_post":{"format":"standard","override":[{"template":"3","parallax":"1","fullscreen":"1","layout":"right-sidebar-narrow","sidebar":"default-sidebar","second_sidebar":"default-sidebar","sticky_sidebar":"1","share_position":"top","share_float_style":"share-monocrhome","show_share_counter":"1","show_featured":"1","show_post_meta":"1","show_post_author":"1","show_post_author_image":"1","show_post_date":"1","post_date_format":"default","post_date_format_custom":"Y\/m\/d","show_post_reading_time":"1","post_reading_time_wpm":"250","post_calculate_word_method":"str_word_count","show_zoom_button":"1","zoom_button_out_step":"2","zoom_button_in_step":"3","show_popup_post":"1","show_comment_section":"1","number_popup_post":"1","show_author_box":"1","show_post_related":"1","show_inline_post_related":"1"}],"image_override":[{"single_post_thumbnail_size":"crop-500","single_post_gallery_size":"crop-500"}],"trending_post_position":"meta","trending_post_label":"Trending","sponsored_post_label":"Sponsored by","disable_ad":"0","subtitle":"La compa\u00f1\u00eda andaluza contin\u00faa su gira internacional en Reino Unido, tras su paso por Francia, Estados Unidos, Marruecos y varios pa\u00edses hispanoamericanos. El Flamenco Festival, que tras dos d\u00e9cadas se consolida como evento de referencia en la agenda cultural londinense, se celebra del 13 al 30 de junio."},"jnews_primary_category":{"id":"47"},"jnews_override_bookmark_settings":{"override_bookmark_button":"0","override_show_bookmark_button":"0"},"jnews_social_meta":[],"jnews_review":[],"enable_review":"","type":"percentage","name":"","summary":"","brand":"","sku":"","good":[],"bad":[],"score_override":"","override_value":"","rating":[],"price":[],"jnews_override_counter":{"view_counter_number":"0","share_counter_number":"0","like_counter_number":"0","dislike_counter_number":"0"},"footnotes":""},"categories":[38,47],"tags":[619,823,120,1986],"class_list":["post-6929","post","type-post","status-publish","format-standard","has-post-thumbnail","hentry","category-en-portada","category-internacional","tag-ballet-flamenco-de-andalucia","tag-flamenco-festival-londres","tag-flamenco-internacional","tag-tierra-bendita","pmpro-has-access"],"acf":[],"aioseo_notices":[],"gt_translate_keys":[{"key":"link","format":"url"}],"_links":{"self":[{"href":"https:\/\/expoflamenco.com\/revista\/wp-json\/wp\/v2\/posts\/6929","targetHints":{"allow":["GET"]}}],"collection":[{"href":"https:\/\/expoflamenco.com\/revista\/wp-json\/wp\/v2\/posts"}],"about":[{"href":"https:\/\/expoflamenco.com\/revista\/wp-json\/wp\/v2\/types\/post"}],"author":[{"embeddable":true,"href":"https:\/\/expoflamenco.com\/revista\/wp-json\/wp\/v2\/users\/5"}],"replies":[{"embeddable":true,"href":"https:\/\/expoflamenco.com\/revista\/wp-json\/wp\/v2\/comments?post=6929"}],"version-history":[{"count":1,"href":"https:\/\/expoflamenco.com\/revista\/wp-json\/wp\/v2\/posts\/6929\/revisions"}],"predecessor-version":[{"id":6932,"href":"https:\/\/expoflamenco.com\/revista\/wp-json\/wp\/v2\/posts\/6929\/revisions\/6932"}],"wp:featuredmedia":[{"embeddable":true,"href":"https:\/\/expoflamenco.com\/revista\/wp-json\/wp\/v2\/media\/6930"}],"wp:attachment":[{"href":"https:\/\/expoflamenco.com\/revista\/wp-json\/wp\/v2\/media?parent=6929"}],"wp:term":[{"taxonomy":"category","embeddable":true,"href":"https:\/\/expoflamenco.com\/revista\/wp-json\/wp\/v2\/categories?post=6929"},{"taxonomy":"post_tag","embeddable":true,"href":"https:\/\/expoflamenco.com\/revista\/wp-json\/wp\/v2\/tags?post=6929"}],"curies":[{"name":"wp","href":"https:\/\/api.w.org\/{rel}","templated":true}]}}