{"id":6909,"date":"2026-05-01T21:03:38","date_gmt":"2026-05-01T19:03:38","guid":{"rendered":"https:\/\/expoflamenco.com\/revista\/?p=6909"},"modified":"2026-05-01T21:05:52","modified_gmt":"2026-05-01T19:05:52","slug":"festival-flamenco-ciudad-de-huelva-emocion-raiz-y-el-regreso-de-arcangel","status":"publish","type":"post","link":"https:\/\/expoflamenco.com\/revista\/festival-flamenco-ciudad-de-huelva-emocion-raiz-y-el-regreso-de-arcangel\/","title":{"rendered":"Festival Flamenco Ciudad de Huelva: emoci\u00f3n, ra\u00edz y el regreso de Arc\u00e1ngel","gt_translate_keys":[{"key":"rendered","format":"text"}]},"content":{"rendered":"<p>La ciudad de Huelva volver\u00e1 a convertirse en epicentro del flamenco el mes de junio con la celebraci\u00f3n de la und\u00e9cima edici\u00f3n del <strong>Festival Flamenco \u2018Ciudad de Huelva\u2019<\/strong>, una cita ya consolidada en el calendario nacional que apuesta por la calidad art\u00edstica, la defensa de las ra\u00edces y la proyecci\u00f3n de nuevos talentos.<\/p>\n<p>Durante la presentaci\u00f3n oficial celebrada la ma\u00f1ana del jueves 30 de abril en el patio de la Casa Consistorial, la alcaldesa de Huelva, <strong>Pilar Miranda<\/strong>, ha subrayado el car\u00e1cter estrat\u00e9gico de este evento para la ciudad, destacando que \u201cHuelva es Ciudad del Flamenco y este festival es una muestra clara del compromiso que tenemos con este arte, con nuestras tradiciones y con nuestra forma de entender la vida\u201d. En este sentido, ha insistido en que \u201cel flamenco es arte, es identidad y es emoci\u00f3n compartida\u201d, poniendo el acento tanto en los grandes artistas como en quienes trabajan desde la base para garantizar su futuro.<\/p>\n<p>Miranda ha destacado especialmente la presencia de <strong>Arc\u00e1ngel<\/strong>, cuyo espect\u00e1culo <strong><em>Tablao<\/em><\/strong> ser\u00e1 uno de los grandes hitos de esta edici\u00f3n, se\u00f1alando que \u201cera fundamental que un artista de su dimensi\u00f3n volviera a cantar en su tierra, en un formato que recupera la esencia m\u00e1s pura del flamenco, cercano, sin artificios y a pura voz\u201d. Adem\u00e1s, ha anunciado que el Ayuntamiento trabaja junto al artista en \u201cuna propuesta muy especial tras el festival, en un espacio singular, que ser\u00e1 una experiencia inolvidable y profundamente onubense\u201d.<\/p>\n<p>La alcaldesa ha agradecido \u201cel esfuerzo colectivo realizado para celebrar una nueva edici\u00f3n\u201d. Y ha terminado \u201ccon un agradecimiento sincero a todos los artistas, a las pe\u00f1as flamencas, a los t\u00e9cnicos, a los profesionales que hacen posible cada detalle\u2026 y, de manera muy especial, a la <strong>Fundaci\u00f3n Cajasol<\/strong>, nuestro aliado desde el principio. Un ejemplo de compromiso con la cultura y con Huelva. Una colaboraci\u00f3n que demuestra que cuando lo p\u00fablico y lo privado trabajan juntos, el resultado es siempre m\u00e1s ambicioso, m\u00e1s s\u00f3lido y m\u00e1s beneficioso para la ciudad\u201d.<\/p>\n<p>Por su parte, la representante de la Fundaci\u00f3n Cajasol, <strong>Matilde Valdivia<\/strong>, ha trasladado el compromiso firme de la entidad con el flamenco y con Huelva, asegurando que \u201cnos sentimos responsables, junto a las administraciones, las pe\u00f1as y los aficionados, de contribuir a preservar, transmitir, investigar e innovar en torno a este patrimonio inmaterial de la humanidad, para garantizar su continuidad\u201d.<\/p>\n<p>El cantaor onubense Arc\u00e1ngel ha mostrado su emoci\u00f3n por volver a actuar ante el p\u00fablico de su ciudad tras a\u00f1os de ausencia, calificando la cita como \u201cmuy especial y cargada de significado\u201d. El artista ha explicado que su espect\u00e1culo <em>Tablao<\/em>, con el que conmemora el d\u00e9cimo aniversario de este proyecto, propone \u201cvolver al origen del flamenco, a ese ambiente \u00edntimo, casi de reuni\u00f3n, sin artificios, donde la cercan\u00eda con el p\u00fablico lo cambia todo\u201d. Asimismo, ha destacado que la actuaci\u00f3n en Huelva ser\u00e1 una de las primeras paradas de una gira por espacios patrimoniales de toda Andaluc\u00eda.<\/p>\n<p>&nbsp;<\/p>\n<blockquote><p><em>\u00abHuelva es Ciudad del Flamenco y este festival es una muestra clara del compromiso que tenemos con este arte, con nuestras tradiciones y con nuestra forma de entender la vida\u00bb (Pilar Miranda)<\/em><\/p><\/blockquote>\n<p>&nbsp;<\/p>\n<figure id=\"attachment_6913\" aria-describedby=\"caption-attachment-6913\" style=\"width: 2048px\" class=\"wp-caption aligncenter\"><a href=\"https:\/\/expoflamenco.com\/revista\/wp-content\/uploads\/sites\/46\/2026\/05\/presentacion-xi-festival-flamenco-ciudad-de-huelva-6-foto-ayto-huelva-abr26.webp\"><img fetchpriority=\"high\" decoding=\"async\" class=\"size-full wp-image-6913\" src=\"https:\/\/expoflamenco.com\/revista\/wp-content\/uploads\/sites\/46\/2026\/05\/presentacion-xi-festival-flamenco-ciudad-de-huelva-6-foto-ayto-huelva-abr26.webp\" alt=\"Presentaci\u00f3n del XI Festival Flamenco Ciudad de Huelva. Foto: Ayto Huelva\" width=\"2048\" height=\"1365\" srcset=\"https:\/\/expoflamenco.com\/revista\/wp-content\/uploads\/sites\/46\/2026\/05\/presentacion-xi-festival-flamenco-ciudad-de-huelva-6-foto-ayto-huelva-abr26.webp 2048w, https:\/\/expoflamenco.com\/revista\/wp-content\/uploads\/sites\/46\/2026\/05\/presentacion-xi-festival-flamenco-ciudad-de-huelva-6-foto-ayto-huelva-abr26-300x200.webp 300w, https:\/\/expoflamenco.com\/revista\/wp-content\/uploads\/sites\/46\/2026\/05\/presentacion-xi-festival-flamenco-ciudad-de-huelva-6-foto-ayto-huelva-abr26-1024x683.webp 1024w, https:\/\/expoflamenco.com\/revista\/wp-content\/uploads\/sites\/46\/2026\/05\/presentacion-xi-festival-flamenco-ciudad-de-huelva-6-foto-ayto-huelva-abr26-768x512.webp 768w, https:\/\/expoflamenco.com\/revista\/wp-content\/uploads\/sites\/46\/2026\/05\/presentacion-xi-festival-flamenco-ciudad-de-huelva-6-foto-ayto-huelva-abr26-1536x1024.webp 1536w, https:\/\/expoflamenco.com\/revista\/wp-content\/uploads\/sites\/46\/2026\/05\/presentacion-xi-festival-flamenco-ciudad-de-huelva-6-foto-ayto-huelva-abr26-750x500.webp 750w, https:\/\/expoflamenco.com\/revista\/wp-content\/uploads\/sites\/46\/2026\/05\/presentacion-xi-festival-flamenco-ciudad-de-huelva-6-foto-ayto-huelva-abr26-1140x760.webp 1140w\" sizes=\"(max-width: 2048px) 100vw, 2048px\" \/><\/a><figcaption id=\"caption-attachment-6913\" class=\"wp-caption-text\">Presentaci\u00f3n del XI Festival Flamenco Ciudad de Huelva. Foto: Ayto Huelva<\/figcaption><\/figure>\n<p>&nbsp;<\/p>\n<h3><strong>Tradici\u00f3n e innovaci\u00f3n<\/strong><\/h3>\n<p>La und\u00e9cima edici\u00f3n del Festival Flamenco \u2018Ciudad de Huelva\u2019 presenta una programaci\u00f3n de alto nivel que combina tradici\u00f3n e innovaci\u00f3n, con especial protagonismo del fandango, se\u00f1a de identidad de la provincia. Entre los grandes nombres destaca <strong>Mayte Mart\u00edn<\/strong>, que recibir\u00e1 el Premio Paco Toronjo a Leyendas del Flamenco, en un reconocimiento que une el legado del m\u00edtico cantaor onubense con una de las voces m\u00e1s influyentes del flamenco contempor\u00e1neo.<\/p>\n<p>El festival se desarrollar\u00e1 una vez m\u00e1s en espacios emblem\u00e1ticos como el Gran Teatro, el Barrio Obrero, la Casa Col\u00f3n y el propio Ayuntamiento, apostando por una oferta accesible y cercana al p\u00fablico. En este sentido, el <strong>Festival Quitasue\u00f1os<\/strong> volver\u00e1 a situarse como uno de los ejes fundamentales de la programaci\u00f3n, llevando el flamenco al coraz\u00f3n del Barrio Obrero, enclave declarado Bien de Inter\u00e9s Cultural, con actuaciones de primer nivel en un ambiente \u00fanico y comunitario.<\/p>\n<p>Adem\u00e1s, el festival refuerza su dimensi\u00f3n did\u00e1ctica con talleres escolares impulsados por la <strong>Asociaci\u00f3n Cultural La Cavaera<\/strong>, dirigidos a acercar el flamenco a ni\u00f1os y j\u00f3venes a trav\u00e9s de experiencias pr\u00e1cticas, participativas y adaptadas a cada edad. A ello se suma el certamen nacional de Fandango Joven de la <strong>Pe\u00f1a Flamenca de La Orden<\/strong>, una cita clave para descubrir nuevas voces y garantizar la continuidad de este palo tan representativo de Huelva.<\/p>\n<p>&nbsp;<\/p>\n<figure id=\"attachment_6915\" aria-describedby=\"caption-attachment-6915\" style=\"width: 2048px\" class=\"wp-caption aligncenter\"><a href=\"https:\/\/expoflamenco.com\/revista\/wp-content\/uploads\/sites\/46\/2026\/05\/presentacion-xi-festival-flamenco-ciudad-de-huelva-5-foto-ayto-huelva-abr26.webp\"><img decoding=\"async\" class=\"wp-image-6915 size-full\" src=\"https:\/\/expoflamenco.com\/revista\/wp-content\/uploads\/sites\/46\/2026\/05\/presentacion-xi-festival-flamenco-ciudad-de-huelva-5-foto-ayto-huelva-abr26.webp\" alt=\"Group of adults seated on folding chairs at an outdoor event, several looking at phones or watching attentively.\" width=\"2048\" height=\"1365\" srcset=\"https:\/\/expoflamenco.com\/revista\/wp-content\/uploads\/sites\/46\/2026\/05\/presentacion-xi-festival-flamenco-ciudad-de-huelva-5-foto-ayto-huelva-abr26.webp 2048w, https:\/\/expoflamenco.com\/revista\/wp-content\/uploads\/sites\/46\/2026\/05\/presentacion-xi-festival-flamenco-ciudad-de-huelva-5-foto-ayto-huelva-abr26-300x200.webp 300w, https:\/\/expoflamenco.com\/revista\/wp-content\/uploads\/sites\/46\/2026\/05\/presentacion-xi-festival-flamenco-ciudad-de-huelva-5-foto-ayto-huelva-abr26-1024x683.webp 1024w, https:\/\/expoflamenco.com\/revista\/wp-content\/uploads\/sites\/46\/2026\/05\/presentacion-xi-festival-flamenco-ciudad-de-huelva-5-foto-ayto-huelva-abr26-768x512.webp 768w, https:\/\/expoflamenco.com\/revista\/wp-content\/uploads\/sites\/46\/2026\/05\/presentacion-xi-festival-flamenco-ciudad-de-huelva-5-foto-ayto-huelva-abr26-1536x1024.webp 1536w, https:\/\/expoflamenco.com\/revista\/wp-content\/uploads\/sites\/46\/2026\/05\/presentacion-xi-festival-flamenco-ciudad-de-huelva-5-foto-ayto-huelva-abr26-750x500.webp 750w, https:\/\/expoflamenco.com\/revista\/wp-content\/uploads\/sites\/46\/2026\/05\/presentacion-xi-festival-flamenco-ciudad-de-huelva-5-foto-ayto-huelva-abr26-1140x760.webp 1140w\" sizes=\"(max-width: 2048px) 100vw, 2048px\" \/><\/a><figcaption id=\"caption-attachment-6915\" class=\"wp-caption-text\">Presentaci\u00f3n del XI Festival Flamenco Ciudad de Huelva. Foto: Ayto Huelva<\/figcaption><\/figure>\n<p>&nbsp;<\/p>\n<h3><strong>Programaci\u00f3n del Ciudad de Huelva<\/strong><\/h3>\n<p>La programaci\u00f3n arranca el 1 de junio con los talleres did\u00e1cticos escolares en la Casa Col\u00f3n, que se desarrollar\u00e1n durante varios d\u00edas con actividades dirigidas a diferentes franjas de edad. El 2 de junio, el Gran Teatro acoger\u00e1 el certamen nacional de <strong>Fandango Joven<\/strong>, dedicado a j\u00f3venes int\u00e9rpretes de todo el pa\u00eds.<\/p>\n<p>El 3 de junio, el mismo escenario ser\u00e1 protagonista de una de las grandes noches del festival con el espect\u00e1culo <strong><em>El fandango de la A a la Z<\/em><\/strong>, de <strong>Jeromo Segura<\/strong>, acompa\u00f1ado de destacados artistas invitados, junto a la actuaci\u00f3n de la bailaora <strong>Pastora Galv\u00e1n<\/strong> y el cantaor <strong>Jos\u00e9 Valencia<\/strong>.<\/p>\n<p>El 4 de junio, el Gran Teatro acoger\u00e1 las actuaciones del guitarrista <strong>Manuel de la Luz<\/strong> y de <strong>Mayte Mart\u00edn<\/strong>, en una velada que culminar\u00e1 con la entrega del Premio Paco Toronjo a Leyendas del Flamenco.<\/p>\n<p>El 5 y 6 de junio, el Barrio Obrero ser\u00e1 el escenario del Festival Quitasue\u00f1os, con actuaciones de artistas como <strong>El Turry, Esperanza Fern\u00e1ndez, Gaspar de Holanda, \u00c1ngeles Toledano, Jos\u00e9 Maya<\/strong> y <strong>Josemi Carmona<\/strong>, en una propuesta que combina tradici\u00f3n y nuevas tendencias en un entorno patrimonial \u00fanico.<\/p>\n<p>Finalmente, el 13 de junio, el Patio del Ayuntamiento acoger\u00e1 el espect\u00e1culo <em>Tablao<\/em> de Arc\u00e1ngel, con dos pases en formato \u00edntimo que recrean la esencia de los tablaos tradicionales, acompa\u00f1ado por un elenco mayoritariamente onubense.<\/p>\n<p>Para m\u00e1s informaci\u00f3n, los interesados pueden consultar la web oficial del festival: <a href=\"festivalflamenco.huelva.es\" target=\"_blank\" rel=\"noopener\">festivalflamenco.huelva.es<\/a>. Las entradas para los espect\u00e1culos del Gran Teatro y el espect\u00e1culo de Arc\u00e1ngel ya est\u00e1n disponibles en <a href=\"entradas.huelva.es\" target=\"_blank\" rel=\"noopener\">entradas.huelva.es<\/a>, siendo el resto de actividades de car\u00e1cter gratuito hasta completar aforo. \u2666<\/p>\n<p>&nbsp;<\/p>\n<figure id=\"attachment_6918\" aria-describedby=\"caption-attachment-6918\" style=\"width: 2048px\" class=\"wp-caption aligncenter\"><a href=\"https:\/\/expoflamenco.com\/revista\/wp-content\/uploads\/sites\/46\/2026\/05\/presentacion-xi-festival-flamenco-ciudad-de-huelva-2-foto-ayto-huelva-abr26.webp\"><img decoding=\"async\" class=\"size-full wp-image-6918\" src=\"https:\/\/expoflamenco.com\/revista\/wp-content\/uploads\/sites\/46\/2026\/05\/presentacion-xi-festival-flamenco-ciudad-de-huelva-2-foto-ayto-huelva-abr26.webp\" alt=\"Presentaci\u00f3n del XI Festival Flamenco Ciudad de Huelva. Foto: Ayto Huelva\" width=\"2048\" height=\"1117\" srcset=\"https:\/\/expoflamenco.com\/revista\/wp-content\/uploads\/sites\/46\/2026\/05\/presentacion-xi-festival-flamenco-ciudad-de-huelva-2-foto-ayto-huelva-abr26.webp 2048w, https:\/\/expoflamenco.com\/revista\/wp-content\/uploads\/sites\/46\/2026\/05\/presentacion-xi-festival-flamenco-ciudad-de-huelva-2-foto-ayto-huelva-abr26-300x164.webp 300w, https:\/\/expoflamenco.com\/revista\/wp-content\/uploads\/sites\/46\/2026\/05\/presentacion-xi-festival-flamenco-ciudad-de-huelva-2-foto-ayto-huelva-abr26-1024x559.webp 1024w, https:\/\/expoflamenco.com\/revista\/wp-content\/uploads\/sites\/46\/2026\/05\/presentacion-xi-festival-flamenco-ciudad-de-huelva-2-foto-ayto-huelva-abr26-768x419.webp 768w, https:\/\/expoflamenco.com\/revista\/wp-content\/uploads\/sites\/46\/2026\/05\/presentacion-xi-festival-flamenco-ciudad-de-huelva-2-foto-ayto-huelva-abr26-1536x838.webp 1536w, https:\/\/expoflamenco.com\/revista\/wp-content\/uploads\/sites\/46\/2026\/05\/presentacion-xi-festival-flamenco-ciudad-de-huelva-2-foto-ayto-huelva-abr26-750x409.webp 750w, https:\/\/expoflamenco.com\/revista\/wp-content\/uploads\/sites\/46\/2026\/05\/presentacion-xi-festival-flamenco-ciudad-de-huelva-2-foto-ayto-huelva-abr26-1140x622.webp 1140w\" sizes=\"(max-width: 2048px) 100vw, 2048px\" \/><\/a><figcaption id=\"caption-attachment-6918\" class=\"wp-caption-text\">Presentaci\u00f3n del XI Festival Flamenco Ciudad de Huelva. Foto: Ayto Huelva<\/figcaption><\/figure>\n<figure id=\"attachment_6916\" aria-describedby=\"caption-attachment-6916\" style=\"width: 2048px\" class=\"wp-caption aligncenter\"><a href=\"https:\/\/expoflamenco.com\/revista\/wp-content\/uploads\/sites\/46\/2026\/05\/presentacion-xi-festival-flamenco-ciudad-de-huelva-3-foto-ayto-huelva-abr26.webp\"><img loading=\"lazy\" decoding=\"async\" class=\"size-full wp-image-6916\" src=\"https:\/\/expoflamenco.com\/revista\/wp-content\/uploads\/sites\/46\/2026\/05\/presentacion-xi-festival-flamenco-ciudad-de-huelva-3-foto-ayto-huelva-abr26.webp\" alt=\"Presentaci\u00f3n del XI Festival Flamenco Ciudad de Huelva. Foto: Ayto Huelva\" width=\"2048\" height=\"1365\" srcset=\"https:\/\/expoflamenco.com\/revista\/wp-content\/uploads\/sites\/46\/2026\/05\/presentacion-xi-festival-flamenco-ciudad-de-huelva-3-foto-ayto-huelva-abr26.webp 2048w, https:\/\/expoflamenco.com\/revista\/wp-content\/uploads\/sites\/46\/2026\/05\/presentacion-xi-festival-flamenco-ciudad-de-huelva-3-foto-ayto-huelva-abr26-300x200.webp 300w, https:\/\/expoflamenco.com\/revista\/wp-content\/uploads\/sites\/46\/2026\/05\/presentacion-xi-festival-flamenco-ciudad-de-huelva-3-foto-ayto-huelva-abr26-1024x683.webp 1024w, https:\/\/expoflamenco.com\/revista\/wp-content\/uploads\/sites\/46\/2026\/05\/presentacion-xi-festival-flamenco-ciudad-de-huelva-3-foto-ayto-huelva-abr26-768x512.webp 768w, https:\/\/expoflamenco.com\/revista\/wp-content\/uploads\/sites\/46\/2026\/05\/presentacion-xi-festival-flamenco-ciudad-de-huelva-3-foto-ayto-huelva-abr26-1536x1024.webp 1536w, https:\/\/expoflamenco.com\/revista\/wp-content\/uploads\/sites\/46\/2026\/05\/presentacion-xi-festival-flamenco-ciudad-de-huelva-3-foto-ayto-huelva-abr26-750x500.webp 750w, https:\/\/expoflamenco.com\/revista\/wp-content\/uploads\/sites\/46\/2026\/05\/presentacion-xi-festival-flamenco-ciudad-de-huelva-3-foto-ayto-huelva-abr26-1140x760.webp 1140w\" sizes=\"(max-width: 2048px) 100vw, 2048px\" \/><\/a><figcaption id=\"caption-attachment-6916\" class=\"wp-caption-text\">Presentaci\u00f3n del XI Festival Flamenco Ciudad de Huelva. Foto: Ayto Huelva<\/figcaption><\/figure>\n<figure id=\"attachment_6914\" aria-describedby=\"caption-attachment-6914\" style=\"width: 2048px\" class=\"wp-caption aligncenter\"><a href=\"https:\/\/expoflamenco.com\/revista\/wp-content\/uploads\/sites\/46\/2026\/05\/presentacion-xi-festival-flamenco-ciudad-de-huelva-4-foto-ayto-huelva-abr26.webp\"><img loading=\"lazy\" decoding=\"async\" class=\"wp-image-6914 size-full\" src=\"https:\/\/expoflamenco.com\/revista\/wp-content\/uploads\/sites\/46\/2026\/05\/presentacion-xi-festival-flamenco-ciudad-de-huelva-4-foto-ayto-huelva-abr26.webp\" alt=\"Presentaci\u00f3n del XI Festival Flamenco Ciudad de Huelva. Foto: Ayto Huelva\" width=\"2048\" height=\"1365\" srcset=\"https:\/\/expoflamenco.com\/revista\/wp-content\/uploads\/sites\/46\/2026\/05\/presentacion-xi-festival-flamenco-ciudad-de-huelva-4-foto-ayto-huelva-abr26.webp 2048w, https:\/\/expoflamenco.com\/revista\/wp-content\/uploads\/sites\/46\/2026\/05\/presentacion-xi-festival-flamenco-ciudad-de-huelva-4-foto-ayto-huelva-abr26-300x200.webp 300w, https:\/\/expoflamenco.com\/revista\/wp-content\/uploads\/sites\/46\/2026\/05\/presentacion-xi-festival-flamenco-ciudad-de-huelva-4-foto-ayto-huelva-abr26-1024x683.webp 1024w, https:\/\/expoflamenco.com\/revista\/wp-content\/uploads\/sites\/46\/2026\/05\/presentacion-xi-festival-flamenco-ciudad-de-huelva-4-foto-ayto-huelva-abr26-768x512.webp 768w, https:\/\/expoflamenco.com\/revista\/wp-content\/uploads\/sites\/46\/2026\/05\/presentacion-xi-festival-flamenco-ciudad-de-huelva-4-foto-ayto-huelva-abr26-1536x1024.webp 1536w, https:\/\/expoflamenco.com\/revista\/wp-content\/uploads\/sites\/46\/2026\/05\/presentacion-xi-festival-flamenco-ciudad-de-huelva-4-foto-ayto-huelva-abr26-750x500.webp 750w, https:\/\/expoflamenco.com\/revista\/wp-content\/uploads\/sites\/46\/2026\/05\/presentacion-xi-festival-flamenco-ciudad-de-huelva-4-foto-ayto-huelva-abr26-1140x760.webp 1140w\" sizes=\"(max-width: 2048px) 100vw, 2048px\" \/><\/a><figcaption id=\"caption-attachment-6914\" class=\"wp-caption-text\">Presentaci\u00f3n del XI Festival Flamenco Ciudad de Huelva. Foto: Ayto Huelva<\/figcaption><\/figure>\n<figure id=\"attachment_6917\" aria-describedby=\"caption-attachment-6917\" style=\"width: 2048px\" class=\"wp-caption aligncenter\"><a href=\"https:\/\/expoflamenco.com\/revista\/wp-content\/uploads\/sites\/46\/2026\/05\/presentacion-xi-festival-flamenco-ciudad-de-huelva-7-foto-ayto-huelva-abr26.webp\"><img loading=\"lazy\" decoding=\"async\" class=\"size-full wp-image-6917\" src=\"https:\/\/expoflamenco.com\/revista\/wp-content\/uploads\/sites\/46\/2026\/05\/presentacion-xi-festival-flamenco-ciudad-de-huelva-7-foto-ayto-huelva-abr26.webp\" alt=\"Presentaci\u00f3n del XI Festival Flamenco Ciudad de Huelva. Foto: Ayto Huelva\" width=\"2048\" height=\"1365\" srcset=\"https:\/\/expoflamenco.com\/revista\/wp-content\/uploads\/sites\/46\/2026\/05\/presentacion-xi-festival-flamenco-ciudad-de-huelva-7-foto-ayto-huelva-abr26.webp 2048w, https:\/\/expoflamenco.com\/revista\/wp-content\/uploads\/sites\/46\/2026\/05\/presentacion-xi-festival-flamenco-ciudad-de-huelva-7-foto-ayto-huelva-abr26-300x200.webp 300w, https:\/\/expoflamenco.com\/revista\/wp-content\/uploads\/sites\/46\/2026\/05\/presentacion-xi-festival-flamenco-ciudad-de-huelva-7-foto-ayto-huelva-abr26-1024x683.webp 1024w, https:\/\/expoflamenco.com\/revista\/wp-content\/uploads\/sites\/46\/2026\/05\/presentacion-xi-festival-flamenco-ciudad-de-huelva-7-foto-ayto-huelva-abr26-768x512.webp 768w, https:\/\/expoflamenco.com\/revista\/wp-content\/uploads\/sites\/46\/2026\/05\/presentacion-xi-festival-flamenco-ciudad-de-huelva-7-foto-ayto-huelva-abr26-1536x1024.webp 1536w, https:\/\/expoflamenco.com\/revista\/wp-content\/uploads\/sites\/46\/2026\/05\/presentacion-xi-festival-flamenco-ciudad-de-huelva-7-foto-ayto-huelva-abr26-750x500.webp 750w, https:\/\/expoflamenco.com\/revista\/wp-content\/uploads\/sites\/46\/2026\/05\/presentacion-xi-festival-flamenco-ciudad-de-huelva-7-foto-ayto-huelva-abr26-1140x760.webp 1140w\" sizes=\"(max-width: 2048px) 100vw, 2048px\" \/><\/a><figcaption id=\"caption-attachment-6917\" class=\"wp-caption-text\">Presentaci\u00f3n del XI Festival Flamenco Ciudad de Huelva. Foto: Ayto Huelva<\/figcaption><\/figure>\n<p><a href=\"https:\/\/expoflamenco.com\/revista\/wp-content\/uploads\/sites\/46\/2026\/05\/programa-xi-festival-flamenco-ciudad-huelva.jpg\"><img loading=\"lazy\" decoding=\"async\" class=\"aligncenter size-full wp-image-6921\" src=\"https:\/\/expoflamenco.com\/revista\/wp-content\/uploads\/sites\/46\/2026\/05\/programa-xi-festival-flamenco-ciudad-huelva.jpg\" alt=\"\" width=\"1002\" height=\"1224\" srcset=\"https:\/\/expoflamenco.com\/revista\/wp-content\/uploads\/sites\/46\/2026\/05\/programa-xi-festival-flamenco-ciudad-huelva.jpg 1002w, https:\/\/expoflamenco.com\/revista\/wp-content\/uploads\/sites\/46\/2026\/05\/programa-xi-festival-flamenco-ciudad-huelva-246x300.jpg 246w, https:\/\/expoflamenco.com\/revista\/wp-content\/uploads\/sites\/46\/2026\/05\/programa-xi-festival-flamenco-ciudad-huelva-838x1024.jpg 838w, https:\/\/expoflamenco.com\/revista\/wp-content\/uploads\/sites\/46\/2026\/05\/programa-xi-festival-flamenco-ciudad-huelva-768x938.jpg 768w, https:\/\/expoflamenco.com\/revista\/wp-content\/uploads\/sites\/46\/2026\/05\/programa-xi-festival-flamenco-ciudad-huelva-750x916.jpg 750w\" sizes=\"(max-width: 1002px) 100vw, 1002px\" \/><\/a><\/p>\n<p>&nbsp;<\/p>\n","protected":false,"gt_translate_keys":[{"key":"rendered","format":"html"}]},"excerpt":{"rendered":"<p>La und\u00e9cima edici\u00f3n de esta cita se celebra del 1 al 13 de junio. Act\u00faan Arc\u00e1ngel, Mayte Mart\u00edn, Jeromo Segura, Manuel de la Luz, Pastora Galv\u00e1n, Jos\u00e9 Valencia&#8230; Y en el Festival Quitasue\u00f1os, El Turry, Esperanza Fern\u00e1ndez, Gaspar de Holanda, \u00c1ngeles Toledano, Jos\u00e9 Maya y Josemi Carmona. <\/p>\n","protected":false,"gt_translate_keys":[{"key":"rendered","format":"html"}]},"author":5,"featured_media":6919,"comment_status":"open","ping_status":"open","sticky":false,"template":"","format":"standard","meta":{"_acf_changed":false,"pmpro_default_level":"","jnews-multi-image_gallery":[],"jnews_single_post":{"format":"standard","override":[{"template":"3","parallax":"1","fullscreen":"1","layout":"right-sidebar-narrow","sidebar":"default-sidebar","second_sidebar":"default-sidebar","sticky_sidebar":"1","share_position":"top","share_float_style":"share-monocrhome","show_share_counter":"1","show_featured":"1","show_post_meta":"1","show_post_author":"1","show_post_author_image":"1","show_post_date":"1","post_date_format":"default","post_date_format_custom":"Y\/m\/d","show_post_reading_time":"1","post_reading_time_wpm":"250","post_calculate_word_method":"str_word_count","show_zoom_button":"1","zoom_button_out_step":"2","zoom_button_in_step":"3","show_popup_post":"1","show_comment_section":"1","number_popup_post":"1","show_author_box":"1","show_post_related":"1","show_inline_post_related":"1"}],"image_override":[{"single_post_thumbnail_size":"crop-500","single_post_gallery_size":"crop-500"}],"trending_post_position":"meta","trending_post_label":"Trending","sponsored_post_label":"Sponsored by","disable_ad":"0","subtitle":"La und\u00e9cima edici\u00f3n de esta cita se celebra del 1 al 13 de junio. Act\u00faan Arc\u00e1ngel, Mayte Mart\u00edn, Jeromo Segura, Manuel de la Luz, Pastora Galv\u00e1n, Jos\u00e9 Valencia... Y en el Festival Quitasue\u00f1os, El Turry, Esperanza Fern\u00e1ndez, Gaspar de Holanda, \u00c1ngeles Toledano, Jos\u00e9 Maya y Josemi Carmona."},"jnews_primary_category":{"id":"37"},"jnews_override_bookmark_settings":{"override_bookmark_button":"0","override_show_bookmark_button":"0"},"jnews_social_meta":[],"jnews_review":[],"enable_review":"","type":"percentage","name":"","summary":"","brand":"","sku":"","good":[],"bad":[],"score_override":"","override_value":"","rating":[],"price":[],"jnews_override_counter":{"view_counter_number":"0","share_counter_number":"0","like_counter_number":"0","dislike_counter_number":"0"},"footnotes":""},"categories":[37,38],"tags":[60,763],"class_list":["post-6909","post","type-post","status-publish","format-standard","has-post-thumbnail","hentry","category-actualidad","category-en-portada","tag-festival-flamenco","tag-festival-flamenco-ciudad-de-huelva","pmpro-has-access"],"acf":[],"aioseo_notices":[],"gt_translate_keys":[{"key":"link","format":"url"}],"_links":{"self":[{"href":"https:\/\/expoflamenco.com\/revista\/wp-json\/wp\/v2\/posts\/6909","targetHints":{"allow":["GET"]}}],"collection":[{"href":"https:\/\/expoflamenco.com\/revista\/wp-json\/wp\/v2\/posts"}],"about":[{"href":"https:\/\/expoflamenco.com\/revista\/wp-json\/wp\/v2\/types\/post"}],"author":[{"embeddable":true,"href":"https:\/\/expoflamenco.com\/revista\/wp-json\/wp\/v2\/users\/5"}],"replies":[{"embeddable":true,"href":"https:\/\/expoflamenco.com\/revista\/wp-json\/wp\/v2\/comments?post=6909"}],"version-history":[{"count":2,"href":"https:\/\/expoflamenco.com\/revista\/wp-json\/wp\/v2\/posts\/6909\/revisions"}],"predecessor-version":[{"id":6922,"href":"https:\/\/expoflamenco.com\/revista\/wp-json\/wp\/v2\/posts\/6909\/revisions\/6922"}],"wp:featuredmedia":[{"embeddable":true,"href":"https:\/\/expoflamenco.com\/revista\/wp-json\/wp\/v2\/media\/6919"}],"wp:attachment":[{"href":"https:\/\/expoflamenco.com\/revista\/wp-json\/wp\/v2\/media?parent=6909"}],"wp:term":[{"taxonomy":"category","embeddable":true,"href":"https:\/\/expoflamenco.com\/revista\/wp-json\/wp\/v2\/categories?post=6909"},{"taxonomy":"post_tag","embeddable":true,"href":"https:\/\/expoflamenco.com\/revista\/wp-json\/wp\/v2\/tags?post=6909"}],"curies":[{"name":"wp","href":"https:\/\/api.w.org\/{rel}","templated":true}]}}