{"id":690,"date":"2024-03-10T13:42:36","date_gmt":"2024-03-10T12:42:36","guid":{"rendered":"https:\/\/expoflamenco.com\/revistanew\/manuela-carrasco-una-realidad-hecha-historia\/"},"modified":"2024-03-10T13:42:36","modified_gmt":"2024-03-10T12:42:36","slug":"manuela-carrasco-una-realidad-hecha-historia","status":"publish","type":"post","link":"https:\/\/expoflamenco.com\/revista\/manuela-carrasco-una-realidad-hecha-historia\/","title":{"rendered":"Manuela Carrasco, una realidad hecha historia","gt_translate_keys":[{"key":"rendered","format":"text"}]},"content":{"rendered":"<p>A ver, c\u00f3mo lo explico. <strong>Manuela Carrasco<\/strong> es el nombre y el apellido de una bailaora que ser\u00e1 recordada por siempre, a\u00fan pasen cien a\u00f1os, y est\u00e1 con nosotros con la misma mirada de hace cincuenta y cinco a\u00f1os pero con un bagaje \u00fanico e irrepetible. Esta diosa, como todos la llaman, es altamente atractiva en el escenario, as\u00ed como le pasa a los buenos toreros, propios de una \u00e9poca en la que el arte estaba por encima de la persona, como dir\u00eda aquel.<\/p>\n<p>&nbsp;<\/p>\n<p>No s\u00e9 si muchos de los grand\u00edsimos espect\u00e1culos que se han estrenado en los \u00faltimos a\u00f1os, de tan grandes profesionales, con magn\u00edficos directores esc\u00e9nicos y dramaturgos en la ficha t\u00e9cnica, con sorprendentes dise\u00f1os de luces, con coreograf\u00edas de nivel top, quedar\u00e1n en el saco del olvido. Lo que no me cabe duda es que <strong>la sole\u00e1 de Manuela Carrasco lleg\u00f3 para quedarse<\/strong>. Sus brazos, sus poses, su perfil, sus cejas levantadas, su color a sangre, su pelo azabache, sus girones\u2026 son para quien escribe gotas de oro.<\/p>\n<p>&nbsp;<\/p>\n<p>Ayer, 9 de marzo, Manuela pon\u00eda fin a la vig\u00e9simo octava edici\u00f3n del <strong>Festival de Jerez<\/strong>, iniciando, a la par, su gira de despedida que, seg\u00fan coment\u00f3 ella misma en la rueda de prensa previa, durar\u00eda unos a\u00f1os porque adem\u00e1s de por Espa\u00f1a hay que viajar a Am\u00e9rica. Por otro lado, lo suyo ser\u00e1 como el fandango de <em>aunque me voy no me voy,<\/em>&nbsp;porque una cosa es que deje de montar propuestas de estreno y otra es que cuelgue las botas para la eternidad. Hay que recordar su peso en la ense\u00f1anza, con su fundaci\u00f3n, y ah\u00ed volcar\u00eda sus renovadas inquietudes art\u00edsticas.<\/p>\n<p>&nbsp;<\/p>\n<p>&nbsp;<\/p>\n<blockquote><p><em>\u00abCon solo levantar la barbilla, el coraz\u00f3n te lo revienta. Manuela por ca\u00f1a mete los pies \u201cen los momentos justos\u201d, como le aconsej\u00f3 su padre cuando empezaba. Y c\u00f3mo viste, qu\u00e9 traje, qu\u00e9 majestad. Su hija se baila por alegr\u00edas sin abusar de estridentes movimientos y gusta\u00bb<\/em><\/p><\/blockquote>\n<p>&nbsp;<\/p>\n<p>&nbsp;<\/p>\n<figure id=\"attachment_48792\" aria-describedby=\"caption-attachment-48792\" style=\"width: 1300px\" class=\"wp-caption aligncenter\"><a href=\"https:\/\/expoflamenco.com\/prensa\/wp-content\/uploads\/sites\/17\/2024\/03\/expoflamenco-manuela-carrasco-2-siempre-manuela-teatro-villamarta-mar24-foto-tamara-pastora-festival-de-jerez.jpg\"><img fetchpriority=\"high\" decoding=\"async\" class=\"size-full wp-image-48792\" src=\"https:\/\/expoflamenco.com\/prensa\/wp-content\/uploads\/sites\/17\/2024\/03\/expoflamenco-manuela-carrasco-2-siempre-manuela-teatro-villamarta-mar24-foto-tamara-pastora-festival-de-jerez.jpg\" alt=\"\" width=\"1300\" height=\"800\"><\/a><figcaption id=\"caption-attachment-48792\" class=\"wp-caption-text\">&#8216;Siempre Manuela&#8217;, de Manuela Carrasco. Teatro Villamarta. XXVIII Festival de Jerez. 9 marzo 2024. Foto: Tamara Pastora &#8211; Festival de Jerez<\/figcaption><\/figure>\n<p>&nbsp;<\/p>\n<p>&nbsp;<\/p>\n<p>En <strong><em>Siempre Manuela<\/em><\/strong>, la artista viene con su gente, con su hija <strong>Manuela<\/strong>, que es una joya verla en escena, sobre todo por una estampa tan flamenca y gitana, con otra mirada impactante, o <strong>Enrique El Extreme\u00f1o<\/strong>, que la conoce al dedillo y le exige en los momentos que sabe que la bailaora puede dar m\u00e1s de s\u00ed. Pero falt\u00f3 Samara, que ten\u00eda un peque\u00f1o problema en la espalda, y, por supuesto y con especial menci\u00f3n, <strong>Joaqu\u00edn Amador<\/strong>, el marido y guitarrista eterno, la otra mitad, el inspirador, la seguridad de Manuela. Desde mayo de 2023 nada es lo mismo en esta casa ante tan importante ausencia. Toda una vida, desde los 17 a\u00f1os que lo conoci\u00f3 y \u201cempezamos a ronear\u201d, cas\u00e1ndose con 19 a\u00f1os.<\/p>\n<p>&nbsp;<\/p>\n<p>Manuela comienza con una proyecci\u00f3n emocionante porque repasa, en pocos segundos, por qu\u00e9 es la reina. Y rienda suelta a los jaleos extreme\u00f1os, pasando a ocupar protagonismo Enrique por malague\u00f1as y fandango de Lucena. Sale uno de los invitados estelares, <strong>Jes\u00fas M\u00e9ndez<\/strong>, que aprovech\u00f3 el espacio y la confianza para afianzarse como el figur\u00f3n que es. Manuela lo ha elegido a \u00e9l para esto y eso va cargado de un significado especial. Por fandangos hace retumbar al teatro. En las guitarras est\u00e1n <strong>Pedro Sierra<\/strong>, como experimentado, y <strong>Marcos de Silvia<\/strong>, viviendo un sue\u00f1o. Marcos es un joven jerezano que lleva tocando desde ni\u00f1o y se ha labrado un futuro prometedor a base de esfuerzo y cari\u00f1o, y eso hay que decirlo tambi\u00e9n.<\/p>\n<p>&nbsp;<\/p>\n<p>Con solo levantar la barbilla, el coraz\u00f3n te lo revienta. Manuela por ca\u00f1a mete los pies \u201cen los momentos justos\u201d, como le aconsej\u00f3 su padre cuando empezaba. Y c\u00f3mo viste, qu\u00e9 traje, qu\u00e9 majestad. Su hija se baila por alegr\u00edas sin abusar de estridentes movimientos y gusta, como las buler\u00edas de <strong>Ta\u00f1\u00e9 y Rubio de Pruna<\/strong>. La percusi\u00f3n la asume <strong>Jos\u00e9 Carrasco<\/strong> y el tambi\u00e9n jerezano <strong>Samuel Cort\u00e9s<\/strong> hace m\u00fasica con su viol\u00edn.<\/p>\n<p>&nbsp;<\/p>\n<p>Y llega la sole\u00e1, con Enrique entusiasmado, apretando los rea\u00f1os, y haciendo historia nuevamente. <strong>Manuela es Manuela, una realidad hecha historia<\/strong>. Hay quien llora, jalea, vibra\u2026 Manuela est\u00e1 bailando por sole\u00e1.<\/p>\n<p>&nbsp;<\/p>\n<p>&nbsp;<\/p>\n<p><strong>Ficha art\u00edstica<\/strong><\/p>\n<p><em>Siempre Manuela. Gira de despedida<\/em>&nbsp;\u2013 Manuela Carrasco<br \/>\nXXVIII Festival de Jerez<br \/>\nTeatro Villamarta<br \/>\n9 de marzo de 2024<br \/>\nBaile: Manuela Carrasco<br \/>\nColaboraci\u00f3n especial: Manuela Carrasco Hija<br \/>\nArtista invitado: Jes\u00fas M\u00e9ndez<br \/>\nCante: Enrique El Extreme\u00f1o, Manuel Ta\u00f1\u00e9, Rubio de Pruna<br \/>\nGuitarra: Pedro Sierra, Marcos de Silvia<br \/>\nViol\u00edn: Samuel Cort\u00e9s<br \/>\nPercusi\u00f3n: Jos\u00e9 Carrasco<br \/>\nDirecci\u00f3n musical: Pedro Sierra<\/p>\n<p>&nbsp;<\/p>\n<p>&nbsp;<\/p>\n<figure id=\"attachment_48804\" aria-describedby=\"caption-attachment-48804\" style=\"width: 1300px\" class=\"wp-caption aligncenter\"><a href=\"https:\/\/expoflamenco.com\/prensa\/wp-content\/uploads\/sites\/17\/2024\/03\/expoflamenco-manuela-carrasco-1-siempre-manuela-teatro-villamarta-mar24-foto-tamara-pastora-festival-de-jerez.jpg\"><img decoding=\"async\" class=\"size-full wp-image-48804\" src=\"https:\/\/expoflamenco.com\/prensa\/wp-content\/uploads\/sites\/17\/2024\/03\/expoflamenco-manuela-carrasco-1-siempre-manuela-teatro-villamarta-mar24-foto-tamara-pastora-festival-de-jerez.jpg\" alt=\"\" width=\"1300\" height=\"800\"><\/a><figcaption id=\"caption-attachment-48804\" class=\"wp-caption-text\">&#8216;Siempre Manuela&#8217;, de Manuela Carrasco. Teatro Villamarta. XXVIII Festival de Jerez. 9 marzo 2024. Foto: Tamara Pastora &#8211; Festival de Jerez<\/figcaption><\/figure>\n<p>&nbsp;<\/p>\n<figure id=\"attachment_48796\" aria-describedby=\"caption-attachment-48796\" style=\"width: 1300px\" class=\"wp-caption aligncenter\"><a href=\"https:\/\/expoflamenco.com\/prensa\/wp-content\/uploads\/sites\/17\/2024\/03\/expoflamenco-manuela-carrasco-4-siempre-manuela-teatro-villamarta-mar24-foto-tamara-pastora-festival-de-jerez.jpg\"><img decoding=\"async\" class=\"size-full wp-image-48796\" src=\"https:\/\/expoflamenco.com\/prensa\/wp-content\/uploads\/sites\/17\/2024\/03\/expoflamenco-manuela-carrasco-4-siempre-manuela-teatro-villamarta-mar24-foto-tamara-pastora-festival-de-jerez.jpg\" alt=\"\" width=\"1300\" height=\"800\"><\/a><figcaption id=\"caption-attachment-48796\" class=\"wp-caption-text\">&#8216;Siempre Manuela&#8217;, de Manuela Carrasco. Teatro Villamarta. XXVIII Festival de Jerez. 9 marzo 2024. Foto: Tamara Pastora &#8211; Festival de Jerez<\/figcaption><\/figure>\n<p>&nbsp;<\/p>\n<figure id=\"attachment_48798\" aria-describedby=\"caption-attachment-48798\" style=\"width: 1300px\" class=\"wp-caption aligncenter\"><a href=\"https:\/\/expoflamenco.com\/prensa\/wp-content\/uploads\/sites\/17\/2024\/03\/expoflamenco-manuela-carrasco-5-siempre-manuela-teatro-villamarta-mar24-foto-tamara-pastora-festival-de-jerez.jpg\"><img loading=\"lazy\" decoding=\"async\" class=\"size-full wp-image-48798\" src=\"https:\/\/expoflamenco.com\/prensa\/wp-content\/uploads\/sites\/17\/2024\/03\/expoflamenco-manuela-carrasco-5-siempre-manuela-teatro-villamarta-mar24-foto-tamara-pastora-festival-de-jerez.jpg\" alt=\"\" width=\"1300\" height=\"800\"><\/a><figcaption id=\"caption-attachment-48798\" class=\"wp-caption-text\">&#8216;Siempre Manuela&#8217;, de Manuela Carrasco. Teatro Villamarta. XXVIII Festival de Jerez. 9 marzo 2024. Foto: Tamara Pastora &#8211; Festival de Jerez<\/figcaption><\/figure>\n<p>&nbsp;<\/p>\n<figure id=\"attachment_48794\" aria-describedby=\"caption-attachment-48794\" style=\"width: 1300px\" class=\"wp-caption aligncenter\"><a href=\"https:\/\/expoflamenco.com\/prensa\/wp-content\/uploads\/sites\/17\/2024\/03\/expoflamenco-manuela-carrasco-3-siempre-manuela-con-jesus-mendez-teatro-villamarta-mar24-foto-tamara-pastora-festival-de-jerez.jpg\"><img loading=\"lazy\" decoding=\"async\" class=\"size-full wp-image-48794\" src=\"https:\/\/expoflamenco.com\/prensa\/wp-content\/uploads\/sites\/17\/2024\/03\/expoflamenco-manuela-carrasco-3-siempre-manuela-con-jesus-mendez-teatro-villamarta-mar24-foto-tamara-pastora-festival-de-jerez.jpg\" alt=\"\" width=\"1300\" height=\"800\"><\/a><figcaption id=\"caption-attachment-48794\" class=\"wp-caption-text\">&#8216;Siempre Manuela&#8217;, de Manuela Carrasco. Teatro Villamarta. XXVIII Festival de Jerez. 9 marzo 2024. Foto: Tamara Pastora &#8211; Festival de Jerez<\/figcaption><\/figure>\n<p>&nbsp;<\/p>\n<figure id=\"attachment_48802\" aria-describedby=\"caption-attachment-48802\" style=\"width: 1300px\" class=\"wp-caption aligncenter\"><a href=\"https:\/\/expoflamenco.com\/prensa\/wp-content\/uploads\/sites\/17\/2024\/03\/expoflamenco-manuela-carrasco-7-siempre-manuela-teatro-villamarta-mar24-foto-tamara-pastora-festival-de-jerez.jpg\"><img loading=\"lazy\" decoding=\"async\" class=\"size-full wp-image-48802\" src=\"https:\/\/expoflamenco.com\/prensa\/wp-content\/uploads\/sites\/17\/2024\/03\/expoflamenco-manuela-carrasco-7-siempre-manuela-teatro-villamarta-mar24-foto-tamara-pastora-festival-de-jerez.jpg\" alt=\"\" width=\"1300\" height=\"800\"><\/a><figcaption id=\"caption-attachment-48802\" class=\"wp-caption-text\">&#8216;Siempre Manuela&#8217;, de Manuela Carrasco. Teatro Villamarta. XXVIII Festival de Jerez. 9 marzo 2024. Foto: Tamara Pastora &#8211; Festival de Jerez<\/figcaption><\/figure>\n<p>&nbsp;<\/p>\n","protected":false,"gt_translate_keys":[{"key":"rendered","format":"html"}]},"excerpt":{"rendered":"<p>La maestra trianera Manuela Carrasco cerr\u00f3 el Festival de Jerez con un espect\u00e1culo de despedida despu\u00e9s de m\u00e1s de cincuenta a\u00f1os como figura del baile gitano. \u00abHay quien llora, jalea, vibra\u2026 Manuela est\u00e1 bailando por sole\u00e1\u00bb. <\/p>\n","protected":false,"gt_translate_keys":[{"key":"rendered","format":"html"}]},"author":34,"featured_media":691,"comment_status":"open","ping_status":"open","sticky":false,"template":"","format":"standard","meta":{"_acf_changed":false,"pmpro_default_level":"","jnews-multi-image_gallery":[],"jnews_single_post":[],"jnews_primary_category":[],"jnews_override_bookmark_settings":[],"jnews_social_meta":[],"jnews_review":[],"enable_review":"","type":"","name":"","summary":"","brand":"","sku":"","good":[],"bad":[],"score_override":"","override_value":"","rating":[],"price":[],"jnews_override_counter":[],"footnotes":""},"categories":[46,38],"tags":[294,195,599,600,601],"class_list":["post-690","post","type-post","status-publish","format-standard","has-post-thumbnail","hentry","category-cronicas","category-en-portada","tag-festival-de-jerez","tag-flamenco","tag-gira-despedida","tag-manuela-carrasco","tag-siempre-manuela","pmpro-has-access"],"acf":[],"aioseo_notices":[],"gt_translate_keys":[{"key":"link","format":"url"}],"_links":{"self":[{"href":"https:\/\/expoflamenco.com\/revista\/wp-json\/wp\/v2\/posts\/690","targetHints":{"allow":["GET"]}}],"collection":[{"href":"https:\/\/expoflamenco.com\/revista\/wp-json\/wp\/v2\/posts"}],"about":[{"href":"https:\/\/expoflamenco.com\/revista\/wp-json\/wp\/v2\/types\/post"}],"author":[{"embeddable":true,"href":"https:\/\/expoflamenco.com\/revista\/wp-json\/wp\/v2\/users\/34"}],"replies":[{"embeddable":true,"href":"https:\/\/expoflamenco.com\/revista\/wp-json\/wp\/v2\/comments?post=690"}],"version-history":[{"count":0,"href":"https:\/\/expoflamenco.com\/revista\/wp-json\/wp\/v2\/posts\/690\/revisions"}],"wp:featuredmedia":[{"embeddable":true,"href":"https:\/\/expoflamenco.com\/revista\/wp-json\/wp\/v2\/media\/691"}],"wp:attachment":[{"href":"https:\/\/expoflamenco.com\/revista\/wp-json\/wp\/v2\/media?parent=690"}],"wp:term":[{"taxonomy":"category","embeddable":true,"href":"https:\/\/expoflamenco.com\/revista\/wp-json\/wp\/v2\/categories?post=690"},{"taxonomy":"post_tag","embeddable":true,"href":"https:\/\/expoflamenco.com\/revista\/wp-json\/wp\/v2\/tags?post=690"}],"curies":[{"name":"wp","href":"https:\/\/api.w.org\/{rel}","templated":true}]}}