{"id":6891,"date":"2026-05-01T20:22:17","date_gmt":"2026-05-01T18:22:17","guid":{"rendered":"https:\/\/expoflamenco.com\/revista\/?p=6891"},"modified":"2026-05-01T20:22:17","modified_gmt":"2026-05-01T18:22:17","slug":"esmeralda-rancapino-o-el-algodon-de-azucar","status":"publish","type":"post","link":"https:\/\/expoflamenco.com\/revista\/esmeralda-rancapino-o-el-algodon-de-azucar\/","title":{"rendered":"Esmeralda Rancapino o el algod\u00f3n de az\u00facar","gt_translate_keys":[{"key":"rendered","format":"text"}]},"content":{"rendered":"<p><strong>Esmeralda Rancapino<\/strong> fue la encargada de abrir la <strong>V Primavera Cultural Flamenca Manuel Herrera Rodas<\/strong> de la <strong>Tertulia Flamenca El Pozo de las Penas<\/strong> de la localidad sevillana de Los Palacios. Con apenas veinte a\u00f1os encandil\u00f3 a los aficionaos que se congregaron en masa y con expectaci\u00f3n abarrotando la pe\u00f1a. La joven cantaora chiclanera cant\u00f3 al o\u00eddo, demostrando que tesituras elegantes que no buscan el efecto de los que pegan voces tambi\u00e9n pellizcan las carnes, emocionan y sobrecogen, aferr\u00e1ndose a aquello de que el cante no es para sordos.<\/p>\n<p>La ingenuidad inocente de la que a\u00fan se aprecia como una ni\u00f1a se torna en quej\u00edo inmaduro pero certero que acaricia en los melismas de fraseos bien llevados \u2013a veces en la tangente de la afinaci\u00f3n\u2013 y en embest\u00edas con rea\u00f1os cuando los tercios piden el apret\u00f3n. <strong>Dulce como algod\u00f3n de az\u00facar en los bajos y mec\u00edas, valiente arremetiendo sin miedo a romperse si hac\u00eda falta<\/strong>, Esmeralda fue calent\u00e1ndose de menos a m\u00e1s entretejiendo un repertorio corto de palos pero profusos y cuajaos de matices de tos los colores, destacando sobremanera los de tintes morenos.<\/p>\n<p>Esta gitana rancapinera se muestra como valedora de su legado y viene a perpetuar para la posteridad los registros de una saga a la que dej\u00f3 extraordinariamente bien parada, con un gusto exquisito en las hechuras que le aporta al cante.<\/p>\n<p>&nbsp;<\/p>\n<blockquote><p><em>\u00abLa joven cantaora chiclanera cant\u00f3 al o\u00eddo, demostrando que tesituras elegantes que no buscan el efecto de los que pegan voces tambi\u00e9n pellizcan las carnes, emocionan y sobrecogen, aferr\u00e1ndose a aquello de que el cante no es para sordos\u00bb<\/em><\/p><\/blockquote>\n<p>&nbsp;<\/p>\n<div style='display:none' class=\"jeg_preview_slider gallery_1\" data-selector='gallery_1'>\n                        <div class=\"jeg_preview_holder\">\n                            <div class=\"jeg_preview_media\">\n                        <div class=\"jeg_preview_media_holder\">\n                            <h3>&nbsp;<\/h3>\n                            <div class=\"fullscreen-switch\">\n                                <i class=\"fa\"><\/i>\n                            <\/div>\n                            <div class=\"jeg_preview_media_content\">\n                                <div class=\"jeg_preview_media_content_holder_padding\">\n                                    <div class=\"jeg_preview_media_content_holder\"><\/div>\n                                <\/div>\n                                <div class=\"jeg_preview_media_content_navigation\">\n                                    <div class=\"prev\">\n\t\t\t\t\t\t\t\t\t\t<i class=\"fa\"><\/i>\n\t\t\t\t\t\t\t\t\t<\/div>\n                                    <div class=\"next\">\n\t\t\t\t\t\t\t\t\t\t<i class=\"fa\"><\/i>\n\t\t\t\t\t\t\t\t\t<\/div>\n                                <\/div>\n                                <div class='preview-slider-overlay'>\n                                    <div class='preloader_type preloader_dot'>\n                                        <div class=\"module-preloader jeg_preloader dot\">\n                                            <span><\/span><span><\/span><span><\/span>\n                                        <\/div>\n                                        <div class=\"module-preloader jeg_preloader circle\">\n                                            <div class=\"jnews_preloader_circle_outer\">\n                                                <div class=\"jnews_preloader_circle_inner\"><\/div>\n                                            <\/div>\n                                        <\/div>\n                                        <div class=\"module-preloader jeg_preloader square\">\n                                            <div class=\"jeg_square\">\n                                                <div class=\"jeg_square_inner\"><\/div>\n                                            <\/div>\n                                        <\/div>\n                                    <\/div>\n                                <\/div>\n                            <\/div>\n                            <div class=\"jeg_preview_control\">\n                                <div class=\"left_control\">\n                                    <div class=\"counter\"><span class=\"current\">1<\/span> de  14<\/div>\n                                    <div class=\"subtitle\"><\/div>\n                                <\/div>\n                                <div class=\"zoom\">\n                                    <span class=\"reduce\">-<\/span>\n                                    <span class=\"increase\">+<\/span>\n                                <\/div>\n                            <\/div>\n                        <\/div>\n                    <\/div>\n\n                    <div class=\"jeg_preview_bottom_slider\">\n                        <a data-id=\"0\" data-title=\"Recital de cante de Esmeralda Rancapino. V Primavera Cultural Flamenca \u2018Manuel Herrera Rodas\u2019. Tertulia Cultural Flamenca El Pozo de las Penas, Los Palacios y Villafranca, Sevilla. 30 abril 2026. Foto: Kiko Valle\" data-image=\"https:\/\/expoflamenco.com\/revista\/wp-content\/uploads\/sites\/46\/2026\/05\/expoflamenco-esmeralda-rancapino-2-tertulia-pozo-penas-los-palacios-abr26-foto-kiko-valle.webp\" href=\"https:\/\/expoflamenco.com\/revista\/wp-content\/uploads\/sites\/46\/2026\/05\/expoflamenco-esmeralda-rancapino-2-tertulia-pozo-penas-los-palacios-abr26-foto-kiko-valle.webp\" class=\"jeg_preview_item active\">\n                            <div class=\"jeg_preview_item_thumbnail\">\n                                <img decoding=\"async\" width=\"120\" height=\"86\" src=\"https:\/\/expoflamenco.com\/revista\/wp-content\/uploads\/sites\/46\/2026\/05\/expoflamenco-esmeralda-rancapino-2-tertulia-pozo-penas-los-palacios-abr26-foto-kiko-valle-120x86.webp\" class=\"attachment-jnews-120x86 size-jnews-120x86\" alt=\"Recital de cante de Esmeralda Rancapino. V Primavera Cultural Flamenca \u2018Manuel Herrera Rodas\u2019. Tertulia Cultural Flamenca El Pozo de las Penas, Los Palacios y Villafranca, Sevilla. 30 abril 2026. Foto: Kiko Valle\" srcset=\"https:\/\/expoflamenco.com\/revista\/wp-content\/uploads\/sites\/46\/2026\/05\/expoflamenco-esmeralda-rancapino-2-tertulia-pozo-penas-los-palacios-abr26-foto-kiko-valle-120x86.webp 120w, https:\/\/expoflamenco.com\/revista\/wp-content\/uploads\/sites\/46\/2026\/05\/expoflamenco-esmeralda-rancapino-2-tertulia-pozo-penas-los-palacios-abr26-foto-kiko-valle-350x250.webp 350w, https:\/\/expoflamenco.com\/revista\/wp-content\/uploads\/sites\/46\/2026\/05\/expoflamenco-esmeralda-rancapino-2-tertulia-pozo-penas-los-palacios-abr26-foto-kiko-valle-750x536.webp 750w, https:\/\/expoflamenco.com\/revista\/wp-content\/uploads\/sites\/46\/2026\/05\/expoflamenco-esmeralda-rancapino-2-tertulia-pozo-penas-los-palacios-abr26-foto-kiko-valle-1140x815.webp 1140w\" sizes=\"(max-width: 120px) 100vw, 120px\" data-full-width=\"1500\" data-full-height=\"924\" \/>\n                            <\/div>\n                        <\/a><a data-id=\"1\" data-title=\"Recital de cante de Esmeralda Rancapino. V Primavera Cultural Flamenca \u2018Manuel Herrera Rodas\u2019. Tertulia Cultural Flamenca El Pozo de las Penas, Los Palacios y Villafranca, Sevilla. 30 abril 2026. Foto: Kiko Valle\" data-image=\"https:\/\/expoflamenco.com\/revista\/wp-content\/uploads\/sites\/46\/2026\/05\/expoflamenco-esmeralda-rancapino-3-tertulia-pozo-penas-los-palacios-abr26-foto-kiko-valle.webp\" href=\"https:\/\/expoflamenco.com\/revista\/wp-content\/uploads\/sites\/46\/2026\/05\/expoflamenco-esmeralda-rancapino-3-tertulia-pozo-penas-los-palacios-abr26-foto-kiko-valle.webp\" class=\"jeg_preview_item \">\n                            <div class=\"jeg_preview_item_thumbnail\">\n                                <img decoding=\"async\" width=\"120\" height=\"86\" src=\"https:\/\/expoflamenco.com\/revista\/wp-content\/uploads\/sites\/46\/2026\/05\/expoflamenco-esmeralda-rancapino-3-tertulia-pozo-penas-los-palacios-abr26-foto-kiko-valle-120x86.webp\" class=\"attachment-jnews-120x86 size-jnews-120x86\" alt=\"Recital de cante de Esmeralda Rancapino. V Primavera Cultural Flamenca \u2018Manuel Herrera Rodas\u2019. Tertulia Cultural Flamenca El Pozo de las Penas, Los Palacios y Villafranca, Sevilla. 30 abril 2026. Foto: Kiko Valle\" srcset=\"https:\/\/expoflamenco.com\/revista\/wp-content\/uploads\/sites\/46\/2026\/05\/expoflamenco-esmeralda-rancapino-3-tertulia-pozo-penas-los-palacios-abr26-foto-kiko-valle-120x86.webp 120w, https:\/\/expoflamenco.com\/revista\/wp-content\/uploads\/sites\/46\/2026\/05\/expoflamenco-esmeralda-rancapino-3-tertulia-pozo-penas-los-palacios-abr26-foto-kiko-valle-350x250.webp 350w, https:\/\/expoflamenco.com\/revista\/wp-content\/uploads\/sites\/46\/2026\/05\/expoflamenco-esmeralda-rancapino-3-tertulia-pozo-penas-los-palacios-abr26-foto-kiko-valle-750x536.webp 750w, https:\/\/expoflamenco.com\/revista\/wp-content\/uploads\/sites\/46\/2026\/05\/expoflamenco-esmeralda-rancapino-3-tertulia-pozo-penas-los-palacios-abr26-foto-kiko-valle-1140x815.webp 1140w\" sizes=\"(max-width: 120px) 100vw, 120px\" data-full-width=\"1500\" data-full-height=\"924\" \/>\n                            <\/div>\n                        <\/a><a data-id=\"2\" data-title=\"Recital de cante de Esmeralda Rancapino. V Primavera Cultural Flamenca \u2018Manuel Herrera Rodas\u2019. Tertulia Cultural Flamenca El Pozo de las Penas, Los Palacios y Villafranca, Sevilla. 30 abril 2026. Foto: Kiko Valle\" data-image=\"https:\/\/expoflamenco.com\/revista\/wp-content\/uploads\/sites\/46\/2026\/05\/expoflamenco-esmeralda-rancapino-4-tertulia-pozo-penas-los-palacios-abr26-foto-kiko-valle.webp\" href=\"https:\/\/expoflamenco.com\/revista\/wp-content\/uploads\/sites\/46\/2026\/05\/expoflamenco-esmeralda-rancapino-4-tertulia-pozo-penas-los-palacios-abr26-foto-kiko-valle.webp\" class=\"jeg_preview_item \">\n                            <div class=\"jeg_preview_item_thumbnail\">\n                                <img decoding=\"async\" width=\"120\" height=\"86\" src=\"https:\/\/expoflamenco.com\/revista\/wp-content\/uploads\/sites\/46\/2026\/05\/expoflamenco-esmeralda-rancapino-4-tertulia-pozo-penas-los-palacios-abr26-foto-kiko-valle-120x86.webp\" class=\"attachment-jnews-120x86 size-jnews-120x86\" alt=\"Recital de cante de Esmeralda Rancapino. V Primavera Cultural Flamenca \u2018Manuel Herrera Rodas\u2019. Tertulia Cultural Flamenca El Pozo de las Penas, Los Palacios y Villafranca, Sevilla. 30 abril 2026. Foto: Kiko Valle\" srcset=\"https:\/\/expoflamenco.com\/revista\/wp-content\/uploads\/sites\/46\/2026\/05\/expoflamenco-esmeralda-rancapino-4-tertulia-pozo-penas-los-palacios-abr26-foto-kiko-valle-120x86.webp 120w, https:\/\/expoflamenco.com\/revista\/wp-content\/uploads\/sites\/46\/2026\/05\/expoflamenco-esmeralda-rancapino-4-tertulia-pozo-penas-los-palacios-abr26-foto-kiko-valle-350x250.webp 350w, https:\/\/expoflamenco.com\/revista\/wp-content\/uploads\/sites\/46\/2026\/05\/expoflamenco-esmeralda-rancapino-4-tertulia-pozo-penas-los-palacios-abr26-foto-kiko-valle-750x536.webp 750w, https:\/\/expoflamenco.com\/revista\/wp-content\/uploads\/sites\/46\/2026\/05\/expoflamenco-esmeralda-rancapino-4-tertulia-pozo-penas-los-palacios-abr26-foto-kiko-valle-1140x815.webp 1140w\" sizes=\"(max-width: 120px) 100vw, 120px\" data-full-width=\"1500\" data-full-height=\"924\" \/>\n                            <\/div>\n                        <\/a><a data-id=\"3\" data-title=\"Recital de cante de Esmeralda Rancapino. V Primavera Cultural Flamenca \u2018Manuel Herrera Rodas\u2019. Tertulia Cultural Flamenca El Pozo de las Penas, Los Palacios y Villafranca, Sevilla. 30 abril 2026. Foto: Kiko Valle\" data-image=\"https:\/\/expoflamenco.com\/revista\/wp-content\/uploads\/sites\/46\/2026\/05\/expoflamenco-esmeralda-rancapino-5-tertulia-pozo-penas-los-palacios-abr26-foto-kiko-valle.webp\" href=\"https:\/\/expoflamenco.com\/revista\/wp-content\/uploads\/sites\/46\/2026\/05\/expoflamenco-esmeralda-rancapino-5-tertulia-pozo-penas-los-palacios-abr26-foto-kiko-valle.webp\" class=\"jeg_preview_item \">\n                            <div class=\"jeg_preview_item_thumbnail\">\n                                <img loading=\"lazy\" decoding=\"async\" width=\"120\" height=\"86\" src=\"https:\/\/expoflamenco.com\/revista\/wp-content\/uploads\/sites\/46\/2026\/05\/expoflamenco-esmeralda-rancapino-5-tertulia-pozo-penas-los-palacios-abr26-foto-kiko-valle-120x86.webp\" class=\"attachment-jnews-120x86 size-jnews-120x86\" alt=\"Recital de cante de Esmeralda Rancapino. V Primavera Cultural Flamenca \u2018Manuel Herrera Rodas\u2019. Tertulia Cultural Flamenca El Pozo de las Penas, Los Palacios y Villafranca, Sevilla. 30 abril 2026. Foto: Kiko Valle\" srcset=\"https:\/\/expoflamenco.com\/revista\/wp-content\/uploads\/sites\/46\/2026\/05\/expoflamenco-esmeralda-rancapino-5-tertulia-pozo-penas-los-palacios-abr26-foto-kiko-valle-120x86.webp 120w, https:\/\/expoflamenco.com\/revista\/wp-content\/uploads\/sites\/46\/2026\/05\/expoflamenco-esmeralda-rancapino-5-tertulia-pozo-penas-los-palacios-abr26-foto-kiko-valle-350x250.webp 350w, https:\/\/expoflamenco.com\/revista\/wp-content\/uploads\/sites\/46\/2026\/05\/expoflamenco-esmeralda-rancapino-5-tertulia-pozo-penas-los-palacios-abr26-foto-kiko-valle-750x536.webp 750w, https:\/\/expoflamenco.com\/revista\/wp-content\/uploads\/sites\/46\/2026\/05\/expoflamenco-esmeralda-rancapino-5-tertulia-pozo-penas-los-palacios-abr26-foto-kiko-valle-1140x815.webp 1140w\" sizes=\"(max-width: 120px) 100vw, 120px\" data-full-width=\"1500\" data-full-height=\"924\" \/>\n                            <\/div>\n                        <\/a><a data-id=\"4\" data-title=\"Recital de cante de Esmeralda Rancapino. V Primavera Cultural Flamenca \u2018Manuel Herrera Rodas\u2019. Tertulia Cultural Flamenca El Pozo de las Penas, Los Palacios y Villafranca, Sevilla. 30 abril 2026. Foto: Kiko Valle\" data-image=\"https:\/\/expoflamenco.com\/revista\/wp-content\/uploads\/sites\/46\/2026\/05\/expoflamenco-esmeralda-rancapino-6-tertulia-pozo-penas-los-palacios-abr26-foto-kiko-valle.webp\" href=\"https:\/\/expoflamenco.com\/revista\/wp-content\/uploads\/sites\/46\/2026\/05\/expoflamenco-esmeralda-rancapino-6-tertulia-pozo-penas-los-palacios-abr26-foto-kiko-valle.webp\" class=\"jeg_preview_item \">\n                            <div class=\"jeg_preview_item_thumbnail\">\n                                <img loading=\"lazy\" decoding=\"async\" width=\"120\" height=\"86\" src=\"https:\/\/expoflamenco.com\/revista\/wp-content\/uploads\/sites\/46\/2026\/05\/expoflamenco-esmeralda-rancapino-6-tertulia-pozo-penas-los-palacios-abr26-foto-kiko-valle-120x86.webp\" class=\"attachment-jnews-120x86 size-jnews-120x86\" alt=\"Black-and-white photo of a woman singing passionately, reaching forward with her hand.\" srcset=\"https:\/\/expoflamenco.com\/revista\/wp-content\/uploads\/sites\/46\/2026\/05\/expoflamenco-esmeralda-rancapino-6-tertulia-pozo-penas-los-palacios-abr26-foto-kiko-valle-120x86.webp 120w, https:\/\/expoflamenco.com\/revista\/wp-content\/uploads\/sites\/46\/2026\/05\/expoflamenco-esmeralda-rancapino-6-tertulia-pozo-penas-los-palacios-abr26-foto-kiko-valle-350x250.webp 350w, https:\/\/expoflamenco.com\/revista\/wp-content\/uploads\/sites\/46\/2026\/05\/expoflamenco-esmeralda-rancapino-6-tertulia-pozo-penas-los-palacios-abr26-foto-kiko-valle-750x536.webp 750w, https:\/\/expoflamenco.com\/revista\/wp-content\/uploads\/sites\/46\/2026\/05\/expoflamenco-esmeralda-rancapino-6-tertulia-pozo-penas-los-palacios-abr26-foto-kiko-valle-1140x815.webp 1140w\" sizes=\"(max-width: 120px) 100vw, 120px\" data-full-width=\"1500\" data-full-height=\"924\" \/>\n                            <\/div>\n                        <\/a><a data-id=\"5\" data-title=\"Recital de cante de Esmeralda Rancapino. V Primavera Cultural Flamenca \u2018Manuel Herrera Rodas\u2019. Tertulia Cultural Flamenca El Pozo de las Penas, Los Palacios y Villafranca, Sevilla. 30 abril 2026. Foto: Kiko Valle\" data-image=\"https:\/\/expoflamenco.com\/revista\/wp-content\/uploads\/sites\/46\/2026\/05\/expoflamenco-esmeralda-rancapino-7-tertulia-pozo-penas-los-palacios-abr26-foto-kiko-valle.webp\" href=\"https:\/\/expoflamenco.com\/revista\/wp-content\/uploads\/sites\/46\/2026\/05\/expoflamenco-esmeralda-rancapino-7-tertulia-pozo-penas-los-palacios-abr26-foto-kiko-valle.webp\" class=\"jeg_preview_item \">\n                            <div class=\"jeg_preview_item_thumbnail\">\n                                <img loading=\"lazy\" decoding=\"async\" width=\"120\" height=\"86\" src=\"https:\/\/expoflamenco.com\/revista\/wp-content\/uploads\/sites\/46\/2026\/05\/expoflamenco-esmeralda-rancapino-7-tertulia-pozo-penas-los-palacios-abr26-foto-kiko-valle-120x86.webp\" class=\"attachment-jnews-120x86 size-jnews-120x86\" alt=\"Woman with long dark hair in a black top, mouth open in a distressed expression, reaching toward the camera; a decorative green bottle is visible on the right.\" srcset=\"https:\/\/expoflamenco.com\/revista\/wp-content\/uploads\/sites\/46\/2026\/05\/expoflamenco-esmeralda-rancapino-7-tertulia-pozo-penas-los-palacios-abr26-foto-kiko-valle-120x86.webp 120w, https:\/\/expoflamenco.com\/revista\/wp-content\/uploads\/sites\/46\/2026\/05\/expoflamenco-esmeralda-rancapino-7-tertulia-pozo-penas-los-palacios-abr26-foto-kiko-valle-350x250.webp 350w, https:\/\/expoflamenco.com\/revista\/wp-content\/uploads\/sites\/46\/2026\/05\/expoflamenco-esmeralda-rancapino-7-tertulia-pozo-penas-los-palacios-abr26-foto-kiko-valle-750x536.webp 750w, https:\/\/expoflamenco.com\/revista\/wp-content\/uploads\/sites\/46\/2026\/05\/expoflamenco-esmeralda-rancapino-7-tertulia-pozo-penas-los-palacios-abr26-foto-kiko-valle-1140x815.webp 1140w\" sizes=\"(max-width: 120px) 100vw, 120px\" data-full-width=\"1500\" data-full-height=\"924\" \/>\n                            <\/div>\n                        <\/a><a data-id=\"6\" data-title=\"Recital de cante de Esmeralda Rancapino. V Primavera Cultural Flamenca \u2018Manuel Herrera Rodas\u2019. Tertulia Cultural Flamenca El Pozo de las Penas, Los Palacios y Villafranca, Sevilla. 30 abril 2026. Foto: Kiko Valle\" data-image=\"https:\/\/expoflamenco.com\/revista\/wp-content\/uploads\/sites\/46\/2026\/05\/expoflamenco-esmeralda-rancapino-8-tertulia-pozo-penas-los-palacios-abr26-foto-kiko-valle.webp\" href=\"https:\/\/expoflamenco.com\/revista\/wp-content\/uploads\/sites\/46\/2026\/05\/expoflamenco-esmeralda-rancapino-8-tertulia-pozo-penas-los-palacios-abr26-foto-kiko-valle.webp\" class=\"jeg_preview_item \">\n                            <div class=\"jeg_preview_item_thumbnail\">\n                                <img loading=\"lazy\" decoding=\"async\" width=\"120\" height=\"86\" src=\"https:\/\/expoflamenco.com\/revista\/wp-content\/uploads\/sites\/46\/2026\/05\/expoflamenco-esmeralda-rancapino-8-tertulia-pozo-penas-los-palacios-abr26-foto-kiko-valle-120x86.webp\" class=\"attachment-jnews-120x86 size-jnews-120x86\" alt=\"Recital de cante de Esmeralda Rancapino. V Primavera Cultural Flamenca \u2018Manuel Herrera Rodas\u2019. Tertulia Cultural Flamenca El Pozo de las Penas, Los Palacios y Villafranca, Sevilla. 30 abril 2026. Foto: Kiko Valle\" srcset=\"https:\/\/expoflamenco.com\/revista\/wp-content\/uploads\/sites\/46\/2026\/05\/expoflamenco-esmeralda-rancapino-8-tertulia-pozo-penas-los-palacios-abr26-foto-kiko-valle-120x86.webp 120w, https:\/\/expoflamenco.com\/revista\/wp-content\/uploads\/sites\/46\/2026\/05\/expoflamenco-esmeralda-rancapino-8-tertulia-pozo-penas-los-palacios-abr26-foto-kiko-valle-350x250.webp 350w, https:\/\/expoflamenco.com\/revista\/wp-content\/uploads\/sites\/46\/2026\/05\/expoflamenco-esmeralda-rancapino-8-tertulia-pozo-penas-los-palacios-abr26-foto-kiko-valle-750x536.webp 750w, https:\/\/expoflamenco.com\/revista\/wp-content\/uploads\/sites\/46\/2026\/05\/expoflamenco-esmeralda-rancapino-8-tertulia-pozo-penas-los-palacios-abr26-foto-kiko-valle-1140x815.webp 1140w\" sizes=\"(max-width: 120px) 100vw, 120px\" data-full-width=\"1500\" data-full-height=\"924\" \/>\n                            <\/div>\n                        <\/a><a data-id=\"7\" data-title=\"Recital de cante de Esmeralda Rancapino. V Primavera Cultural Flamenca \u2018Manuel Herrera Rodas\u2019. Tertulia Cultural Flamenca El Pozo de las Penas, Los Palacios y Villafranca, Sevilla. 30 abril 2026. Foto: Kiko Valle\" data-image=\"https:\/\/expoflamenco.com\/revista\/wp-content\/uploads\/sites\/46\/2026\/05\/expoflamenco-esmeralda-rancapino-9-tertulia-pozo-penas-los-palacios-abr26-foto-kiko-valle.webp\" href=\"https:\/\/expoflamenco.com\/revista\/wp-content\/uploads\/sites\/46\/2026\/05\/expoflamenco-esmeralda-rancapino-9-tertulia-pozo-penas-los-palacios-abr26-foto-kiko-valle.webp\" class=\"jeg_preview_item \">\n                            <div class=\"jeg_preview_item_thumbnail\">\n                                <img loading=\"lazy\" decoding=\"async\" width=\"120\" height=\"86\" src=\"https:\/\/expoflamenco.com\/revista\/wp-content\/uploads\/sites\/46\/2026\/05\/expoflamenco-esmeralda-rancapino-9-tertulia-pozo-penas-los-palacios-abr26-foto-kiko-valle-120x86.webp\" class=\"attachment-jnews-120x86 size-jnews-120x86\" alt=\"Female singer with long dark hair, raising her arm and singing passionately on a stage in a black outfit.\" srcset=\"https:\/\/expoflamenco.com\/revista\/wp-content\/uploads\/sites\/46\/2026\/05\/expoflamenco-esmeralda-rancapino-9-tertulia-pozo-penas-los-palacios-abr26-foto-kiko-valle-120x86.webp 120w, https:\/\/expoflamenco.com\/revista\/wp-content\/uploads\/sites\/46\/2026\/05\/expoflamenco-esmeralda-rancapino-9-tertulia-pozo-penas-los-palacios-abr26-foto-kiko-valle-350x250.webp 350w, https:\/\/expoflamenco.com\/revista\/wp-content\/uploads\/sites\/46\/2026\/05\/expoflamenco-esmeralda-rancapino-9-tertulia-pozo-penas-los-palacios-abr26-foto-kiko-valle-750x536.webp 750w, https:\/\/expoflamenco.com\/revista\/wp-content\/uploads\/sites\/46\/2026\/05\/expoflamenco-esmeralda-rancapino-9-tertulia-pozo-penas-los-palacios-abr26-foto-kiko-valle-1140x815.webp 1140w\" sizes=\"(max-width: 120px) 100vw, 120px\" data-full-width=\"1500\" data-full-height=\"924\" \/>\n                            <\/div>\n                        <\/a><a data-id=\"8\" data-title=\"Recital de cante de Esmeralda Rancapino. V Primavera Cultural Flamenca \u2018Manuel Herrera Rodas\u2019. Tertulia Cultural Flamenca El Pozo de las Penas, Los Palacios y Villafranca, Sevilla. 30 abril 2026. Foto: Kiko Valle\" data-image=\"https:\/\/expoflamenco.com\/revista\/wp-content\/uploads\/sites\/46\/2026\/05\/expoflamenco-esmeralda-rancapino-10-tertulia-pozo-penas-los-palacios-abr26-foto-kiko-valle.webp\" href=\"https:\/\/expoflamenco.com\/revista\/wp-content\/uploads\/sites\/46\/2026\/05\/expoflamenco-esmeralda-rancapino-10-tertulia-pozo-penas-los-palacios-abr26-foto-kiko-valle.webp\" class=\"jeg_preview_item \">\n                            <div class=\"jeg_preview_item_thumbnail\">\n                                <img loading=\"lazy\" decoding=\"async\" width=\"120\" height=\"86\" src=\"https:\/\/expoflamenco.com\/revista\/wp-content\/uploads\/sites\/46\/2026\/05\/expoflamenco-esmeralda-rancapino-10-tertulia-pozo-penas-los-palacios-abr26-foto-kiko-valle-120x86.webp\" class=\"attachment-jnews-120x86 size-jnews-120x86\" alt=\"Recital de cante de Esmeralda Rancapino. V Primavera Cultural Flamenca \u2018Manuel Herrera Rodas\u2019. Tertulia Cultural Flamenca El Pozo de las Penas, Los Palacios y Villafranca, Sevilla. 30 abril 2026. Foto: Kiko Valle\" srcset=\"https:\/\/expoflamenco.com\/revista\/wp-content\/uploads\/sites\/46\/2026\/05\/expoflamenco-esmeralda-rancapino-10-tertulia-pozo-penas-los-palacios-abr26-foto-kiko-valle-120x86.webp 120w, https:\/\/expoflamenco.com\/revista\/wp-content\/uploads\/sites\/46\/2026\/05\/expoflamenco-esmeralda-rancapino-10-tertulia-pozo-penas-los-palacios-abr26-foto-kiko-valle-350x250.webp 350w, https:\/\/expoflamenco.com\/revista\/wp-content\/uploads\/sites\/46\/2026\/05\/expoflamenco-esmeralda-rancapino-10-tertulia-pozo-penas-los-palacios-abr26-foto-kiko-valle-750x536.webp 750w, https:\/\/expoflamenco.com\/revista\/wp-content\/uploads\/sites\/46\/2026\/05\/expoflamenco-esmeralda-rancapino-10-tertulia-pozo-penas-los-palacios-abr26-foto-kiko-valle-1140x815.webp 1140w\" sizes=\"(max-width: 120px) 100vw, 120px\" data-full-width=\"1500\" data-full-height=\"924\" \/>\n                            <\/div>\n                        <\/a><a data-id=\"9\" data-title=\"Recital de cante de Esmeralda Rancapino. V Primavera Cultural Flamenca \u2018Manuel Herrera Rodas\u2019. Tertulia Cultural Flamenca El Pozo de las Penas, Los Palacios y Villafranca, Sevilla. 30 abril 2026. Foto: Kiko Valle\" data-image=\"https:\/\/expoflamenco.com\/revista\/wp-content\/uploads\/sites\/46\/2026\/05\/expoflamenco-esmeralda-rancapino-11-tertulia-pozo-penas-los-palacios-abr26-foto-kiko-valle.webp\" href=\"https:\/\/expoflamenco.com\/revista\/wp-content\/uploads\/sites\/46\/2026\/05\/expoflamenco-esmeralda-rancapino-11-tertulia-pozo-penas-los-palacios-abr26-foto-kiko-valle.webp\" class=\"jeg_preview_item \">\n                            <div class=\"jeg_preview_item_thumbnail\">\n                                <img loading=\"lazy\" decoding=\"async\" width=\"120\" height=\"86\" src=\"https:\/\/expoflamenco.com\/revista\/wp-content\/uploads\/sites\/46\/2026\/05\/expoflamenco-esmeralda-rancapino-11-tertulia-pozo-penas-los-palacios-abr26-foto-kiko-valle-120x86.webp\" class=\"attachment-jnews-120x86 size-jnews-120x86\" alt=\"Woman with dark hair and black clothing shows distress, eyes squeezed shut and fist raised in front of a white wall.\" srcset=\"https:\/\/expoflamenco.com\/revista\/wp-content\/uploads\/sites\/46\/2026\/05\/expoflamenco-esmeralda-rancapino-11-tertulia-pozo-penas-los-palacios-abr26-foto-kiko-valle-120x86.webp 120w, https:\/\/expoflamenco.com\/revista\/wp-content\/uploads\/sites\/46\/2026\/05\/expoflamenco-esmeralda-rancapino-11-tertulia-pozo-penas-los-palacios-abr26-foto-kiko-valle-350x250.webp 350w, https:\/\/expoflamenco.com\/revista\/wp-content\/uploads\/sites\/46\/2026\/05\/expoflamenco-esmeralda-rancapino-11-tertulia-pozo-penas-los-palacios-abr26-foto-kiko-valle-750x536.webp 750w, https:\/\/expoflamenco.com\/revista\/wp-content\/uploads\/sites\/46\/2026\/05\/expoflamenco-esmeralda-rancapino-11-tertulia-pozo-penas-los-palacios-abr26-foto-kiko-valle-1140x815.webp 1140w\" sizes=\"(max-width: 120px) 100vw, 120px\" data-full-width=\"1500\" data-full-height=\"924\" \/>\n                            <\/div>\n                        <\/a><a data-id=\"10\" data-title=\"Recital de cante de Esmeralda Rancapino. V Primavera Cultural Flamenca \u2018Manuel Herrera Rodas\u2019. Tertulia Cultural Flamenca El Pozo de las Penas, Los Palacios y Villafranca, Sevilla. 30 abril 2026. Foto: Kiko Valle\" data-image=\"https:\/\/expoflamenco.com\/revista\/wp-content\/uploads\/sites\/46\/2026\/05\/expoflamenco-esmeralda-rancapino-12-tertulia-pozo-penas-los-palacios-abr26-foto-kiko-valle.webp\" href=\"https:\/\/expoflamenco.com\/revista\/wp-content\/uploads\/sites\/46\/2026\/05\/expoflamenco-esmeralda-rancapino-12-tertulia-pozo-penas-los-palacios-abr26-foto-kiko-valle.webp\" class=\"jeg_preview_item \">\n                            <div class=\"jeg_preview_item_thumbnail\">\n                                <img loading=\"lazy\" decoding=\"async\" width=\"120\" height=\"86\" src=\"https:\/\/expoflamenco.com\/revista\/wp-content\/uploads\/sites\/46\/2026\/05\/expoflamenco-esmeralda-rancapino-12-tertulia-pozo-penas-los-palacios-abr26-foto-kiko-valle-120x86.webp\" class=\"attachment-jnews-120x86 size-jnews-120x86\" alt=\"Recital de cante de Esmeralda Rancapino. V Primavera Cultural Flamenca \u2018Manuel Herrera Rodas\u2019. Tertulia Cultural Flamenca El Pozo de las Penas, Los Palacios y Villafranca, Sevilla. 30 abril 2026. Foto: Kiko Valle\" srcset=\"https:\/\/expoflamenco.com\/revista\/wp-content\/uploads\/sites\/46\/2026\/05\/expoflamenco-esmeralda-rancapino-12-tertulia-pozo-penas-los-palacios-abr26-foto-kiko-valle-120x86.webp 120w, https:\/\/expoflamenco.com\/revista\/wp-content\/uploads\/sites\/46\/2026\/05\/expoflamenco-esmeralda-rancapino-12-tertulia-pozo-penas-los-palacios-abr26-foto-kiko-valle-350x250.webp 350w, https:\/\/expoflamenco.com\/revista\/wp-content\/uploads\/sites\/46\/2026\/05\/expoflamenco-esmeralda-rancapino-12-tertulia-pozo-penas-los-palacios-abr26-foto-kiko-valle-750x536.webp 750w, https:\/\/expoflamenco.com\/revista\/wp-content\/uploads\/sites\/46\/2026\/05\/expoflamenco-esmeralda-rancapino-12-tertulia-pozo-penas-los-palacios-abr26-foto-kiko-valle-1140x815.webp 1140w\" sizes=\"(max-width: 120px) 100vw, 120px\" data-full-width=\"1500\" data-full-height=\"924\" \/>\n                            <\/div>\n                        <\/a><a data-id=\"11\" data-title=\"Recital de cante de Esmeralda Rancapino. V Primavera Cultural Flamenca \u2018Manuel Herrera Rodas\u2019. Tertulia Cultural Flamenca El Pozo de las Penas, Los Palacios y Villafranca, Sevilla. 30 abril 2026. Foto: Kiko Valle\" data-image=\"https:\/\/expoflamenco.com\/revista\/wp-content\/uploads\/sites\/46\/2026\/05\/expoflamenco-esmeralda-rancapino-13-tertulia-pozo-penas-los-palacios-abr26-foto-kiko-valle.webp\" href=\"https:\/\/expoflamenco.com\/revista\/wp-content\/uploads\/sites\/46\/2026\/05\/expoflamenco-esmeralda-rancapino-13-tertulia-pozo-penas-los-palacios-abr26-foto-kiko-valle.webp\" class=\"jeg_preview_item \">\n                            <div class=\"jeg_preview_item_thumbnail\">\n                                <img loading=\"lazy\" decoding=\"async\" width=\"120\" height=\"86\" src=\"https:\/\/expoflamenco.com\/revista\/wp-content\/uploads\/sites\/46\/2026\/05\/expoflamenco-esmeralda-rancapino-13-tertulia-pozo-penas-los-palacios-abr26-foto-kiko-valle-120x86.webp\" class=\"attachment-jnews-120x86 size-jnews-120x86\" alt=\"Recital de cante de Esmeralda Rancapino. V Primavera Cultural Flamenca \u2018Manuel Herrera Rodas\u2019. Tertulia Cultural Flamenca El Pozo de las Penas, Los Palacios y Villafranca, Sevilla. 30 abril 2026. Foto: Kiko Valle\" srcset=\"https:\/\/expoflamenco.com\/revista\/wp-content\/uploads\/sites\/46\/2026\/05\/expoflamenco-esmeralda-rancapino-13-tertulia-pozo-penas-los-palacios-abr26-foto-kiko-valle-120x86.webp 120w, https:\/\/expoflamenco.com\/revista\/wp-content\/uploads\/sites\/46\/2026\/05\/expoflamenco-esmeralda-rancapino-13-tertulia-pozo-penas-los-palacios-abr26-foto-kiko-valle-350x250.webp 350w, https:\/\/expoflamenco.com\/revista\/wp-content\/uploads\/sites\/46\/2026\/05\/expoflamenco-esmeralda-rancapino-13-tertulia-pozo-penas-los-palacios-abr26-foto-kiko-valle-750x536.webp 750w, https:\/\/expoflamenco.com\/revista\/wp-content\/uploads\/sites\/46\/2026\/05\/expoflamenco-esmeralda-rancapino-13-tertulia-pozo-penas-los-palacios-abr26-foto-kiko-valle-1140x815.webp 1140w\" sizes=\"(max-width: 120px) 100vw, 120px\" data-full-width=\"1500\" data-full-height=\"924\" \/>\n                            <\/div>\n                        <\/a><a data-id=\"12\" data-title=\"Antonio Higuero. Recital de cante de Esmeralda Rancapino. V Primavera Cultural Flamenca \u2018Manuel Herrera Rodas\u2019. Tertulia Cultural Flamenca El Pozo de las Penas, Los Palacios y Villafranca, Sevilla. 30 abril 2026. Foto: Kiko Valle\" data-image=\"https:\/\/expoflamenco.com\/revista\/wp-content\/uploads\/sites\/46\/2026\/05\/expoflamenco-esmeralda-rancapino-14-tertulia-pozo-penas-los-palacios-abr26-foto-kiko-valle.webp\" href=\"https:\/\/expoflamenco.com\/revista\/wp-content\/uploads\/sites\/46\/2026\/05\/expoflamenco-esmeralda-rancapino-14-tertulia-pozo-penas-los-palacios-abr26-foto-kiko-valle.webp\" class=\"jeg_preview_item \">\n                            <div class=\"jeg_preview_item_thumbnail\">\n                                <img loading=\"lazy\" decoding=\"async\" width=\"120\" height=\"86\" src=\"https:\/\/expoflamenco.com\/revista\/wp-content\/uploads\/sites\/46\/2026\/05\/expoflamenco-esmeralda-rancapino-14-tertulia-pozo-penas-los-palacios-abr26-foto-kiko-valle-120x86.webp\" class=\"attachment-jnews-120x86 size-jnews-120x86\" alt=\"Antonio Higuero. Recital de cante de Esmeralda Rancapino. V Primavera Cultural Flamenca \u2018Manuel Herrera Rodas\u2019. Tertulia Cultural Flamenca El Pozo de las Penas, Los Palacios y Villafranca, Sevilla. 30 abril 2026. Foto: Kiko Valle\" srcset=\"https:\/\/expoflamenco.com\/revista\/wp-content\/uploads\/sites\/46\/2026\/05\/expoflamenco-esmeralda-rancapino-14-tertulia-pozo-penas-los-palacios-abr26-foto-kiko-valle-120x86.webp 120w, https:\/\/expoflamenco.com\/revista\/wp-content\/uploads\/sites\/46\/2026\/05\/expoflamenco-esmeralda-rancapino-14-tertulia-pozo-penas-los-palacios-abr26-foto-kiko-valle-350x250.webp 350w, https:\/\/expoflamenco.com\/revista\/wp-content\/uploads\/sites\/46\/2026\/05\/expoflamenco-esmeralda-rancapino-14-tertulia-pozo-penas-los-palacios-abr26-foto-kiko-valle-750x536.webp 750w, https:\/\/expoflamenco.com\/revista\/wp-content\/uploads\/sites\/46\/2026\/05\/expoflamenco-esmeralda-rancapino-14-tertulia-pozo-penas-los-palacios-abr26-foto-kiko-valle-1140x815.webp 1140w\" sizes=\"(max-width: 120px) 100vw, 120px\" data-full-width=\"1500\" data-full-height=\"924\" \/>\n                            <\/div>\n                        <\/a><a data-id=\"13\" data-title=\"Antonio Higuero. Recital de cante de Esmeralda Rancapino. V Primavera Cultural Flamenca \u2018Manuel Herrera Rodas\u2019. Tertulia Cultural Flamenca El Pozo de las Penas, Los Palacios y Villafranca, Sevilla. 30 abril 2026. Foto: Kiko Valle\" data-image=\"https:\/\/expoflamenco.com\/revista\/wp-content\/uploads\/sites\/46\/2026\/05\/expoflamenco-esmeralda-rancapino-15-antonio-higuero-en-tertulia-pozo-penas-los-palacios-abr26-foto-kiko-valle.webp\" href=\"https:\/\/expoflamenco.com\/revista\/wp-content\/uploads\/sites\/46\/2026\/05\/expoflamenco-esmeralda-rancapino-15-antonio-higuero-en-tertulia-pozo-penas-los-palacios-abr26-foto-kiko-valle.webp\" class=\"jeg_preview_item \">\n                            <div class=\"jeg_preview_item_thumbnail\">\n                                <img loading=\"lazy\" decoding=\"async\" width=\"120\" height=\"86\" src=\"https:\/\/expoflamenco.com\/revista\/wp-content\/uploads\/sites\/46\/2026\/05\/expoflamenco-esmeralda-rancapino-15-antonio-higuero-en-tertulia-pozo-penas-los-palacios-abr26-foto-kiko-valle-120x86.webp\" class=\"attachment-jnews-120x86 size-jnews-120x86\" alt=\"Antonio Higuero. Recital de cante de Esmeralda Rancapino. V Primavera Cultural Flamenca \u2018Manuel Herrera Rodas\u2019. Tertulia Cultural Flamenca El Pozo de las Penas, Los Palacios y Villafranca, Sevilla. 30 abril 2026. Foto: Kiko Valle\" srcset=\"https:\/\/expoflamenco.com\/revista\/wp-content\/uploads\/sites\/46\/2026\/05\/expoflamenco-esmeralda-rancapino-15-antonio-higuero-en-tertulia-pozo-penas-los-palacios-abr26-foto-kiko-valle-120x86.webp 120w, https:\/\/expoflamenco.com\/revista\/wp-content\/uploads\/sites\/46\/2026\/05\/expoflamenco-esmeralda-rancapino-15-antonio-higuero-en-tertulia-pozo-penas-los-palacios-abr26-foto-kiko-valle-350x250.webp 350w, https:\/\/expoflamenco.com\/revista\/wp-content\/uploads\/sites\/46\/2026\/05\/expoflamenco-esmeralda-rancapino-15-antonio-higuero-en-tertulia-pozo-penas-los-palacios-abr26-foto-kiko-valle-750x536.webp 750w, https:\/\/expoflamenco.com\/revista\/wp-content\/uploads\/sites\/46\/2026\/05\/expoflamenco-esmeralda-rancapino-15-antonio-higuero-en-tertulia-pozo-penas-los-palacios-abr26-foto-kiko-valle-1140x815.webp 1140w\" sizes=\"(max-width: 120px) 100vw, 120px\" data-full-width=\"1500\" data-full-height=\"924\" \/>\n                            <\/div>\n                        <\/a>\n                    <\/div>\n                        <\/div>\n                        <div class=\"jeg_preview_description\">\n                            \n                            <div class=\"jeg_preview_description_wrapper\">\n                            <div class=\"jeg_hidden_preview_description\">\n                                <h3>1. Recital de cante de Esmeralda Rancapino. V Primavera Cultural Flamenca \u2018Manuel Herrera Rodas\u2019. Tertulia Cultural Flamenca El Pozo de las Penas, Los Palacios y Villafranca, Sevilla. 30 abril 2026. Foto: Kiko Valle<\/h3>\n                                <div class=\"jeg_preview_description_content\">\n                                    <p>Recital de cante de Esmeralda Rancapino. V Primavera Cultural Flamenca \u2018Manuel Herrera Rodas\u2019. Tertulia Cultural Flamenca El Pozo de las Penas, Los Palacios y Villafranca, Sevilla. 30 abril 2026. Foto: Kiko Valle<\/p>\n\n                                <\/div>\n                            <\/div><div class=\"jeg_hidden_preview_description\">\n                                <h3>2. Recital de cante de Esmeralda Rancapino. V Primavera Cultural Flamenca \u2018Manuel Herrera Rodas\u2019. Tertulia Cultural Flamenca El Pozo de las Penas, Los Palacios y Villafranca, Sevilla. 30 abril 2026. Foto: Kiko Valle<\/h3>\n                                <div class=\"jeg_preview_description_content\">\n                                    <p>Recital de cante de Esmeralda Rancapino. V Primavera Cultural Flamenca \u2018Manuel Herrera Rodas\u2019. Tertulia Cultural Flamenca El Pozo de las Penas, Los Palacios y Villafranca, Sevilla. 30 abril 2026. Foto: Kiko Valle<\/p>\n\n                                <\/div>\n                            <\/div><div class=\"jeg_hidden_preview_description\">\n                                <h3>3. Recital de cante de Esmeralda Rancapino. V Primavera Cultural Flamenca \u2018Manuel Herrera Rodas\u2019. Tertulia Cultural Flamenca El Pozo de las Penas, Los Palacios y Villafranca, Sevilla. 30 abril 2026. Foto: Kiko Valle<\/h3>\n                                <div class=\"jeg_preview_description_content\">\n                                    <p>Recital de cante de Esmeralda Rancapino. V Primavera Cultural Flamenca \u2018Manuel Herrera Rodas\u2019. Tertulia Cultural Flamenca El Pozo de las Penas, Los Palacios y Villafranca, Sevilla. 30 abril 2026. Foto: Kiko Valle<\/p>\n\n                                <\/div>\n                            <\/div><div class=\"jeg_hidden_preview_description\">\n                                <h3>4. Recital de cante de Esmeralda Rancapino. V Primavera Cultural Flamenca \u2018Manuel Herrera Rodas\u2019. Tertulia Cultural Flamenca El Pozo de las Penas, Los Palacios y Villafranca, Sevilla. 30 abril 2026. Foto: Kiko Valle<\/h3>\n                                <div class=\"jeg_preview_description_content\">\n                                    <p>Recital de cante de Esmeralda Rancapino. V Primavera Cultural Flamenca \u2018Manuel Herrera Rodas\u2019. Tertulia Cultural Flamenca El Pozo de las Penas, Los Palacios y Villafranca, Sevilla. 30 abril 2026. Foto: Kiko Valle<\/p>\n\n                                <\/div>\n                            <\/div><div class=\"jeg_hidden_preview_description\">\n                                <h3>5. Recital de cante de Esmeralda Rancapino. V Primavera Cultural Flamenca \u2018Manuel Herrera Rodas\u2019. Tertulia Cultural Flamenca El Pozo de las Penas, Los Palacios y Villafranca, Sevilla. 30 abril 2026. Foto: Kiko Valle<\/h3>\n                                <div class=\"jeg_preview_description_content\">\n                                    <p>Recital de cante de Esmeralda Rancapino. V Primavera Cultural Flamenca \u2018Manuel Herrera Rodas\u2019. Tertulia Cultural Flamenca El Pozo de las Penas, Los Palacios y Villafranca, Sevilla. 30 abril 2026. Foto: Kiko Valle<\/p>\n\n                                <\/div>\n                            <\/div><div class=\"jeg_hidden_preview_description\">\n                                <h3>6. Recital de cante de Esmeralda Rancapino. V Primavera Cultural Flamenca \u2018Manuel Herrera Rodas\u2019. Tertulia Cultural Flamenca El Pozo de las Penas, Los Palacios y Villafranca, Sevilla. 30 abril 2026. Foto: Kiko Valle<\/h3>\n                                <div class=\"jeg_preview_description_content\">\n                                    <p>Recital de cante de Esmeralda Rancapino. V Primavera Cultural Flamenca \u2018Manuel Herrera Rodas\u2019. Tertulia Cultural Flamenca El Pozo de las Penas, Los Palacios y Villafranca, Sevilla. 30 abril 2026. Foto: Kiko Valle<\/p>\n\n                                <\/div>\n                            <\/div><div class=\"jeg_hidden_preview_description\">\n                                <h3>7. Recital de cante de Esmeralda Rancapino. V Primavera Cultural Flamenca \u2018Manuel Herrera Rodas\u2019. Tertulia Cultural Flamenca El Pozo de las Penas, Los Palacios y Villafranca, Sevilla. 30 abril 2026. Foto: Kiko Valle<\/h3>\n                                <div class=\"jeg_preview_description_content\">\n                                    <p>Recital de cante de Esmeralda Rancapino. V Primavera Cultural Flamenca \u2018Manuel Herrera Rodas\u2019. Tertulia Cultural Flamenca El Pozo de las Penas, Los Palacios y Villafranca, Sevilla. 30 abril 2026. Foto: Kiko Valle<\/p>\n\n                                <\/div>\n                            <\/div><div class=\"jeg_hidden_preview_description\">\n                                <h3>8. Recital de cante de Esmeralda Rancapino. V Primavera Cultural Flamenca \u2018Manuel Herrera Rodas\u2019. Tertulia Cultural Flamenca El Pozo de las Penas, Los Palacios y Villafranca, Sevilla. 30 abril 2026. Foto: Kiko Valle<\/h3>\n                                <div class=\"jeg_preview_description_content\">\n                                    <p>Recital de cante de Esmeralda Rancapino. V Primavera Cultural Flamenca \u2018Manuel Herrera Rodas\u2019. Tertulia Cultural Flamenca El Pozo de las Penas, Los Palacios y Villafranca, Sevilla. 30 abril 2026. Foto: Kiko Valle<\/p>\n\n                                <\/div>\n                            <\/div><div class=\"jeg_hidden_preview_description\">\n                                <h3>9. Recital de cante de Esmeralda Rancapino. V Primavera Cultural Flamenca \u2018Manuel Herrera Rodas\u2019. Tertulia Cultural Flamenca El Pozo de las Penas, Los Palacios y Villafranca, Sevilla. 30 abril 2026. Foto: Kiko Valle<\/h3>\n                                <div class=\"jeg_preview_description_content\">\n                                    <p>Recital de cante de Esmeralda Rancapino. V Primavera Cultural Flamenca \u2018Manuel Herrera Rodas\u2019. Tertulia Cultural Flamenca El Pozo de las Penas, Los Palacios y Villafranca, Sevilla. 30 abril 2026. Foto: Kiko Valle<\/p>\n\n                                <\/div>\n                            <\/div><div class=\"jeg_hidden_preview_description\">\n                                <h3>10. Recital de cante de Esmeralda Rancapino. V Primavera Cultural Flamenca \u2018Manuel Herrera Rodas\u2019. Tertulia Cultural Flamenca El Pozo de las Penas, Los Palacios y Villafranca, Sevilla. 30 abril 2026. Foto: Kiko Valle<\/h3>\n                                <div class=\"jeg_preview_description_content\">\n                                    <p>Recital de cante de Esmeralda Rancapino. V Primavera Cultural Flamenca \u2018Manuel Herrera Rodas\u2019. Tertulia Cultural Flamenca El Pozo de las Penas, Los Palacios y Villafranca, Sevilla. 30 abril 2026. Foto: Kiko Valle<\/p>\n\n                                <\/div>\n                            <\/div><div class=\"jeg_hidden_preview_description\">\n                                <h3>11. Recital de cante de Esmeralda Rancapino. V Primavera Cultural Flamenca \u2018Manuel Herrera Rodas\u2019. Tertulia Cultural Flamenca El Pozo de las Penas, Los Palacios y Villafranca, Sevilla. 30 abril 2026. Foto: Kiko Valle<\/h3>\n                                <div class=\"jeg_preview_description_content\">\n                                    <p>Recital de cante de Esmeralda Rancapino. V Primavera Cultural Flamenca \u2018Manuel Herrera Rodas\u2019. Tertulia Cultural Flamenca El Pozo de las Penas, Los Palacios y Villafranca, Sevilla. 30 abril 2026. Foto: Kiko Valle<\/p>\n\n                                <\/div>\n                            <\/div><div class=\"jeg_hidden_preview_description\">\n                                <h3>12. Recital de cante de Esmeralda Rancapino. V Primavera Cultural Flamenca \u2018Manuel Herrera Rodas\u2019. Tertulia Cultural Flamenca El Pozo de las Penas, Los Palacios y Villafranca, Sevilla. 30 abril 2026. Foto: Kiko Valle<\/h3>\n                                <div class=\"jeg_preview_description_content\">\n                                    <p>Recital de cante de Esmeralda Rancapino. V Primavera Cultural Flamenca \u2018Manuel Herrera Rodas\u2019. Tertulia Cultural Flamenca El Pozo de las Penas, Los Palacios y Villafranca, Sevilla. 30 abril 2026. Foto: Kiko Valle<\/p>\n\n                                <\/div>\n                            <\/div><div class=\"jeg_hidden_preview_description\">\n                                <h3>13. Antonio Higuero. Recital de cante de Esmeralda Rancapino. V Primavera Cultural Flamenca \u2018Manuel Herrera Rodas\u2019. Tertulia Cultural Flamenca El Pozo de las Penas, Los Palacios y Villafranca, Sevilla. 30 abril 2026. Foto: Kiko Valle<\/h3>\n                                <div class=\"jeg_preview_description_content\">\n                                    <p>Antonio Higuero. Recital de cante de Esmeralda Rancapino. V Primavera Cultural Flamenca \u2018Manuel Herrera Rodas\u2019. Tertulia Cultural Flamenca El Pozo de las Penas, Los Palacios y Villafranca, Sevilla. 30 abril 2026. Foto: Kiko Valle<\/p>\n\n                                <\/div>\n                            <\/div><div class=\"jeg_hidden_preview_description\">\n                                <h3>14. Antonio Higuero. Recital de cante de Esmeralda Rancapino. V Primavera Cultural Flamenca \u2018Manuel Herrera Rodas\u2019. Tertulia Cultural Flamenca El Pozo de las Penas, Los Palacios y Villafranca, Sevilla. 30 abril 2026. Foto: Kiko Valle<\/h3>\n                                <div class=\"jeg_preview_description_content\">\n                                    <p>Antonio Higuero. Recital de cante de Esmeralda Rancapino. V Primavera Cultural Flamenca \u2018Manuel Herrera Rodas\u2019. Tertulia Cultural Flamenca El Pozo de las Penas, Los Palacios y Villafranca, Sevilla. 30 abril 2026. Foto: Kiko Valle<\/p>\n\n                                <\/div>\n                            <\/div>\n                            <\/div>\n                        <\/div>\n                        <script>\n                            var gallery_1 = {\n                                rtl: false,\n                                native_zoom: true,\n                                zoom_max: 5,\n                                zoom_step: 40,\n                                image_sequence: []\n                            };\n                        <\/script>\n                    <\/div>\n<p>&nbsp;<\/p>\n<p>La guitarra jerezana de <strong>Antonio Higuero<\/strong> la acun\u00f3 entre sedas. Muy pulcro en la ejecuci\u00f3n y jondo en los falsetones. Adorn\u00f3 sin excesos un acompa\u00f1amiento flamenqu\u00edsimo, cedi\u00f3 el protagonismo a Esmeralda sin dejar de brillar con su toque, aparentemente sencillo. Estuvo atinado en las recog\u00edas, los tonos de paso y las transiciones. En su sitio, contundente, con mucho sabor. Las palmas sonaron justas para arropar el caramelo de un ga\u00f1ote que no entiende las mentiras que a veces se esconden en un grito, pretendiendo no taparlo, porque aqu\u00ed se canta a pelo, sin megafon\u00eda. Las pusieron a comp\u00e1s <strong>Edu G\u00f3mez<\/strong> y <strong>Luis de Pijote<\/strong>.<\/p>\n<p>Con estos mimbres, arranc\u00f3 por alegr\u00edas salpicando la espuma chiclanera de La Barrosa. Y se fue <em>de San Fernando a C\u00e1diz<\/em> acord\u00e1ndose a ratitos de <strong>Camar\u00f3n<\/strong> y las maneras de su abuelo <strong>Rancapino<\/strong>, templ\u00e1, sabiendo lo que dec\u00eda. Luego hizo lo propio por mineras y las remat\u00f3 en el segundo cuerpo dibujando con finura la taranta malague\u00f1a de <strong>Fernando de Triana<\/strong>. Derroch\u00f3 alm\u00edbar a la vez que empaque enjaretando las variantes gaditanas de la sole\u00e1, entre otras tantas que pueden escuchar en el v\u00eddeo, sin desperdicios, colma\u00edta de detalles que fueron conformando su impronta. Y rebos\u00f3 gitaner\u00eda dulce por tangos, bambole\u00e1ndose en un surtido de confiter\u00eda. Caracole\u00f3 al principiar las buler\u00edas, sobra\u00edsima de soniquete y con pata\u00edta incluida. Despu\u00e9s se acord\u00f3 de <strong>Valderrama<\/strong>, de <em>qui\u00e9n maneja mi barca<\/em>, de <strong>La Paquera<\/strong> o <strong>Luis de la Pica<\/strong>. Y por ah\u00ed lucieron destellos de las guitarras jerezanas evocadas por los bordoneos de Higuero. Antes de la ovaci\u00f3n, Esmeralda se faj\u00f3 un par de fandangos con aires caracoleros dejando al respetable en pie ante un recital memorable y muy apto para golosos.<\/p>\n<p>&nbsp;<\/p>\n<p><strong>Ficha art\u00edstica<\/strong><br \/>\nRecital de cante de Esmeralda Rancapino<br \/>\nV Primavera Cultural Flamenca \u2018Manuel Herrera Rodas\u2019<br \/>\nTertulia Cultural Flamenca El Pozo de las Penas, Los Palacios y Villafranca, Sevilla<br \/>\n30 de abril de 2026<br \/>\nCante: Esmeralda Rancapino<br \/>\nGuitarra: Antonio Higuero<br \/>\nPalmas: Edu G\u00f3mez y Luis de Pijote<\/p>\n<p>&nbsp;<\/p>\n<div class=\"jeg_video_container jeg_video_content\"><iframe title=\"Esmeralda Rancapino - Sole\u00e1\" width=\"500\" height=\"281\" src=\"https:\/\/www.youtube.com\/embed\/yBq4Bv9ZOxI?feature=oembed\" frameborder=\"0\" allow=\"accelerometer; autoplay; clipboard-write; encrypted-media; gyroscope; picture-in-picture; web-share\" referrerpolicy=\"strict-origin-when-cross-origin\" allowfullscreen><\/iframe><\/div>\n<p>&nbsp;<\/p>\n","protected":false,"gt_translate_keys":[{"key":"rendered","format":"html"}]},"excerpt":{"rendered":"<p>La joven cantaora chiclanera encandil\u00f3 a la afici\u00f3n que se congreg\u00f3 en masa en la Tertulia Flamenca El Pozo de las Penas de Los Palacios (Sevilla).<\/p>\n","protected":false,"gt_translate_keys":[{"key":"rendered","format":"html"}]},"author":63,"featured_media":6892,"comment_status":"open","ping_status":"open","sticky":false,"template":"","format":"standard","meta":{"_acf_changed":false,"pmpro_default_level":"","jnews-multi-image_gallery":[],"jnews_single_post":{"format":"standard","override":[{"template":"3","parallax":"1","fullscreen":"1","layout":"right-sidebar-narrow","sidebar":"default-sidebar","second_sidebar":"default-sidebar","sticky_sidebar":"1","share_position":"top","share_float_style":"share-monocrhome","show_share_counter":"1","show_featured":"1","show_post_meta":"1","show_post_author":"1","show_post_author_image":"1","show_post_date":"1","post_date_format":"default","post_date_format_custom":"Y\/m\/d","show_post_reading_time":"1","post_reading_time_wpm":"250","post_calculate_word_method":"str_word_count","show_zoom_button":"1","zoom_button_out_step":"2","zoom_button_in_step":"3","show_popup_post":"1","show_comment_section":"1","number_popup_post":"1","show_author_box":"1","show_post_related":"1","show_inline_post_related":"1"}],"image_override":[{"single_post_thumbnail_size":"crop-500","single_post_gallery_size":"crop-500"}],"trending_post_position":"meta","trending_post_label":"Trending","sponsored_post_label":"Sponsored by","disable_ad":"0","subtitle":"La joven cantaora chiclanera encandil\u00f3 a la afici\u00f3n que se congreg\u00f3 en masa en la Tertulia Flamenca El Pozo de las Penas de Los Palacios (Sevilla)."},"jnews_primary_category":{"id":"46"},"jnews_override_bookmark_settings":{"override_bookmark_button":"0","override_show_bookmark_button":"0"},"jnews_social_meta":[],"jnews_review":[],"enable_review":"","type":"percentage","name":"","summary":"","brand":"","sku":"","good":[],"bad":[],"score_override":"","override_value":"","rating":[],"price":[],"jnews_override_counter":{"view_counter_number":"0","share_counter_number":"0","like_counter_number":"0","dislike_counter_number":"0"},"footnotes":""},"categories":[46,38],"tags":[407,58,7455,410,7456],"class_list":["post-6891","post","type-post","status-publish","format-standard","has-post-thumbnail","hentry","category-cronicas","category-en-portada","tag-los-palacios","tag-cantaora-flamenca","tag-esmeralda-rancapino","tag-tertulia-flamenca-el-pozo-de-las-penas","tag-v-primavera-cultural-flamenca-manuel-herrera-rodas","pmpro-has-access"],"acf":[],"aioseo_notices":[],"gt_translate_keys":[{"key":"link","format":"url"}],"_links":{"self":[{"href":"https:\/\/expoflamenco.com\/revista\/wp-json\/wp\/v2\/posts\/6891","targetHints":{"allow":["GET"]}}],"collection":[{"href":"https:\/\/expoflamenco.com\/revista\/wp-json\/wp\/v2\/posts"}],"about":[{"href":"https:\/\/expoflamenco.com\/revista\/wp-json\/wp\/v2\/types\/post"}],"author":[{"embeddable":true,"href":"https:\/\/expoflamenco.com\/revista\/wp-json\/wp\/v2\/users\/63"}],"replies":[{"embeddable":true,"href":"https:\/\/expoflamenco.com\/revista\/wp-json\/wp\/v2\/comments?post=6891"}],"version-history":[{"count":1,"href":"https:\/\/expoflamenco.com\/revista\/wp-json\/wp\/v2\/posts\/6891\/revisions"}],"predecessor-version":[{"id":6907,"href":"https:\/\/expoflamenco.com\/revista\/wp-json\/wp\/v2\/posts\/6891\/revisions\/6907"}],"wp:featuredmedia":[{"embeddable":true,"href":"https:\/\/expoflamenco.com\/revista\/wp-json\/wp\/v2\/media\/6892"}],"wp:attachment":[{"href":"https:\/\/expoflamenco.com\/revista\/wp-json\/wp\/v2\/media?parent=6891"}],"wp:term":[{"taxonomy":"category","embeddable":true,"href":"https:\/\/expoflamenco.com\/revista\/wp-json\/wp\/v2\/categories?post=6891"},{"taxonomy":"post_tag","embeddable":true,"href":"https:\/\/expoflamenco.com\/revista\/wp-json\/wp\/v2\/tags?post=6891"}],"curies":[{"name":"wp","href":"https:\/\/api.w.org\/{rel}","templated":true}]}}