{"id":6885,"date":"2026-04-30T23:57:13","date_gmt":"2026-04-30T21:57:13","guid":{"rendered":"https:\/\/expoflamenco.com\/revista\/?p=6885"},"modified":"2026-05-01T19:40:58","modified_gmt":"2026-05-01T17:40:58","slug":"jose-valencia-cosas-de-familia","status":"publish","type":"post","link":"https:\/\/expoflamenco.com\/revista\/jose-valencia-cosas-de-familia\/","title":{"rendered":"Jos\u00e9 Valencia, cosas de familia","gt_translate_keys":[{"key":"rendered","format":"text"}]},"content":{"rendered":"<p>Imag\u00ednense la tarde en C\u00e1diz: la levantera en retirada, dejando una atm\u00f3sfera limpia antes de que sople un poniente suave. El <a href=\"https:\/\/institucional.cadiz.es\/area\/Centro-de-arte-flamenco-La-Merced\/771\" target=\"_blank\" rel=\"noopener\">Centro de la Merced<\/a>, en el coraz\u00f3n del barrio de Santa Mar\u00eda, llen\u00e1ndose de un p\u00fablico fervoroso que iba siendo acomodado por el personal de sala con la amabilidad habitual. Y, por delante, la expectativa de una hora y media de cante del bueno. \u00bfPuede pedirse m\u00e1s? S\u00ed: que el cantaor fuera <strong>Jos\u00e9 Valencia<\/strong>, y que trajera un repertorio nuevo. As\u00ed tendr\u00edamos la tarde perfecta.<\/p>\n<p>Aquel muchacho al que conocimos hace a\u00f1os como <strong>Joselito de Lebrija<\/strong> es hoy uno de los nombres ineludibles del cante jondo. Un artista que, a sus conocidas cualidades como int\u00e9rprete, suma un car\u00e1cter valiente, que no reh\u00faye los riesgos. Y aunque no siempre ha podido hacer diana, ha afinado siempre su punter\u00eda.<\/p>\n<p>Ahora aparece con un nuevo repertorio, titulado <strong><em>Con jerarqu\u00eda<\/em><\/strong>, basado en letras de un ascendiente suyo, Rafael Fern\u00e1ndez Su\u00e1rez, <strong>El Nene de Jerez<\/strong>, y dirigido musicalmente por otro t\u00edo suyo, al que tiene en un altar: <strong>Manuel de Paula<\/strong>. El disco a\u00fan no ha visto la luz, pero ya est\u00e1 el cantaor prob\u00e1ndolo en directo con la escolta fidel\u00edsima del guitarrista que mejor lo conoce y acompa\u00f1a, el malague\u00f1o <strong>Juan Requena<\/strong>.<\/p>\n<p>En un silencio casi religioso empez\u00f3 Jos\u00e9 templ\u00e1ndose por sole\u00e1, para continuar a rengl\u00f3n seguido por abandolaos. La voz profunda y rica en matices de Valencia se luci\u00f3 en la taranta, mientras que en los sobresalientes tientos-tangos, con la asistencia de <strong>Manuel<\/strong> y <strong>Juan Diego Valencia<\/strong> a las palmas \u2013\u201cpresidente y vicepresidente\u201d, repiti\u00f3 jocosamente el artista\u2013, lo que brill\u00f3 fue su dominio de los tiempos, su manera de entrar y salir a capricho de los cors\u00e9s del comp\u00e1s. Su voz pareci\u00f3 transfigurarse en el gui\u00f1o al <em>Tango de los arrieros<\/em> del a\u00f1orado <strong>Juan Pe\u00f1a El Lebrijano<\/strong>.<\/p>\n<p>&nbsp;<\/p>\n<blockquote><p><em>\u00abAquel muchacho al que conocimos como Joselito de Lebrija es hoy uno de los nombres ineludibles del cante jondo. Un artista que a sus conocidas cualidades como int\u00e9rprete suma un car\u00e1cter valiente, que no reh\u00faye los riesgos. Y aunque no siempre ha podido hacer diana, ha afinado siempre su punter\u00eda\u00bb<\/em><\/p><\/blockquote>\n<p>&nbsp;<\/p>\n<figure id=\"attachment_6887\" aria-describedby=\"caption-attachment-6887\" style=\"width: 1500px\" class=\"wp-caption aligncenter\"><a href=\"https:\/\/expoflamenco.com\/revista\/wp-content\/uploads\/sites\/46\/2026\/05\/jose-valencia-4-con-jerarquia-en-centro-la-merced-cadiz-abr26-foto-modesto-sanchez-sierra.webp\"><img fetchpriority=\"high\" decoding=\"async\" class=\"size-full wp-image-6887\" src=\"https:\/\/expoflamenco.com\/revista\/wp-content\/uploads\/sites\/46\/2026\/05\/jose-valencia-4-con-jerarquia-en-centro-la-merced-cadiz-abr26-foto-modesto-sanchez-sierra.webp\" alt=\"'Con jerarqu\u00eda', de Jos\u00e9 Valencia. Ciclo C\u00e1diz es Flamenco. Centro Flamenco La Merced, C\u00e1diz. 30 abril 2026. Foto: Modesto S\u00e1nchez Sierra\" width=\"1500\" height=\"2250\" srcset=\"https:\/\/expoflamenco.com\/revista\/wp-content\/uploads\/sites\/46\/2026\/05\/jose-valencia-4-con-jerarquia-en-centro-la-merced-cadiz-abr26-foto-modesto-sanchez-sierra.webp 1500w, https:\/\/expoflamenco.com\/revista\/wp-content\/uploads\/sites\/46\/2026\/05\/jose-valencia-4-con-jerarquia-en-centro-la-merced-cadiz-abr26-foto-modesto-sanchez-sierra-200x300.webp 200w, https:\/\/expoflamenco.com\/revista\/wp-content\/uploads\/sites\/46\/2026\/05\/jose-valencia-4-con-jerarquia-en-centro-la-merced-cadiz-abr26-foto-modesto-sanchez-sierra-683x1024.webp 683w, https:\/\/expoflamenco.com\/revista\/wp-content\/uploads\/sites\/46\/2026\/05\/jose-valencia-4-con-jerarquia-en-centro-la-merced-cadiz-abr26-foto-modesto-sanchez-sierra-768x1152.webp 768w, https:\/\/expoflamenco.com\/revista\/wp-content\/uploads\/sites\/46\/2026\/05\/jose-valencia-4-con-jerarquia-en-centro-la-merced-cadiz-abr26-foto-modesto-sanchez-sierra-1024x1536.webp 1024w, https:\/\/expoflamenco.com\/revista\/wp-content\/uploads\/sites\/46\/2026\/05\/jose-valencia-4-con-jerarquia-en-centro-la-merced-cadiz-abr26-foto-modesto-sanchez-sierra-1365x2048.webp 1365w, https:\/\/expoflamenco.com\/revista\/wp-content\/uploads\/sites\/46\/2026\/05\/jose-valencia-4-con-jerarquia-en-centro-la-merced-cadiz-abr26-foto-modesto-sanchez-sierra-750x1125.webp 750w, https:\/\/expoflamenco.com\/revista\/wp-content\/uploads\/sites\/46\/2026\/05\/jose-valencia-4-con-jerarquia-en-centro-la-merced-cadiz-abr26-foto-modesto-sanchez-sierra-1140x1710.webp 1140w\" sizes=\"(max-width: 1500px) 100vw, 1500px\" \/><\/a><figcaption id=\"caption-attachment-6887\" class=\"wp-caption-text\">&#8216;Con jerarqu\u00eda&#8217;, de Jos\u00e9 Valencia. Ciclo C\u00e1diz es Flamenco. Centro Flamenco La Merced, C\u00e1diz. 30 abril 2026. Foto: Modesto S\u00e1nchez Sierra<\/figcaption><\/figure>\n<p>&nbsp;<\/p>\n<p>A esas alturas del partido, quienes no hab\u00edan escuchado antes a Jos\u00e9 Valencia en vivo ten\u00edan ya claro que se trata de un prodigio de fuerza y t\u00e9cnica vocal. En opini\u00f3n de este cronista, a veces excesivamente controlada, demasiado due\u00f1a de sus bridas. Sucede con algunos cantaores y algunas cantaoras, que uno quisiera verlos desatarse m\u00e1s a menudo (incluso cuando debajo de ese desafuero haya tambi\u00e9n un artificio t\u00e9cnico, que estaremos deseando creernos). En todo caso, o\u00edr por ejemplo esas malague\u00f1as llenas de enjundia, como conectadas con saberes ancestrales, hace que perdonemos a Jos\u00e9 Valencia <strong>el pecado venial de dominar minuciosamente las vibraciones de su garganta<\/strong>.<\/p>\n<p>A la hora de abordar las canti\u00f1as, record\u00f3 que la t\u00eda de Fernanda y Bernarda, <strong>Fernanda La Vieja<\/strong>, le cont\u00f3 una vez que estos cantes \u201cno son m\u00e1s que alegr\u00edas, a las que su padre, <strong>Pinini<\/strong>, le dio su forma personal\u201d. As\u00ed quiso hacerlas en plena Bah\u00eda de C\u00e1diz, donde siempre se agradece escuchar otros aires cantaores, con las seis cuerdas de Requena haciendo diabluras a su lado, y dedic\u00e1ndoselas a una amiga y compa\u00f1era de oficio como <strong>Encarnita Anillo<\/strong>.<\/p>\n<p>Llegamos as\u00ed a la seguiriya, en la que en cambio quiso Valencia mirar hacia Jerez, y rematar por buler\u00edas de Lebrija con la letra de un romance del mencionado Nene de Jerez, con dedicatoria esta vez para dos compa\u00f1eras de los tiempos en que militaban todos, casi adolescentes, en la compa\u00f1\u00eda de <strong>Antonio El Pipa<\/strong>: <strong>Rosario Toledo<\/strong> y <strong>Ana Salazar<\/strong>.<\/p>\n<p>Todas las mencionadas estaban presentes en el patio de butacas, junto a otros egregios exponentes del flamenco gadita, como el multiinstrumentista <strong>Dieguito Villegas <\/strong>y\u00a0el bailaor <strong>Eduardo Guerrero<\/strong>. Al final, Jos\u00e9 Valencia recogi\u00f3 apalusos y ovaciones del respetable en pie, que se sinti\u00f3 part\u00edcipe de una tarde-noche casi perfecta. \u00bfSe puede pedir m\u00e1s para ser feliz? \u00bfUna tapa de caracoles?<\/p>\n<p>&nbsp;<\/p>\n<p><strong>Ficha art\u00edstica<\/strong><\/p>\n<p><em>Con jerarqu\u00eda<\/em>, de Jos\u00e9 Valencia<br \/>\nCiclo C\u00e1diz es Flamenco<br \/>\nCentro Flamenco La Merced, C\u00e1diz<br \/>\n30 de abril de 2026<br \/>\nJos\u00e9 Valencia, cante<br \/>\nJuan Requena, guitarra<br \/>\nManuel Valencia y Juan Diego Valencia, palmas<\/p>\n<p>&nbsp;<\/p>\n<figure id=\"attachment_6889\" aria-describedby=\"caption-attachment-6889\" style=\"width: 2250px\" class=\"wp-caption aligncenter\"><a href=\"https:\/\/expoflamenco.com\/revista\/wp-content\/uploads\/sites\/46\/2026\/05\/jose-valencia-3-juan-requena-con-jerarquia-en-centro-la-merced-cadiz-abr26-foto-modesto-sanchez-sierra.webp\"><img decoding=\"async\" class=\"size-full wp-image-6889\" src=\"https:\/\/expoflamenco.com\/revista\/wp-content\/uploads\/sites\/46\/2026\/05\/jose-valencia-3-juan-requena-con-jerarquia-en-centro-la-merced-cadiz-abr26-foto-modesto-sanchez-sierra.webp\" alt=\"'Con jerarqu\u00eda', de Jos\u00e9 Valencia. Ciclo C\u00e1diz es Flamenco. Centro Flamenco La Merced, C\u00e1diz. 30 abril 2026. Foto: Modesto S\u00e1nchez Sierra\" width=\"2250\" height=\"1500\" srcset=\"https:\/\/expoflamenco.com\/revista\/wp-content\/uploads\/sites\/46\/2026\/05\/jose-valencia-3-juan-requena-con-jerarquia-en-centro-la-merced-cadiz-abr26-foto-modesto-sanchez-sierra.webp 2250w, https:\/\/expoflamenco.com\/revista\/wp-content\/uploads\/sites\/46\/2026\/05\/jose-valencia-3-juan-requena-con-jerarquia-en-centro-la-merced-cadiz-abr26-foto-modesto-sanchez-sierra-300x200.webp 300w, https:\/\/expoflamenco.com\/revista\/wp-content\/uploads\/sites\/46\/2026\/05\/jose-valencia-3-juan-requena-con-jerarquia-en-centro-la-merced-cadiz-abr26-foto-modesto-sanchez-sierra-1024x683.webp 1024w, https:\/\/expoflamenco.com\/revista\/wp-content\/uploads\/sites\/46\/2026\/05\/jose-valencia-3-juan-requena-con-jerarquia-en-centro-la-merced-cadiz-abr26-foto-modesto-sanchez-sierra-768x512.webp 768w, https:\/\/expoflamenco.com\/revista\/wp-content\/uploads\/sites\/46\/2026\/05\/jose-valencia-3-juan-requena-con-jerarquia-en-centro-la-merced-cadiz-abr26-foto-modesto-sanchez-sierra-1536x1024.webp 1536w, https:\/\/expoflamenco.com\/revista\/wp-content\/uploads\/sites\/46\/2026\/05\/jose-valencia-3-juan-requena-con-jerarquia-en-centro-la-merced-cadiz-abr26-foto-modesto-sanchez-sierra-2048x1365.webp 2048w, https:\/\/expoflamenco.com\/revista\/wp-content\/uploads\/sites\/46\/2026\/05\/jose-valencia-3-juan-requena-con-jerarquia-en-centro-la-merced-cadiz-abr26-foto-modesto-sanchez-sierra-750x500.webp 750w, https:\/\/expoflamenco.com\/revista\/wp-content\/uploads\/sites\/46\/2026\/05\/jose-valencia-3-juan-requena-con-jerarquia-en-centro-la-merced-cadiz-abr26-foto-modesto-sanchez-sierra-1140x760.webp 1140w\" sizes=\"(max-width: 2250px) 100vw, 2250px\" \/><\/a><figcaption id=\"caption-attachment-6889\" class=\"wp-caption-text\">Juan Requena. &#8216;Con jerarqu\u00eda&#8217;, de Jos\u00e9 Valencia. Ciclo C\u00e1diz es Flamenco. Centro Flamenco La Merced, C\u00e1diz. 30 abril 2026. Foto: Modesto S\u00e1nchez Sierra<\/figcaption><\/figure>\n<p>&nbsp;<\/p>\n","protected":false,"gt_translate_keys":[{"key":"rendered","format":"html"}]},"excerpt":{"rendered":"<p>El cantaor despleg\u00f3 en el Centro Flamenco La Merced de C\u00e1diz sus conocidas cualidades para brindar un adelanto de lo que ser\u00e1 su pr\u00f3ximo trabajo discogr\u00e1fico, titulado \u2018Con jerarqu\u00eda\u2019.<\/p>\n","protected":false,"gt_translate_keys":[{"key":"rendered","format":"html"}]},"author":13,"featured_media":6886,"comment_status":"open","ping_status":"open","sticky":false,"template":"","format":"standard","meta":{"_acf_changed":false,"pmpro_default_level":"","jnews-multi-image_gallery":[],"jnews_single_post":{"format":"standard","override":[{"template":"3","parallax":"1","fullscreen":"1","layout":"right-sidebar-narrow","sidebar":"default-sidebar","second_sidebar":"default-sidebar","sticky_sidebar":"1","share_position":"top","share_float_style":"share-monocrhome","show_share_counter":"1","show_featured":"1","show_post_meta":"1","show_post_author":"1","show_post_author_image":"1","show_post_date":"1","post_date_format":"default","post_date_format_custom":"Y\/m\/d","show_post_reading_time":"1","post_reading_time_wpm":"250","post_calculate_word_method":"str_word_count","show_zoom_button":"1","zoom_button_out_step":"2","zoom_button_in_step":"3","show_popup_post":"1","show_comment_section":"1","number_popup_post":"1","show_author_box":"1","show_post_related":"1","show_inline_post_related":"1"}],"image_override":[{"single_post_thumbnail_size":"crop-500","single_post_gallery_size":"crop-500"}],"trending_post_position":"meta","trending_post_label":"Trending","sponsored_post_label":"Sponsored by","disable_ad":"0","subtitle":"El cantaor despleg\u00f3 en el Centro Flamenco La Merced de C\u00e1diz sus conocidas cualidades para brindar un adelanto de lo que ser\u00e1 su pr\u00f3ximo trabajo discogr\u00e1fico, titulado \u2018Con jerarqu\u00eda\u2019."},"jnews_primary_category":{"id":"46"},"jnews_override_bookmark_settings":{"override_bookmark_button":"0","override_show_bookmark_button":"0"},"jnews_social_meta":[],"jnews_review":[],"enable_review":"","type":"percentage","name":"","summary":"","brand":"","sku":"","good":[],"bad":[],"score_override":"","override_value":"","rating":[],"price":[],"jnews_override_counter":{"view_counter_number":"0","share_counter_number":"0","like_counter_number":"0","dislike_counter_number":"0"},"footnotes":""},"categories":[46,38],"tags":[54,7454,2641],"class_list":["post-6885","post","type-post","status-publish","format-standard","has-post-thumbnail","hentry","category-cronicas","category-en-portada","tag-cantaor-flamenco","tag-centro-flamenco-la-merced-de-cadiz","tag-jose-valencia","pmpro-has-access"],"acf":[],"aioseo_notices":[],"gt_translate_keys":[{"key":"link","format":"url"}],"_links":{"self":[{"href":"https:\/\/expoflamenco.com\/revista\/wp-json\/wp\/v2\/posts\/6885","targetHints":{"allow":["GET"]}}],"collection":[{"href":"https:\/\/expoflamenco.com\/revista\/wp-json\/wp\/v2\/posts"}],"about":[{"href":"https:\/\/expoflamenco.com\/revista\/wp-json\/wp\/v2\/types\/post"}],"author":[{"embeddable":true,"href":"https:\/\/expoflamenco.com\/revista\/wp-json\/wp\/v2\/users\/13"}],"replies":[{"embeddable":true,"href":"https:\/\/expoflamenco.com\/revista\/wp-json\/wp\/v2\/comments?post=6885"}],"version-history":[{"count":1,"href":"https:\/\/expoflamenco.com\/revista\/wp-json\/wp\/v2\/posts\/6885\/revisions"}],"predecessor-version":[{"id":6890,"href":"https:\/\/expoflamenco.com\/revista\/wp-json\/wp\/v2\/posts\/6885\/revisions\/6890"}],"wp:featuredmedia":[{"embeddable":true,"href":"https:\/\/expoflamenco.com\/revista\/wp-json\/wp\/v2\/media\/6886"}],"wp:attachment":[{"href":"https:\/\/expoflamenco.com\/revista\/wp-json\/wp\/v2\/media?parent=6885"}],"wp:term":[{"taxonomy":"category","embeddable":true,"href":"https:\/\/expoflamenco.com\/revista\/wp-json\/wp\/v2\/categories?post=6885"},{"taxonomy":"post_tag","embeddable":true,"href":"https:\/\/expoflamenco.com\/revista\/wp-json\/wp\/v2\/tags?post=6885"}],"curies":[{"name":"wp","href":"https:\/\/api.w.org\/{rel}","templated":true}]}}