{"id":688,"date":"2024-03-10T14:38:56","date_gmt":"2024-03-10T13:38:56","guid":{"rendered":"https:\/\/expoflamenco.com\/revistanew\/fernando-jimenez-camina-con-paso-firme-por-el-festival-de-jerez\/"},"modified":"2024-03-10T14:38:56","modified_gmt":"2024-03-10T13:38:56","slug":"fernando-jimenez-camina-con-paso-firme-por-el-festival-de-jerez","status":"publish","type":"post","link":"https:\/\/expoflamenco.com\/revista\/fernando-jimenez-camina-con-paso-firme-por-el-festival-de-jerez\/","title":{"rendered":"Fernando Jim\u00e9nez camina con paso firme por el Festival de Jerez","gt_translate_keys":[{"key":"rendered","format":"text"}]},"content":{"rendered":"<p>El camino de <strong>Fernando Jim\u00e9nez<\/strong> siempre ha estado vinculado a su tierra, enraizado a su barrio de Santiago y a los c\u00f3digos que aqu\u00ed imperan. Por tanto el comp\u00e1s, la finura, la gitaner\u00eda, son consignas continuamente a cumplir. Para muchos llegar a ello es imposible, pero a Fernando le sale solo. En el escenario muestra una personalidad por la que no pasa el tiempo y eso no le preocupa, lo contrario. Desde un lenguaje m\u00e1s actualizado o una imagen proyectada algo m\u00e1s renovada, no es que vuelva a sus aljibes porque nunca los ha abandonado.<\/p>\n<p>&nbsp;<\/p>\n<p>Pero s\u00ed que es cierto que pasan los a\u00f1os y resulta interesante comprobar c\u00f3mo el <strong>Festival de Jerez<\/strong>, donde actu\u00f3 en la sesi\u00f3n de clausura justo antes de Manuela Carrasco, ha ido forjando la materia prima de estos nombres que, como refiero en l\u00edneas m\u00e1s arriba, tiene un sello tan marcado y pr\u00e1cticamente inexpugnable. A pesar de ese peso de la tradici\u00f3n, vemos un avance en la estructura del espect\u00e1culo, hasta en el tiempo de duraci\u00f3n, pues no se alarg\u00f3 y supo dejar el mejor sabor de boca, el provocar un \u201ccontinuar\u00e1\u201d.<\/p>\n<p>&nbsp;<\/p>\n<p>&nbsp;<\/p>\n<blockquote><p><em>\u00abFernando es m\u00e1s Fernando cuando baila por buler\u00edas, y lo hace, literalmente, en una loza. \u00a1No es dif\u00edcil eso! Ah\u00ed estuvo el del Morao inconmensurable\u00bb<\/em><\/p><\/blockquote>\n<p>&nbsp;<\/p>\n<p>&nbsp;<\/p>\n<figure id=\"attachment_48812\" aria-describedby=\"caption-attachment-48812\" style=\"width: 1300px\" class=\"wp-caption aligncenter\"><a href=\"https:\/\/expoflamenco.com\/prensa\/wp-content\/uploads\/sites\/17\/2024\/03\/expoflamenco-fernando-jimenez-3-camino-teatro-villamarta-mar24-foto-esteban-abion-festival-jerez.jpg\"><img fetchpriority=\"high\" decoding=\"async\" class=\"size-full wp-image-48812\" src=\"https:\/\/expoflamenco.com\/prensa\/wp-content\/uploads\/sites\/17\/2024\/03\/expoflamenco-fernando-jimenez-3-camino-teatro-villamarta-mar24-foto-esteban-abion-festival-jerez.jpg\" alt=\"\" width=\"1300\" height=\"923\"><\/a><figcaption id=\"caption-attachment-48812\" class=\"wp-caption-text\">&#8216;Camino&#8217;, de Fernando Jim\u00e9nez. Teatro Villamarta. XXVIII Festival de Jerez. 9 marzo 2024. Foto: Esteban Abi\u00f3n &#8211; Festival de Jerez<\/figcaption><\/figure>\n<p>&nbsp;<\/p>\n<p>&nbsp;<\/p>\n<p>Fernando ha pasado anteriormente por este escenario y se ha visto un importante avance en este <em><strong>Camino<\/strong><\/em> que lo hace sentir de una manera especial en estos momentos con el nacimiento de su hija, por eso lo encontramos en este montaje con una madurez destacable y con un elenco de primer nivel. Especial menci\u00f3n merece<strong> Fernando del Morao<\/strong>, guitarrista que asume el peso en todo momento y ofrece una musicalidad propia de su gente, con un rasgueo ic\u00f3nico. Se le ve seguro y nadie echa en falta nada m\u00e1s.<\/p>\n<p>&nbsp;<\/p>\n<p>El inicio huele a incienso<strong>, Jes\u00fas M\u00e9ndez<\/strong> canta una saeta y da paso a la seguiriya de Fernando, perfectamente vestido y mejor ejecutada. \u201cAl son de roncas trompetas\u2026\u201d, estamos en el Festival de la saeta pero en la voz de Jes\u00fas todo relumbra con mayor intensidad. El contrapunto a ese momento lo trae <strong>Felipa del Moreno<\/strong>, admirada voz de dulzura y fuego, a la par, con una nana y unos tangos cl\u00e1sicos y brillantes, con la aportaci\u00f3n del m\u00e1gico viol\u00edn de <strong>Bernardo Parrilla<\/strong>. El bailaor va coloc\u00e1ndose complementos como el sombrero desde un lateral del escenario, todo en un perchero, sin abandonar las tablas. M\u00e9ndez vuelve por fandangos con ritmo de sole\u00e1, pasando nuevamente a la acci\u00f3n Felipa con fandangos de Huelva, podr\u00edamos decir que marisme\u00f1os. Interact\u00faan, el espacio lo llena la buena m\u00fasica, la percusi\u00f3n de <strong>Carlos Merino<\/strong>, que este a\u00f1o ha asentado su poder\u00edo durante todo el Festival, y las palmas de <strong>Javi Pe\u00f1a<\/strong>. Fernando es m\u00e1s Fernando cuando baila por buler\u00edas, y lo hace, literalmente, en una loza. \u00a1No es dif\u00edcil eso! Ah\u00ed estuvo el del Morao inconmensurable.<\/p>\n<p>&nbsp;<\/p>\n<p>Fernando da un paso firme en este <strong><em>Camino<\/em><\/strong> que comenz\u00f3 hace veinte a\u00f1os y que busca objetivos humildes, metas alcanzables porque para \u00e9l, lo m\u00e1s importante, sigue siendo el origen del mismo.<\/p>\n<p>&nbsp;<\/p>\n<p>&nbsp;<\/p>\n<p><strong>Ficha art\u00edstica<\/strong><\/p>\n<p>Fernando Jim\u00e9nez \u2013 <em>Camino<\/em>&nbsp;<br \/>\nTeatro Villamarta<br \/>\n9 marzo 2024<br \/>\nBaile: Fernando Jim\u00e9nez<br \/>\nColaboraci\u00f3n especial: Felipa del Moreno<br \/>\nArtista invitado: Jes\u00fas M\u00e9ndez<br \/>\nGuitarra: Fernando del Morao<br \/>\nViol\u00edn: Bernardo Parrilla<br \/>\nPercusi\u00f3n: Carlos Merino<br \/>\nPalmas: Javi Pe\u00f1a<br \/>\nProducci\u00f3n ejecutiva: Juan Alfonso Romero (IFI)<\/p>\n<p>&nbsp;<\/p>\n<p>&nbsp;<\/p>\n<figure id=\"attachment_48820\" aria-describedby=\"caption-attachment-48820\" style=\"width: 1300px\" class=\"wp-caption aligncenter\"><a href=\"https:\/\/expoflamenco.com\/prensa\/wp-content\/uploads\/sites\/17\/2024\/03\/expoflamenco-fernando-jimenez-6-camino-teatro-villamarta-mar24-foto-esteban-abion-festival-jerez.jpg\"><img decoding=\"async\" class=\"size-full wp-image-48820\" src=\"https:\/\/expoflamenco.com\/prensa\/wp-content\/uploads\/sites\/17\/2024\/03\/expoflamenco-fernando-jimenez-6-camino-teatro-villamarta-mar24-foto-esteban-abion-festival-jerez.jpg\" alt=\"\" width=\"1300\" height=\"800\"><\/a><figcaption id=\"caption-attachment-48820\" class=\"wp-caption-text\">&#8216;Camino&#8217;, de Fernando Jim\u00e9nez. Teatro Villamarta. XXVIII Festival de Jerez. 9 marzo 2024. Foto: Esteban Abi\u00f3n &#8211; Festival de Jerez<\/figcaption><\/figure>\n<p>&nbsp;<\/p>\n<figure id=\"attachment_48810\" aria-describedby=\"caption-attachment-48810\" style=\"width: 1300px\" class=\"wp-caption aligncenter\"><a href=\"https:\/\/expoflamenco.com\/prensa\/wp-content\/uploads\/sites\/17\/2024\/03\/expoflamenco-fernando-jimenez-2-camino-teatro-villamarta-mar24-foto-esteban-abion-festival-jerez.jpg\"><img decoding=\"async\" class=\"size-full wp-image-48810\" src=\"https:\/\/expoflamenco.com\/prensa\/wp-content\/uploads\/sites\/17\/2024\/03\/expoflamenco-fernando-jimenez-2-camino-teatro-villamarta-mar24-foto-esteban-abion-festival-jerez.jpg\" alt=\"\" width=\"1300\" height=\"892\"><\/a><figcaption id=\"caption-attachment-48810\" class=\"wp-caption-text\">&#8216;Camino&#8217;, de Fernando Jim\u00e9nez. Teatro Villamarta. XXVIII Festival de Jerez. 9 marzo 2024. Foto: Esteban Abi\u00f3n &#8211; Festival de Jerez<\/figcaption><\/figure>\n<p>&nbsp;<\/p>\n<figure id=\"attachment_48814\" aria-describedby=\"caption-attachment-48814\" style=\"width: 1300px\" class=\"wp-caption aligncenter\"><a href=\"https:\/\/expoflamenco.com\/prensa\/wp-content\/uploads\/sites\/17\/2024\/03\/expoflamenco-fernando-jimenez-4-camino-teatro-villamarta-mar24-foto-esteban-abion-festival-jerez.jpg\"><img loading=\"lazy\" decoding=\"async\" class=\"size-full wp-image-48814\" src=\"https:\/\/expoflamenco.com\/prensa\/wp-content\/uploads\/sites\/17\/2024\/03\/expoflamenco-fernando-jimenez-4-camino-teatro-villamarta-mar24-foto-esteban-abion-festival-jerez.jpg\" alt=\"\" width=\"1300\" height=\"800\"><\/a><figcaption id=\"caption-attachment-48814\" class=\"wp-caption-text\">&#8216;Camino&#8217;, de Fernando Jim\u00e9nez. Teatro Villamarta. XXVIII Festival de Jerez. 9 marzo 2024. Foto: Esteban Abi\u00f3n &#8211; Festival de Jerez<\/figcaption><\/figure>\n<p>&nbsp;<\/p>\n<figure id=\"attachment_48816\" aria-describedby=\"caption-attachment-48816\" style=\"width: 1300px\" class=\"wp-caption aligncenter\"><a href=\"https:\/\/expoflamenco.com\/prensa\/wp-content\/uploads\/sites\/17\/2024\/03\/expoflamenco-fernando-jimenez-5-camino-teatro-villamarta-mar24-foto-esteban-abion-festival-jerez.jpg\"><img loading=\"lazy\" decoding=\"async\" class=\"size-full wp-image-48816\" src=\"https:\/\/expoflamenco.com\/prensa\/wp-content\/uploads\/sites\/17\/2024\/03\/expoflamenco-fernando-jimenez-5-camino-teatro-villamarta-mar24-foto-esteban-abion-festival-jerez.jpg\" alt=\"\" width=\"1300\" height=\"800\"><\/a><figcaption id=\"caption-attachment-48816\" class=\"wp-caption-text\">&#8216;Camino&#8217;, de Fernando Jim\u00e9nez. Teatro Villamarta. XXVIII Festival de Jerez. 9 marzo 2024. Foto: Esteban Abi\u00f3n &#8211; Festival de Jerez<\/figcaption><\/figure>\n<p>&nbsp;<\/p>\n","protected":false,"gt_translate_keys":[{"key":"rendered","format":"html"}]},"excerpt":{"rendered":"<p>El bailaor estren\u00f3 en Sala Compa\u00f1\u00eda el espect\u00e1culo &#8216;Camino&#8217;, con Jes\u00fas M\u00e9ndez y Felipa del Moreno entre los componentes de un gran elenco musical <\/p>\n","protected":false,"gt_translate_keys":[{"key":"rendered","format":"html"}]},"author":34,"featured_media":689,"comment_status":"open","ping_status":"open","sticky":false,"template":"","format":"standard","meta":{"_acf_changed":false,"pmpro_default_level":"","jnews-multi-image_gallery":[],"jnews_single_post":[],"jnews_primary_category":[],"jnews_override_bookmark_settings":[],"jnews_social_meta":[],"jnews_review":[],"enable_review":"","type":"","name":"","summary":"","brand":"","sku":"","good":[],"bad":[],"score_override":"","override_value":"","rating":[],"price":[],"jnews_override_counter":[],"footnotes":""},"categories":[46,38],"tags":[294,596,597,195,598],"class_list":["post-688","post","type-post","status-publish","format-standard","has-post-thumbnail","hentry","category-cronicas","category-en-portada","tag-festival-de-jerez","tag-camino","tag-fernando-jimenez","tag-flamenco","tag-sala-compania","pmpro-has-access"],"acf":[],"aioseo_notices":[],"gt_translate_keys":[{"key":"link","format":"url"}],"_links":{"self":[{"href":"https:\/\/expoflamenco.com\/revista\/wp-json\/wp\/v2\/posts\/688","targetHints":{"allow":["GET"]}}],"collection":[{"href":"https:\/\/expoflamenco.com\/revista\/wp-json\/wp\/v2\/posts"}],"about":[{"href":"https:\/\/expoflamenco.com\/revista\/wp-json\/wp\/v2\/types\/post"}],"author":[{"embeddable":true,"href":"https:\/\/expoflamenco.com\/revista\/wp-json\/wp\/v2\/users\/34"}],"replies":[{"embeddable":true,"href":"https:\/\/expoflamenco.com\/revista\/wp-json\/wp\/v2\/comments?post=688"}],"version-history":[{"count":0,"href":"https:\/\/expoflamenco.com\/revista\/wp-json\/wp\/v2\/posts\/688\/revisions"}],"wp:featuredmedia":[{"embeddable":true,"href":"https:\/\/expoflamenco.com\/revista\/wp-json\/wp\/v2\/media\/689"}],"wp:attachment":[{"href":"https:\/\/expoflamenco.com\/revista\/wp-json\/wp\/v2\/media?parent=688"}],"wp:term":[{"taxonomy":"category","embeddable":true,"href":"https:\/\/expoflamenco.com\/revista\/wp-json\/wp\/v2\/categories?post=688"},{"taxonomy":"post_tag","embeddable":true,"href":"https:\/\/expoflamenco.com\/revista\/wp-json\/wp\/v2\/tags?post=688"}],"curies":[{"name":"wp","href":"https:\/\/api.w.org\/{rel}","templated":true}]}}