{"id":6870,"date":"2026-05-01T14:49:26","date_gmt":"2026-05-01T12:49:26","guid":{"rendered":"https:\/\/expoflamenco.com\/revista\/?p=6870"},"modified":"2026-05-01T14:49:26","modified_gmt":"2026-05-01T12:49:26","slug":"flamenco-festival-londres-celebra-lo-jondo-como-un-arte-vivo","status":"publish","type":"post","link":"https:\/\/expoflamenco.com\/revista\/flamenco-festival-londres-celebra-lo-jondo-como-un-arte-vivo\/","title":{"rendered":"Flamenco Festival Londres celebra lo jondo como un arte vivo","gt_translate_keys":[{"key":"rendered","format":"text"}]},"content":{"rendered":"<p>En un momento de especial efervescencia creativa para el arte jondo, <a href=\"https:\/\/flamencofestival.org\/\" target=\"_blank\" rel=\"noopener\">Flamenco Festival Londres<\/a> alcanza su 21\u00aa edici\u00f3n reivindicando al flamenco como una expresi\u00f3n art\u00edstica en permanente transformaci\u00f3n, capaz de preservar su esencia mientras contin\u00faa abri\u00e9ndose a nuevos lenguajes. Bajo el lema <strong><em>Flamenco: Ra\u00edces en expansi\u00f3n<\/em><\/strong>, el festival celebra del 13 al 30 de junio una programaci\u00f3n integrada por trece compa\u00f1\u00edas, ochenta artistas y veinte funciones que se repartir\u00e1n entre Londres y, por primera vez, M\u00e1nchester. La edici\u00f3n propone un recorrido por distintas maneras de entender el flamenco actual, desde quienes exploran con profundidad sus c\u00f3digos m\u00e1s \u00edntimos hasta quienes ensanchan sus fronteras a trav\u00e9s de nuevas sonoridades, formas esc\u00e9nicas y sensibilidades contempor\u00e1neas, con figuras como <strong>Jes\u00fas Carmona, Roc\u00edo Molina, el Ballet Flamenco de Andaluc\u00eda, Gerardo N\u00fa\u00f1ez, Antonio Rey, Eva Yerbabuena, Manuel Li\u00f1\u00e1n, El Perrete o Califato \u00be<\/strong>, entre muchos otros.<\/p>\n<p>As\u00ed lo ha dado a conocer el jueves 30 de abril en su presentaci\u00f3n en rueda de prensa el director de la cita, <strong>Miguel Mar\u00edn<\/strong>, que ha estado acompa\u00f1ado por el secretario general de Innovaci\u00f3n Cultural y Museos de la Junta de Andaluc\u00eda, <strong>Jos\u00e9 \u00c1ngel V\u00e9lez<\/strong>, y muchos de los artistas participantes, quienes se han dado cita en la sede del Ballet Flamenco de Andaluc\u00eda \u2013estadio de la Cartuja, Sevilla\u2013 para detallar la programaci\u00f3n de esta nueva edici\u00f3n. Entre los asistentes a este acto, el guitarrista Gerardo N\u00fa\u00f1ez, el bailaor Jes\u00fas Carmona, la directora del Ballet Flamenco de Andaluc\u00eda, <strong>Patricia Guerrero, El Farru, \u00c1lvaro Martinete, El Perrete, Eduardo Leal, Amparo Lagares<\/strong>&#8230;<\/p>\n<p><strong>En una presentaci\u00f3n muy din\u00e1mica y amena que se inici\u00f3 con la extraordinaria aparici\u00f3n del percusionista Chupete tocando las casta\u00f1uelas con un virtuosismo sin parang\u00f3n<\/strong>, las intervenciones se alternaron con pinceladas de baile del cuadro del Ballet Flamenco de Andaluc\u00eda, en cuyo sal\u00f3n de ensayo nos encontr\u00e1bamos para hacer de la rueda de prensa una experiencia inmersiva. Fueron varias piezas de su \u00faltima obra <em>Flamenco Patrimonio<\/em> las que intercalaron en la cita y no dejaron indiferente a nadie.<\/p>\n<p>Como se\u00f1al\u00f3 Miguel Mar\u00edn durante su intervenci\u00f3n, la programaci\u00f3n \u201cre\u00fane a artistas que se relacionan con el flamenco de distintas maneras: algunos profundizan en sus estructuras fundamentales, revelando nuevas capas dentro de la tradici\u00f3n, mientras que otros ampl\u00edan sus l\u00edmites a trav\u00e9s de nuevas dramaturgias, influencias musicales y perspectivas contempor\u00e1neas\u201d.<\/p>\n<p>En este sentido, a\u00f1adi\u00f3, \u201ceste doble movimiento se encarna a lo largo del festival. Core\u00f3grafos como Jes\u00fas Carmona y Rafaela Carrasco revisitan el lenguaje del flamenco con precisi\u00f3n y profundidad, mientras que artistas como Roc\u00edo Molina llevan sus l\u00edmites expresivos m\u00e1s all\u00e1, abriendo nuevos territorios. Al mismo tiempo, el Ballet Flamenco de Andaluc\u00eda, bajo la direcci\u00f3n de Patricia Guerrero, representa la fuerza de la tradici\u00f3n como una energ\u00eda viva y en evoluci\u00f3n. Y la m\u00fasica tambi\u00e9n desempe\u00f1a un papel central en esta expansi\u00f3n. La guitarra, con figuras como Gerardo N\u00fa\u00f1ez y Antonio Rey, sigue tendiendo puentes entre legado e innovaci\u00f3n, mientras que la gala dedicada a Sabicas destaca la influencia perdurable de quienes forjaron el recorrido global del flamenco\u201d.<\/p>\n<p>En Londres, coment\u00f3 Mar\u00edn, <strong>\u201cuna ciudad definida por la apertura y el intercambio cultural, el flamenco encuentra un espacio para crecer, transformarse y conectar con nuevos p\u00fablicos.<\/strong> Aqu\u00ed se revela no como una forma fija, sino como un campo en expansi\u00f3n, arraigado en sus or\u00edgenes y en constante proyecci\u00f3n hacia el exterior\u201d.<\/p>\n<p>Por su parte, Jos\u00e9 \u00c1ngel V\u00e9lez se refiri\u00f3 a la participaci\u00f3n en esta edici\u00f3n del Ballet Flamenco de Andaluc\u00eda, \u201csin duda, uno de los mejores embajadores del flamenco, y su presencia en escenarios internacionales de primer nivel, como es Flamenco Festival Londres, que cumple su vig\u00e9simo primera edici\u00f3n, supone una nueva oportunidad para seguir difundiendo el arte jondo\u201d.<\/p>\n<p>Este a\u00f1o la programaci\u00f3n se expande a M\u00e1nchester, ampliando el alcance del festival. De este modo, los espect\u00e1culos se extender\u00e1n al ya habitual <strong>Sadler\u2019s Wells Theatre de Londres<\/strong>, teatro de referencia para la danza en Europa, y epicentro del Festival, adem\u00e1s de al <strong>Sadler\u2019s Wells East, Lilian Baylis Studio y Jazz Caf\u00e9<\/strong>, todos en la capital del T\u00e1mesis. En M\u00e1nchester, los espect\u00e1culos programados se llevar\u00e1n a cabo en <strong>The Quays Theatre<\/strong> y el <strong>Lyric Theatre<\/strong>, ambos ubicados en Lowry. En el caso de Londres, se suma tambi\u00e9n a los espacios del Festival la <strong>National Gallery<\/strong>, en colaboraci\u00f3n con el <strong>Instituto Cervantes<\/strong> de la ciudad y siguiendo la estela de <strong>Flamenco Festival Nueva York<\/strong>, que en su \u00faltima edici\u00f3n ha celebrado espect\u00e1culos y performances en el Metropolitan Museum y el Guggenheim.<\/p>\n<p>Y es que, a lo largo de sus m\u00e1s de dos d\u00e9cadas de trayectoria, <strong>Flamenco Festival Londres se ha consolidado como una plataforma clave para situar el flamenco en el centro de la escena cultural londinense<\/strong>, impulsando la proyecci\u00f3n internacional de sus artistas y contribuyendo a su reconocimiento en algunos de los galardones m\u00e1s prestigiosos de las artes esc\u00e9nicas. En los \u00faltimos a\u00f1os, figuras vinculadas al festival han recibido importantes distinciones, como la bailaora <strong>Eva Yerbabuena<\/strong>, galardonada con el Premio Olivier 2025 al logro sobresaliente en danza por un espect\u00e1culo presentado en este mismo marco, o <strong>Sara Baras<\/strong>, que obtuvo este mismo reconocimiento en 2020. Asimismo, artistas como <strong>Manuel Li\u00f1\u00e1n<\/strong> han sido nominados a los Olivier por sus creaciones recientes presentadas en Londres, reflejando el impacto sostenido del festival en el circuito esc\u00e9nico brit\u00e1nico. A ello se suman otros reconocimientos, como las recientes nominaciones a los Premios Nacionales de Danza en Reino Unido de creadores como Li\u00f1\u00e1n y Sara Baras, que evidencian el momento de excelencia y visibilidad que atraviesa el flamenco contempor\u00e1neo, en buena medida impulsado por plataformas internacionales como Flamenco Festival Londres.<\/p>\n<p>&nbsp;<\/p>\n<blockquote><p><em>\u00abEn una presentaci\u00f3n muy din\u00e1mica y amena que se inici\u00f3 con la extraordinaria aparici\u00f3n del percusionista Chupete tocando las casta\u00f1uelas con un virtuosismo sin parang\u00f3n, las intervenciones se alternaron con pinceladas de baile del cuadro del Ballet Flamenco de Andaluc\u00eda, en cuyo sal\u00f3n de ensayo nos encontr\u00e1bamos para hacer de la rueda de prensa una experiencia inmersiva. Fueron varias piezas de su \u00faltima obra &#8216;Flamenco Patrimonio&#8217; las que intercalaron en la cita y no dejaron indiferente a nadie\u00bb<\/em><\/p><\/blockquote>\n<p>&nbsp;<\/p>\n<div class=\"jeg_video_container jeg_video_content\"><iframe title=\"Miguel Mar\u00edn - Presentaci\u00f3n Flamenco Festival Londres 2026\" width=\"500\" height=\"281\" src=\"https:\/\/www.youtube.com\/embed\/3BeyajyWUps?feature=oembed\" frameborder=\"0\" allow=\"accelerometer; autoplay; clipboard-write; encrypted-media; gyroscope; picture-in-picture; web-share\" referrerpolicy=\"strict-origin-when-cross-origin\" allowfullscreen><\/iframe><\/div>\n<div class=\"jeg_video_container jeg_video_content\"><iframe title=\"Gerardo N\u00fa\u00f1ez - Presentaci\u00f3n Flamenco Festival Londres 2026\" width=\"500\" height=\"281\" src=\"https:\/\/www.youtube.com\/embed\/OwNrYZAVttw?feature=oembed\" frameborder=\"0\" allow=\"accelerometer; autoplay; clipboard-write; encrypted-media; gyroscope; picture-in-picture; web-share\" referrerpolicy=\"strict-origin-when-cross-origin\" allowfullscreen><\/iframe><\/div>\n<p>&nbsp;<\/p>\n<h3>La innovaci\u00f3n en el universo de lo jondo<\/h3>\n<p>Ese recorrido por las ra\u00edces en expansi\u00f3n del flamenco, por las distintas formas de entenderlo y los diferentes modos de habitar este universo que recoge el cartel de la 21\u00aa edici\u00f3n de Flamenco Festival Londres queda reflejado en las distintas propuestas que presentar\u00e1n cada una de las compa\u00f1\u00edas que subir\u00e1n a los escenarios de Londres y M\u00e1nchester a partir del 13 de junio.<\/p>\n<p>Entre quienes ampl\u00edan las fronteras del universo jondo se encuentra la bailaora y core\u00f3grafa <strong>Rafaela Carrasco<\/strong>. Fiel a su trayectoria de investigaci\u00f3n en el flamenco contempor\u00e1neo, presentar\u00e1 el 18 de junio en el Sadler&#8217;s Wells Theatre <strong><em>Creaviva<\/em><\/strong>, una pieza que se adentra en el misterio de la creaci\u00f3n art\u00edstica a trav\u00e9s del flamenco, la m\u00fasica en directo y la poes\u00eda. La obra re\u00fane a seis int\u00e9rpretes que dan vida a las nueve musas de la mitolog\u00eda griega en una propuesta estructurada como una suite de piezas aut\u00f3nomas, unidas por un mismo eje conceptual: la inspiraci\u00f3n como fuerza \u00edntima, cambiante y en constante b\u00fasqueda de forma. Con la dramaturgia de <strong>\u00c1lvaro Tato<\/strong>, Carrasco plantea un di\u00e1logo entre tradici\u00f3n y contemporaneidad que reflexiona sobre el proceso creativo como experiencia humana esencial, atravesada por la soledad, la aparici\u00f3n de las ideas y su transformaci\u00f3n en materia esc\u00e9nica.<\/p>\n<p>En el \u00e1mbito de las propuestas que expanden los m\u00e1rgenes del flamenco actual y en una mirada especial dedicada en esta edici\u00f3n al cante extreme\u00f1o, el cantaor <strong>Francisco Escudero \u2018El Perrete\u2019<\/strong> presentar\u00e1 <strong><em>Luz de gu\u00eda<\/em><\/strong>\u00a0el 20 de junio en el Lilian Baylis Studio. En este espect\u00e1culo, que llega a Londres con la colaboraci\u00f3n de la Diputaci\u00f3n Provincial de Badajoz, el artista propone un recorrido \u00edntimo por su universo creativo, en di\u00e1logo constante con los grandes maestros que han marcado su trayectoria. Desde la ra\u00edz m\u00e1s jonda hasta una sensibilidad abierta a nuevas sonoridades, su cante intenso y matizado convierte cada interpretaci\u00f3n en un reflejo vivo de su evoluci\u00f3n art\u00edstica. Acompa\u00f1ado por guitarra, percusi\u00f3n y teclado, El Perrete construye una propuesta que honra la esencia del flamenco al tiempo que la proyecta hacia el futuro con personalidad propia. Ganador del Premio Nacional de Arte Flamenco de C\u00f3rdoba y reconocido en cert\u00e1menes como el Festival de Cante de las Minas, su presencia confirma el momento de renovaci\u00f3n que atraviesa el cante en la escena contempor\u00e1nea.<\/p>\n<p>No faltar\u00e1 tampoco a la cita con el p\u00fablico londinense <strong>Roc\u00edo Molina<\/strong>. Galardonada con el Le\u00f3n de Plata de la Danza de la Bienal de Venecia (2022), la Medalla de Oro al M\u00e9rito en las Bellas Artes (2022), el Premio Nacional de Danza (2010) y el Premio Nacional de Danza del Reino Unido (2019 y 2016), entre otros reconocimientos, la core\u00f3grafa y bailaora se reencontrar\u00e1 con Londres el 24 de junio para presentar en el Sadler&#8217;s Wells <strong><em>Calentamiento<\/em><\/strong>, una pieza que lleva al extremo su reconocida capacidad de explorar los l\u00edmites expresivos del flamenco. Concebida como un proceso en permanente inicio, la obra se articula en torno a la idea de un \u201ccalentamiento\u201d que nunca concluye: un estado de ebullici\u00f3n f\u00edsica y emocional donde el cuerpo, atravesado por el sudor, la respiraci\u00f3n y el pulso vital, se convierte en canal de fuerzas profundas y tel\u00faricas. En este viaje circular que transita entre el placer y el agotamiento, la intimidad y la celebraci\u00f3n, Molina construye una experiencia esc\u00e9nica en constante transformaci\u00f3n, donde cada gesto parece abrir un nuevo comienzo y donde el movimiento se afirma como un acto de resistencia, gozo y liberaci\u00f3n.<\/p>\n<p>Dentro de las propuestas que dialogan con las nuevas formas del flamenco contempor\u00e1neo, el colectivo andaluz <strong>Califato 3\/4<\/strong> ofrecer\u00e1 un concierto el 27 de junio en el Jazz Caf\u00e9. Formado en 2018 entre Sevilla y M\u00e1laga, el grupo se ha consolidado como una de las voces m\u00e1s singulares de la escena actual gracias a una propuesta que desborda etiquetas, donde el flamenco convive con el funk, el hip hop, el dub y otras influencias urbanas y electr\u00f3nicas. Su m\u00fasica reivindica una Andaluc\u00eda mestiza y popular, construyendo un imaginario sonoro propio en el que tradici\u00f3n y modernidad no se enfrentan, sino que se entrelazan en un lenguaje radicalmente contempor\u00e1neo.<\/p>\n<p>Las ra\u00edces del flamenco tambi\u00e9n se expanden de la mano de la bailaora <strong>Mar\u00eda Moreno<\/strong>, que presentar\u00e1 <strong><em>Magnificat<\/em><\/strong>, pieza desarrollada en el marco de los programas de residencias art\u00edsticas In Progress, impulsado por Flamenco Festival y el Ayuntamiento de Torrox (M\u00e1laga). El 28 de junio podr\u00e1 verse en el Sadler&#8217;s Wells East esta creaci\u00f3n que se adentra en el flamenco como territorio de celebraci\u00f3n, encuentro y emoci\u00f3n compartida. Inspirada en la escena b\u00edblica de la visitaci\u00f3n, la pieza no busca narrar sino explorar lo que sucede cuando dos cuerpos se encuentran atravesados por una alegr\u00eda incontenible: un impulso vital que se manifiesta como fiesta, como comuni\u00f3n y como energ\u00eda que se transmite de uno a otro. A trav\u00e9s de su lenguaje, profundamente arraigado en la tradici\u00f3n y abierto a c\u00f3digos contempor\u00e1neos, Moreno convierte el escenario en un espacio de revelaci\u00f3n colectiva, donde el gozo se encarna y se expande.<\/p>\n<p>El mismo escenario, el Sadler&#8217;s Wells East, acoger\u00e1 el 29 de junio <strong><em>Rayuela<\/em><\/strong>,\u00a0del bailaor, core\u00f3grafo y director <strong>Marco Flores<\/strong>. Inspirada tanto en el juego infantil como en la c\u00e9lebre novela de <strong>Julio Cort\u00e1zar<\/strong>, la propuesta plantea una reflexi\u00f3n esc\u00e9nica sobre la libertad creativa, la identidad y la b\u00fasqueda de sentido, coincidiendo adem\u00e1s con los 25 a\u00f1os de trayectoria del artista. Flores comparte escena con los hermanos <strong>David Lagos<\/strong> y <strong>Alfredo Lagos<\/strong>, al cante y a la guitarra, respectivamente, para construir un lenguaje h\u00edbrido y din\u00e1mico. <em>Rayuela<\/em> se presenta as\u00ed como una invitaci\u00f3n a recorrer, desde m\u00faltiples perspectivas, los caminos abiertos del flamenco actual.<\/p>\n<p>&nbsp;<\/p>\n<blockquote><p><em>\u00abBajo el lema &#8216;Flamenco: Ra\u00edces en expansi\u00f3n&#8217;, el festival celebra del 13 al 30 de junio una programaci\u00f3n integrada por trece compa\u00f1\u00edas, ochenta artistas y veinte funciones que se repartir\u00e1n entre Londres y, por primera vez, M\u00e1nchester. La edici\u00f3n propone un recorrido por distintas maneras de entender el flamenco actual, desde quienes exploran con profundidad sus c\u00f3digos m\u00e1s \u00edntimos hasta quienes ensanchan sus fronteras a trav\u00e9s de nuevas sonoridades, formas esc\u00e9nicas y sensibilidades contempor\u00e1neas\u00bb<\/em><\/p><\/blockquote>\n<p>&nbsp;<\/p>\n<div class=\"jeg_video_container jeg_video_content\"><iframe title=\"Jes\u00fas Carmona - Presentaci\u00f3n Flamenco Festival Londres 2026\" width=\"500\" height=\"281\" src=\"https:\/\/www.youtube.com\/embed\/DbdP2vbSjGk?feature=oembed\" frameborder=\"0\" allow=\"accelerometer; autoplay; clipboard-write; encrypted-media; gyroscope; picture-in-picture; web-share\" referrerpolicy=\"strict-origin-when-cross-origin\" allowfullscreen><\/iframe><\/div>\n<div class=\"jeg_video_container jeg_video_content\"><iframe title=\"Patricia Guerrero - Presentaci\u00f3n Flamenco Festival Londres 2026\" width=\"500\" height=\"281\" src=\"https:\/\/www.youtube.com\/embed\/hRDY6Lgc3Kg?feature=oembed\" frameborder=\"0\" allow=\"accelerometer; autoplay; clipboard-write; encrypted-media; gyroscope; picture-in-picture; web-share\" referrerpolicy=\"strict-origin-when-cross-origin\" allowfullscreen><\/iframe><\/div>\n<p>&nbsp;<\/p>\n<h3>Flamenco y m\u00fasica barroca en la National Gallery<\/h3>\n<p>Como propuesta singular dentro de la programaci\u00f3n, y fruto de la colaboraci\u00f3n con el Instituto Cervantes de Londres, la National Gallery acoger\u00e1 el 15 de junio <strong><em>Para\u00edso perdido<\/em><\/strong>. Una creaci\u00f3n que une flamenco y m\u00fasica barroca en un di\u00e1logo excepcional con las artes pl\u00e1sticas. Concebida por el violagambista <strong>Fahmi Alqhai<\/strong> y la bailaora <strong>Patricia Guerrero<\/strong> (directora del Ballet Flamenco de Andaluc\u00eda), la pieza ha sido ideada para interactuar directamente con la obra de <strong>Francisco de Zurbar\u00e1n<\/strong>, coincidiendo con la exposici\u00f3n que la pinacoteca londinense dedica al maestro del Siglo de Oro. En este encuentro entre disciplinas y \u00e9pocas, el lenguaje del flamenco y las sonoridades barrocas se entrelazan para generar una experiencia esc\u00e9nica \u00fanica, donde la intensidad expresiva de ambos universos se proyecta sobre el espacio muse\u00edstico, ampliando los l\u00edmites habituales del festival. El espect\u00e1culo se completar\u00e1 con una charla previa introductoria a cargo de la acad\u00e9mica Alicia Navarro.<\/p>\n<p>&nbsp;<\/p>\n<figure id=\"attachment_6881\" aria-describedby=\"caption-attachment-6881\" style=\"width: 1600px\" class=\"wp-caption aligncenter\"><a href=\"https:\/\/expoflamenco.com\/revista\/wp-content\/uploads\/sites\/46\/2026\/05\/presentacion-flamenco-festival-londres-2-estadio-cartuja-sevilla-30abr26-foto-capsula33.webp\"><img fetchpriority=\"high\" decoding=\"async\" class=\"size-full wp-image-6881\" src=\"https:\/\/expoflamenco.com\/revista\/wp-content\/uploads\/sites\/46\/2026\/05\/presentacion-flamenco-festival-londres-2-estadio-cartuja-sevilla-30abr26-foto-capsula33.webp\" alt=\"Presentaci\u00f3n del Flamenco Festival Londres. Estadio de la Cartuja, Sevilla. 30 abril 2026. Foto: C\u00e1psula33\" width=\"1600\" height=\"1067\" srcset=\"https:\/\/expoflamenco.com\/revista\/wp-content\/uploads\/sites\/46\/2026\/05\/presentacion-flamenco-festival-londres-2-estadio-cartuja-sevilla-30abr26-foto-capsula33.webp 1600w, https:\/\/expoflamenco.com\/revista\/wp-content\/uploads\/sites\/46\/2026\/05\/presentacion-flamenco-festival-londres-2-estadio-cartuja-sevilla-30abr26-foto-capsula33-300x200.webp 300w, https:\/\/expoflamenco.com\/revista\/wp-content\/uploads\/sites\/46\/2026\/05\/presentacion-flamenco-festival-londres-2-estadio-cartuja-sevilla-30abr26-foto-capsula33-1024x683.webp 1024w, https:\/\/expoflamenco.com\/revista\/wp-content\/uploads\/sites\/46\/2026\/05\/presentacion-flamenco-festival-londres-2-estadio-cartuja-sevilla-30abr26-foto-capsula33-768x512.webp 768w, https:\/\/expoflamenco.com\/revista\/wp-content\/uploads\/sites\/46\/2026\/05\/presentacion-flamenco-festival-londres-2-estadio-cartuja-sevilla-30abr26-foto-capsula33-1536x1024.webp 1536w, https:\/\/expoflamenco.com\/revista\/wp-content\/uploads\/sites\/46\/2026\/05\/presentacion-flamenco-festival-londres-2-estadio-cartuja-sevilla-30abr26-foto-capsula33-750x500.webp 750w, https:\/\/expoflamenco.com\/revista\/wp-content\/uploads\/sites\/46\/2026\/05\/presentacion-flamenco-festival-londres-2-estadio-cartuja-sevilla-30abr26-foto-capsula33-1140x760.webp 1140w\" sizes=\"(max-width: 1600px) 100vw, 1600px\" \/><\/a><figcaption id=\"caption-attachment-6881\" class=\"wp-caption-text\">Presentaci\u00f3n del Flamenco Festival Londres. Estadio de la Cartuja, Sevilla. 30 abril 2026. Foto: C\u00e1psula33<\/figcaption><\/figure>\n<p>&nbsp;<\/p>\n<h3>La tradici\u00f3n como territorio vivo<\/h3>\n<p>En paralelo a las propuestas m\u00e1s abiertas a la experimentaci\u00f3n, la 21\u00aa edici\u00f3n de Flamenco Festival Londres enmarca tambi\u00e9n las propuestas de aquellos artistas que contin\u00faan explorando el flamenco desde sus c\u00f3digos m\u00e1s esenciales, ahondando en su estructura y desvelando nuevas resonancias dentro de la tradici\u00f3n. El primero de estos nombres es el del bailaor <strong>Jes\u00fas Carmona<\/strong>, que presentar\u00e1 <strong><em>UnYdos<\/em><\/strong> en dos funciones los d\u00edas 16 y 17 de junio en el Sadler&#8217;s Wells Theatre. La pieza se articula como un viaje hacia la esencia del flamenco, sin un desarrollo narrativo complejo, sino como una celebraci\u00f3n de su forma m\u00e1s directa, honesta y expansiva a trav\u00e9s del baile.<\/p>\n<p>Concebido desde la est\u00e9tica del recital tradicional, el espect\u00e1culo se abre a una mirada esc\u00e9nica contempor\u00e1nea que permite a Carmona dialogar con los c\u00f3digos del flamenco desde su propia identidad art\u00edstica. En escena conviven algunos de sus palos m\u00e1s representativos, como las alegr\u00edas, el taranto o la sole\u00e1, en un recorrido que alterna momentos de intensidad r\u00edtmica con otros de mayor recogimiento e intimidad, reforzando la conexi\u00f3n entre int\u00e9rpretes y p\u00fablico. Acompa\u00f1ado por guitarra, cante y un elenco de artistas invitados, <em>UnYdos<\/em> se plantea como una experiencia flamenca en estado puro, donde la tradici\u00f3n se muestra viva a trav\u00e9s del presente esc\u00e9nico.<\/p>\n<p>Los 19 y 20 de junio, el Sadler&#8217;s Wells Theatre acoger\u00e1 en tres funciones la <strong>Gala Flamenca<\/strong>, uno de los ejes centrales del Flamenco Festival Londres, con un elenco que re\u00fane algunas de las figuras m\u00e1s relevantes del flamenco actual. La bailaora <strong>Eva Yerbabuena<\/strong> aportar\u00e1 su reconocida profundidad expresiva e intensidad emocional, mientras que <strong>Manuel Li\u00f1\u00e1n<\/strong>\u00a0refuerza una mirada contempor\u00e1nea y audaz que ha contribuido a expandir los lenguajes del flamenco esc\u00e9nico. Por su parte, <strong>El Farru<\/strong> representa el peso del linaje y la continuidad de una estirpe art\u00edstica fundamental, mientras que <strong>Juan Tom\u00e1s de la Mol\u00eda<\/strong> aporta la frescura y precisi\u00f3n de una nueva generaci\u00f3n que ya se abre camino con personalidad propia.<\/p>\n<p>En el apartado del cante como espacio de transmisi\u00f3n y reafirmaci\u00f3n de la tradici\u00f3n flamenca, y tambi\u00e9n en ese espacio dedicado al cante extreme\u00f1o apoyado por la Diputaci\u00f3n de Badajoz, <strong>Esther Merino<\/strong> presentar\u00e1 el 20 de junio en el Lilian Baylis Studio una propuesta que reivindica la voz femenina en el flamenco desde la madurez, la fuerza expresiva y el profundo conocimiento de la tradici\u00f3n: <strong><em>En tierra de hombres<\/em><\/strong>.\u00a0Destacada int\u00e9rprete de los cantes extreme\u00f1os, combinando estilos festivos y de ra\u00edz con palos m\u00e1s profundos como la seguiriya o la sole\u00e1, Merino estar\u00e1 en escena sola frente a un elenco masculino, articulando distintas formas de interpretaci\u00f3n en un formato sobrio en blanco y negro, donde la voz adquiere todo el protagonismo. El espect\u00e1culo propone as\u00ed una reflexi\u00f3n sobre el lugar de la mujer en el flamenco contempor\u00e1neo, desde una interpretaci\u00f3n s\u00f3lida, personal y de gran personalidad art\u00edstica.<\/p>\n<p>La guitarra flamenca, instrumento de este arte por excelencia, tampoco faltar\u00e1 en esta edici\u00f3n. El 25 de junio, el Sadler&#8217;s Wells Theatre acoger\u00e1 <strong><em>La noche de la guitarra: un concierto con Gerardo N\u00fa\u00f1ez, Antonio Rey, \u00c1lvaro Martinete y Olga Pericet. <\/em><\/strong>Una velada dedicada a la guitarra flamenca que rinde homenaje al legado del legendario <strong>Sabicas<\/strong>, figura clave en la internacionalizaci\u00f3n del instrumento y en su evoluci\u00f3n esc\u00e9nica. La cita reunir\u00e1 a tres guitarristas de referencia (el virtuoso Gerardo N\u00fa\u00f1ez, el ganador de dos Latin Grammy Antonio Rey y el joven talento \u00c1lvaro Martinete) que dialogan con la tradici\u00f3n desde distintas perspectivas. A ellos se suma la bailaora Olga Pericet, que evocar\u00e1 la figura de la ic\u00f3nica <strong>Carmen Amaya<\/strong>, colaboradora hist\u00f3rica de Sabicas, aportando una dimensi\u00f3n esc\u00e9nica al homenaje. El resultado es un encuentro generacional que celebra la guitarra como espacio de memoria, libertad y continua evoluci\u00f3n dentro del flamenco.<\/p>\n<p>Y volviendo a la danza flamenca, uno de los ejes expresivos fundamentales de este arte, el festival recibir\u00e1 al <strong>Ballet Flamenco de Andaluc\u00eda<\/strong>. Los d\u00edas 26 y 27 de junio en el Sadler&#8217;s Wells Theatre, el Ballet presentar\u00e1 <strong><em>Tierra bendita<\/em><\/strong>, una creaci\u00f3n dirigida y coreografiada por Patricia Guerrero que celebra la diversidad y riqueza del flamenco andaluz a trav\u00e9s de un gran formato esc\u00e9nico.<\/p>\n<p>La obra propone un recorrido por distintos paisajes culturales de Andaluc\u00eda, explorando c\u00f3mo cada territorio ha dado forma a estilos, cantes y bailes propios, en un di\u00e1logo constante entre tradici\u00f3n y contemporaneidad. Con una estructura de suite que enlaza distintas piezas, <em>Tierra bendita<\/em> transita entre lo antiguo y lo nuevo, poniendo en relaci\u00f3n lenguajes musicales y coreogr\u00e1ficos que conviven sin jerarqu\u00edas, desde modos m\u00e1s arcaicos hasta sensibilidades actuales. Sobre el escenario, quince bailarines acompa\u00f1ados por cante, guitarra y percusi\u00f3n dan forma a una propuesta que pone el foco en la nueva generaci\u00f3n de int\u00e9rpretes, mostrando un flamenco en evoluci\u00f3n que se sostiene en la tradici\u00f3n sin renunciar a la experimentaci\u00f3n formal ni a la libertad creativa.<\/p>\n<p>&nbsp;<\/p>\n<div class=\"jeg_video_container jeg_video_content\"><iframe title=\"Ballet Flamenco de Andaluc\u00eda - Presentaci\u00f3n Flamenco Festival Londres 2026\" width=\"500\" height=\"281\" src=\"https:\/\/www.youtube.com\/embed\/gzNS5DO0X30?feature=oembed\" frameborder=\"0\" allow=\"accelerometer; autoplay; clipboard-write; encrypted-media; gyroscope; picture-in-picture; web-share\" referrerpolicy=\"strict-origin-when-cross-origin\" allowfullscreen><\/iframe><\/div>\n<div class=\"jeg_video_container jeg_video_content\"><iframe title=\"David Chupete - Presentaci\u00f3n Flamenco Festival Londres 2026\" width=\"500\" height=\"281\" src=\"https:\/\/www.youtube.com\/embed\/DxDhO6s8B5o?feature=oembed\" frameborder=\"0\" allow=\"accelerometer; autoplay; clipboard-write; encrypted-media; gyroscope; picture-in-picture; web-share\" referrerpolicy=\"strict-origin-when-cross-origin\" allowfullscreen><\/iframe><\/div>\n<p>&nbsp;<\/p>\n<h3>M\u00e1s all\u00e1 del escenario: encuentro, participaci\u00f3n y flamenco en vivo<\/h3>\n<p>M\u00e1s all\u00e1 de los escenarios principales, Flamenco Festival Londres ampl\u00eda su programaci\u00f3n con una serie de actividades paralelas coproducidas con <strong>Fin de Fiesta<\/strong>, pensadas para acercar el flamenco a nuevos p\u00fablicos desde una experiencia m\u00e1s directa y participativa. Entre ellas destacan propuestas como la <strong><em>Juerga<\/em><\/strong> del 20 de junio en The Peacock y el <strong><em>Late Night Tablao<\/em><\/strong> del 27 de junio en The Angelic (actual George IV), con la participaci\u00f3n del cantaor <strong>Miguel Lavi<\/strong> junto a artistas locales.<\/p>\n<p>La programaci\u00f3n se completa con una serie de talleres que tendr\u00e1n lugar en el Sadler&#8217;s Wells Theatre y el Sadler&#8217;s Wells East, ofreciendo al p\u00fablico la oportunidad de adentrarse en la pr\u00e1ctica del flamenco. Entre ellos, un taller para principiantes impartido por un artista local (27 de junio), as\u00ed como sesiones a cargo de la bailaora <strong>Mar\u00eda Moreno<\/strong> (27 de junio) y el bailaor <strong>Roberto Ja\u00e9n<\/strong> (28 de junio), consolidando as\u00ed un espacio de encuentro y aprendizaje en torno al flamenco vivo.<\/p>\n<p>&nbsp;<\/p>\n<h3>M\u00e1nchester, sede sat\u00e9lite de esta edici\u00f3n<\/h3>\n<p>Como novedad, Flamenco Festival Londres contar\u00e1 en esta edici\u00f3n con una sede sat\u00e9lite, ubicada en la ciudad de M\u00e1nchester. All\u00ed la core\u00f3grafa y bailaora <strong>Olga Pericet<\/strong>, Premio Nacional de Danza 2018, abrir\u00e1 la programaci\u00f3n los d\u00edas 13 y 14 de junio ofreciendo dos funciones de <strong><em>Baile sonoro<\/em><\/strong>. Las tablas de The Quays Theatre ser\u00e1n testigo de una propuesta concebida como un espacio de concierto en el que el baile se convierte en materia viva de di\u00e1logo y transformaci\u00f3n: tres cuerpos (el suyo junto a la guitarra de <strong>Jos\u00e9 Manuel Le\u00f3n<\/strong> y el cante de <strong>Mercedes Cort\u00e9s<\/strong>) construyen un encuentro \u00edntimo donde movimiento, sonido y emoci\u00f3n se entrelazan en constante mutaci\u00f3n. Lejos de una forma cerrada, la pieza se plantea como un \u201cestudio abierto\u201d que se adapta a cada contexto, explorando nuevas posibilidades expresivas desde la ra\u00edz flamenca.<\/p>\n<p>La programaci\u00f3n en la ciudad se completa con la actuaci\u00f3n, el 30 de junio en el Lyric Theatre, del <strong>Ballet Flamenco de Andaluc\u00eda<\/strong>, que tambi\u00e9n pondr\u00e1 sobre el escenario <em>Tierra bendita<\/em>.<\/p>\n<p>&nbsp;<\/p>\n<figure id=\"attachment_6876\" aria-describedby=\"caption-attachment-6876\" style=\"width: 1600px\" class=\"wp-caption aligncenter\"><a href=\"https:\/\/expoflamenco.com\/revista\/wp-content\/uploads\/sites\/46\/2026\/05\/presentacion-flamenco-festival-londres-4-estadio-cartuja-sevilla-30abr26-foto-capsula33.jpg\"><img decoding=\"async\" class=\"size-full wp-image-6876\" src=\"https:\/\/expoflamenco.com\/revista\/wp-content\/uploads\/sites\/46\/2026\/05\/presentacion-flamenco-festival-londres-4-estadio-cartuja-sevilla-30abr26-foto-capsula33.jpg\" alt=\"Presentaci\u00f3n del Flamenco Festival Londres. Estadio de la Cartuja, Sevilla. 30 abril 2026. Foto: C\u00e1psula33\" width=\"1600\" height=\"1067\" srcset=\"https:\/\/expoflamenco.com\/revista\/wp-content\/uploads\/sites\/46\/2026\/05\/presentacion-flamenco-festival-londres-4-estadio-cartuja-sevilla-30abr26-foto-capsula33.jpg 1600w, https:\/\/expoflamenco.com\/revista\/wp-content\/uploads\/sites\/46\/2026\/05\/presentacion-flamenco-festival-londres-4-estadio-cartuja-sevilla-30abr26-foto-capsula33-300x200.jpg 300w, https:\/\/expoflamenco.com\/revista\/wp-content\/uploads\/sites\/46\/2026\/05\/presentacion-flamenco-festival-londres-4-estadio-cartuja-sevilla-30abr26-foto-capsula33-1024x683.jpg 1024w, https:\/\/expoflamenco.com\/revista\/wp-content\/uploads\/sites\/46\/2026\/05\/presentacion-flamenco-festival-londres-4-estadio-cartuja-sevilla-30abr26-foto-capsula33-768x512.jpg 768w, https:\/\/expoflamenco.com\/revista\/wp-content\/uploads\/sites\/46\/2026\/05\/presentacion-flamenco-festival-londres-4-estadio-cartuja-sevilla-30abr26-foto-capsula33-1536x1024.jpg 1536w, https:\/\/expoflamenco.com\/revista\/wp-content\/uploads\/sites\/46\/2026\/05\/presentacion-flamenco-festival-londres-4-estadio-cartuja-sevilla-30abr26-foto-capsula33-750x500.jpg 750w, https:\/\/expoflamenco.com\/revista\/wp-content\/uploads\/sites\/46\/2026\/05\/presentacion-flamenco-festival-londres-4-estadio-cartuja-sevilla-30abr26-foto-capsula33-1140x760.jpg 1140w\" sizes=\"(max-width: 1600px) 100vw, 1600px\" \/><\/a><figcaption id=\"caption-attachment-6876\" class=\"wp-caption-text\">Presentaci\u00f3n del Flamenco Festival Londres. Estadio de la Cartuja, Sevilla. 30 abril 2026. Foto: C\u00e1psula33<\/figcaption><\/figure>\n<p>&nbsp;<\/p>\n<h3>Flamenco Festival vuelve a la capital de Reino Unido<\/h3>\n<p>Flamenco Festival Londres es una de las mayores plataformas para el flamenco en el mundo. Adem\u00e1s de dar cabida a los artistas m\u00e1s representativos y consagrados de este arte, el Festival ha presentado de forma regular al talento emergente y a las nuevas generaciones del baile, el toque y el cante, ofreciendo un espacio para su incursi\u00f3n en la escena internacional.<\/p>\n<p>Hasta la fecha, <strong>Flamenco Festival ha ofrecido 1.436 representaciones y presentado 190 compa\u00f1\u00edas en 182 espacios de todo el mundo, de la mano de todos los grandes nombres del flamenco de los \u00faltimos casi 25 a\u00f1os<\/strong>: figuras en lo m\u00e1s alto de sus carreras como Sara Baras, Mar\u00eda Pag\u00e9s, Eva Yerbabuena, Carmen Linares, Estrella Morente, Tomatito, Manuela Carrasco, Miguel Poveda, Israel Galv\u00e1n, Mercedes Ruiz, Carmen Cort\u00e9s, Mar\u00eda Terremoto, Roc\u00edo Molina, Olga Pericet, Manuel Li\u00f1\u00e1n, Roc\u00edo M\u00e1rquez, Rosal\u00eda o Rafaela Carrasco; y genios que ya no est\u00e1n entre nosotros, como Paco de Luc\u00eda o Enrique Morente.<\/p>\n<p>La importancia del flamenco, y concretamente de Flamenco Festival, como una de las mayores muestras de artes esc\u00e9nicas espa\u00f1olas fuera de nuestras fronteras queda patente con sus m\u00e1s de 40 ediciones ya vividas en Londres y Nueva York, y habiendo llevado el flamenco hasta 101 ciudades de todo el mundo, y por ende, a 1,6 millones de personas.<\/p>\n<p><strong>Solo en Londres, Flamenco Festival ya ha superado los 300.000 espectadores y las 300 representaciones<\/strong>, a cargo de algunas de esas figuras tan relevantes y j\u00f3venes promesas del flamenco actual, se\u00f1al\u00e1ndose pues como un evento consolidado en la capital brit\u00e1nica y en su temporada teatral, y un espacio para el descubrimiento de los caminos que el flamenco empieza a construir en busca de nuevos horizontes.<\/p>\n<p>Flamenco Festival Londres 2026 cuenta con el apoyo principal del Ministerio de Cultura del Gobierno de Espa\u00f1a y la Consejer\u00eda de Cultura y Deporte de la Junta de Andaluc\u00eda. Adicionalmente, cuenta con la colaboraci\u00f3n del Instituto Cervantes, la Diputaci\u00f3n Provincial de Badajoz y la Embajada de Espa\u00f1a en Londres.<\/p>\n<p>Esta edici\u00f3n se presenta en colaboraci\u00f3n con el Sadler\u2019s Wells Theatre, National Gallery, Como NO!, Jazz Caf\u00e9 y Lowry; este \u00faltimo, respecto a la extensi\u00f3n en M\u00e1nchester. \u2666<\/p>\n<p>&nbsp;<\/p>\n<p><a href=\"https:\/\/expoflamenco.com\/revista\/wp-content\/uploads\/sites\/46\/2026\/05\/cartel-flamenco-festival-londres-2026.webp\"><img decoding=\"async\" class=\"aligncenter size-full wp-image-6871\" src=\"https:\/\/expoflamenco.com\/revista\/wp-content\/uploads\/sites\/46\/2026\/05\/cartel-flamenco-festival-londres-2026.webp\" alt=\"\" width=\"1422\" height=\"2000\" srcset=\"https:\/\/expoflamenco.com\/revista\/wp-content\/uploads\/sites\/46\/2026\/05\/cartel-flamenco-festival-londres-2026.webp 1422w, https:\/\/expoflamenco.com\/revista\/wp-content\/uploads\/sites\/46\/2026\/05\/cartel-flamenco-festival-londres-2026-213x300.webp 213w, https:\/\/expoflamenco.com\/revista\/wp-content\/uploads\/sites\/46\/2026\/05\/cartel-flamenco-festival-londres-2026-728x1024.webp 728w, https:\/\/expoflamenco.com\/revista\/wp-content\/uploads\/sites\/46\/2026\/05\/cartel-flamenco-festival-londres-2026-768x1080.webp 768w, https:\/\/expoflamenco.com\/revista\/wp-content\/uploads\/sites\/46\/2026\/05\/cartel-flamenco-festival-londres-2026-1092x1536.webp 1092w, https:\/\/expoflamenco.com\/revista\/wp-content\/uploads\/sites\/46\/2026\/05\/cartel-flamenco-festival-londres-2026-750x1055.webp 750w, https:\/\/expoflamenco.com\/revista\/wp-content\/uploads\/sites\/46\/2026\/05\/cartel-flamenco-festival-londres-2026-1140x1603.webp 1140w\" sizes=\"(max-width: 1422px) 100vw, 1422px\" \/><\/a><\/p>\n<figure id=\"attachment_6877\" aria-describedby=\"caption-attachment-6877\" style=\"width: 1600px\" class=\"wp-caption aligncenter\"><a href=\"https:\/\/expoflamenco.com\/revista\/wp-content\/uploads\/sites\/46\/2026\/05\/presentacion-flamenco-festival-londres-5-estadio-cartuja-sevilla-30abr26-foto-capsula33.webp\"><img loading=\"lazy\" decoding=\"async\" class=\"size-full wp-image-6877\" src=\"https:\/\/expoflamenco.com\/revista\/wp-content\/uploads\/sites\/46\/2026\/05\/presentacion-flamenco-festival-londres-5-estadio-cartuja-sevilla-30abr26-foto-capsula33.webp\" alt=\"Presentaci\u00f3n del Flamenco Festival Londres. Estadio de la Cartuja, Sevilla. 30 abril 2026. Foto: C\u00e1psula33\" width=\"1600\" height=\"1067\" srcset=\"https:\/\/expoflamenco.com\/revista\/wp-content\/uploads\/sites\/46\/2026\/05\/presentacion-flamenco-festival-londres-5-estadio-cartuja-sevilla-30abr26-foto-capsula33.webp 1600w, https:\/\/expoflamenco.com\/revista\/wp-content\/uploads\/sites\/46\/2026\/05\/presentacion-flamenco-festival-londres-5-estadio-cartuja-sevilla-30abr26-foto-capsula33-300x200.webp 300w, https:\/\/expoflamenco.com\/revista\/wp-content\/uploads\/sites\/46\/2026\/05\/presentacion-flamenco-festival-londres-5-estadio-cartuja-sevilla-30abr26-foto-capsula33-1024x683.webp 1024w, https:\/\/expoflamenco.com\/revista\/wp-content\/uploads\/sites\/46\/2026\/05\/presentacion-flamenco-festival-londres-5-estadio-cartuja-sevilla-30abr26-foto-capsula33-768x512.webp 768w, https:\/\/expoflamenco.com\/revista\/wp-content\/uploads\/sites\/46\/2026\/05\/presentacion-flamenco-festival-londres-5-estadio-cartuja-sevilla-30abr26-foto-capsula33-1536x1024.webp 1536w, https:\/\/expoflamenco.com\/revista\/wp-content\/uploads\/sites\/46\/2026\/05\/presentacion-flamenco-festival-londres-5-estadio-cartuja-sevilla-30abr26-foto-capsula33-750x500.webp 750w, https:\/\/expoflamenco.com\/revista\/wp-content\/uploads\/sites\/46\/2026\/05\/presentacion-flamenco-festival-londres-5-estadio-cartuja-sevilla-30abr26-foto-capsula33-1140x760.webp 1140w\" sizes=\"(max-width: 1600px) 100vw, 1600px\" \/><\/a><figcaption id=\"caption-attachment-6877\" class=\"wp-caption-text\">Presentaci\u00f3n del Flamenco Festival Londres. Estadio de la Cartuja, Sevilla. 30 abril 2026. Foto: C\u00e1psula33<\/figcaption><\/figure>\n<figure id=\"attachment_6875\" aria-describedby=\"caption-attachment-6875\" style=\"width: 1600px\" class=\"wp-caption aligncenter\"><a href=\"https:\/\/expoflamenco.com\/revista\/wp-content\/uploads\/sites\/46\/2026\/05\/presentacion-flamenco-festival-londres-3-estadio-cartuja-sevilla-30abr26-foto-capsula33.webp\"><img loading=\"lazy\" decoding=\"async\" class=\"size-full wp-image-6875\" src=\"https:\/\/expoflamenco.com\/revista\/wp-content\/uploads\/sites\/46\/2026\/05\/presentacion-flamenco-festival-londres-3-estadio-cartuja-sevilla-30abr26-foto-capsula33.webp\" alt=\"Presentaci\u00f3n del Flamenco Festival Londres. Estadio de la Cartuja, Sevilla. 30 abril 2026. Foto: C\u00e1psula33\" width=\"1600\" height=\"1068\" srcset=\"https:\/\/expoflamenco.com\/revista\/wp-content\/uploads\/sites\/46\/2026\/05\/presentacion-flamenco-festival-londres-3-estadio-cartuja-sevilla-30abr26-foto-capsula33.webp 1600w, https:\/\/expoflamenco.com\/revista\/wp-content\/uploads\/sites\/46\/2026\/05\/presentacion-flamenco-festival-londres-3-estadio-cartuja-sevilla-30abr26-foto-capsula33-300x200.webp 300w, https:\/\/expoflamenco.com\/revista\/wp-content\/uploads\/sites\/46\/2026\/05\/presentacion-flamenco-festival-londres-3-estadio-cartuja-sevilla-30abr26-foto-capsula33-1024x684.webp 1024w, https:\/\/expoflamenco.com\/revista\/wp-content\/uploads\/sites\/46\/2026\/05\/presentacion-flamenco-festival-londres-3-estadio-cartuja-sevilla-30abr26-foto-capsula33-768x513.webp 768w, https:\/\/expoflamenco.com\/revista\/wp-content\/uploads\/sites\/46\/2026\/05\/presentacion-flamenco-festival-londres-3-estadio-cartuja-sevilla-30abr26-foto-capsula33-1536x1025.webp 1536w, https:\/\/expoflamenco.com\/revista\/wp-content\/uploads\/sites\/46\/2026\/05\/presentacion-flamenco-festival-londres-3-estadio-cartuja-sevilla-30abr26-foto-capsula33-750x501.webp 750w, https:\/\/expoflamenco.com\/revista\/wp-content\/uploads\/sites\/46\/2026\/05\/presentacion-flamenco-festival-londres-3-estadio-cartuja-sevilla-30abr26-foto-capsula33-1140x761.webp 1140w\" sizes=\"(max-width: 1600px) 100vw, 1600px\" \/><\/a><figcaption id=\"caption-attachment-6875\" class=\"wp-caption-text\">Presentaci\u00f3n del Flamenco Festival Londres. Estadio de la Cartuja, Sevilla. 30 abril 2026. Foto: C\u00e1psula33<\/figcaption><\/figure>\n<figure id=\"attachment_6880\" aria-describedby=\"caption-attachment-6880\" style=\"width: 1600px\" class=\"wp-caption aligncenter\"><a href=\"https:\/\/expoflamenco.com\/revista\/wp-content\/uploads\/sites\/46\/2026\/05\/presentacion-flamenco-festival-londres-10-estadio-cartuja-sevilla-30abr26-foto-capsula33.webp\"><img loading=\"lazy\" decoding=\"async\" class=\"size-full wp-image-6880\" src=\"https:\/\/expoflamenco.com\/revista\/wp-content\/uploads\/sites\/46\/2026\/05\/presentacion-flamenco-festival-londres-10-estadio-cartuja-sevilla-30abr26-foto-capsula33.webp\" alt=\"Presentaci\u00f3n del Flamenco Festival Londres. Estadio de la Cartuja, Sevilla. 30 abril 2026. Foto: C\u00e1psula33\" width=\"1600\" height=\"1067\" srcset=\"https:\/\/expoflamenco.com\/revista\/wp-content\/uploads\/sites\/46\/2026\/05\/presentacion-flamenco-festival-londres-10-estadio-cartuja-sevilla-30abr26-foto-capsula33.webp 1600w, https:\/\/expoflamenco.com\/revista\/wp-content\/uploads\/sites\/46\/2026\/05\/presentacion-flamenco-festival-londres-10-estadio-cartuja-sevilla-30abr26-foto-capsula33-300x200.webp 300w, https:\/\/expoflamenco.com\/revista\/wp-content\/uploads\/sites\/46\/2026\/05\/presentacion-flamenco-festival-londres-10-estadio-cartuja-sevilla-30abr26-foto-capsula33-1024x683.webp 1024w, https:\/\/expoflamenco.com\/revista\/wp-content\/uploads\/sites\/46\/2026\/05\/presentacion-flamenco-festival-londres-10-estadio-cartuja-sevilla-30abr26-foto-capsula33-768x512.webp 768w, https:\/\/expoflamenco.com\/revista\/wp-content\/uploads\/sites\/46\/2026\/05\/presentacion-flamenco-festival-londres-10-estadio-cartuja-sevilla-30abr26-foto-capsula33-1536x1024.webp 1536w, https:\/\/expoflamenco.com\/revista\/wp-content\/uploads\/sites\/46\/2026\/05\/presentacion-flamenco-festival-londres-10-estadio-cartuja-sevilla-30abr26-foto-capsula33-750x500.webp 750w, https:\/\/expoflamenco.com\/revista\/wp-content\/uploads\/sites\/46\/2026\/05\/presentacion-flamenco-festival-londres-10-estadio-cartuja-sevilla-30abr26-foto-capsula33-1140x760.webp 1140w\" sizes=\"(max-width: 1600px) 100vw, 1600px\" \/><\/a><figcaption id=\"caption-attachment-6880\" class=\"wp-caption-text\">Presentaci\u00f3n del Flamenco Festival Londres. Estadio de la Cartuja, Sevilla. 30 abril 2026. Foto: C\u00e1psula33<\/figcaption><\/figure>\n<figure id=\"attachment_6879\" aria-describedby=\"caption-attachment-6879\" style=\"width: 1600px\" class=\"wp-caption aligncenter\"><a href=\"https:\/\/expoflamenco.com\/revista\/wp-content\/uploads\/sites\/46\/2026\/05\/presentacion-flamenco-festival-londres-9-estadio-cartuja-sevilla-30abr26-foto-capsula33.webp\"><img loading=\"lazy\" decoding=\"async\" class=\"size-full wp-image-6879\" src=\"https:\/\/expoflamenco.com\/revista\/wp-content\/uploads\/sites\/46\/2026\/05\/presentacion-flamenco-festival-londres-9-estadio-cartuja-sevilla-30abr26-foto-capsula33.webp\" alt=\"Presentaci\u00f3n del Flamenco Festival Londres. Estadio de la Cartuja, Sevilla. 30 abril 2026. Foto: C\u00e1psula33\" width=\"1600\" height=\"1067\" srcset=\"https:\/\/expoflamenco.com\/revista\/wp-content\/uploads\/sites\/46\/2026\/05\/presentacion-flamenco-festival-londres-9-estadio-cartuja-sevilla-30abr26-foto-capsula33.webp 1600w, https:\/\/expoflamenco.com\/revista\/wp-content\/uploads\/sites\/46\/2026\/05\/presentacion-flamenco-festival-londres-9-estadio-cartuja-sevilla-30abr26-foto-capsula33-300x200.webp 300w, https:\/\/expoflamenco.com\/revista\/wp-content\/uploads\/sites\/46\/2026\/05\/presentacion-flamenco-festival-londres-9-estadio-cartuja-sevilla-30abr26-foto-capsula33-1024x683.webp 1024w, https:\/\/expoflamenco.com\/revista\/wp-content\/uploads\/sites\/46\/2026\/05\/presentacion-flamenco-festival-londres-9-estadio-cartuja-sevilla-30abr26-foto-capsula33-768x512.webp 768w, https:\/\/expoflamenco.com\/revista\/wp-content\/uploads\/sites\/46\/2026\/05\/presentacion-flamenco-festival-londres-9-estadio-cartuja-sevilla-30abr26-foto-capsula33-1536x1024.webp 1536w, https:\/\/expoflamenco.com\/revista\/wp-content\/uploads\/sites\/46\/2026\/05\/presentacion-flamenco-festival-londres-9-estadio-cartuja-sevilla-30abr26-foto-capsula33-750x500.webp 750w, https:\/\/expoflamenco.com\/revista\/wp-content\/uploads\/sites\/46\/2026\/05\/presentacion-flamenco-festival-londres-9-estadio-cartuja-sevilla-30abr26-foto-capsula33-1140x760.webp 1140w\" sizes=\"(max-width: 1600px) 100vw, 1600px\" \/><\/a><figcaption id=\"caption-attachment-6879\" class=\"wp-caption-text\">Presentaci\u00f3n del Flamenco Festival Londres. Estadio de la Cartuja, Sevilla. 30 abril 2026. Foto: C\u00e1psula33<\/figcaption><\/figure>\n<figure id=\"attachment_6878\" aria-describedby=\"caption-attachment-6878\" style=\"width: 1600px\" class=\"wp-caption aligncenter\"><a href=\"https:\/\/expoflamenco.com\/revista\/wp-content\/uploads\/sites\/46\/2026\/05\/presentacion-flamenco-festival-londres-6-estadio-cartuja-sevilla-30abr26-foto-capsula33.webp\"><img loading=\"lazy\" decoding=\"async\" class=\"size-full wp-image-6878\" src=\"https:\/\/expoflamenco.com\/revista\/wp-content\/uploads\/sites\/46\/2026\/05\/presentacion-flamenco-festival-londres-6-estadio-cartuja-sevilla-30abr26-foto-capsula33.webp\" alt=\"Presentaci\u00f3n del Flamenco Festival Londres. Estadio de la Cartuja, Sevilla. 30 abril 2026. Foto: C\u00e1psula33\" width=\"1600\" height=\"1066\" srcset=\"https:\/\/expoflamenco.com\/revista\/wp-content\/uploads\/sites\/46\/2026\/05\/presentacion-flamenco-festival-londres-6-estadio-cartuja-sevilla-30abr26-foto-capsula33.webp 1600w, https:\/\/expoflamenco.com\/revista\/wp-content\/uploads\/sites\/46\/2026\/05\/presentacion-flamenco-festival-londres-6-estadio-cartuja-sevilla-30abr26-foto-capsula33-300x200.webp 300w, https:\/\/expoflamenco.com\/revista\/wp-content\/uploads\/sites\/46\/2026\/05\/presentacion-flamenco-festival-londres-6-estadio-cartuja-sevilla-30abr26-foto-capsula33-1024x682.webp 1024w, https:\/\/expoflamenco.com\/revista\/wp-content\/uploads\/sites\/46\/2026\/05\/presentacion-flamenco-festival-londres-6-estadio-cartuja-sevilla-30abr26-foto-capsula33-768x512.webp 768w, https:\/\/expoflamenco.com\/revista\/wp-content\/uploads\/sites\/46\/2026\/05\/presentacion-flamenco-festival-londres-6-estadio-cartuja-sevilla-30abr26-foto-capsula33-1536x1023.webp 1536w, https:\/\/expoflamenco.com\/revista\/wp-content\/uploads\/sites\/46\/2026\/05\/presentacion-flamenco-festival-londres-6-estadio-cartuja-sevilla-30abr26-foto-capsula33-750x500.webp 750w, https:\/\/expoflamenco.com\/revista\/wp-content\/uploads\/sites\/46\/2026\/05\/presentacion-flamenco-festival-londres-6-estadio-cartuja-sevilla-30abr26-foto-capsula33-1140x760.webp 1140w\" sizes=\"(max-width: 1600px) 100vw, 1600px\" \/><\/a><figcaption id=\"caption-attachment-6878\" class=\"wp-caption-text\">Presentaci\u00f3n del Flamenco Festival Londres. Estadio de la Cartuja, Sevilla. 30 abril 2026. Foto: C\u00e1psula33<\/figcaption><\/figure>\n<p>&nbsp;<\/p>\n","protected":false,"gt_translate_keys":[{"key":"rendered","format":"html"}]},"excerpt":{"rendered":"<p>Del 13 al 30 de junio, trece compa\u00f1\u00edas ofrecer\u00e1n veinte representaciones en espacios como el m\u00edtico Sadler\u2019s Wells Theatre, Sadler\u2019s Wells East, Lilian Baylis Studio, Jazz Caf\u00e9 y la National Gallery en Londres. Y por primera vez, en Lowry (M\u00e1nchester). Act\u00faan Jes\u00fas Carmona, Roc\u00edo Molina, el Ballet Flamenco de Andaluc\u00eda, Gerardo N\u00fa\u00f1ez, Antonio Rey, Eva Yerbabuena, Manuel Li\u00f1\u00e1n, El Perrete o Califato \u00be, entre otros.<\/p>\n","protected":false,"gt_translate_keys":[{"key":"rendered","format":"html"}]},"author":5,"featured_media":6873,"comment_status":"open","ping_status":"open","sticky":false,"template":"","format":"standard","meta":{"_acf_changed":false,"pmpro_default_level":"","jnews-multi-image_gallery":[],"jnews_single_post":{"format":"standard","override":[{"template":"3","parallax":"1","fullscreen":"1","layout":"right-sidebar-narrow","sidebar":"default-sidebar","second_sidebar":"default-sidebar","sticky_sidebar":"1","share_position":"top","share_float_style":"share-monocrhome","show_share_counter":"1","show_featured":"1","show_post_meta":"1","show_post_author":"1","show_post_author_image":"1","show_post_date":"1","post_date_format":"default","post_date_format_custom":"Y\/m\/d","show_post_reading_time":"1","post_reading_time_wpm":"250","post_calculate_word_method":"str_word_count","show_zoom_button":"1","zoom_button_out_step":"2","zoom_button_in_step":"3","show_popup_post":"1","show_comment_section":"1","number_popup_post":"1","show_author_box":"1","show_post_related":"1","show_inline_post_related":"1"}],"image_override":[{"single_post_thumbnail_size":"crop-500","single_post_gallery_size":"crop-500"}],"trending_post_position":"meta","trending_post_label":"Trending","sponsored_post_label":"Sponsored by","disable_ad":"0","subtitle":"Del 13 al 30 de junio, trece compa\u00f1\u00edas ofrecer\u00e1n veinte representaciones en espacios como el m\u00edtico Sadler\u2019s Wells Theatre, Sadler\u2019s Wells East, Lilian Baylis Studio, Jazz Caf\u00e9 y la National Gallery en Londres. Y por primera vez, en Lowry (M\u00e1nchester). Act\u00faan Jes\u00fas Carmona, Roc\u00edo Molina, el Ballet Flamenco de Andaluc\u00eda, Gerardo N\u00fa\u00f1ez, Antonio Rey, Eva Yerbabuena, Manuel Li\u00f1\u00e1n, El Perrete o Califato \u00be, entre otros."},"jnews_primary_category":{"id":"37"},"jnews_override_bookmark_settings":{"override_bookmark_button":"0","override_show_bookmark_button":"0"},"jnews_social_meta":[],"jnews_review":[],"enable_review":"","type":"percentage","name":"","summary":"","brand":"","sku":"","good":[],"bad":[],"score_override":"","override_value":"","rating":[],"price":[],"jnews_override_counter":{"view_counter_number":"0","share_counter_number":"0","like_counter_number":"0","dislike_counter_number":"0"},"footnotes":""},"categories":[38,47],"tags":[7452,60,2886,7451,554,222,7453],"class_list":["post-6870","post","type-post","status-publish","format-standard","has-post-thumbnail","hentry","category-en-portada","category-internacional","tag-estadio-de-la-cartuja","tag-festival-flamenco","tag-festival-internacional","tag-flamenco-festival-londres-2026","tag-miguel-marin","tag-presentacion-en-sevilla","tag-sede-del-ballet-flamenco-de-andalucia","pmpro-has-access"],"acf":[],"aioseo_notices":[],"gt_translate_keys":[{"key":"link","format":"url"}],"_links":{"self":[{"href":"https:\/\/expoflamenco.com\/revista\/wp-json\/wp\/v2\/posts\/6870","targetHints":{"allow":["GET"]}}],"collection":[{"href":"https:\/\/expoflamenco.com\/revista\/wp-json\/wp\/v2\/posts"}],"about":[{"href":"https:\/\/expoflamenco.com\/revista\/wp-json\/wp\/v2\/types\/post"}],"author":[{"embeddable":true,"href":"https:\/\/expoflamenco.com\/revista\/wp-json\/wp\/v2\/users\/5"}],"replies":[{"embeddable":true,"href":"https:\/\/expoflamenco.com\/revista\/wp-json\/wp\/v2\/comments?post=6870"}],"version-history":[{"count":2,"href":"https:\/\/expoflamenco.com\/revista\/wp-json\/wp\/v2\/posts\/6870\/revisions"}],"predecessor-version":[{"id":6882,"href":"https:\/\/expoflamenco.com\/revista\/wp-json\/wp\/v2\/posts\/6870\/revisions\/6882"}],"wp:featuredmedia":[{"embeddable":true,"href":"https:\/\/expoflamenco.com\/revista\/wp-json\/wp\/v2\/media\/6873"}],"wp:attachment":[{"href":"https:\/\/expoflamenco.com\/revista\/wp-json\/wp\/v2\/media?parent=6870"}],"wp:term":[{"taxonomy":"category","embeddable":true,"href":"https:\/\/expoflamenco.com\/revista\/wp-json\/wp\/v2\/categories?post=6870"},{"taxonomy":"post_tag","embeddable":true,"href":"https:\/\/expoflamenco.com\/revista\/wp-json\/wp\/v2\/tags?post=6870"}],"curies":[{"name":"wp","href":"https:\/\/api.w.org\/{rel}","templated":true}]}}