{"id":6806,"date":"2026-04-30T12:00:45","date_gmt":"2026-04-30T10:00:45","guid":{"rendered":"https:\/\/expoflamenco.com\/revista\/?p=6806"},"modified":"2026-04-30T12:00:45","modified_gmt":"2026-04-30T10:00:45","slug":"presentados-cartel-y-programacion-del-festival-de-la-yerbabuena","status":"publish","type":"post","link":"https:\/\/expoflamenco.com\/revista\/presentados-cartel-y-programacion-del-festival-de-la-yerbabuena\/","title":{"rendered":"Presentados cartel y programaci\u00f3n del Festival de La Yerbabuena","gt_translate_keys":[{"key":"rendered","format":"text"}]},"content":{"rendered":"<p>La Yerbabuena vuelve a florecer con m\u00e1s fuerza que nunca, reafirmando su papel como s\u00edmbolo cultural y punto de encuentro para los amantes del flamenco. El emblem\u00e1tico <strong>Rinc\u00f3n Malillo<\/strong>, cuna y germen del <strong>Festival de La Yerbabuena<\/strong>, ha albergado el acto de presentaci\u00f3n del cartel y la programaci\u00f3n oficial de su XXXV edici\u00f3n, en un evento cargado de simbolismo, emoci\u00f3n y arraigo profundo. La cita ha contado con la presencia del alcalde de Las Cabezas de San Juan, <strong>Pepe Solano<\/strong>, la delegada de Cultura, <strong>\u00c1frica Castro<\/strong>, la autora del cartel, <strong>Manuela Rom\u00e1n<\/strong>, la periodista y coorganizadora del certamen, <strong>Tere Pe\u00f1a,<\/strong> y el homenajeado de este a\u00f1o con la <strong>Yerbabuena de Plata 2026<\/strong>, el cantaor cabece\u00f1o <strong>Manuel Cordero<\/strong>, figura destacada del flamenco, con una s\u00f3lida trayectoria marcada por numerosos premios y reconocimientos en pe\u00f1as e instituciones. Nacido en Las Cabezas, su carrera ha estado profundamente influenciada por la escuela de <strong>Antonio Mairena<\/strong> y ha contribuido activamente a la ense\u00f1anza y transmisi\u00f3n del arte jondo a nuevas generaciones.<\/p>\n<p>Uno de los momentos m\u00e1s especiales de la jornada fue el descubrimiento del cartel anunciador de esta edici\u00f3n, obra de la artista local Manuela Rom\u00e1n Gallego. Se trata de una pintura al \u00f3leo de gran fuerza expresiva en la que se reconoce como figura central al propio Manuel Cordero, acompa\u00f1ado por la presencia simb\u00f3lica de una guitarra y una bailaora, elementos que envuelven la escena en una atm\u00f3sfera netamente flamenca. La autora ha querido plasmar no tanto un retrato f\u00edsico, sino \u00abla esencia del quej\u00edo, ese lamento \u00edntimo y universal que define el alma del flamenco\u00bb.<\/p>\n<p>Tere Pe\u00f1a desgran\u00f3 la programaci\u00f3n de la XXXV edici\u00f3n de La Yerbabuena, que volver\u00e1 a reunir a destacadas figuras del flamenco, consolid\u00e1ndose como una de las citas imprescindibles del verano cultural andaluz.<\/p>\n<p>Dar\u00e1 el pistoletazo de salida en el <strong>Teatro Municipal Ciudad de Las Cabezas de San Juan<\/strong> el 19 de junio con el recital de cante de <strong>Jos\u00e9 Valencia<\/strong> a las 21:30 horas y al precio simb\u00f3lico de 5 euros. Por tercer a\u00f1o consecutivo, se contin\u00faa apostando por un ciclo de conferencias previas, que tendr\u00e1 lugar el 29 y 30 de junio y el 1 de julio en el Rinc\u00f3n Malillo, con entrada gratuita hasta completar aforo a las 20:30 horas de la tarde. Abrir\u00e1 esas jornadas quien les escribe con <strong><em>Por un pu\u00f1ao de fandangos. Conferencia contada y cantada por un cr\u00edtico osado<\/em><\/strong>, donde se entresacar\u00e1n un buen n\u00famero de variantes personales de fandangos para reivindicar el estilo y ayudar a su identificaci\u00f3n musical, con el acompa\u00f1amiento a la guitarra del lebrijano <strong>Curro Vargas<\/strong>. Proseguir\u00e1 la actuaci\u00f3n de la academia de baile <strong>Diego Guijo<\/strong>. El martes 30 ser\u00e1 <strong>Juan Pinilla<\/strong> quien diserte sobre <strong><em>Flamenco y usos del lenguaje<\/em><\/strong> y el baile correr\u00e1 a cargo de la academia de <strong>Sandra V\u00edlchez<\/strong>. El 1 de julio cerrar\u00e1 el ciclo una charla coloquio titulada <strong><em>Entre compases de yerbabuena: homenajeado y di\u00e1logo flamenco<\/em><\/strong>, con Manuel Cordero, Tere Pe\u00f1a y <strong>Alfonso Garc\u00eda<\/strong>, amenizado al terminar con la intervenci\u00f3n de la <strong>Escuela Municipal de M\u00fasica<\/strong>.<\/p>\n<p>Y ser\u00e1 el viernes 3 de julio \u2013a tan solo 10 euros y a beneficio de las asociaciones <strong>Teacense<\/strong> y <strong>Abriendo Caminos<\/strong>\u2013 cuando en la Plaza del Sant\u00edsimo Cristo de la Vera Cruz estalle el d\u00eda grande del festival d\u00e1ndole sitio a la cantaora cabece\u00f1a <strong>Mar\u00eda Jos\u00e9 Soriano<\/strong>, acompa\u00f1ada a la guitarra por <strong>Eusebio Jos\u00e9 Garc\u00eda<\/strong> y <strong>Currito Malena<\/strong>, al cante de <strong>Pedro El Grana\u00edno<\/strong> con <strong>Gabriel Lorente<\/strong> a la sonanta, a la garganta de <strong>Anabel Valencia<\/strong> arropada por las cuerdas de Curro Vargas y <strong>Juan de Clemente <\/strong>y a la diosa del baile gitano <strong>Manuela Carrasco<\/strong>, que traer\u00e1 en su cuadro los ga\u00f1otes de <strong>Enrique El Extreme\u00f1o<\/strong> y <strong>Manuel Ta\u00f1\u00e9<\/strong> con la baja\u00f1\u00ed de <strong>Pedro Sierra<\/strong>.<\/p>\n<p>Durante su intervenci\u00f3n, el alcalde destac\u00f3 el papel fundamental que desempe\u00f1a La Yerbabuena como escaparate cultural de la ciudad: \u00abEste festival no solo celebra el flamenco, sino que proyecta la identidad de Las Cabezas de San Juan m\u00e1s all\u00e1 de nuestras fronteras. Es una herramienta clave para la promoci\u00f3n de nuestra cultura, nuestras tradiciones y nuestro talento local, consolidando al municipio como un referente dentro del panorama flamenco andaluz\u00bb.<\/p>\n<p>La delegada de Cultura subray\u00f3 el compromiso institucional con este arte universal: \u00abDesde el Ayuntamiento trabajamos de forma constante para preservar, fomentar y difundir el flamenco, no solo como patrimonio cultural, sino como una forma de vida que nos define como pueblo. La Yerbabuena es el reflejo de ese esfuerzo colectivo, de la colaboraci\u00f3n entre artistas, pe\u00f1as y administraci\u00f3n local para mantener viva esta tradici\u00f3n\u00bb.<\/p>\n<p>El acto de presentaci\u00f3n del cartel y la programaci\u00f3n del Festival concluy\u00f3 con el recital de la jovenc\u00edsima bailaora utrerana <strong>Luc\u00eda Benavides<\/strong>, que ofreci\u00f3 un espect\u00e1culo lleno de fuerza, elegancia y sensibilidad, acompa\u00f1ada al cante por el moronense <strong>Jes\u00fas Flores<\/strong>, a la guitarra por Curro Vargas y a la percusi\u00f3n por <strong>Fali del El\u00e9ctrico<\/strong>. Principi\u00f3 con la sole\u00e1 por buler\u00eda y termin\u00f3 brillando por taranto y tangos, sin dejar de despedirse con una pata\u00edta por buler\u00edas donde la acompa\u00f1\u00f3 Fali para poner el broche de oro a una presentaci\u00f3n que anticip\u00f3 una edici\u00f3n inolvidable.<\/p>\n<blockquote><p><em>\u00abEste festival no solo celebra el flamenco, sino que proyecta la identidad de Las Cabezas de San Juan m\u00e1s all\u00e1 de nuestras fronteras. Es una herramienta clave para la promoci\u00f3n de nuestra cultura, nuestras tradiciones y nuestro talento local, consolidando al municipio como un referente dentro del panorama flamenco andaluz\u00bb (Pepe Solano)<\/em><\/p><\/blockquote>\n<p>&nbsp;<\/p>\n<div style='display:none' class=\"jeg_preview_slider gallery_1\" data-selector='gallery_1'>\n                        <div class=\"jeg_preview_holder\">\n                            <div class=\"jeg_preview_media\">\n                        <div class=\"jeg_preview_media_holder\">\n                            <h3>&nbsp;<\/h3>\n                            <div class=\"fullscreen-switch\">\n                                <i class=\"fa\"><\/i>\n                            <\/div>\n                            <div class=\"jeg_preview_media_content\">\n                                <div class=\"jeg_preview_media_content_holder_padding\">\n                                    <div class=\"jeg_preview_media_content_holder\"><\/div>\n                                <\/div>\n                                <div class=\"jeg_preview_media_content_navigation\">\n                                    <div class=\"prev\">\n\t\t\t\t\t\t\t\t\t\t<i class=\"fa\"><\/i>\n\t\t\t\t\t\t\t\t\t<\/div>\n                                    <div class=\"next\">\n\t\t\t\t\t\t\t\t\t\t<i class=\"fa\"><\/i>\n\t\t\t\t\t\t\t\t\t<\/div>\n                                <\/div>\n                                <div class='preview-slider-overlay'>\n                                    <div class='preloader_type preloader_dot'>\n                                        <div class=\"module-preloader jeg_preloader dot\">\n                                            <span><\/span><span><\/span><span><\/span>\n                                        <\/div>\n                                        <div class=\"module-preloader jeg_preloader circle\">\n                                            <div class=\"jnews_preloader_circle_outer\">\n                                                <div class=\"jnews_preloader_circle_inner\"><\/div>\n                                            <\/div>\n                                        <\/div>\n                                        <div class=\"module-preloader jeg_preloader square\">\n                                            <div class=\"jeg_square\">\n                                                <div class=\"jeg_square_inner\"><\/div>\n                                            <\/div>\n                                        <\/div>\n                                    <\/div>\n                                <\/div>\n                            <\/div>\n                            <div class=\"jeg_preview_control\">\n                                <div class=\"left_control\">\n                                    <div class=\"counter\"><span class=\"current\">1<\/span> de  60<\/div>\n                                    <div class=\"subtitle\"><\/div>\n                                <\/div>\n                                <div class=\"zoom\">\n                                    <span class=\"reduce\">-<\/span>\n                                    <span class=\"increase\">+<\/span>\n                                <\/div>\n                            <\/div>\n                        <\/div>\n                    <\/div>\n\n                    <div class=\"jeg_preview_bottom_slider\">\n                        <a data-id=\"0\" data-title=\"Luc\u00eda Benavides. Presentaci\u00f3n del cartel del XXXV Festival Flamenco La Yerbabuena, Las Cabezas de San Juan (Sevilla). Foto: Kiko Valle\" data-image=\"https:\/\/expoflamenco.com\/revista\/wp-content\/uploads\/sites\/46\/2026\/04\/presentacion-cartel-xxxv-festival-flamenco-la-yerbabuena-43-lucia-benavides-rincon-malillo-las-cabezas-de-san-juan-abr26-foto-kiko-valle.webp\" href=\"https:\/\/expoflamenco.com\/revista\/wp-content\/uploads\/sites\/46\/2026\/04\/presentacion-cartel-xxxv-festival-flamenco-la-yerbabuena-43-lucia-benavides-rincon-malillo-las-cabezas-de-san-juan-abr26-foto-kiko-valle.webp\" class=\"jeg_preview_item active\">\n                            <div class=\"jeg_preview_item_thumbnail\">\n                                <img decoding=\"async\" width=\"120\" height=\"86\" src=\"https:\/\/expoflamenco.com\/revista\/wp-content\/uploads\/sites\/46\/2026\/04\/presentacion-cartel-xxxv-festival-flamenco-la-yerbabuena-43-lucia-benavides-rincon-malillo-las-cabezas-de-san-juan-abr26-foto-kiko-valle-120x86.webp\" class=\"attachment-jnews-120x86 size-jnews-120x86\" alt=\"Luc\u00eda Benavides. Presentaci\u00f3n del cartel del XXXV Festival Flamenco La Yerbabuena, Las Cabezas de San Juan (Sevilla). Foto: Kiko Valle\" srcset=\"https:\/\/expoflamenco.com\/revista\/wp-content\/uploads\/sites\/46\/2026\/04\/presentacion-cartel-xxxv-festival-flamenco-la-yerbabuena-43-lucia-benavides-rincon-malillo-las-cabezas-de-san-juan-abr26-foto-kiko-valle-120x86.webp 120w, https:\/\/expoflamenco.com\/revista\/wp-content\/uploads\/sites\/46\/2026\/04\/presentacion-cartel-xxxv-festival-flamenco-la-yerbabuena-43-lucia-benavides-rincon-malillo-las-cabezas-de-san-juan-abr26-foto-kiko-valle-350x250.webp 350w, https:\/\/expoflamenco.com\/revista\/wp-content\/uploads\/sites\/46\/2026\/04\/presentacion-cartel-xxxv-festival-flamenco-la-yerbabuena-43-lucia-benavides-rincon-malillo-las-cabezas-de-san-juan-abr26-foto-kiko-valle-750x536.webp 750w, https:\/\/expoflamenco.com\/revista\/wp-content\/uploads\/sites\/46\/2026\/04\/presentacion-cartel-xxxv-festival-flamenco-la-yerbabuena-43-lucia-benavides-rincon-malillo-las-cabezas-de-san-juan-abr26-foto-kiko-valle-1140x815.webp 1140w\" sizes=\"(max-width: 120px) 100vw, 120px\" data-full-width=\"1500\" data-full-height=\"924\" \/>\n                            <\/div>\n                        <\/a><a data-id=\"1\" data-title=\"Manuela Rom\u00e1n. Presentaci\u00f3n del cartel del XXXV Festival Flamenco La Yerbabuena, Las Cabezas de San Juan (Sevilla). Foto: Kiko Valle\" data-image=\"https:\/\/expoflamenco.com\/revista\/wp-content\/uploads\/sites\/46\/2026\/04\/presentacion-cartel-xxxv-festival-flamenco-la-yerbabuena-59-manuela-roman-en-rincon-malillo-las-cabezas-de-san-juan-abr26-foto-kiko-valle.webp\" href=\"https:\/\/expoflamenco.com\/revista\/wp-content\/uploads\/sites\/46\/2026\/04\/presentacion-cartel-xxxv-festival-flamenco-la-yerbabuena-59-manuela-roman-en-rincon-malillo-las-cabezas-de-san-juan-abr26-foto-kiko-valle.webp\" class=\"jeg_preview_item \">\n                            <div class=\"jeg_preview_item_thumbnail\">\n                                <img decoding=\"async\" width=\"120\" height=\"86\" src=\"https:\/\/expoflamenco.com\/revista\/wp-content\/uploads\/sites\/46\/2026\/04\/presentacion-cartel-xxxv-festival-flamenco-la-yerbabuena-59-manuela-roman-en-rincon-malillo-las-cabezas-de-san-juan-abr26-foto-kiko-valle-120x86.webp\" class=\"attachment-jnews-120x86 size-jnews-120x86\" alt=\"Manuela Rom\u00e1n. Presentaci\u00f3n del cartel del XXXV Festival Flamenco La Yerbabuena, Las Cabezas de San Juan (Sevilla). Foto: Kiko Valle\" srcset=\"https:\/\/expoflamenco.com\/revista\/wp-content\/uploads\/sites\/46\/2026\/04\/presentacion-cartel-xxxv-festival-flamenco-la-yerbabuena-59-manuela-roman-en-rincon-malillo-las-cabezas-de-san-juan-abr26-foto-kiko-valle-120x86.webp 120w, https:\/\/expoflamenco.com\/revista\/wp-content\/uploads\/sites\/46\/2026\/04\/presentacion-cartel-xxxv-festival-flamenco-la-yerbabuena-59-manuela-roman-en-rincon-malillo-las-cabezas-de-san-juan-abr26-foto-kiko-valle-350x250.webp 350w, https:\/\/expoflamenco.com\/revista\/wp-content\/uploads\/sites\/46\/2026\/04\/presentacion-cartel-xxxv-festival-flamenco-la-yerbabuena-59-manuela-roman-en-rincon-malillo-las-cabezas-de-san-juan-abr26-foto-kiko-valle-750x536.webp 750w, https:\/\/expoflamenco.com\/revista\/wp-content\/uploads\/sites\/46\/2026\/04\/presentacion-cartel-xxxv-festival-flamenco-la-yerbabuena-59-manuela-roman-en-rincon-malillo-las-cabezas-de-san-juan-abr26-foto-kiko-valle-1140x815.webp 1140w\" sizes=\"(max-width: 120px) 100vw, 120px\" data-full-width=\"1500\" data-full-height=\"924\" \/>\n                            <\/div>\n                        <\/a><a data-id=\"2\" data-title=\"Presentaci\u00f3n del cartel del XXXV Festival Flamenco La Yerbabuena, Las Cabezas de San Juan (Sevilla). Foto: Kiko Valle\" data-image=\"https:\/\/expoflamenco.com\/revista\/wp-content\/uploads\/sites\/46\/2026\/04\/presentacion-cartel-xxxv-festival-flamenco-la-yerbabuena-53-rincon-malillo-las-cabezas-de-san-juan-abr26-foto-kiko-valle.webp\" href=\"https:\/\/expoflamenco.com\/revista\/wp-content\/uploads\/sites\/46\/2026\/04\/presentacion-cartel-xxxv-festival-flamenco-la-yerbabuena-53-rincon-malillo-las-cabezas-de-san-juan-abr26-foto-kiko-valle.webp\" class=\"jeg_preview_item \">\n                            <div class=\"jeg_preview_item_thumbnail\">\n                                <img decoding=\"async\" width=\"120\" height=\"86\" src=\"https:\/\/expoflamenco.com\/revista\/wp-content\/uploads\/sites\/46\/2026\/04\/presentacion-cartel-xxxv-festival-flamenco-la-yerbabuena-53-rincon-malillo-las-cabezas-de-san-juan-abr26-foto-kiko-valle-120x86.webp\" class=\"attachment-jnews-120x86 size-jnews-120x86\" alt=\"Presentaci\u00f3n del cartel del XXXV Festival Flamenco La Yerbabuena, Las Cabezas de San Juan (Sevilla). Foto: Kiko Valle\" srcset=\"https:\/\/expoflamenco.com\/revista\/wp-content\/uploads\/sites\/46\/2026\/04\/presentacion-cartel-xxxv-festival-flamenco-la-yerbabuena-53-rincon-malillo-las-cabezas-de-san-juan-abr26-foto-kiko-valle-120x86.webp 120w, https:\/\/expoflamenco.com\/revista\/wp-content\/uploads\/sites\/46\/2026\/04\/presentacion-cartel-xxxv-festival-flamenco-la-yerbabuena-53-rincon-malillo-las-cabezas-de-san-juan-abr26-foto-kiko-valle-350x250.webp 350w, https:\/\/expoflamenco.com\/revista\/wp-content\/uploads\/sites\/46\/2026\/04\/presentacion-cartel-xxxv-festival-flamenco-la-yerbabuena-53-rincon-malillo-las-cabezas-de-san-juan-abr26-foto-kiko-valle-750x536.webp 750w, https:\/\/expoflamenco.com\/revista\/wp-content\/uploads\/sites\/46\/2026\/04\/presentacion-cartel-xxxv-festival-flamenco-la-yerbabuena-53-rincon-malillo-las-cabezas-de-san-juan-abr26-foto-kiko-valle-1140x815.webp 1140w\" sizes=\"(max-width: 120px) 100vw, 120px\" data-full-width=\"1500\" data-full-height=\"924\" \/>\n                            <\/div>\n                        <\/a><a data-id=\"3\" data-title=\"\" data-image=\"https:\/\/expoflamenco.com\/revista\/wp-content\/uploads\/sites\/46\/2026\/04\/presentacion-cartel-xxxv-festival-flamenco-la-yerbabuena-52-rincon-malillo-las-cabezas-de-san-juan-abr26-foto-kiko-valle.webp\" href=\"https:\/\/expoflamenco.com\/revista\/wp-content\/uploads\/sites\/46\/2026\/04\/presentacion-cartel-xxxv-festival-flamenco-la-yerbabuena-52-rincon-malillo-las-cabezas-de-san-juan-abr26-foto-kiko-valle.webp\" class=\"jeg_preview_item \">\n                            <div class=\"jeg_preview_item_thumbnail\">\n                                <img loading=\"lazy\" decoding=\"async\" width=\"120\" height=\"86\" src=\"https:\/\/expoflamenco.com\/revista\/wp-content\/uploads\/sites\/46\/2026\/04\/presentacion-cartel-xxxv-festival-flamenco-la-yerbabuena-52-rincon-malillo-las-cabezas-de-san-juan-abr26-foto-kiko-valle-120x86.webp\" class=\"attachment-jnews-120x86 size-jnews-120x86\" alt=\"Audience of adults seated outdoors, attentively watching a ceremony in front of a white building with yellow accents.\" srcset=\"https:\/\/expoflamenco.com\/revista\/wp-content\/uploads\/sites\/46\/2026\/04\/presentacion-cartel-xxxv-festival-flamenco-la-yerbabuena-52-rincon-malillo-las-cabezas-de-san-juan-abr26-foto-kiko-valle-120x86.webp 120w, https:\/\/expoflamenco.com\/revista\/wp-content\/uploads\/sites\/46\/2026\/04\/presentacion-cartel-xxxv-festival-flamenco-la-yerbabuena-52-rincon-malillo-las-cabezas-de-san-juan-abr26-foto-kiko-valle-350x250.webp 350w, https:\/\/expoflamenco.com\/revista\/wp-content\/uploads\/sites\/46\/2026\/04\/presentacion-cartel-xxxv-festival-flamenco-la-yerbabuena-52-rincon-malillo-las-cabezas-de-san-juan-abr26-foto-kiko-valle-750x536.webp 750w, https:\/\/expoflamenco.com\/revista\/wp-content\/uploads\/sites\/46\/2026\/04\/presentacion-cartel-xxxv-festival-flamenco-la-yerbabuena-52-rincon-malillo-las-cabezas-de-san-juan-abr26-foto-kiko-valle-1140x815.webp 1140w\" sizes=\"(max-width: 120px) 100vw, 120px\" data-full-width=\"1500\" data-full-height=\"924\" \/>\n                            <\/div>\n                        <\/a><a data-id=\"4\" data-title=\"Tere Pe\u00f1a. Presentaci\u00f3n del cartel del XXXV Festival Flamenco La Yerbabuena, Las Cabezas de San Juan (Sevilla). Foto: Kiko Valle\" data-image=\"https:\/\/expoflamenco.com\/revista\/wp-content\/uploads\/sites\/46\/2026\/04\/presentacion-cartel-xxxv-festival-flamenco-la-yerbabuena-51-tere-pena-rincon-malillo-las-cabezas-de-san-juan-abr26-foto-kiko-valle.webp\" href=\"https:\/\/expoflamenco.com\/revista\/wp-content\/uploads\/sites\/46\/2026\/04\/presentacion-cartel-xxxv-festival-flamenco-la-yerbabuena-51-tere-pena-rincon-malillo-las-cabezas-de-san-juan-abr26-foto-kiko-valle.webp\" class=\"jeg_preview_item \">\n                            <div class=\"jeg_preview_item_thumbnail\">\n                                <img loading=\"lazy\" decoding=\"async\" width=\"120\" height=\"86\" src=\"https:\/\/expoflamenco.com\/revista\/wp-content\/uploads\/sites\/46\/2026\/04\/presentacion-cartel-xxxv-festival-flamenco-la-yerbabuena-51-tere-pena-rincon-malillo-las-cabezas-de-san-juan-abr26-foto-kiko-valle-120x86.webp\" class=\"attachment-jnews-120x86 size-jnews-120x86\" alt=\"Tere Pe\u00f1a. Presentaci\u00f3n del cartel del XXXV Festival Flamenco La Yerbabuena, Las Cabezas de San Juan (Sevilla). Foto: Kiko Valle\" srcset=\"https:\/\/expoflamenco.com\/revista\/wp-content\/uploads\/sites\/46\/2026\/04\/presentacion-cartel-xxxv-festival-flamenco-la-yerbabuena-51-tere-pena-rincon-malillo-las-cabezas-de-san-juan-abr26-foto-kiko-valle-120x86.webp 120w, https:\/\/expoflamenco.com\/revista\/wp-content\/uploads\/sites\/46\/2026\/04\/presentacion-cartel-xxxv-festival-flamenco-la-yerbabuena-51-tere-pena-rincon-malillo-las-cabezas-de-san-juan-abr26-foto-kiko-valle-350x250.webp 350w, https:\/\/expoflamenco.com\/revista\/wp-content\/uploads\/sites\/46\/2026\/04\/presentacion-cartel-xxxv-festival-flamenco-la-yerbabuena-51-tere-pena-rincon-malillo-las-cabezas-de-san-juan-abr26-foto-kiko-valle-750x536.webp 750w, https:\/\/expoflamenco.com\/revista\/wp-content\/uploads\/sites\/46\/2026\/04\/presentacion-cartel-xxxv-festival-flamenco-la-yerbabuena-51-tere-pena-rincon-malillo-las-cabezas-de-san-juan-abr26-foto-kiko-valle-1140x815.webp 1140w\" sizes=\"(max-width: 120px) 100vw, 120px\" data-full-width=\"1500\" data-full-height=\"924\" \/>\n                            <\/div>\n                        <\/a><a data-id=\"5\" data-title=\"Manuel Cordero. Presentaci\u00f3n del cartel del XXXV Festival Flamenco La Yerbabuena, Las Cabezas de San Juan (Sevilla). Foto: Kiko Valle\" data-image=\"https:\/\/expoflamenco.com\/revista\/wp-content\/uploads\/sites\/46\/2026\/04\/presentacion-cartel-xxxv-festival-flamenco-la-yerbabuena-46-manuel-cordero-rincon-malillo-las-cabezas-de-san-juan-abr26-foto-kiko-valle.webp\" href=\"https:\/\/expoflamenco.com\/revista\/wp-content\/uploads\/sites\/46\/2026\/04\/presentacion-cartel-xxxv-festival-flamenco-la-yerbabuena-46-manuel-cordero-rincon-malillo-las-cabezas-de-san-juan-abr26-foto-kiko-valle.webp\" class=\"jeg_preview_item \">\n                            <div class=\"jeg_preview_item_thumbnail\">\n                                <img loading=\"lazy\" decoding=\"async\" width=\"120\" height=\"86\" src=\"https:\/\/expoflamenco.com\/revista\/wp-content\/uploads\/sites\/46\/2026\/04\/presentacion-cartel-xxxv-festival-flamenco-la-yerbabuena-46-manuel-cordero-rincon-malillo-las-cabezas-de-san-juan-abr26-foto-kiko-valle-120x86.webp\" class=\"attachment-jnews-120x86 size-jnews-120x86\" alt=\"Manuel Cordero. Presentaci\u00f3n del cartel del XXXV Festival Flamenco La Yerbabuena, Las Cabezas de San Juan (Sevilla). Foto: Kiko Valle\" srcset=\"https:\/\/expoflamenco.com\/revista\/wp-content\/uploads\/sites\/46\/2026\/04\/presentacion-cartel-xxxv-festival-flamenco-la-yerbabuena-46-manuel-cordero-rincon-malillo-las-cabezas-de-san-juan-abr26-foto-kiko-valle-120x86.webp 120w, https:\/\/expoflamenco.com\/revista\/wp-content\/uploads\/sites\/46\/2026\/04\/presentacion-cartel-xxxv-festival-flamenco-la-yerbabuena-46-manuel-cordero-rincon-malillo-las-cabezas-de-san-juan-abr26-foto-kiko-valle-350x250.webp 350w, https:\/\/expoflamenco.com\/revista\/wp-content\/uploads\/sites\/46\/2026\/04\/presentacion-cartel-xxxv-festival-flamenco-la-yerbabuena-46-manuel-cordero-rincon-malillo-las-cabezas-de-san-juan-abr26-foto-kiko-valle-750x536.webp 750w, https:\/\/expoflamenco.com\/revista\/wp-content\/uploads\/sites\/46\/2026\/04\/presentacion-cartel-xxxv-festival-flamenco-la-yerbabuena-46-manuel-cordero-rincon-malillo-las-cabezas-de-san-juan-abr26-foto-kiko-valle-1140x815.webp 1140w\" sizes=\"(max-width: 120px) 100vw, 120px\" data-full-width=\"1500\" data-full-height=\"924\" \/>\n                            <\/div>\n                        <\/a><a data-id=\"6\" data-title=\"Presentaci\u00f3n del cartel del XXXV Festival Flamenco La Yerbabuena, Las Cabezas de San Juan (Sevilla). Foto: Kiko Valle\" data-image=\"https:\/\/expoflamenco.com\/revista\/wp-content\/uploads\/sites\/46\/2026\/04\/presentacion-cartel-xxxv-festival-flamenco-la-yerbabuena-2-rincon-malillo-las-cabezas-de-san-juan-abr26-foto-kiko-valle.webp\" href=\"https:\/\/expoflamenco.com\/revista\/wp-content\/uploads\/sites\/46\/2026\/04\/presentacion-cartel-xxxv-festival-flamenco-la-yerbabuena-2-rincon-malillo-las-cabezas-de-san-juan-abr26-foto-kiko-valle.webp\" class=\"jeg_preview_item \">\n                            <div class=\"jeg_preview_item_thumbnail\">\n                                <img loading=\"lazy\" decoding=\"async\" width=\"120\" height=\"86\" src=\"https:\/\/expoflamenco.com\/revista\/wp-content\/uploads\/sites\/46\/2026\/04\/presentacion-cartel-xxxv-festival-flamenco-la-yerbabuena-2-rincon-malillo-las-cabezas-de-san-juan-abr26-foto-kiko-valle-120x86.webp\" class=\"attachment-jnews-120x86 size-jnews-120x86\" alt=\"Presentaci\u00f3n del cartel del XXXV Festival Flamenco La Yerbabuena, Las Cabezas de San Juan (Sevilla). Foto: Kiko Valle\" srcset=\"https:\/\/expoflamenco.com\/revista\/wp-content\/uploads\/sites\/46\/2026\/04\/presentacion-cartel-xxxv-festival-flamenco-la-yerbabuena-2-rincon-malillo-las-cabezas-de-san-juan-abr26-foto-kiko-valle-120x86.webp 120w, https:\/\/expoflamenco.com\/revista\/wp-content\/uploads\/sites\/46\/2026\/04\/presentacion-cartel-xxxv-festival-flamenco-la-yerbabuena-2-rincon-malillo-las-cabezas-de-san-juan-abr26-foto-kiko-valle-350x250.webp 350w, https:\/\/expoflamenco.com\/revista\/wp-content\/uploads\/sites\/46\/2026\/04\/presentacion-cartel-xxxv-festival-flamenco-la-yerbabuena-2-rincon-malillo-las-cabezas-de-san-juan-abr26-foto-kiko-valle-750x536.webp 750w, https:\/\/expoflamenco.com\/revista\/wp-content\/uploads\/sites\/46\/2026\/04\/presentacion-cartel-xxxv-festival-flamenco-la-yerbabuena-2-rincon-malillo-las-cabezas-de-san-juan-abr26-foto-kiko-valle-1140x815.webp 1140w\" sizes=\"(max-width: 120px) 100vw, 120px\" data-full-width=\"1500\" data-full-height=\"924\" \/>\n                            <\/div>\n                        <\/a><a data-id=\"7\" data-title=\"Presentaci\u00f3n del cartel del XXXV Festival Flamenco La Yerbabuena, Las Cabezas de San Juan (Sevilla). Foto: Kiko Valle\" data-image=\"https:\/\/expoflamenco.com\/revista\/wp-content\/uploads\/sites\/46\/2026\/04\/presentacion-cartel-xxxv-festival-flamenco-la-yerbabuena-3-rincon-malillo-las-cabezas-de-san-juan-abr26-foto-kiko-valle.webp\" href=\"https:\/\/expoflamenco.com\/revista\/wp-content\/uploads\/sites\/46\/2026\/04\/presentacion-cartel-xxxv-festival-flamenco-la-yerbabuena-3-rincon-malillo-las-cabezas-de-san-juan-abr26-foto-kiko-valle.webp\" class=\"jeg_preview_item \">\n                            <div class=\"jeg_preview_item_thumbnail\">\n                                <img loading=\"lazy\" decoding=\"async\" width=\"120\" height=\"86\" src=\"https:\/\/expoflamenco.com\/revista\/wp-content\/uploads\/sites\/46\/2026\/04\/presentacion-cartel-xxxv-festival-flamenco-la-yerbabuena-3-rincon-malillo-las-cabezas-de-san-juan-abr26-foto-kiko-valle-120x86.webp\" class=\"attachment-jnews-120x86 size-jnews-120x86\" alt=\"Presentaci\u00f3n del cartel del XXXV Festival Flamenco La Yerbabuena, Las Cabezas de San Juan (Sevilla). Foto: Kiko Valle\" srcset=\"https:\/\/expoflamenco.com\/revista\/wp-content\/uploads\/sites\/46\/2026\/04\/presentacion-cartel-xxxv-festival-flamenco-la-yerbabuena-3-rincon-malillo-las-cabezas-de-san-juan-abr26-foto-kiko-valle-120x86.webp 120w, https:\/\/expoflamenco.com\/revista\/wp-content\/uploads\/sites\/46\/2026\/04\/presentacion-cartel-xxxv-festival-flamenco-la-yerbabuena-3-rincon-malillo-las-cabezas-de-san-juan-abr26-foto-kiko-valle-350x250.webp 350w, https:\/\/expoflamenco.com\/revista\/wp-content\/uploads\/sites\/46\/2026\/04\/presentacion-cartel-xxxv-festival-flamenco-la-yerbabuena-3-rincon-malillo-las-cabezas-de-san-juan-abr26-foto-kiko-valle-750x536.webp 750w, https:\/\/expoflamenco.com\/revista\/wp-content\/uploads\/sites\/46\/2026\/04\/presentacion-cartel-xxxv-festival-flamenco-la-yerbabuena-3-rincon-malillo-las-cabezas-de-san-juan-abr26-foto-kiko-valle-1140x815.webp 1140w\" sizes=\"(max-width: 120px) 100vw, 120px\" data-full-width=\"1500\" data-full-height=\"924\" \/>\n                            <\/div>\n                        <\/a><a data-id=\"8\" data-title=\"Presentaci\u00f3n del cartel del XXXV Festival Flamenco La Yerbabuena, Las Cabezas de San Juan (Sevilla). Foto: Kiko Valle\" data-image=\"https:\/\/expoflamenco.com\/revista\/wp-content\/uploads\/sites\/46\/2026\/04\/presentacion-cartel-xxxv-festival-flamenco-la-yerbabuena-4-rincon-malillo-las-cabezas-de-san-juan-abr26-foto-kiko-valle.webp\" href=\"https:\/\/expoflamenco.com\/revista\/wp-content\/uploads\/sites\/46\/2026\/04\/presentacion-cartel-xxxv-festival-flamenco-la-yerbabuena-4-rincon-malillo-las-cabezas-de-san-juan-abr26-foto-kiko-valle.webp\" class=\"jeg_preview_item \">\n                            <div class=\"jeg_preview_item_thumbnail\">\n                                <img loading=\"lazy\" decoding=\"async\" width=\"120\" height=\"86\" src=\"https:\/\/expoflamenco.com\/revista\/wp-content\/uploads\/sites\/46\/2026\/04\/presentacion-cartel-xxxv-festival-flamenco-la-yerbabuena-4-rincon-malillo-las-cabezas-de-san-juan-abr26-foto-kiko-valle-120x86.webp\" class=\"attachment-jnews-120x86 size-jnews-120x86\" alt=\"Two people unveil a framed painting of a guitarist with a dancer on a red-draped pedestal during an outdoor ceremony.\" srcset=\"https:\/\/expoflamenco.com\/revista\/wp-content\/uploads\/sites\/46\/2026\/04\/presentacion-cartel-xxxv-festival-flamenco-la-yerbabuena-4-rincon-malillo-las-cabezas-de-san-juan-abr26-foto-kiko-valle-120x86.webp 120w, https:\/\/expoflamenco.com\/revista\/wp-content\/uploads\/sites\/46\/2026\/04\/presentacion-cartel-xxxv-festival-flamenco-la-yerbabuena-4-rincon-malillo-las-cabezas-de-san-juan-abr26-foto-kiko-valle-350x250.webp 350w, https:\/\/expoflamenco.com\/revista\/wp-content\/uploads\/sites\/46\/2026\/04\/presentacion-cartel-xxxv-festival-flamenco-la-yerbabuena-4-rincon-malillo-las-cabezas-de-san-juan-abr26-foto-kiko-valle-750x536.webp 750w, https:\/\/expoflamenco.com\/revista\/wp-content\/uploads\/sites\/46\/2026\/04\/presentacion-cartel-xxxv-festival-flamenco-la-yerbabuena-4-rincon-malillo-las-cabezas-de-san-juan-abr26-foto-kiko-valle-1140x815.webp 1140w\" sizes=\"(max-width: 120px) 100vw, 120px\" data-full-width=\"1500\" data-full-height=\"924\" \/>\n                            <\/div>\n                        <\/a><a data-id=\"9\" data-title=\"Presentaci\u00f3n del cartel del XXXV Festival Flamenco La Yerbabuena, Las Cabezas de San Juan (Sevilla). Foto: Kiko Valle\" data-image=\"https:\/\/expoflamenco.com\/revista\/wp-content\/uploads\/sites\/46\/2026\/04\/presentacion-cartel-xxxv-festival-flamenco-la-yerbabuena-5-rincon-malillo-las-cabezas-de-san-juan-abr26-foto-kiko-valle.webp\" href=\"https:\/\/expoflamenco.com\/revista\/wp-content\/uploads\/sites\/46\/2026\/04\/presentacion-cartel-xxxv-festival-flamenco-la-yerbabuena-5-rincon-malillo-las-cabezas-de-san-juan-abr26-foto-kiko-valle.webp\" class=\"jeg_preview_item \">\n                            <div class=\"jeg_preview_item_thumbnail\">\n                                <img loading=\"lazy\" decoding=\"async\" width=\"120\" height=\"86\" src=\"https:\/\/expoflamenco.com\/revista\/wp-content\/uploads\/sites\/46\/2026\/04\/presentacion-cartel-xxxv-festival-flamenco-la-yerbabuena-5-rincon-malillo-las-cabezas-de-san-juan-abr26-foto-kiko-valle-120x86.webp\" class=\"attachment-jnews-120x86 size-jnews-120x86\" alt=\"Presentaci\u00f3n del cartel del XXXV Festival Flamenco La Yerbabuena, Las Cabezas de San Juan (Sevilla). Foto: Kiko Valle\" srcset=\"https:\/\/expoflamenco.com\/revista\/wp-content\/uploads\/sites\/46\/2026\/04\/presentacion-cartel-xxxv-festival-flamenco-la-yerbabuena-5-rincon-malillo-las-cabezas-de-san-juan-abr26-foto-kiko-valle-120x86.webp 120w, https:\/\/expoflamenco.com\/revista\/wp-content\/uploads\/sites\/46\/2026\/04\/presentacion-cartel-xxxv-festival-flamenco-la-yerbabuena-5-rincon-malillo-las-cabezas-de-san-juan-abr26-foto-kiko-valle-350x250.webp 350w, https:\/\/expoflamenco.com\/revista\/wp-content\/uploads\/sites\/46\/2026\/04\/presentacion-cartel-xxxv-festival-flamenco-la-yerbabuena-5-rincon-malillo-las-cabezas-de-san-juan-abr26-foto-kiko-valle-750x536.webp 750w, https:\/\/expoflamenco.com\/revista\/wp-content\/uploads\/sites\/46\/2026\/04\/presentacion-cartel-xxxv-festival-flamenco-la-yerbabuena-5-rincon-malillo-las-cabezas-de-san-juan-abr26-foto-kiko-valle-1140x815.webp 1140w\" sizes=\"(max-width: 120px) 100vw, 120px\" data-full-width=\"1500\" data-full-height=\"924\" \/>\n                            <\/div>\n                        <\/a><a data-id=\"10\" data-title=\"Luc\u00eda Benavides. Presentaci\u00f3n del cartel del XXXV Festival Flamenco La Yerbabuena, Las Cabezas de San Juan (Sevilla). Foto: Kiko Valle\" data-image=\"https:\/\/expoflamenco.com\/revista\/wp-content\/uploads\/sites\/46\/2026\/04\/presentacion-cartel-xxxv-festival-flamenco-la-yerbabuena-6-lucia-benavides-rincon-malillo-las-cabezas-de-san-juan-abr26-foto-kiko-valle.webp\" href=\"https:\/\/expoflamenco.com\/revista\/wp-content\/uploads\/sites\/46\/2026\/04\/presentacion-cartel-xxxv-festival-flamenco-la-yerbabuena-6-lucia-benavides-rincon-malillo-las-cabezas-de-san-juan-abr26-foto-kiko-valle.webp\" class=\"jeg_preview_item \">\n                            <div class=\"jeg_preview_item_thumbnail\">\n                                <img loading=\"lazy\" decoding=\"async\" width=\"120\" height=\"86\" src=\"https:\/\/expoflamenco.com\/revista\/wp-content\/uploads\/sites\/46\/2026\/04\/presentacion-cartel-xxxv-festival-flamenco-la-yerbabuena-6-lucia-benavides-rincon-malillo-las-cabezas-de-san-juan-abr26-foto-kiko-valle-120x86.webp\" class=\"attachment-jnews-120x86 size-jnews-120x86\" alt=\"Luc\u00eda Benavides. Presentaci\u00f3n del cartel del XXXV Festival Flamenco La Yerbabuena, Las Cabezas de San Juan (Sevilla). Foto: Kiko Valle\" srcset=\"https:\/\/expoflamenco.com\/revista\/wp-content\/uploads\/sites\/46\/2026\/04\/presentacion-cartel-xxxv-festival-flamenco-la-yerbabuena-6-lucia-benavides-rincon-malillo-las-cabezas-de-san-juan-abr26-foto-kiko-valle-120x86.webp 120w, https:\/\/expoflamenco.com\/revista\/wp-content\/uploads\/sites\/46\/2026\/04\/presentacion-cartel-xxxv-festival-flamenco-la-yerbabuena-6-lucia-benavides-rincon-malillo-las-cabezas-de-san-juan-abr26-foto-kiko-valle-350x250.webp 350w, https:\/\/expoflamenco.com\/revista\/wp-content\/uploads\/sites\/46\/2026\/04\/presentacion-cartel-xxxv-festival-flamenco-la-yerbabuena-6-lucia-benavides-rincon-malillo-las-cabezas-de-san-juan-abr26-foto-kiko-valle-750x536.webp 750w, https:\/\/expoflamenco.com\/revista\/wp-content\/uploads\/sites\/46\/2026\/04\/presentacion-cartel-xxxv-festival-flamenco-la-yerbabuena-6-lucia-benavides-rincon-malillo-las-cabezas-de-san-juan-abr26-foto-kiko-valle-1140x815.webp 1140w\" sizes=\"(max-width: 120px) 100vw, 120px\" data-full-width=\"1500\" data-full-height=\"924\" \/>\n                            <\/div>\n                        <\/a><a data-id=\"11\" data-title=\"Luc\u00eda Benavides. Presentaci\u00f3n del cartel del XXXV Festival Flamenco La Yerbabuena, Las Cabezas de San Juan (Sevilla). Foto: Kiko Valle\" data-image=\"https:\/\/expoflamenco.com\/revista\/wp-content\/uploads\/sites\/46\/2026\/04\/presentacion-cartel-xxxv-festival-flamenco-la-yerbabuena-7-lucia-benavides-rincon-malillo-las-cabezas-de-san-juan-abr26-foto-kiko-valle.webp\" href=\"https:\/\/expoflamenco.com\/revista\/wp-content\/uploads\/sites\/46\/2026\/04\/presentacion-cartel-xxxv-festival-flamenco-la-yerbabuena-7-lucia-benavides-rincon-malillo-las-cabezas-de-san-juan-abr26-foto-kiko-valle.webp\" class=\"jeg_preview_item \">\n                            <div class=\"jeg_preview_item_thumbnail\">\n                                <img loading=\"lazy\" decoding=\"async\" width=\"120\" height=\"86\" src=\"https:\/\/expoflamenco.com\/revista\/wp-content\/uploads\/sites\/46\/2026\/04\/presentacion-cartel-xxxv-festival-flamenco-la-yerbabuena-7-lucia-benavides-rincon-malillo-las-cabezas-de-san-juan-abr26-foto-kiko-valle-120x86.webp\" class=\"attachment-jnews-120x86 size-jnews-120x86\" alt=\"Woman in a blue lace dress flamenco dancing with red flowers in her hair, raising her arms in a dramatic pose outdoors.\" srcset=\"https:\/\/expoflamenco.com\/revista\/wp-content\/uploads\/sites\/46\/2026\/04\/presentacion-cartel-xxxv-festival-flamenco-la-yerbabuena-7-lucia-benavides-rincon-malillo-las-cabezas-de-san-juan-abr26-foto-kiko-valle-120x86.webp 120w, https:\/\/expoflamenco.com\/revista\/wp-content\/uploads\/sites\/46\/2026\/04\/presentacion-cartel-xxxv-festival-flamenco-la-yerbabuena-7-lucia-benavides-rincon-malillo-las-cabezas-de-san-juan-abr26-foto-kiko-valle-350x250.webp 350w, https:\/\/expoflamenco.com\/revista\/wp-content\/uploads\/sites\/46\/2026\/04\/presentacion-cartel-xxxv-festival-flamenco-la-yerbabuena-7-lucia-benavides-rincon-malillo-las-cabezas-de-san-juan-abr26-foto-kiko-valle-750x536.webp 750w, https:\/\/expoflamenco.com\/revista\/wp-content\/uploads\/sites\/46\/2026\/04\/presentacion-cartel-xxxv-festival-flamenco-la-yerbabuena-7-lucia-benavides-rincon-malillo-las-cabezas-de-san-juan-abr26-foto-kiko-valle-1140x815.webp 1140w\" sizes=\"(max-width: 120px) 100vw, 120px\" data-full-width=\"1500\" data-full-height=\"924\" \/>\n                            <\/div>\n                        <\/a><a data-id=\"12\" data-title=\"Luc\u00eda Benavides. Presentaci\u00f3n del cartel del XXXV Festival Flamenco La Yerbabuena, Las Cabezas de San Juan (Sevilla). Foto: Kiko Valle\" data-image=\"https:\/\/expoflamenco.com\/revista\/wp-content\/uploads\/sites\/46\/2026\/04\/presentacion-cartel-xxxv-festival-flamenco-la-yerbabuena-8-lucia-benavides-rincon-malillo-las-cabezas-de-san-juan-abr26-foto-kiko-valle.webp\" href=\"https:\/\/expoflamenco.com\/revista\/wp-content\/uploads\/sites\/46\/2026\/04\/presentacion-cartel-xxxv-festival-flamenco-la-yerbabuena-8-lucia-benavides-rincon-malillo-las-cabezas-de-san-juan-abr26-foto-kiko-valle.webp\" class=\"jeg_preview_item \">\n                            <div class=\"jeg_preview_item_thumbnail\">\n                                <img loading=\"lazy\" decoding=\"async\" width=\"120\" height=\"86\" src=\"https:\/\/expoflamenco.com\/revista\/wp-content\/uploads\/sites\/46\/2026\/04\/presentacion-cartel-xxxv-festival-flamenco-la-yerbabuena-8-lucia-benavides-rincon-malillo-las-cabezas-de-san-juan-abr26-foto-kiko-valle-120x86.webp\" class=\"attachment-jnews-120x86 size-jnews-120x86\" alt=\"Luc\u00eda Benavides. Presentaci\u00f3n del cartel del XXXV Festival Flamenco La Yerbabuena, Las Cabezas de San Juan (Sevilla). Foto: Kiko Valle\" srcset=\"https:\/\/expoflamenco.com\/revista\/wp-content\/uploads\/sites\/46\/2026\/04\/presentacion-cartel-xxxv-festival-flamenco-la-yerbabuena-8-lucia-benavides-rincon-malillo-las-cabezas-de-san-juan-abr26-foto-kiko-valle-120x86.webp 120w, https:\/\/expoflamenco.com\/revista\/wp-content\/uploads\/sites\/46\/2026\/04\/presentacion-cartel-xxxv-festival-flamenco-la-yerbabuena-8-lucia-benavides-rincon-malillo-las-cabezas-de-san-juan-abr26-foto-kiko-valle-350x250.webp 350w, https:\/\/expoflamenco.com\/revista\/wp-content\/uploads\/sites\/46\/2026\/04\/presentacion-cartel-xxxv-festival-flamenco-la-yerbabuena-8-lucia-benavides-rincon-malillo-las-cabezas-de-san-juan-abr26-foto-kiko-valle-750x536.webp 750w, https:\/\/expoflamenco.com\/revista\/wp-content\/uploads\/sites\/46\/2026\/04\/presentacion-cartel-xxxv-festival-flamenco-la-yerbabuena-8-lucia-benavides-rincon-malillo-las-cabezas-de-san-juan-abr26-foto-kiko-valle-1140x815.webp 1140w\" sizes=\"(max-width: 120px) 100vw, 120px\" data-full-width=\"1500\" data-full-height=\"924\" \/>\n                            <\/div>\n                        <\/a><a data-id=\"13\" data-title=\"Luc\u00eda Benavides. Presentaci\u00f3n del cartel del XXXV Festival Flamenco La Yerbabuena, Las Cabezas de San Juan (Sevilla). Foto: Kiko Valle\" data-image=\"https:\/\/expoflamenco.com\/revista\/wp-content\/uploads\/sites\/46\/2026\/04\/presentacion-cartel-xxxv-festival-flamenco-la-yerbabuena-9-lucia-benavides-rincon-malillo-las-cabezas-de-san-juan-abr26-foto-kiko-valle.webp\" href=\"https:\/\/expoflamenco.com\/revista\/wp-content\/uploads\/sites\/46\/2026\/04\/presentacion-cartel-xxxv-festival-flamenco-la-yerbabuena-9-lucia-benavides-rincon-malillo-las-cabezas-de-san-juan-abr26-foto-kiko-valle.webp\" class=\"jeg_preview_item \">\n                            <div class=\"jeg_preview_item_thumbnail\">\n                                <img loading=\"lazy\" decoding=\"async\" width=\"120\" height=\"86\" src=\"https:\/\/expoflamenco.com\/revista\/wp-content\/uploads\/sites\/46\/2026\/04\/presentacion-cartel-xxxv-festival-flamenco-la-yerbabuena-9-lucia-benavides-rincon-malillo-las-cabezas-de-san-juan-abr26-foto-kiko-valle-120x86.webp\" class=\"attachment-jnews-120x86 size-jnews-120x86\" alt=\"Luc\u00eda Benavides. Presentaci\u00f3n del cartel del XXXV Festival Flamenco La Yerbabuena, Las Cabezas de San Juan (Sevilla). Foto: Kiko Valle\" srcset=\"https:\/\/expoflamenco.com\/revista\/wp-content\/uploads\/sites\/46\/2026\/04\/presentacion-cartel-xxxv-festival-flamenco-la-yerbabuena-9-lucia-benavides-rincon-malillo-las-cabezas-de-san-juan-abr26-foto-kiko-valle-120x86.webp 120w, https:\/\/expoflamenco.com\/revista\/wp-content\/uploads\/sites\/46\/2026\/04\/presentacion-cartel-xxxv-festival-flamenco-la-yerbabuena-9-lucia-benavides-rincon-malillo-las-cabezas-de-san-juan-abr26-foto-kiko-valle-350x250.webp 350w, https:\/\/expoflamenco.com\/revista\/wp-content\/uploads\/sites\/46\/2026\/04\/presentacion-cartel-xxxv-festival-flamenco-la-yerbabuena-9-lucia-benavides-rincon-malillo-las-cabezas-de-san-juan-abr26-foto-kiko-valle-750x536.webp 750w, https:\/\/expoflamenco.com\/revista\/wp-content\/uploads\/sites\/46\/2026\/04\/presentacion-cartel-xxxv-festival-flamenco-la-yerbabuena-9-lucia-benavides-rincon-malillo-las-cabezas-de-san-juan-abr26-foto-kiko-valle-1140x815.webp 1140w\" sizes=\"(max-width: 120px) 100vw, 120px\" data-full-width=\"1500\" data-full-height=\"924\" \/>\n                            <\/div>\n                        <\/a><a data-id=\"14\" data-title=\"Luc\u00eda Benavides. Presentaci\u00f3n del cartel del XXXV Festival Flamenco La Yerbabuena, Las Cabezas de San Juan (Sevilla). Foto: Kiko Valle\" data-image=\"https:\/\/expoflamenco.com\/revista\/wp-content\/uploads\/sites\/46\/2026\/04\/presentacion-cartel-xxxv-festival-flamenco-la-yerbabuena-10-lucia-benavides-rincon-malillo-las-cabezas-de-san-juan-abr26-foto-kiko-valle.webp\" href=\"https:\/\/expoflamenco.com\/revista\/wp-content\/uploads\/sites\/46\/2026\/04\/presentacion-cartel-xxxv-festival-flamenco-la-yerbabuena-10-lucia-benavides-rincon-malillo-las-cabezas-de-san-juan-abr26-foto-kiko-valle.webp\" class=\"jeg_preview_item \">\n                            <div class=\"jeg_preview_item_thumbnail\">\n                                <img loading=\"lazy\" decoding=\"async\" width=\"120\" height=\"86\" src=\"https:\/\/expoflamenco.com\/revista\/wp-content\/uploads\/sites\/46\/2026\/04\/presentacion-cartel-xxxv-festival-flamenco-la-yerbabuena-10-lucia-benavides-rincon-malillo-las-cabezas-de-san-juan-abr26-foto-kiko-valle-120x86.webp\" class=\"attachment-jnews-120x86 size-jnews-120x86\" alt=\"Flamenco dancer in an orange polka-dot dress twirls in a courtyard with pink bougainvillea; a guitarist sits in the background.\" srcset=\"https:\/\/expoflamenco.com\/revista\/wp-content\/uploads\/sites\/46\/2026\/04\/presentacion-cartel-xxxv-festival-flamenco-la-yerbabuena-10-lucia-benavides-rincon-malillo-las-cabezas-de-san-juan-abr26-foto-kiko-valle-120x86.webp 120w, https:\/\/expoflamenco.com\/revista\/wp-content\/uploads\/sites\/46\/2026\/04\/presentacion-cartel-xxxv-festival-flamenco-la-yerbabuena-10-lucia-benavides-rincon-malillo-las-cabezas-de-san-juan-abr26-foto-kiko-valle-350x250.webp 350w, https:\/\/expoflamenco.com\/revista\/wp-content\/uploads\/sites\/46\/2026\/04\/presentacion-cartel-xxxv-festival-flamenco-la-yerbabuena-10-lucia-benavides-rincon-malillo-las-cabezas-de-san-juan-abr26-foto-kiko-valle-750x536.webp 750w, https:\/\/expoflamenco.com\/revista\/wp-content\/uploads\/sites\/46\/2026\/04\/presentacion-cartel-xxxv-festival-flamenco-la-yerbabuena-10-lucia-benavides-rincon-malillo-las-cabezas-de-san-juan-abr26-foto-kiko-valle-1140x815.webp 1140w\" sizes=\"(max-width: 120px) 100vw, 120px\" data-full-width=\"1500\" data-full-height=\"924\" \/>\n                            <\/div>\n                        <\/a><a data-id=\"15\" data-title=\"Luc\u00eda Benavides. Presentaci\u00f3n del cartel del XXXV Festival Flamenco La Yerbabuena, Las Cabezas de San Juan (Sevilla). Foto: Kiko Valle\" data-image=\"https:\/\/expoflamenco.com\/revista\/wp-content\/uploads\/sites\/46\/2026\/04\/presentacion-cartel-xxxv-festival-flamenco-la-yerbabuena-11-lucia-benavides-rincon-malillo-las-cabezas-de-san-juan-abr26-foto-kiko-valle.webp\" href=\"https:\/\/expoflamenco.com\/revista\/wp-content\/uploads\/sites\/46\/2026\/04\/presentacion-cartel-xxxv-festival-flamenco-la-yerbabuena-11-lucia-benavides-rincon-malillo-las-cabezas-de-san-juan-abr26-foto-kiko-valle.webp\" class=\"jeg_preview_item \">\n                            <div class=\"jeg_preview_item_thumbnail\">\n                                <img loading=\"lazy\" decoding=\"async\" width=\"120\" height=\"86\" src=\"https:\/\/expoflamenco.com\/revista\/wp-content\/uploads\/sites\/46\/2026\/04\/presentacion-cartel-xxxv-festival-flamenco-la-yerbabuena-11-lucia-benavides-rincon-malillo-las-cabezas-de-san-juan-abr26-foto-kiko-valle-120x86.webp\" class=\"attachment-jnews-120x86 size-jnews-120x86\" alt=\"Luc\u00eda Benavides. Presentaci\u00f3n del cartel del XXXV Festival Flamenco La Yerbabuena, Las Cabezas de San Juan (Sevilla). Foto: Kiko Valle\" srcset=\"https:\/\/expoflamenco.com\/revista\/wp-content\/uploads\/sites\/46\/2026\/04\/presentacion-cartel-xxxv-festival-flamenco-la-yerbabuena-11-lucia-benavides-rincon-malillo-las-cabezas-de-san-juan-abr26-foto-kiko-valle-120x86.webp 120w, https:\/\/expoflamenco.com\/revista\/wp-content\/uploads\/sites\/46\/2026\/04\/presentacion-cartel-xxxv-festival-flamenco-la-yerbabuena-11-lucia-benavides-rincon-malillo-las-cabezas-de-san-juan-abr26-foto-kiko-valle-350x250.webp 350w, https:\/\/expoflamenco.com\/revista\/wp-content\/uploads\/sites\/46\/2026\/04\/presentacion-cartel-xxxv-festival-flamenco-la-yerbabuena-11-lucia-benavides-rincon-malillo-las-cabezas-de-san-juan-abr26-foto-kiko-valle-750x536.webp 750w, https:\/\/expoflamenco.com\/revista\/wp-content\/uploads\/sites\/46\/2026\/04\/presentacion-cartel-xxxv-festival-flamenco-la-yerbabuena-11-lucia-benavides-rincon-malillo-las-cabezas-de-san-juan-abr26-foto-kiko-valle-1140x815.webp 1140w\" sizes=\"(max-width: 120px) 100vw, 120px\" data-full-width=\"1500\" data-full-height=\"924\" \/>\n                            <\/div>\n                        <\/a><a data-id=\"16\" data-title=\"Luc\u00eda Benavides. Presentaci\u00f3n del cartel del XXXV Festival Flamenco La Yerbabuena, Las Cabezas de San Juan (Sevilla). Foto: Kiko Valle\" data-image=\"https:\/\/expoflamenco.com\/revista\/wp-content\/uploads\/sites\/46\/2026\/04\/presentacion-cartel-xxxv-festival-flamenco-la-yerbabuena-12-lucia-benavides-rincon-malillo-las-cabezas-de-san-juan-abr26-foto-kiko-valle.webp\" href=\"https:\/\/expoflamenco.com\/revista\/wp-content\/uploads\/sites\/46\/2026\/04\/presentacion-cartel-xxxv-festival-flamenco-la-yerbabuena-12-lucia-benavides-rincon-malillo-las-cabezas-de-san-juan-abr26-foto-kiko-valle.webp\" class=\"jeg_preview_item \">\n                            <div class=\"jeg_preview_item_thumbnail\">\n                                <img loading=\"lazy\" decoding=\"async\" width=\"120\" height=\"86\" src=\"https:\/\/expoflamenco.com\/revista\/wp-content\/uploads\/sites\/46\/2026\/04\/presentacion-cartel-xxxv-festival-flamenco-la-yerbabuena-12-lucia-benavides-rincon-malillo-las-cabezas-de-san-juan-abr26-foto-kiko-valle-120x86.webp\" class=\"attachment-jnews-120x86 size-jnews-120x86\" alt=\"Luc\u00eda Benavides. Presentaci\u00f3n del cartel del XXXV Festival Flamenco La Yerbabuena, Las Cabezas de San Juan (Sevilla). Foto: Kiko Valle\" srcset=\"https:\/\/expoflamenco.com\/revista\/wp-content\/uploads\/sites\/46\/2026\/04\/presentacion-cartel-xxxv-festival-flamenco-la-yerbabuena-12-lucia-benavides-rincon-malillo-las-cabezas-de-san-juan-abr26-foto-kiko-valle-120x86.webp 120w, https:\/\/expoflamenco.com\/revista\/wp-content\/uploads\/sites\/46\/2026\/04\/presentacion-cartel-xxxv-festival-flamenco-la-yerbabuena-12-lucia-benavides-rincon-malillo-las-cabezas-de-san-juan-abr26-foto-kiko-valle-350x250.webp 350w, https:\/\/expoflamenco.com\/revista\/wp-content\/uploads\/sites\/46\/2026\/04\/presentacion-cartel-xxxv-festival-flamenco-la-yerbabuena-12-lucia-benavides-rincon-malillo-las-cabezas-de-san-juan-abr26-foto-kiko-valle-750x536.webp 750w, https:\/\/expoflamenco.com\/revista\/wp-content\/uploads\/sites\/46\/2026\/04\/presentacion-cartel-xxxv-festival-flamenco-la-yerbabuena-12-lucia-benavides-rincon-malillo-las-cabezas-de-san-juan-abr26-foto-kiko-valle-1140x815.webp 1140w\" sizes=\"(max-width: 120px) 100vw, 120px\" data-full-width=\"1500\" data-full-height=\"924\" \/>\n                            <\/div>\n                        <\/a><a data-id=\"17\" data-title=\"Luc\u00eda Benavides. Presentaci\u00f3n del cartel del XXXV Festival Flamenco La Yerbabuena, Las Cabezas de San Juan (Sevilla). Foto: Kiko Valle\" data-image=\"https:\/\/expoflamenco.com\/revista\/wp-content\/uploads\/sites\/46\/2026\/04\/presentacion-cartel-xxxv-festival-flamenco-la-yerbabuena-13-lucia-benavides-rincon-malillo-las-cabezas-de-san-juan-abr26-foto-kiko-valle.webp\" href=\"https:\/\/expoflamenco.com\/revista\/wp-content\/uploads\/sites\/46\/2026\/04\/presentacion-cartel-xxxv-festival-flamenco-la-yerbabuena-13-lucia-benavides-rincon-malillo-las-cabezas-de-san-juan-abr26-foto-kiko-valle.webp\" class=\"jeg_preview_item \">\n                            <div class=\"jeg_preview_item_thumbnail\">\n                                <img loading=\"lazy\" decoding=\"async\" width=\"120\" height=\"86\" src=\"https:\/\/expoflamenco.com\/revista\/wp-content\/uploads\/sites\/46\/2026\/04\/presentacion-cartel-xxxv-festival-flamenco-la-yerbabuena-13-lucia-benavides-rincon-malillo-las-cabezas-de-san-juan-abr26-foto-kiko-valle-120x86.webp\" class=\"attachment-jnews-120x86 size-jnews-120x86\" alt=\"Luc\u00eda Benavides. Presentaci\u00f3n del cartel del XXXV Festival Flamenco La Yerbabuena, Las Cabezas de San Juan (Sevilla). Foto: Kiko Valle\" srcset=\"https:\/\/expoflamenco.com\/revista\/wp-content\/uploads\/sites\/46\/2026\/04\/presentacion-cartel-xxxv-festival-flamenco-la-yerbabuena-13-lucia-benavides-rincon-malillo-las-cabezas-de-san-juan-abr26-foto-kiko-valle-120x86.webp 120w, https:\/\/expoflamenco.com\/revista\/wp-content\/uploads\/sites\/46\/2026\/04\/presentacion-cartel-xxxv-festival-flamenco-la-yerbabuena-13-lucia-benavides-rincon-malillo-las-cabezas-de-san-juan-abr26-foto-kiko-valle-350x250.webp 350w, https:\/\/expoflamenco.com\/revista\/wp-content\/uploads\/sites\/46\/2026\/04\/presentacion-cartel-xxxv-festival-flamenco-la-yerbabuena-13-lucia-benavides-rincon-malillo-las-cabezas-de-san-juan-abr26-foto-kiko-valle-750x536.webp 750w, https:\/\/expoflamenco.com\/revista\/wp-content\/uploads\/sites\/46\/2026\/04\/presentacion-cartel-xxxv-festival-flamenco-la-yerbabuena-13-lucia-benavides-rincon-malillo-las-cabezas-de-san-juan-abr26-foto-kiko-valle-1140x815.webp 1140w\" sizes=\"(max-width: 120px) 100vw, 120px\" data-full-width=\"1500\" data-full-height=\"924\" \/>\n                            <\/div>\n                        <\/a><a data-id=\"18\" data-title=\"Luc\u00eda Benavides. Presentaci\u00f3n del cartel del XXXV Festival Flamenco La Yerbabuena, Las Cabezas de San Juan (Sevilla). Foto: Kiko Valle\" data-image=\"https:\/\/expoflamenco.com\/revista\/wp-content\/uploads\/sites\/46\/2026\/04\/presentacion-cartel-xxxv-festival-flamenco-la-yerbabuena-14-lucia-benavides-rincon-malillo-las-cabezas-de-san-juan-abr26-foto-kiko-valle.webp\" href=\"https:\/\/expoflamenco.com\/revista\/wp-content\/uploads\/sites\/46\/2026\/04\/presentacion-cartel-xxxv-festival-flamenco-la-yerbabuena-14-lucia-benavides-rincon-malillo-las-cabezas-de-san-juan-abr26-foto-kiko-valle.webp\" class=\"jeg_preview_item \">\n                            <div class=\"jeg_preview_item_thumbnail\">\n                                <img loading=\"lazy\" decoding=\"async\" width=\"120\" height=\"86\" src=\"https:\/\/expoflamenco.com\/revista\/wp-content\/uploads\/sites\/46\/2026\/04\/presentacion-cartel-xxxv-festival-flamenco-la-yerbabuena-14-lucia-benavides-rincon-malillo-las-cabezas-de-san-juan-abr26-foto-kiko-valle-120x86.webp\" class=\"attachment-jnews-120x86 size-jnews-120x86\" alt=\"Woman in an orange polka-dot dress raises her arm in a dramatic dance pose outdoors, with a focused expression.\" srcset=\"https:\/\/expoflamenco.com\/revista\/wp-content\/uploads\/sites\/46\/2026\/04\/presentacion-cartel-xxxv-festival-flamenco-la-yerbabuena-14-lucia-benavides-rincon-malillo-las-cabezas-de-san-juan-abr26-foto-kiko-valle-120x86.webp 120w, https:\/\/expoflamenco.com\/revista\/wp-content\/uploads\/sites\/46\/2026\/04\/presentacion-cartel-xxxv-festival-flamenco-la-yerbabuena-14-lucia-benavides-rincon-malillo-las-cabezas-de-san-juan-abr26-foto-kiko-valle-350x250.webp 350w, https:\/\/expoflamenco.com\/revista\/wp-content\/uploads\/sites\/46\/2026\/04\/presentacion-cartel-xxxv-festival-flamenco-la-yerbabuena-14-lucia-benavides-rincon-malillo-las-cabezas-de-san-juan-abr26-foto-kiko-valle-750x536.webp 750w, https:\/\/expoflamenco.com\/revista\/wp-content\/uploads\/sites\/46\/2026\/04\/presentacion-cartel-xxxv-festival-flamenco-la-yerbabuena-14-lucia-benavides-rincon-malillo-las-cabezas-de-san-juan-abr26-foto-kiko-valle-1140x815.webp 1140w\" sizes=\"(max-width: 120px) 100vw, 120px\" data-full-width=\"1500\" data-full-height=\"924\" \/>\n                            <\/div>\n                        <\/a><a data-id=\"19\" data-title=\"Luc\u00eda Benavides. Presentaci\u00f3n del cartel del XXXV Festival Flamenco La Yerbabuena, Las Cabezas de San Juan (Sevilla). Foto: Kiko Valle\" data-image=\"https:\/\/expoflamenco.com\/revista\/wp-content\/uploads\/sites\/46\/2026\/04\/presentacion-cartel-xxxv-festival-flamenco-la-yerbabuena-15-lucia-benavides-rincon-malillo-las-cabezas-de-san-juan-abr26-foto-kiko-valle.webp\" href=\"https:\/\/expoflamenco.com\/revista\/wp-content\/uploads\/sites\/46\/2026\/04\/presentacion-cartel-xxxv-festival-flamenco-la-yerbabuena-15-lucia-benavides-rincon-malillo-las-cabezas-de-san-juan-abr26-foto-kiko-valle.webp\" class=\"jeg_preview_item \">\n                            <div class=\"jeg_preview_item_thumbnail\">\n                                <img loading=\"lazy\" decoding=\"async\" width=\"120\" height=\"86\" src=\"https:\/\/expoflamenco.com\/revista\/wp-content\/uploads\/sites\/46\/2026\/04\/presentacion-cartel-xxxv-festival-flamenco-la-yerbabuena-15-lucia-benavides-rincon-malillo-las-cabezas-de-san-juan-abr26-foto-kiko-valle-120x86.webp\" class=\"attachment-jnews-120x86 size-jnews-120x86\" alt=\"Luc\u00eda Benavides. Presentaci\u00f3n del cartel del XXXV Festival Flamenco La Yerbabuena, Las Cabezas de San Juan (Sevilla). Foto: Kiko Valle\" srcset=\"https:\/\/expoflamenco.com\/revista\/wp-content\/uploads\/sites\/46\/2026\/04\/presentacion-cartel-xxxv-festival-flamenco-la-yerbabuena-15-lucia-benavides-rincon-malillo-las-cabezas-de-san-juan-abr26-foto-kiko-valle-120x86.webp 120w, https:\/\/expoflamenco.com\/revista\/wp-content\/uploads\/sites\/46\/2026\/04\/presentacion-cartel-xxxv-festival-flamenco-la-yerbabuena-15-lucia-benavides-rincon-malillo-las-cabezas-de-san-juan-abr26-foto-kiko-valle-350x250.webp 350w, https:\/\/expoflamenco.com\/revista\/wp-content\/uploads\/sites\/46\/2026\/04\/presentacion-cartel-xxxv-festival-flamenco-la-yerbabuena-15-lucia-benavides-rincon-malillo-las-cabezas-de-san-juan-abr26-foto-kiko-valle-750x536.webp 750w, https:\/\/expoflamenco.com\/revista\/wp-content\/uploads\/sites\/46\/2026\/04\/presentacion-cartel-xxxv-festival-flamenco-la-yerbabuena-15-lucia-benavides-rincon-malillo-las-cabezas-de-san-juan-abr26-foto-kiko-valle-1140x815.webp 1140w\" sizes=\"(max-width: 120px) 100vw, 120px\" data-full-width=\"1500\" data-full-height=\"924\" \/>\n                            <\/div>\n                        <\/a><a data-id=\"20\" data-title=\"Luc\u00eda Benavides. Presentaci\u00f3n del cartel del XXXV Festival Flamenco La Yerbabuena, Las Cabezas de San Juan (Sevilla). Foto: Kiko Valle\" data-image=\"https:\/\/expoflamenco.com\/revista\/wp-content\/uploads\/sites\/46\/2026\/04\/presentacion-cartel-xxxv-festival-flamenco-la-yerbabuena-16-lucia-benavides-rincon-malillo-las-cabezas-de-san-juan-abr26-foto-kiko-valle.webp\" href=\"https:\/\/expoflamenco.com\/revista\/wp-content\/uploads\/sites\/46\/2026\/04\/presentacion-cartel-xxxv-festival-flamenco-la-yerbabuena-16-lucia-benavides-rincon-malillo-las-cabezas-de-san-juan-abr26-foto-kiko-valle.webp\" class=\"jeg_preview_item \">\n                            <div class=\"jeg_preview_item_thumbnail\">\n                                <img loading=\"lazy\" decoding=\"async\" width=\"120\" height=\"86\" src=\"https:\/\/expoflamenco.com\/revista\/wp-content\/uploads\/sites\/46\/2026\/04\/presentacion-cartel-xxxv-festival-flamenco-la-yerbabuena-16-lucia-benavides-rincon-malillo-las-cabezas-de-san-juan-abr26-foto-kiko-valle-120x86.webp\" class=\"attachment-jnews-120x86 size-jnews-120x86\" alt=\"Luc\u00eda Benavides. Presentaci\u00f3n del cartel del XXXV Festival Flamenco La Yerbabuena, Las Cabezas de San Juan (Sevilla). Foto: Kiko Valle\" srcset=\"https:\/\/expoflamenco.com\/revista\/wp-content\/uploads\/sites\/46\/2026\/04\/presentacion-cartel-xxxv-festival-flamenco-la-yerbabuena-16-lucia-benavides-rincon-malillo-las-cabezas-de-san-juan-abr26-foto-kiko-valle-120x86.webp 120w, https:\/\/expoflamenco.com\/revista\/wp-content\/uploads\/sites\/46\/2026\/04\/presentacion-cartel-xxxv-festival-flamenco-la-yerbabuena-16-lucia-benavides-rincon-malillo-las-cabezas-de-san-juan-abr26-foto-kiko-valle-350x250.webp 350w, https:\/\/expoflamenco.com\/revista\/wp-content\/uploads\/sites\/46\/2026\/04\/presentacion-cartel-xxxv-festival-flamenco-la-yerbabuena-16-lucia-benavides-rincon-malillo-las-cabezas-de-san-juan-abr26-foto-kiko-valle-750x536.webp 750w, https:\/\/expoflamenco.com\/revista\/wp-content\/uploads\/sites\/46\/2026\/04\/presentacion-cartel-xxxv-festival-flamenco-la-yerbabuena-16-lucia-benavides-rincon-malillo-las-cabezas-de-san-juan-abr26-foto-kiko-valle-1140x815.webp 1140w\" sizes=\"(max-width: 120px) 100vw, 120px\" data-full-width=\"1500\" data-full-height=\"924\" \/>\n                            <\/div>\n                        <\/a><a data-id=\"21\" data-title=\"Luc\u00eda Benavides. Presentaci\u00f3n del cartel del XXXV Festival Flamenco La Yerbabuena, Las Cabezas de San Juan (Sevilla). Foto: Kiko Valle\" data-image=\"https:\/\/expoflamenco.com\/revista\/wp-content\/uploads\/sites\/46\/2026\/04\/presentacion-cartel-xxxv-festival-flamenco-la-yerbabuena-17-lucia-benavides-rincon-malillo-las-cabezas-de-san-juan-abr26-foto-kiko-valle.webp\" href=\"https:\/\/expoflamenco.com\/revista\/wp-content\/uploads\/sites\/46\/2026\/04\/presentacion-cartel-xxxv-festival-flamenco-la-yerbabuena-17-lucia-benavides-rincon-malillo-las-cabezas-de-san-juan-abr26-foto-kiko-valle.webp\" class=\"jeg_preview_item \">\n                            <div class=\"jeg_preview_item_thumbnail\">\n                                <img loading=\"lazy\" decoding=\"async\" width=\"120\" height=\"86\" src=\"https:\/\/expoflamenco.com\/revista\/wp-content\/uploads\/sites\/46\/2026\/04\/presentacion-cartel-xxxv-festival-flamenco-la-yerbabuena-17-lucia-benavides-rincon-malillo-las-cabezas-de-san-juan-abr26-foto-kiko-valle-120x86.webp\" class=\"attachment-jnews-120x86 size-jnews-120x86\" alt=\"Woman in an orange polka-dot dress extends her arm in a dramatic flamenco pose outdoors, with a focused expression.\" srcset=\"https:\/\/expoflamenco.com\/revista\/wp-content\/uploads\/sites\/46\/2026\/04\/presentacion-cartel-xxxv-festival-flamenco-la-yerbabuena-17-lucia-benavides-rincon-malillo-las-cabezas-de-san-juan-abr26-foto-kiko-valle-120x86.webp 120w, https:\/\/expoflamenco.com\/revista\/wp-content\/uploads\/sites\/46\/2026\/04\/presentacion-cartel-xxxv-festival-flamenco-la-yerbabuena-17-lucia-benavides-rincon-malillo-las-cabezas-de-san-juan-abr26-foto-kiko-valle-350x250.webp 350w, https:\/\/expoflamenco.com\/revista\/wp-content\/uploads\/sites\/46\/2026\/04\/presentacion-cartel-xxxv-festival-flamenco-la-yerbabuena-17-lucia-benavides-rincon-malillo-las-cabezas-de-san-juan-abr26-foto-kiko-valle-750x536.webp 750w, https:\/\/expoflamenco.com\/revista\/wp-content\/uploads\/sites\/46\/2026\/04\/presentacion-cartel-xxxv-festival-flamenco-la-yerbabuena-17-lucia-benavides-rincon-malillo-las-cabezas-de-san-juan-abr26-foto-kiko-valle-1140x815.webp 1140w\" sizes=\"(max-width: 120px) 100vw, 120px\" data-full-width=\"1500\" data-full-height=\"924\" \/>\n                            <\/div>\n                        <\/a><a data-id=\"22\" data-title=\"Luc\u00eda Benavides. Presentaci\u00f3n del cartel del XXXV Festival Flamenco La Yerbabuena, Las Cabezas de San Juan (Sevilla). Foto: Kiko Valle\" data-image=\"https:\/\/expoflamenco.com\/revista\/wp-content\/uploads\/sites\/46\/2026\/04\/presentacion-cartel-xxxv-festival-flamenco-la-yerbabuena-18-lucia-benavides-rincon-malillo-las-cabezas-de-san-juan-abr26-foto-kiko-valle.webp\" href=\"https:\/\/expoflamenco.com\/revista\/wp-content\/uploads\/sites\/46\/2026\/04\/presentacion-cartel-xxxv-festival-flamenco-la-yerbabuena-18-lucia-benavides-rincon-malillo-las-cabezas-de-san-juan-abr26-foto-kiko-valle.webp\" class=\"jeg_preview_item \">\n                            <div class=\"jeg_preview_item_thumbnail\">\n                                <img loading=\"lazy\" decoding=\"async\" width=\"120\" height=\"86\" src=\"https:\/\/expoflamenco.com\/revista\/wp-content\/uploads\/sites\/46\/2026\/04\/presentacion-cartel-xxxv-festival-flamenco-la-yerbabuena-18-lucia-benavides-rincon-malillo-las-cabezas-de-san-juan-abr26-foto-kiko-valle-120x86.webp\" class=\"attachment-jnews-120x86 size-jnews-120x86\" alt=\"Luc\u00eda Benavides. Presentaci\u00f3n del cartel del XXXV Festival Flamenco La Yerbabuena, Las Cabezas de San Juan (Sevilla). Foto: Kiko Valle\" srcset=\"https:\/\/expoflamenco.com\/revista\/wp-content\/uploads\/sites\/46\/2026\/04\/presentacion-cartel-xxxv-festival-flamenco-la-yerbabuena-18-lucia-benavides-rincon-malillo-las-cabezas-de-san-juan-abr26-foto-kiko-valle-120x86.webp 120w, https:\/\/expoflamenco.com\/revista\/wp-content\/uploads\/sites\/46\/2026\/04\/presentacion-cartel-xxxv-festival-flamenco-la-yerbabuena-18-lucia-benavides-rincon-malillo-las-cabezas-de-san-juan-abr26-foto-kiko-valle-350x250.webp 350w, https:\/\/expoflamenco.com\/revista\/wp-content\/uploads\/sites\/46\/2026\/04\/presentacion-cartel-xxxv-festival-flamenco-la-yerbabuena-18-lucia-benavides-rincon-malillo-las-cabezas-de-san-juan-abr26-foto-kiko-valle-750x536.webp 750w, https:\/\/expoflamenco.com\/revista\/wp-content\/uploads\/sites\/46\/2026\/04\/presentacion-cartel-xxxv-festival-flamenco-la-yerbabuena-18-lucia-benavides-rincon-malillo-las-cabezas-de-san-juan-abr26-foto-kiko-valle-1140x815.webp 1140w\" sizes=\"(max-width: 120px) 100vw, 120px\" data-full-width=\"1500\" data-full-height=\"924\" \/>\n                            <\/div>\n                        <\/a><a data-id=\"23\" data-title=\"Luc\u00eda Benavides. Presentaci\u00f3n del cartel del XXXV Festival Flamenco La Yerbabuena, Las Cabezas de San Juan (Sevilla). Foto: Kiko Valle\" data-image=\"https:\/\/expoflamenco.com\/revista\/wp-content\/uploads\/sites\/46\/2026\/04\/presentacion-cartel-xxxv-festival-flamenco-la-yerbabuena-19-lucia-benavides-rincon-malillo-las-cabezas-de-san-juan-abr26-foto-kiko-valle.webp\" href=\"https:\/\/expoflamenco.com\/revista\/wp-content\/uploads\/sites\/46\/2026\/04\/presentacion-cartel-xxxv-festival-flamenco-la-yerbabuena-19-lucia-benavides-rincon-malillo-las-cabezas-de-san-juan-abr26-foto-kiko-valle.webp\" class=\"jeg_preview_item \">\n                            <div class=\"jeg_preview_item_thumbnail\">\n                                <img loading=\"lazy\" decoding=\"async\" width=\"120\" height=\"86\" src=\"https:\/\/expoflamenco.com\/revista\/wp-content\/uploads\/sites\/46\/2026\/04\/presentacion-cartel-xxxv-festival-flamenco-la-yerbabuena-19-lucia-benavides-rincon-malillo-las-cabezas-de-san-juan-abr26-foto-kiko-valle-120x86.webp\" class=\"attachment-jnews-120x86 size-jnews-120x86\" alt=\"Luc\u00eda Benavides. Presentaci\u00f3n del cartel del XXXV Festival Flamenco La Yerbabuena, Las Cabezas de San Juan (Sevilla). Foto: Kiko Valle\" srcset=\"https:\/\/expoflamenco.com\/revista\/wp-content\/uploads\/sites\/46\/2026\/04\/presentacion-cartel-xxxv-festival-flamenco-la-yerbabuena-19-lucia-benavides-rincon-malillo-las-cabezas-de-san-juan-abr26-foto-kiko-valle-120x86.webp 120w, https:\/\/expoflamenco.com\/revista\/wp-content\/uploads\/sites\/46\/2026\/04\/presentacion-cartel-xxxv-festival-flamenco-la-yerbabuena-19-lucia-benavides-rincon-malillo-las-cabezas-de-san-juan-abr26-foto-kiko-valle-350x250.webp 350w, https:\/\/expoflamenco.com\/revista\/wp-content\/uploads\/sites\/46\/2026\/04\/presentacion-cartel-xxxv-festival-flamenco-la-yerbabuena-19-lucia-benavides-rincon-malillo-las-cabezas-de-san-juan-abr26-foto-kiko-valle-750x536.webp 750w, https:\/\/expoflamenco.com\/revista\/wp-content\/uploads\/sites\/46\/2026\/04\/presentacion-cartel-xxxv-festival-flamenco-la-yerbabuena-19-lucia-benavides-rincon-malillo-las-cabezas-de-san-juan-abr26-foto-kiko-valle-1140x815.webp 1140w\" sizes=\"(max-width: 120px) 100vw, 120px\" data-full-width=\"1500\" data-full-height=\"924\" \/>\n                            <\/div>\n                        <\/a><a data-id=\"24\" data-title=\"Luc\u00eda Benavides. Presentaci\u00f3n del cartel del XXXV Festival Flamenco La Yerbabuena, Las Cabezas de San Juan (Sevilla). Foto: Kiko Valle\" data-image=\"https:\/\/expoflamenco.com\/revista\/wp-content\/uploads\/sites\/46\/2026\/04\/presentacion-cartel-xxxv-festival-flamenco-la-yerbabuena-20-lucia-benavides-rincon-malillo-las-cabezas-de-san-juan-abr26-foto-kiko-valle.webp\" href=\"https:\/\/expoflamenco.com\/revista\/wp-content\/uploads\/sites\/46\/2026\/04\/presentacion-cartel-xxxv-festival-flamenco-la-yerbabuena-20-lucia-benavides-rincon-malillo-las-cabezas-de-san-juan-abr26-foto-kiko-valle.webp\" class=\"jeg_preview_item \">\n                            <div class=\"jeg_preview_item_thumbnail\">\n                                <img loading=\"lazy\" decoding=\"async\" width=\"120\" height=\"86\" src=\"https:\/\/expoflamenco.com\/revista\/wp-content\/uploads\/sites\/46\/2026\/04\/presentacion-cartel-xxxv-festival-flamenco-la-yerbabuena-20-lucia-benavides-rincon-malillo-las-cabezas-de-san-juan-abr26-foto-kiko-valle-120x86.webp\" class=\"attachment-jnews-120x86 size-jnews-120x86\" alt=\"Luc\u00eda Benavides. Presentaci\u00f3n del cartel del XXXV Festival Flamenco La Yerbabuena, Las Cabezas de San Juan (Sevilla). Foto: Kiko Valle\" srcset=\"https:\/\/expoflamenco.com\/revista\/wp-content\/uploads\/sites\/46\/2026\/04\/presentacion-cartel-xxxv-festival-flamenco-la-yerbabuena-20-lucia-benavides-rincon-malillo-las-cabezas-de-san-juan-abr26-foto-kiko-valle-120x86.webp 120w, https:\/\/expoflamenco.com\/revista\/wp-content\/uploads\/sites\/46\/2026\/04\/presentacion-cartel-xxxv-festival-flamenco-la-yerbabuena-20-lucia-benavides-rincon-malillo-las-cabezas-de-san-juan-abr26-foto-kiko-valle-350x250.webp 350w, https:\/\/expoflamenco.com\/revista\/wp-content\/uploads\/sites\/46\/2026\/04\/presentacion-cartel-xxxv-festival-flamenco-la-yerbabuena-20-lucia-benavides-rincon-malillo-las-cabezas-de-san-juan-abr26-foto-kiko-valle-750x536.webp 750w, https:\/\/expoflamenco.com\/revista\/wp-content\/uploads\/sites\/46\/2026\/04\/presentacion-cartel-xxxv-festival-flamenco-la-yerbabuena-20-lucia-benavides-rincon-malillo-las-cabezas-de-san-juan-abr26-foto-kiko-valle-1140x815.webp 1140w\" sizes=\"(max-width: 120px) 100vw, 120px\" data-full-width=\"1500\" data-full-height=\"924\" \/>\n                            <\/div>\n                        <\/a><a data-id=\"25\" data-title=\"Luc\u00eda Benavides. Presentaci\u00f3n del cartel del XXXV Festival Flamenco La Yerbabuena, Las Cabezas de San Juan (Sevilla). Foto: Kiko Valle\" data-image=\"https:\/\/expoflamenco.com\/revista\/wp-content\/uploads\/sites\/46\/2026\/04\/presentacion-cartel-xxxv-festival-flamenco-la-yerbabuena-21-lucia-benavides-rincon-malillo-las-cabezas-de-san-juan-abr26-foto-kiko-valle.webp\" href=\"https:\/\/expoflamenco.com\/revista\/wp-content\/uploads\/sites\/46\/2026\/04\/presentacion-cartel-xxxv-festival-flamenco-la-yerbabuena-21-lucia-benavides-rincon-malillo-las-cabezas-de-san-juan-abr26-foto-kiko-valle.webp\" class=\"jeg_preview_item \">\n                            <div class=\"jeg_preview_item_thumbnail\">\n                                <img loading=\"lazy\" decoding=\"async\" width=\"120\" height=\"86\" src=\"https:\/\/expoflamenco.com\/revista\/wp-content\/uploads\/sites\/46\/2026\/04\/presentacion-cartel-xxxv-festival-flamenco-la-yerbabuena-21-lucia-benavides-rincon-malillo-las-cabezas-de-san-juan-abr26-foto-kiko-valle-120x86.webp\" class=\"attachment-jnews-120x86 size-jnews-120x86\" alt=\"Luc\u00eda Benavides. Presentaci\u00f3n del cartel del XXXV Festival Flamenco La Yerbabuena, Las Cabezas de San Juan (Sevilla). Foto: Kiko Valle\" srcset=\"https:\/\/expoflamenco.com\/revista\/wp-content\/uploads\/sites\/46\/2026\/04\/presentacion-cartel-xxxv-festival-flamenco-la-yerbabuena-21-lucia-benavides-rincon-malillo-las-cabezas-de-san-juan-abr26-foto-kiko-valle-120x86.webp 120w, https:\/\/expoflamenco.com\/revista\/wp-content\/uploads\/sites\/46\/2026\/04\/presentacion-cartel-xxxv-festival-flamenco-la-yerbabuena-21-lucia-benavides-rincon-malillo-las-cabezas-de-san-juan-abr26-foto-kiko-valle-350x250.webp 350w, https:\/\/expoflamenco.com\/revista\/wp-content\/uploads\/sites\/46\/2026\/04\/presentacion-cartel-xxxv-festival-flamenco-la-yerbabuena-21-lucia-benavides-rincon-malillo-las-cabezas-de-san-juan-abr26-foto-kiko-valle-750x536.webp 750w, https:\/\/expoflamenco.com\/revista\/wp-content\/uploads\/sites\/46\/2026\/04\/presentacion-cartel-xxxv-festival-flamenco-la-yerbabuena-21-lucia-benavides-rincon-malillo-las-cabezas-de-san-juan-abr26-foto-kiko-valle-1140x815.webp 1140w\" sizes=\"(max-width: 120px) 100vw, 120px\" data-full-width=\"1500\" data-full-height=\"924\" \/>\n                            <\/div>\n                        <\/a><a data-id=\"26\" data-title=\"Luc\u00eda Benavides. Presentaci\u00f3n del cartel del XXXV Festival Flamenco La Yerbabuena, Las Cabezas de San Juan (Sevilla). Foto: Kiko Valle\" data-image=\"https:\/\/expoflamenco.com\/revista\/wp-content\/uploads\/sites\/46\/2026\/04\/presentacion-cartel-xxxv-festival-flamenco-la-yerbabuena-22-lucia-benavides-rincon-malillo-las-cabezas-de-san-juan-abr26-foto-kiko-valle.webp\" href=\"https:\/\/expoflamenco.com\/revista\/wp-content\/uploads\/sites\/46\/2026\/04\/presentacion-cartel-xxxv-festival-flamenco-la-yerbabuena-22-lucia-benavides-rincon-malillo-las-cabezas-de-san-juan-abr26-foto-kiko-valle.webp\" class=\"jeg_preview_item \">\n                            <div class=\"jeg_preview_item_thumbnail\">\n                                <img loading=\"lazy\" decoding=\"async\" width=\"120\" height=\"86\" src=\"https:\/\/expoflamenco.com\/revista\/wp-content\/uploads\/sites\/46\/2026\/04\/presentacion-cartel-xxxv-festival-flamenco-la-yerbabuena-22-lucia-benavides-rincon-malillo-las-cabezas-de-san-juan-abr26-foto-kiko-valle-120x86.webp\" class=\"attachment-jnews-120x86 size-jnews-120x86\" alt=\"Woman in a blue lace dress with floral pattern, red flower in hair, red earrings, eyes closed and brow furrowed outdoors.\" srcset=\"https:\/\/expoflamenco.com\/revista\/wp-content\/uploads\/sites\/46\/2026\/04\/presentacion-cartel-xxxv-festival-flamenco-la-yerbabuena-22-lucia-benavides-rincon-malillo-las-cabezas-de-san-juan-abr26-foto-kiko-valle-120x86.webp 120w, https:\/\/expoflamenco.com\/revista\/wp-content\/uploads\/sites\/46\/2026\/04\/presentacion-cartel-xxxv-festival-flamenco-la-yerbabuena-22-lucia-benavides-rincon-malillo-las-cabezas-de-san-juan-abr26-foto-kiko-valle-350x250.webp 350w, https:\/\/expoflamenco.com\/revista\/wp-content\/uploads\/sites\/46\/2026\/04\/presentacion-cartel-xxxv-festival-flamenco-la-yerbabuena-22-lucia-benavides-rincon-malillo-las-cabezas-de-san-juan-abr26-foto-kiko-valle-750x536.webp 750w, https:\/\/expoflamenco.com\/revista\/wp-content\/uploads\/sites\/46\/2026\/04\/presentacion-cartel-xxxv-festival-flamenco-la-yerbabuena-22-lucia-benavides-rincon-malillo-las-cabezas-de-san-juan-abr26-foto-kiko-valle-1140x815.webp 1140w\" sizes=\"(max-width: 120px) 100vw, 120px\" data-full-width=\"1500\" data-full-height=\"924\" \/>\n                            <\/div>\n                        <\/a><a data-id=\"27\" data-title=\"Luc\u00eda Benavides. Presentaci\u00f3n del cartel del XXXV Festival Flamenco La Yerbabuena, Las Cabezas de San Juan (Sevilla). Foto: Kiko Valle\" data-image=\"https:\/\/expoflamenco.com\/revista\/wp-content\/uploads\/sites\/46\/2026\/04\/presentacion-cartel-xxxv-festival-flamenco-la-yerbabuena-23-lucia-benavides-rincon-malillo-las-cabezas-de-san-juan-abr26-foto-kiko-valle.webp\" href=\"https:\/\/expoflamenco.com\/revista\/wp-content\/uploads\/sites\/46\/2026\/04\/presentacion-cartel-xxxv-festival-flamenco-la-yerbabuena-23-lucia-benavides-rincon-malillo-las-cabezas-de-san-juan-abr26-foto-kiko-valle.webp\" class=\"jeg_preview_item \">\n                            <div class=\"jeg_preview_item_thumbnail\">\n                                <img loading=\"lazy\" decoding=\"async\" width=\"120\" height=\"86\" src=\"https:\/\/expoflamenco.com\/revista\/wp-content\/uploads\/sites\/46\/2026\/04\/presentacion-cartel-xxxv-festival-flamenco-la-yerbabuena-23-lucia-benavides-rincon-malillo-las-cabezas-de-san-juan-abr26-foto-kiko-valle-120x86.webp\" class=\"attachment-jnews-120x86 size-jnews-120x86\" alt=\"Luc\u00eda Benavides. Presentaci\u00f3n del cartel del XXXV Festival Flamenco La Yerbabuena, Las Cabezas de San Juan (Sevilla). Foto: Kiko Valle\" srcset=\"https:\/\/expoflamenco.com\/revista\/wp-content\/uploads\/sites\/46\/2026\/04\/presentacion-cartel-xxxv-festival-flamenco-la-yerbabuena-23-lucia-benavides-rincon-malillo-las-cabezas-de-san-juan-abr26-foto-kiko-valle-120x86.webp 120w, https:\/\/expoflamenco.com\/revista\/wp-content\/uploads\/sites\/46\/2026\/04\/presentacion-cartel-xxxv-festival-flamenco-la-yerbabuena-23-lucia-benavides-rincon-malillo-las-cabezas-de-san-juan-abr26-foto-kiko-valle-350x250.webp 350w, https:\/\/expoflamenco.com\/revista\/wp-content\/uploads\/sites\/46\/2026\/04\/presentacion-cartel-xxxv-festival-flamenco-la-yerbabuena-23-lucia-benavides-rincon-malillo-las-cabezas-de-san-juan-abr26-foto-kiko-valle-750x536.webp 750w, https:\/\/expoflamenco.com\/revista\/wp-content\/uploads\/sites\/46\/2026\/04\/presentacion-cartel-xxxv-festival-flamenco-la-yerbabuena-23-lucia-benavides-rincon-malillo-las-cabezas-de-san-juan-abr26-foto-kiko-valle-1140x815.webp 1140w\" sizes=\"(max-width: 120px) 100vw, 120px\" data-full-width=\"1500\" data-full-height=\"924\" \/>\n                            <\/div>\n                        <\/a><a data-id=\"28\" data-title=\"Luc\u00eda Benavides. Presentaci\u00f3n del cartel del XXXV Festival Flamenco La Yerbabuena, Las Cabezas de San Juan (Sevilla). Foto: Kiko Valle\" data-image=\"https:\/\/expoflamenco.com\/revista\/wp-content\/uploads\/sites\/46\/2026\/04\/presentacion-cartel-xxxv-festival-flamenco-la-yerbabuena-24-lucia-benavides-rincon-malillo-las-cabezas-de-san-juan-abr26-foto-kiko-valle.webp\" href=\"https:\/\/expoflamenco.com\/revista\/wp-content\/uploads\/sites\/46\/2026\/04\/presentacion-cartel-xxxv-festival-flamenco-la-yerbabuena-24-lucia-benavides-rincon-malillo-las-cabezas-de-san-juan-abr26-foto-kiko-valle.webp\" class=\"jeg_preview_item \">\n                            <div class=\"jeg_preview_item_thumbnail\">\n                                <img loading=\"lazy\" decoding=\"async\" width=\"120\" height=\"86\" src=\"https:\/\/expoflamenco.com\/revista\/wp-content\/uploads\/sites\/46\/2026\/04\/presentacion-cartel-xxxv-festival-flamenco-la-yerbabuena-24-lucia-benavides-rincon-malillo-las-cabezas-de-san-juan-abr26-foto-kiko-valle-120x86.webp\" class=\"attachment-jnews-120x86 size-jnews-120x86\" alt=\"Portrait of a woman in a blue lace dress with red flower hair accessories and gold earrings, gazing to the right.\" srcset=\"https:\/\/expoflamenco.com\/revista\/wp-content\/uploads\/sites\/46\/2026\/04\/presentacion-cartel-xxxv-festival-flamenco-la-yerbabuena-24-lucia-benavides-rincon-malillo-las-cabezas-de-san-juan-abr26-foto-kiko-valle-120x86.webp 120w, https:\/\/expoflamenco.com\/revista\/wp-content\/uploads\/sites\/46\/2026\/04\/presentacion-cartel-xxxv-festival-flamenco-la-yerbabuena-24-lucia-benavides-rincon-malillo-las-cabezas-de-san-juan-abr26-foto-kiko-valle-350x250.webp 350w, https:\/\/expoflamenco.com\/revista\/wp-content\/uploads\/sites\/46\/2026\/04\/presentacion-cartel-xxxv-festival-flamenco-la-yerbabuena-24-lucia-benavides-rincon-malillo-las-cabezas-de-san-juan-abr26-foto-kiko-valle-750x536.webp 750w, https:\/\/expoflamenco.com\/revista\/wp-content\/uploads\/sites\/46\/2026\/04\/presentacion-cartel-xxxv-festival-flamenco-la-yerbabuena-24-lucia-benavides-rincon-malillo-las-cabezas-de-san-juan-abr26-foto-kiko-valle-1140x815.webp 1140w\" sizes=\"(max-width: 120px) 100vw, 120px\" data-full-width=\"1500\" data-full-height=\"924\" \/>\n                            <\/div>\n                        <\/a><a data-id=\"29\" data-title=\"Luc\u00eda Benavides. Presentaci\u00f3n del cartel del XXXV Festival Flamenco La Yerbabuena, Las Cabezas de San Juan (Sevilla). Foto: Kiko Valle\" data-image=\"https:\/\/expoflamenco.com\/revista\/wp-content\/uploads\/sites\/46\/2026\/04\/presentacion-cartel-xxxv-festival-flamenco-la-yerbabuena-25-lucia-benavides-rincon-malillo-las-cabezas-de-san-juan-abr26-foto-kiko-valle.webp\" href=\"https:\/\/expoflamenco.com\/revista\/wp-content\/uploads\/sites\/46\/2026\/04\/presentacion-cartel-xxxv-festival-flamenco-la-yerbabuena-25-lucia-benavides-rincon-malillo-las-cabezas-de-san-juan-abr26-foto-kiko-valle.webp\" class=\"jeg_preview_item \">\n                            <div class=\"jeg_preview_item_thumbnail\">\n                                <img loading=\"lazy\" decoding=\"async\" width=\"120\" height=\"86\" src=\"https:\/\/expoflamenco.com\/revista\/wp-content\/uploads\/sites\/46\/2026\/04\/presentacion-cartel-xxxv-festival-flamenco-la-yerbabuena-25-lucia-benavides-rincon-malillo-las-cabezas-de-san-juan-abr26-foto-kiko-valle-120x86.webp\" class=\"attachment-jnews-120x86 size-jnews-120x86\" alt=\"Luc\u00eda Benavides. Presentaci\u00f3n del cartel del XXXV Festival Flamenco La Yerbabuena, Las Cabezas de San Juan (Sevilla). Foto: Kiko Valle\" srcset=\"https:\/\/expoflamenco.com\/revista\/wp-content\/uploads\/sites\/46\/2026\/04\/presentacion-cartel-xxxv-festival-flamenco-la-yerbabuena-25-lucia-benavides-rincon-malillo-las-cabezas-de-san-juan-abr26-foto-kiko-valle-120x86.webp 120w, https:\/\/expoflamenco.com\/revista\/wp-content\/uploads\/sites\/46\/2026\/04\/presentacion-cartel-xxxv-festival-flamenco-la-yerbabuena-25-lucia-benavides-rincon-malillo-las-cabezas-de-san-juan-abr26-foto-kiko-valle-350x250.webp 350w, https:\/\/expoflamenco.com\/revista\/wp-content\/uploads\/sites\/46\/2026\/04\/presentacion-cartel-xxxv-festival-flamenco-la-yerbabuena-25-lucia-benavides-rincon-malillo-las-cabezas-de-san-juan-abr26-foto-kiko-valle-750x536.webp 750w, https:\/\/expoflamenco.com\/revista\/wp-content\/uploads\/sites\/46\/2026\/04\/presentacion-cartel-xxxv-festival-flamenco-la-yerbabuena-25-lucia-benavides-rincon-malillo-las-cabezas-de-san-juan-abr26-foto-kiko-valle-1140x815.webp 1140w\" sizes=\"(max-width: 120px) 100vw, 120px\" data-full-width=\"1500\" data-full-height=\"924\" \/>\n                            <\/div>\n                        <\/a><a data-id=\"30\" data-title=\"Luc\u00eda Benavides. Presentaci\u00f3n del cartel del XXXV Festival Flamenco La Yerbabuena, Las Cabezas de San Juan (Sevilla). Foto: Kiko Valle\" data-image=\"https:\/\/expoflamenco.com\/revista\/wp-content\/uploads\/sites\/46\/2026\/04\/presentacion-cartel-xxxv-festival-flamenco-la-yerbabuena-26-lucia-benavides-rincon-malillo-las-cabezas-de-san-juan-abr26-foto-kiko-valle.webp\" href=\"https:\/\/expoflamenco.com\/revista\/wp-content\/uploads\/sites\/46\/2026\/04\/presentacion-cartel-xxxv-festival-flamenco-la-yerbabuena-26-lucia-benavides-rincon-malillo-las-cabezas-de-san-juan-abr26-foto-kiko-valle.webp\" class=\"jeg_preview_item \">\n                            <div class=\"jeg_preview_item_thumbnail\">\n                                <img loading=\"lazy\" decoding=\"async\" width=\"120\" height=\"86\" src=\"https:\/\/expoflamenco.com\/revista\/wp-content\/uploads\/sites\/46\/2026\/04\/presentacion-cartel-xxxv-festival-flamenco-la-yerbabuena-26-lucia-benavides-rincon-malillo-las-cabezas-de-san-juan-abr26-foto-kiko-valle-120x86.webp\" class=\"attachment-jnews-120x86 size-jnews-120x86\" alt=\"Flamenco dancer in a blue lace dress with a red flower in her hair, posing outdoors.\" srcset=\"https:\/\/expoflamenco.com\/revista\/wp-content\/uploads\/sites\/46\/2026\/04\/presentacion-cartel-xxxv-festival-flamenco-la-yerbabuena-26-lucia-benavides-rincon-malillo-las-cabezas-de-san-juan-abr26-foto-kiko-valle-120x86.webp 120w, https:\/\/expoflamenco.com\/revista\/wp-content\/uploads\/sites\/46\/2026\/04\/presentacion-cartel-xxxv-festival-flamenco-la-yerbabuena-26-lucia-benavides-rincon-malillo-las-cabezas-de-san-juan-abr26-foto-kiko-valle-350x250.webp 350w, https:\/\/expoflamenco.com\/revista\/wp-content\/uploads\/sites\/46\/2026\/04\/presentacion-cartel-xxxv-festival-flamenco-la-yerbabuena-26-lucia-benavides-rincon-malillo-las-cabezas-de-san-juan-abr26-foto-kiko-valle-750x536.webp 750w, https:\/\/expoflamenco.com\/revista\/wp-content\/uploads\/sites\/46\/2026\/04\/presentacion-cartel-xxxv-festival-flamenco-la-yerbabuena-26-lucia-benavides-rincon-malillo-las-cabezas-de-san-juan-abr26-foto-kiko-valle-1140x815.webp 1140w\" sizes=\"(max-width: 120px) 100vw, 120px\" data-full-width=\"1500\" data-full-height=\"924\" \/>\n                            <\/div>\n                        <\/a><a data-id=\"31\" data-title=\"Luc\u00eda Benavides. Presentaci\u00f3n del cartel del XXXV Festival Flamenco La Yerbabuena, Las Cabezas de San Juan (Sevilla). Foto: Kiko Valle\" data-image=\"https:\/\/expoflamenco.com\/revista\/wp-content\/uploads\/sites\/46\/2026\/04\/presentacion-cartel-xxxv-festival-flamenco-la-yerbabuena-27-lucia-benavides-rincon-malillo-las-cabezas-de-san-juan-abr26-foto-kiko-valle.webp\" href=\"https:\/\/expoflamenco.com\/revista\/wp-content\/uploads\/sites\/46\/2026\/04\/presentacion-cartel-xxxv-festival-flamenco-la-yerbabuena-27-lucia-benavides-rincon-malillo-las-cabezas-de-san-juan-abr26-foto-kiko-valle.webp\" class=\"jeg_preview_item \">\n                            <div class=\"jeg_preview_item_thumbnail\">\n                                <img loading=\"lazy\" decoding=\"async\" width=\"120\" height=\"86\" src=\"https:\/\/expoflamenco.com\/revista\/wp-content\/uploads\/sites\/46\/2026\/04\/presentacion-cartel-xxxv-festival-flamenco-la-yerbabuena-27-lucia-benavides-rincon-malillo-las-cabezas-de-san-juan-abr26-foto-kiko-valle-120x86.webp\" class=\"attachment-jnews-120x86 size-jnews-120x86\" alt=\"Luc\u00eda Benavides. Presentaci\u00f3n del cartel del XXXV Festival Flamenco La Yerbabuena, Las Cabezas de San Juan (Sevilla). Foto: Kiko Valle\" srcset=\"https:\/\/expoflamenco.com\/revista\/wp-content\/uploads\/sites\/46\/2026\/04\/presentacion-cartel-xxxv-festival-flamenco-la-yerbabuena-27-lucia-benavides-rincon-malillo-las-cabezas-de-san-juan-abr26-foto-kiko-valle-120x86.webp 120w, https:\/\/expoflamenco.com\/revista\/wp-content\/uploads\/sites\/46\/2026\/04\/presentacion-cartel-xxxv-festival-flamenco-la-yerbabuena-27-lucia-benavides-rincon-malillo-las-cabezas-de-san-juan-abr26-foto-kiko-valle-350x250.webp 350w, https:\/\/expoflamenco.com\/revista\/wp-content\/uploads\/sites\/46\/2026\/04\/presentacion-cartel-xxxv-festival-flamenco-la-yerbabuena-27-lucia-benavides-rincon-malillo-las-cabezas-de-san-juan-abr26-foto-kiko-valle-750x536.webp 750w, https:\/\/expoflamenco.com\/revista\/wp-content\/uploads\/sites\/46\/2026\/04\/presentacion-cartel-xxxv-festival-flamenco-la-yerbabuena-27-lucia-benavides-rincon-malillo-las-cabezas-de-san-juan-abr26-foto-kiko-valle-1140x815.webp 1140w\" sizes=\"(max-width: 120px) 100vw, 120px\" data-full-width=\"1500\" data-full-height=\"924\" \/>\n                            <\/div>\n                        <\/a><a data-id=\"32\" data-title=\"Luc\u00eda Benavides. Presentaci\u00f3n del cartel del XXXV Festival Flamenco La Yerbabuena, Las Cabezas de San Juan (Sevilla). Foto: Kiko Valle\" data-image=\"https:\/\/expoflamenco.com\/revista\/wp-content\/uploads\/sites\/46\/2026\/04\/presentacion-cartel-xxxv-festival-flamenco-la-yerbabuena-28-lucia-benavides-rincon-malillo-las-cabezas-de-san-juan-abr26-foto-kiko-valle.webp\" href=\"https:\/\/expoflamenco.com\/revista\/wp-content\/uploads\/sites\/46\/2026\/04\/presentacion-cartel-xxxv-festival-flamenco-la-yerbabuena-28-lucia-benavides-rincon-malillo-las-cabezas-de-san-juan-abr26-foto-kiko-valle.webp\" class=\"jeg_preview_item \">\n                            <div class=\"jeg_preview_item_thumbnail\">\n                                <img loading=\"lazy\" decoding=\"async\" width=\"120\" height=\"86\" src=\"https:\/\/expoflamenco.com\/revista\/wp-content\/uploads\/sites\/46\/2026\/04\/presentacion-cartel-xxxv-festival-flamenco-la-yerbabuena-28-lucia-benavides-rincon-malillo-las-cabezas-de-san-juan-abr26-foto-kiko-valle-120x86.webp\" class=\"attachment-jnews-120x86 size-jnews-120x86\" alt=\"Dancer in a bright blue lace dress raises her arms mid-performance outdoors, with a focused expression.\" srcset=\"https:\/\/expoflamenco.com\/revista\/wp-content\/uploads\/sites\/46\/2026\/04\/presentacion-cartel-xxxv-festival-flamenco-la-yerbabuena-28-lucia-benavides-rincon-malillo-las-cabezas-de-san-juan-abr26-foto-kiko-valle-120x86.webp 120w, https:\/\/expoflamenco.com\/revista\/wp-content\/uploads\/sites\/46\/2026\/04\/presentacion-cartel-xxxv-festival-flamenco-la-yerbabuena-28-lucia-benavides-rincon-malillo-las-cabezas-de-san-juan-abr26-foto-kiko-valle-350x250.webp 350w, https:\/\/expoflamenco.com\/revista\/wp-content\/uploads\/sites\/46\/2026\/04\/presentacion-cartel-xxxv-festival-flamenco-la-yerbabuena-28-lucia-benavides-rincon-malillo-las-cabezas-de-san-juan-abr26-foto-kiko-valle-750x536.webp 750w, https:\/\/expoflamenco.com\/revista\/wp-content\/uploads\/sites\/46\/2026\/04\/presentacion-cartel-xxxv-festival-flamenco-la-yerbabuena-28-lucia-benavides-rincon-malillo-las-cabezas-de-san-juan-abr26-foto-kiko-valle-1140x815.webp 1140w\" sizes=\"(max-width: 120px) 100vw, 120px\" data-full-width=\"1500\" data-full-height=\"924\" \/>\n                            <\/div>\n                        <\/a><a data-id=\"33\" data-title=\"Luc\u00eda Benavides. Presentaci\u00f3n del cartel del XXXV Festival Flamenco La Yerbabuena, Las Cabezas de San Juan (Sevilla). Foto: Kiko Valle\" data-image=\"https:\/\/expoflamenco.com\/revista\/wp-content\/uploads\/sites\/46\/2026\/04\/presentacion-cartel-xxxv-festival-flamenco-la-yerbabuena-29-lucia-benavides-rincon-malillo-las-cabezas-de-san-juan-abr26-foto-kiko-valle.webp\" href=\"https:\/\/expoflamenco.com\/revista\/wp-content\/uploads\/sites\/46\/2026\/04\/presentacion-cartel-xxxv-festival-flamenco-la-yerbabuena-29-lucia-benavides-rincon-malillo-las-cabezas-de-san-juan-abr26-foto-kiko-valle.webp\" class=\"jeg_preview_item \">\n                            <div class=\"jeg_preview_item_thumbnail\">\n                                <img loading=\"lazy\" decoding=\"async\" width=\"120\" height=\"86\" src=\"https:\/\/expoflamenco.com\/revista\/wp-content\/uploads\/sites\/46\/2026\/04\/presentacion-cartel-xxxv-festival-flamenco-la-yerbabuena-29-lucia-benavides-rincon-malillo-las-cabezas-de-san-juan-abr26-foto-kiko-valle-120x86.webp\" class=\"attachment-jnews-120x86 size-jnews-120x86\" alt=\"Woman in a blue lace dress performs a flamenco pose with arms raised, pink bougainvillea in the background.\" srcset=\"https:\/\/expoflamenco.com\/revista\/wp-content\/uploads\/sites\/46\/2026\/04\/presentacion-cartel-xxxv-festival-flamenco-la-yerbabuena-29-lucia-benavides-rincon-malillo-las-cabezas-de-san-juan-abr26-foto-kiko-valle-120x86.webp 120w, https:\/\/expoflamenco.com\/revista\/wp-content\/uploads\/sites\/46\/2026\/04\/presentacion-cartel-xxxv-festival-flamenco-la-yerbabuena-29-lucia-benavides-rincon-malillo-las-cabezas-de-san-juan-abr26-foto-kiko-valle-350x250.webp 350w, https:\/\/expoflamenco.com\/revista\/wp-content\/uploads\/sites\/46\/2026\/04\/presentacion-cartel-xxxv-festival-flamenco-la-yerbabuena-29-lucia-benavides-rincon-malillo-las-cabezas-de-san-juan-abr26-foto-kiko-valle-750x536.webp 750w, https:\/\/expoflamenco.com\/revista\/wp-content\/uploads\/sites\/46\/2026\/04\/presentacion-cartel-xxxv-festival-flamenco-la-yerbabuena-29-lucia-benavides-rincon-malillo-las-cabezas-de-san-juan-abr26-foto-kiko-valle-1140x815.webp 1140w\" sizes=\"(max-width: 120px) 100vw, 120px\" data-full-width=\"1500\" data-full-height=\"924\" \/>\n                            <\/div>\n                        <\/a><a data-id=\"34\" data-title=\"Luc\u00eda Benavides. Presentaci\u00f3n del cartel del XXXV Festival Flamenco La Yerbabuena, Las Cabezas de San Juan (Sevilla). Foto: Kiko Valle\" data-image=\"https:\/\/expoflamenco.com\/revista\/wp-content\/uploads\/sites\/46\/2026\/04\/presentacion-cartel-xxxv-festival-flamenco-la-yerbabuena-30-lucia-benavides-rincon-malillo-las-cabezas-de-san-juan-abr26-foto-kiko-valle.webp\" href=\"https:\/\/expoflamenco.com\/revista\/wp-content\/uploads\/sites\/46\/2026\/04\/presentacion-cartel-xxxv-festival-flamenco-la-yerbabuena-30-lucia-benavides-rincon-malillo-las-cabezas-de-san-juan-abr26-foto-kiko-valle.webp\" class=\"jeg_preview_item \">\n                            <div class=\"jeg_preview_item_thumbnail\">\n                                <img loading=\"lazy\" decoding=\"async\" width=\"120\" height=\"86\" src=\"https:\/\/expoflamenco.com\/revista\/wp-content\/uploads\/sites\/46\/2026\/04\/presentacion-cartel-xxxv-festival-flamenco-la-yerbabuena-30-lucia-benavides-rincon-malillo-las-cabezas-de-san-juan-abr26-foto-kiko-valle-120x86.webp\" class=\"attachment-jnews-120x86 size-jnews-120x86\" alt=\"Flamenco dancer in a blue lace dress with a red flower in the hair, striking a dramatic arm pose.\" srcset=\"https:\/\/expoflamenco.com\/revista\/wp-content\/uploads\/sites\/46\/2026\/04\/presentacion-cartel-xxxv-festival-flamenco-la-yerbabuena-30-lucia-benavides-rincon-malillo-las-cabezas-de-san-juan-abr26-foto-kiko-valle-120x86.webp 120w, https:\/\/expoflamenco.com\/revista\/wp-content\/uploads\/sites\/46\/2026\/04\/presentacion-cartel-xxxv-festival-flamenco-la-yerbabuena-30-lucia-benavides-rincon-malillo-las-cabezas-de-san-juan-abr26-foto-kiko-valle-350x250.webp 350w, https:\/\/expoflamenco.com\/revista\/wp-content\/uploads\/sites\/46\/2026\/04\/presentacion-cartel-xxxv-festival-flamenco-la-yerbabuena-30-lucia-benavides-rincon-malillo-las-cabezas-de-san-juan-abr26-foto-kiko-valle-750x536.webp 750w, https:\/\/expoflamenco.com\/revista\/wp-content\/uploads\/sites\/46\/2026\/04\/presentacion-cartel-xxxv-festival-flamenco-la-yerbabuena-30-lucia-benavides-rincon-malillo-las-cabezas-de-san-juan-abr26-foto-kiko-valle-1140x815.webp 1140w\" sizes=\"(max-width: 120px) 100vw, 120px\" data-full-width=\"1500\" data-full-height=\"924\" \/>\n                            <\/div>\n                        <\/a><a data-id=\"35\" data-title=\"Luc\u00eda Benavides. Presentaci\u00f3n del cartel del XXXV Festival Flamenco La Yerbabuena, Las Cabezas de San Juan (Sevilla). Foto: Kiko Valle\" data-image=\"https:\/\/expoflamenco.com\/revista\/wp-content\/uploads\/sites\/46\/2026\/04\/presentacion-cartel-xxxv-festival-flamenco-la-yerbabuena-31-lucia-benavides-rincon-malillo-las-cabezas-de-san-juan-abr26-foto-kiko-valle.webp\" href=\"https:\/\/expoflamenco.com\/revista\/wp-content\/uploads\/sites\/46\/2026\/04\/presentacion-cartel-xxxv-festival-flamenco-la-yerbabuena-31-lucia-benavides-rincon-malillo-las-cabezas-de-san-juan-abr26-foto-kiko-valle.webp\" class=\"jeg_preview_item \">\n                            <div class=\"jeg_preview_item_thumbnail\">\n                                <img loading=\"lazy\" decoding=\"async\" width=\"120\" height=\"86\" src=\"https:\/\/expoflamenco.com\/revista\/wp-content\/uploads\/sites\/46\/2026\/04\/presentacion-cartel-xxxv-festival-flamenco-la-yerbabuena-31-lucia-benavides-rincon-malillo-las-cabezas-de-san-juan-abr26-foto-kiko-valle-120x86.webp\" class=\"attachment-jnews-120x86 size-jnews-120x86\" alt=\"Luc\u00eda Benavides. Presentaci\u00f3n del cartel del XXXV Festival Flamenco La Yerbabuena, Las Cabezas de San Juan (Sevilla). Foto: Kiko Valle\" srcset=\"https:\/\/expoflamenco.com\/revista\/wp-content\/uploads\/sites\/46\/2026\/04\/presentacion-cartel-xxxv-festival-flamenco-la-yerbabuena-31-lucia-benavides-rincon-malillo-las-cabezas-de-san-juan-abr26-foto-kiko-valle-120x86.webp 120w, https:\/\/expoflamenco.com\/revista\/wp-content\/uploads\/sites\/46\/2026\/04\/presentacion-cartel-xxxv-festival-flamenco-la-yerbabuena-31-lucia-benavides-rincon-malillo-las-cabezas-de-san-juan-abr26-foto-kiko-valle-350x250.webp 350w, https:\/\/expoflamenco.com\/revista\/wp-content\/uploads\/sites\/46\/2026\/04\/presentacion-cartel-xxxv-festival-flamenco-la-yerbabuena-31-lucia-benavides-rincon-malillo-las-cabezas-de-san-juan-abr26-foto-kiko-valle-750x536.webp 750w, https:\/\/expoflamenco.com\/revista\/wp-content\/uploads\/sites\/46\/2026\/04\/presentacion-cartel-xxxv-festival-flamenco-la-yerbabuena-31-lucia-benavides-rincon-malillo-las-cabezas-de-san-juan-abr26-foto-kiko-valle-1140x815.webp 1140w\" sizes=\"(max-width: 120px) 100vw, 120px\" data-full-width=\"1500\" data-full-height=\"924\" \/>\n                            <\/div>\n                        <\/a><a data-id=\"36\" data-title=\"Luc\u00eda Benavides. Presentaci\u00f3n del cartel del XXXV Festival Flamenco La Yerbabuena, Las Cabezas de San Juan (Sevilla). Foto: Kiko Valle\" data-image=\"https:\/\/expoflamenco.com\/revista\/wp-content\/uploads\/sites\/46\/2026\/04\/presentacion-cartel-xxxv-festival-flamenco-la-yerbabuena-32-lucia-benavides-rincon-malillo-las-cabezas-de-san-juan-abr26-foto-kiko-valle.webp\" href=\"https:\/\/expoflamenco.com\/revista\/wp-content\/uploads\/sites\/46\/2026\/04\/presentacion-cartel-xxxv-festival-flamenco-la-yerbabuena-32-lucia-benavides-rincon-malillo-las-cabezas-de-san-juan-abr26-foto-kiko-valle.webp\" class=\"jeg_preview_item \">\n                            <div class=\"jeg_preview_item_thumbnail\">\n                                <img loading=\"lazy\" decoding=\"async\" width=\"120\" height=\"86\" src=\"https:\/\/expoflamenco.com\/revista\/wp-content\/uploads\/sites\/46\/2026\/04\/presentacion-cartel-xxxv-festival-flamenco-la-yerbabuena-32-lucia-benavides-rincon-malillo-las-cabezas-de-san-juan-abr26-foto-kiko-valle-120x86.webp\" class=\"attachment-jnews-120x86 size-jnews-120x86\" alt=\"Luc\u00eda Benavides. Presentaci\u00f3n del cartel del XXXV Festival Flamenco La Yerbabuena, Las Cabezas de San Juan (Sevilla). Foto: Kiko Valle\" srcset=\"https:\/\/expoflamenco.com\/revista\/wp-content\/uploads\/sites\/46\/2026\/04\/presentacion-cartel-xxxv-festival-flamenco-la-yerbabuena-32-lucia-benavides-rincon-malillo-las-cabezas-de-san-juan-abr26-foto-kiko-valle-120x86.webp 120w, https:\/\/expoflamenco.com\/revista\/wp-content\/uploads\/sites\/46\/2026\/04\/presentacion-cartel-xxxv-festival-flamenco-la-yerbabuena-32-lucia-benavides-rincon-malillo-las-cabezas-de-san-juan-abr26-foto-kiko-valle-350x250.webp 350w, https:\/\/expoflamenco.com\/revista\/wp-content\/uploads\/sites\/46\/2026\/04\/presentacion-cartel-xxxv-festival-flamenco-la-yerbabuena-32-lucia-benavides-rincon-malillo-las-cabezas-de-san-juan-abr26-foto-kiko-valle-750x536.webp 750w, https:\/\/expoflamenco.com\/revista\/wp-content\/uploads\/sites\/46\/2026\/04\/presentacion-cartel-xxxv-festival-flamenco-la-yerbabuena-32-lucia-benavides-rincon-malillo-las-cabezas-de-san-juan-abr26-foto-kiko-valle-1140x815.webp 1140w\" sizes=\"(max-width: 120px) 100vw, 120px\" data-full-width=\"1500\" data-full-height=\"924\" \/>\n                            <\/div>\n                        <\/a><a data-id=\"37\" data-title=\"Luc\u00eda Benavides. Presentaci\u00f3n del cartel del XXXV Festival Flamenco La Yerbabuena, Las Cabezas de San Juan (Sevilla). Foto: Kiko Valle\" data-image=\"https:\/\/expoflamenco.com\/revista\/wp-content\/uploads\/sites\/46\/2026\/04\/presentacion-cartel-xxxv-festival-flamenco-la-yerbabuena-33-lucia-benavides-rincon-malillo-las-cabezas-de-san-juan-abr26-foto-kiko-valle.webp\" href=\"https:\/\/expoflamenco.com\/revista\/wp-content\/uploads\/sites\/46\/2026\/04\/presentacion-cartel-xxxv-festival-flamenco-la-yerbabuena-33-lucia-benavides-rincon-malillo-las-cabezas-de-san-juan-abr26-foto-kiko-valle.webp\" class=\"jeg_preview_item \">\n                            <div class=\"jeg_preview_item_thumbnail\">\n                                <img loading=\"lazy\" decoding=\"async\" width=\"120\" height=\"86\" src=\"https:\/\/expoflamenco.com\/revista\/wp-content\/uploads\/sites\/46\/2026\/04\/presentacion-cartel-xxxv-festival-flamenco-la-yerbabuena-33-lucia-benavides-rincon-malillo-las-cabezas-de-san-juan-abr26-foto-kiko-valle-120x86.webp\" class=\"attachment-jnews-120x86 size-jnews-120x86\" alt=\"Luc\u00eda Benavides. Presentaci\u00f3n del cartel del XXXV Festival Flamenco La Yerbabuena, Las Cabezas de San Juan (Sevilla). Foto: Kiko Valle\" srcset=\"https:\/\/expoflamenco.com\/revista\/wp-content\/uploads\/sites\/46\/2026\/04\/presentacion-cartel-xxxv-festival-flamenco-la-yerbabuena-33-lucia-benavides-rincon-malillo-las-cabezas-de-san-juan-abr26-foto-kiko-valle-120x86.webp 120w, https:\/\/expoflamenco.com\/revista\/wp-content\/uploads\/sites\/46\/2026\/04\/presentacion-cartel-xxxv-festival-flamenco-la-yerbabuena-33-lucia-benavides-rincon-malillo-las-cabezas-de-san-juan-abr26-foto-kiko-valle-350x250.webp 350w, https:\/\/expoflamenco.com\/revista\/wp-content\/uploads\/sites\/46\/2026\/04\/presentacion-cartel-xxxv-festival-flamenco-la-yerbabuena-33-lucia-benavides-rincon-malillo-las-cabezas-de-san-juan-abr26-foto-kiko-valle-750x536.webp 750w, https:\/\/expoflamenco.com\/revista\/wp-content\/uploads\/sites\/46\/2026\/04\/presentacion-cartel-xxxv-festival-flamenco-la-yerbabuena-33-lucia-benavides-rincon-malillo-las-cabezas-de-san-juan-abr26-foto-kiko-valle-1140x815.webp 1140w\" sizes=\"(max-width: 120px) 100vw, 120px\" data-full-width=\"1500\" data-full-height=\"924\" \/>\n                            <\/div>\n                        <\/a><a data-id=\"38\" data-title=\"Luc\u00eda Benavides. Presentaci\u00f3n del cartel del XXXV Festival Flamenco La Yerbabuena, Las Cabezas de San Juan (Sevilla). Foto: Kiko Valle\" data-image=\"https:\/\/expoflamenco.com\/revista\/wp-content\/uploads\/sites\/46\/2026\/04\/presentacion-cartel-xxxv-festival-flamenco-la-yerbabuena-34-lucia-benavides-rincon-malillo-las-cabezas-de-san-juan-abr26-foto-kiko-valle.webp\" href=\"https:\/\/expoflamenco.com\/revista\/wp-content\/uploads\/sites\/46\/2026\/04\/presentacion-cartel-xxxv-festival-flamenco-la-yerbabuena-34-lucia-benavides-rincon-malillo-las-cabezas-de-san-juan-abr26-foto-kiko-valle.webp\" class=\"jeg_preview_item \">\n                            <div class=\"jeg_preview_item_thumbnail\">\n                                <img loading=\"lazy\" decoding=\"async\" width=\"120\" height=\"86\" src=\"https:\/\/expoflamenco.com\/revista\/wp-content\/uploads\/sites\/46\/2026\/04\/presentacion-cartel-xxxv-festival-flamenco-la-yerbabuena-34-lucia-benavides-rincon-malillo-las-cabezas-de-san-juan-abr26-foto-kiko-valle-120x86.webp\" class=\"attachment-jnews-120x86 size-jnews-120x86\" alt=\"Luc\u00eda Benavides. Presentaci\u00f3n del cartel del XXXV Festival Flamenco La Yerbabuena, Las Cabezas de San Juan (Sevilla). Foto: Kiko Valle\" srcset=\"https:\/\/expoflamenco.com\/revista\/wp-content\/uploads\/sites\/46\/2026\/04\/presentacion-cartel-xxxv-festival-flamenco-la-yerbabuena-34-lucia-benavides-rincon-malillo-las-cabezas-de-san-juan-abr26-foto-kiko-valle-120x86.webp 120w, https:\/\/expoflamenco.com\/revista\/wp-content\/uploads\/sites\/46\/2026\/04\/presentacion-cartel-xxxv-festival-flamenco-la-yerbabuena-34-lucia-benavides-rincon-malillo-las-cabezas-de-san-juan-abr26-foto-kiko-valle-350x250.webp 350w, https:\/\/expoflamenco.com\/revista\/wp-content\/uploads\/sites\/46\/2026\/04\/presentacion-cartel-xxxv-festival-flamenco-la-yerbabuena-34-lucia-benavides-rincon-malillo-las-cabezas-de-san-juan-abr26-foto-kiko-valle-750x536.webp 750w, https:\/\/expoflamenco.com\/revista\/wp-content\/uploads\/sites\/46\/2026\/04\/presentacion-cartel-xxxv-festival-flamenco-la-yerbabuena-34-lucia-benavides-rincon-malillo-las-cabezas-de-san-juan-abr26-foto-kiko-valle-1140x815.webp 1140w\" sizes=\"(max-width: 120px) 100vw, 120px\" data-full-width=\"1500\" data-full-height=\"924\" \/>\n                            <\/div>\n                        <\/a><a data-id=\"39\" data-title=\"Luc\u00eda Benavides. Presentaci\u00f3n del cartel del XXXV Festival Flamenco La Yerbabuena, Las Cabezas de San Juan (Sevilla). Foto: Kiko Valle\" data-image=\"https:\/\/expoflamenco.com\/revista\/wp-content\/uploads\/sites\/46\/2026\/04\/presentacion-cartel-xxxv-festival-flamenco-la-yerbabuena-35-lucia-benavides-rincon-malillo-las-cabezas-de-san-juan-abr26-foto-kiko-valle.webp\" href=\"https:\/\/expoflamenco.com\/revista\/wp-content\/uploads\/sites\/46\/2026\/04\/presentacion-cartel-xxxv-festival-flamenco-la-yerbabuena-35-lucia-benavides-rincon-malillo-las-cabezas-de-san-juan-abr26-foto-kiko-valle.webp\" class=\"jeg_preview_item \">\n                            <div class=\"jeg_preview_item_thumbnail\">\n                                <img loading=\"lazy\" decoding=\"async\" width=\"120\" height=\"86\" src=\"https:\/\/expoflamenco.com\/revista\/wp-content\/uploads\/sites\/46\/2026\/04\/presentacion-cartel-xxxv-festival-flamenco-la-yerbabuena-35-lucia-benavides-rincon-malillo-las-cabezas-de-san-juan-abr26-foto-kiko-valle-120x86.webp\" class=\"attachment-jnews-120x86 size-jnews-120x86\" alt=\"Woman in a blue lace dress dancing with one arm raised, smiling, wearing red flower earrings outdoors.\" srcset=\"https:\/\/expoflamenco.com\/revista\/wp-content\/uploads\/sites\/46\/2026\/04\/presentacion-cartel-xxxv-festival-flamenco-la-yerbabuena-35-lucia-benavides-rincon-malillo-las-cabezas-de-san-juan-abr26-foto-kiko-valle-120x86.webp 120w, https:\/\/expoflamenco.com\/revista\/wp-content\/uploads\/sites\/46\/2026\/04\/presentacion-cartel-xxxv-festival-flamenco-la-yerbabuena-35-lucia-benavides-rincon-malillo-las-cabezas-de-san-juan-abr26-foto-kiko-valle-350x250.webp 350w, https:\/\/expoflamenco.com\/revista\/wp-content\/uploads\/sites\/46\/2026\/04\/presentacion-cartel-xxxv-festival-flamenco-la-yerbabuena-35-lucia-benavides-rincon-malillo-las-cabezas-de-san-juan-abr26-foto-kiko-valle-750x536.webp 750w, https:\/\/expoflamenco.com\/revista\/wp-content\/uploads\/sites\/46\/2026\/04\/presentacion-cartel-xxxv-festival-flamenco-la-yerbabuena-35-lucia-benavides-rincon-malillo-las-cabezas-de-san-juan-abr26-foto-kiko-valle-1140x815.webp 1140w\" sizes=\"(max-width: 120px) 100vw, 120px\" data-full-width=\"1500\" data-full-height=\"924\" \/>\n                            <\/div>\n                        <\/a><a data-id=\"40\" data-title=\"Luc\u00eda Benavides. Presentaci\u00f3n del cartel del XXXV Festival Flamenco La Yerbabuena, Las Cabezas de San Juan (Sevilla). Foto: Kiko Valle\" data-image=\"https:\/\/expoflamenco.com\/revista\/wp-content\/uploads\/sites\/46\/2026\/04\/presentacion-cartel-xxxv-festival-flamenco-la-yerbabuena-36-lucia-benavides-rincon-malillo-las-cabezas-de-san-juan-abr26-foto-kiko-valle.webp\" href=\"https:\/\/expoflamenco.com\/revista\/wp-content\/uploads\/sites\/46\/2026\/04\/presentacion-cartel-xxxv-festival-flamenco-la-yerbabuena-36-lucia-benavides-rincon-malillo-las-cabezas-de-san-juan-abr26-foto-kiko-valle.webp\" class=\"jeg_preview_item \">\n                            <div class=\"jeg_preview_item_thumbnail\">\n                                <img loading=\"lazy\" decoding=\"async\" width=\"120\" height=\"86\" src=\"https:\/\/expoflamenco.com\/revista\/wp-content\/uploads\/sites\/46\/2026\/04\/presentacion-cartel-xxxv-festival-flamenco-la-yerbabuena-36-lucia-benavides-rincon-malillo-las-cabezas-de-san-juan-abr26-foto-kiko-valle-120x86.webp\" class=\"attachment-jnews-120x86 size-jnews-120x86\" alt=\"Luc\u00eda Benavides. Presentaci\u00f3n del cartel del XXXV Festival Flamenco La Yerbabuena, Las Cabezas de San Juan (Sevilla). Foto: Kiko Valle\" srcset=\"https:\/\/expoflamenco.com\/revista\/wp-content\/uploads\/sites\/46\/2026\/04\/presentacion-cartel-xxxv-festival-flamenco-la-yerbabuena-36-lucia-benavides-rincon-malillo-las-cabezas-de-san-juan-abr26-foto-kiko-valle-120x86.webp 120w, https:\/\/expoflamenco.com\/revista\/wp-content\/uploads\/sites\/46\/2026\/04\/presentacion-cartel-xxxv-festival-flamenco-la-yerbabuena-36-lucia-benavides-rincon-malillo-las-cabezas-de-san-juan-abr26-foto-kiko-valle-350x250.webp 350w, https:\/\/expoflamenco.com\/revista\/wp-content\/uploads\/sites\/46\/2026\/04\/presentacion-cartel-xxxv-festival-flamenco-la-yerbabuena-36-lucia-benavides-rincon-malillo-las-cabezas-de-san-juan-abr26-foto-kiko-valle-750x536.webp 750w, https:\/\/expoflamenco.com\/revista\/wp-content\/uploads\/sites\/46\/2026\/04\/presentacion-cartel-xxxv-festival-flamenco-la-yerbabuena-36-lucia-benavides-rincon-malillo-las-cabezas-de-san-juan-abr26-foto-kiko-valle-1140x815.webp 1140w\" sizes=\"(max-width: 120px) 100vw, 120px\" data-full-width=\"1500\" data-full-height=\"924\" \/>\n                            <\/div>\n                        <\/a><a data-id=\"41\" data-title=\"Luc\u00eda Benavides. Presentaci\u00f3n del cartel del XXXV Festival Flamenco La Yerbabuena, Las Cabezas de San Juan (Sevilla). Foto: Kiko Valle\" data-image=\"https:\/\/expoflamenco.com\/revista\/wp-content\/uploads\/sites\/46\/2026\/04\/presentacion-cartel-xxxv-festival-flamenco-la-yerbabuena-37-lucia-benavides-rincon-malillo-las-cabezas-de-san-juan-abr26-foto-kiko-valle.webp\" href=\"https:\/\/expoflamenco.com\/revista\/wp-content\/uploads\/sites\/46\/2026\/04\/presentacion-cartel-xxxv-festival-flamenco-la-yerbabuena-37-lucia-benavides-rincon-malillo-las-cabezas-de-san-juan-abr26-foto-kiko-valle.webp\" class=\"jeg_preview_item \">\n                            <div class=\"jeg_preview_item_thumbnail\">\n                                <img loading=\"lazy\" decoding=\"async\" width=\"120\" height=\"86\" src=\"https:\/\/expoflamenco.com\/revista\/wp-content\/uploads\/sites\/46\/2026\/04\/presentacion-cartel-xxxv-festival-flamenco-la-yerbabuena-37-lucia-benavides-rincon-malillo-las-cabezas-de-san-juan-abr26-foto-kiko-valle-120x86.webp\" class=\"attachment-jnews-120x86 size-jnews-120x86\" alt=\"Woman in a blue lace flamenco dress raises her arms in a dramatic dance pose, red flower in hair.\" srcset=\"https:\/\/expoflamenco.com\/revista\/wp-content\/uploads\/sites\/46\/2026\/04\/presentacion-cartel-xxxv-festival-flamenco-la-yerbabuena-37-lucia-benavides-rincon-malillo-las-cabezas-de-san-juan-abr26-foto-kiko-valle-120x86.webp 120w, https:\/\/expoflamenco.com\/revista\/wp-content\/uploads\/sites\/46\/2026\/04\/presentacion-cartel-xxxv-festival-flamenco-la-yerbabuena-37-lucia-benavides-rincon-malillo-las-cabezas-de-san-juan-abr26-foto-kiko-valle-350x250.webp 350w, https:\/\/expoflamenco.com\/revista\/wp-content\/uploads\/sites\/46\/2026\/04\/presentacion-cartel-xxxv-festival-flamenco-la-yerbabuena-37-lucia-benavides-rincon-malillo-las-cabezas-de-san-juan-abr26-foto-kiko-valle-750x536.webp 750w, https:\/\/expoflamenco.com\/revista\/wp-content\/uploads\/sites\/46\/2026\/04\/presentacion-cartel-xxxv-festival-flamenco-la-yerbabuena-37-lucia-benavides-rincon-malillo-las-cabezas-de-san-juan-abr26-foto-kiko-valle-1140x815.webp 1140w\" sizes=\"(max-width: 120px) 100vw, 120px\" data-full-width=\"1500\" data-full-height=\"924\" \/>\n                            <\/div>\n                        <\/a><a data-id=\"42\" data-title=\"Luc\u00eda Benavides. Presentaci\u00f3n del cartel del XXXV Festival Flamenco La Yerbabuena, Las Cabezas de San Juan (Sevilla). Foto: Kiko Valle\" data-image=\"https:\/\/expoflamenco.com\/revista\/wp-content\/uploads\/sites\/46\/2026\/04\/presentacion-cartel-xxxv-festival-flamenco-la-yerbabuena-38-lucia-benavides-rincon-malillo-las-cabezas-de-san-juan-abr26-foto-kiko-valle.webp\" href=\"https:\/\/expoflamenco.com\/revista\/wp-content\/uploads\/sites\/46\/2026\/04\/presentacion-cartel-xxxv-festival-flamenco-la-yerbabuena-38-lucia-benavides-rincon-malillo-las-cabezas-de-san-juan-abr26-foto-kiko-valle.webp\" class=\"jeg_preview_item \">\n                            <div class=\"jeg_preview_item_thumbnail\">\n                                <img loading=\"lazy\" decoding=\"async\" width=\"120\" height=\"86\" src=\"https:\/\/expoflamenco.com\/revista\/wp-content\/uploads\/sites\/46\/2026\/04\/presentacion-cartel-xxxv-festival-flamenco-la-yerbabuena-38-lucia-benavides-rincon-malillo-las-cabezas-de-san-juan-abr26-foto-kiko-valle-120x86.webp\" class=\"attachment-jnews-120x86 size-jnews-120x86\" alt=\"Guitarist playing an acoustic guitar as a woman in a blue lace dress stands beside him outdoors, touching his shoulder during a street performance\" srcset=\"https:\/\/expoflamenco.com\/revista\/wp-content\/uploads\/sites\/46\/2026\/04\/presentacion-cartel-xxxv-festival-flamenco-la-yerbabuena-38-lucia-benavides-rincon-malillo-las-cabezas-de-san-juan-abr26-foto-kiko-valle-120x86.webp 120w, https:\/\/expoflamenco.com\/revista\/wp-content\/uploads\/sites\/46\/2026\/04\/presentacion-cartel-xxxv-festival-flamenco-la-yerbabuena-38-lucia-benavides-rincon-malillo-las-cabezas-de-san-juan-abr26-foto-kiko-valle-350x250.webp 350w, https:\/\/expoflamenco.com\/revista\/wp-content\/uploads\/sites\/46\/2026\/04\/presentacion-cartel-xxxv-festival-flamenco-la-yerbabuena-38-lucia-benavides-rincon-malillo-las-cabezas-de-san-juan-abr26-foto-kiko-valle-750x536.webp 750w, https:\/\/expoflamenco.com\/revista\/wp-content\/uploads\/sites\/46\/2026\/04\/presentacion-cartel-xxxv-festival-flamenco-la-yerbabuena-38-lucia-benavides-rincon-malillo-las-cabezas-de-san-juan-abr26-foto-kiko-valle-1140x815.webp 1140w\" sizes=\"(max-width: 120px) 100vw, 120px\" data-full-width=\"1500\" data-full-height=\"924\" \/>\n                            <\/div>\n                        <\/a><a data-id=\"43\" data-title=\"Luc\u00eda Benavides. Presentaci\u00f3n del cartel del XXXV Festival Flamenco La Yerbabuena, Las Cabezas de San Juan (Sevilla). Foto: Kiko Valle\" data-image=\"https:\/\/expoflamenco.com\/revista\/wp-content\/uploads\/sites\/46\/2026\/04\/presentacion-cartel-xxxv-festival-flamenco-la-yerbabuena-39-lucia-benavides-rincon-malillo-las-cabezas-de-san-juan-abr26-foto-kiko-valle.webp\" href=\"https:\/\/expoflamenco.com\/revista\/wp-content\/uploads\/sites\/46\/2026\/04\/presentacion-cartel-xxxv-festival-flamenco-la-yerbabuena-39-lucia-benavides-rincon-malillo-las-cabezas-de-san-juan-abr26-foto-kiko-valle.webp\" class=\"jeg_preview_item \">\n                            <div class=\"jeg_preview_item_thumbnail\">\n                                <img loading=\"lazy\" decoding=\"async\" width=\"120\" height=\"86\" src=\"https:\/\/expoflamenco.com\/revista\/wp-content\/uploads\/sites\/46\/2026\/04\/presentacion-cartel-xxxv-festival-flamenco-la-yerbabuena-39-lucia-benavides-rincon-malillo-las-cabezas-de-san-juan-abr26-foto-kiko-valle-120x86.webp\" class=\"attachment-jnews-120x86 size-jnews-120x86\" alt=\"Luc\u00eda Benavides. Presentaci\u00f3n del cartel del XXXV Festival Flamenco La Yerbabuena, Las Cabezas de San Juan (Sevilla). Foto: Kiko Valle\" srcset=\"https:\/\/expoflamenco.com\/revista\/wp-content\/uploads\/sites\/46\/2026\/04\/presentacion-cartel-xxxv-festival-flamenco-la-yerbabuena-39-lucia-benavides-rincon-malillo-las-cabezas-de-san-juan-abr26-foto-kiko-valle-120x86.webp 120w, https:\/\/expoflamenco.com\/revista\/wp-content\/uploads\/sites\/46\/2026\/04\/presentacion-cartel-xxxv-festival-flamenco-la-yerbabuena-39-lucia-benavides-rincon-malillo-las-cabezas-de-san-juan-abr26-foto-kiko-valle-350x250.webp 350w, https:\/\/expoflamenco.com\/revista\/wp-content\/uploads\/sites\/46\/2026\/04\/presentacion-cartel-xxxv-festival-flamenco-la-yerbabuena-39-lucia-benavides-rincon-malillo-las-cabezas-de-san-juan-abr26-foto-kiko-valle-750x536.webp 750w, https:\/\/expoflamenco.com\/revista\/wp-content\/uploads\/sites\/46\/2026\/04\/presentacion-cartel-xxxv-festival-flamenco-la-yerbabuena-39-lucia-benavides-rincon-malillo-las-cabezas-de-san-juan-abr26-foto-kiko-valle-1140x815.webp 1140w\" sizes=\"(max-width: 120px) 100vw, 120px\" data-full-width=\"1500\" data-full-height=\"924\" \/>\n                            <\/div>\n                        <\/a><a data-id=\"44\" data-title=\"Luc\u00eda Benavides. Presentaci\u00f3n del cartel del XXXV Festival Flamenco La Yerbabuena, Las Cabezas de San Juan (Sevilla). Foto: Kiko Valle\" data-image=\"https:\/\/expoflamenco.com\/revista\/wp-content\/uploads\/sites\/46\/2026\/04\/presentacion-cartel-xxxv-festival-flamenco-la-yerbabuena-40-lucia-benavides-rincon-malillo-las-cabezas-de-san-juan-abr26-foto-kiko-valle.webp\" href=\"https:\/\/expoflamenco.com\/revista\/wp-content\/uploads\/sites\/46\/2026\/04\/presentacion-cartel-xxxv-festival-flamenco-la-yerbabuena-40-lucia-benavides-rincon-malillo-las-cabezas-de-san-juan-abr26-foto-kiko-valle.webp\" class=\"jeg_preview_item \">\n                            <div class=\"jeg_preview_item_thumbnail\">\n                                <img loading=\"lazy\" decoding=\"async\" width=\"120\" height=\"86\" src=\"https:\/\/expoflamenco.com\/revista\/wp-content\/uploads\/sites\/46\/2026\/04\/presentacion-cartel-xxxv-festival-flamenco-la-yerbabuena-40-lucia-benavides-rincon-malillo-las-cabezas-de-san-juan-abr26-foto-kiko-valle-120x86.webp\" class=\"attachment-jnews-120x86 size-jnews-120x86\" alt=\"Luc\u00eda Benavides. Presentaci\u00f3n del cartel del XXXV Festival Flamenco La Yerbabuena, Las Cabezas de San Juan (Sevilla). Foto: Kiko Valle\" srcset=\"https:\/\/expoflamenco.com\/revista\/wp-content\/uploads\/sites\/46\/2026\/04\/presentacion-cartel-xxxv-festival-flamenco-la-yerbabuena-40-lucia-benavides-rincon-malillo-las-cabezas-de-san-juan-abr26-foto-kiko-valle-120x86.webp 120w, https:\/\/expoflamenco.com\/revista\/wp-content\/uploads\/sites\/46\/2026\/04\/presentacion-cartel-xxxv-festival-flamenco-la-yerbabuena-40-lucia-benavides-rincon-malillo-las-cabezas-de-san-juan-abr26-foto-kiko-valle-350x250.webp 350w, https:\/\/expoflamenco.com\/revista\/wp-content\/uploads\/sites\/46\/2026\/04\/presentacion-cartel-xxxv-festival-flamenco-la-yerbabuena-40-lucia-benavides-rincon-malillo-las-cabezas-de-san-juan-abr26-foto-kiko-valle-750x536.webp 750w, https:\/\/expoflamenco.com\/revista\/wp-content\/uploads\/sites\/46\/2026\/04\/presentacion-cartel-xxxv-festival-flamenco-la-yerbabuena-40-lucia-benavides-rincon-malillo-las-cabezas-de-san-juan-abr26-foto-kiko-valle-1140x815.webp 1140w\" sizes=\"(max-width: 120px) 100vw, 120px\" data-full-width=\"1500\" data-full-height=\"924\" \/>\n                            <\/div>\n                        <\/a><a data-id=\"45\" data-title=\"Luc\u00eda Benavides. Presentaci\u00f3n del cartel del XXXV Festival Flamenco La Yerbabuena, Las Cabezas de San Juan (Sevilla). Foto: Kiko Valle\" data-image=\"https:\/\/expoflamenco.com\/revista\/wp-content\/uploads\/sites\/46\/2026\/04\/presentacion-cartel-xxxv-festival-flamenco-la-yerbabuena-41-lucia-benavides-rincon-malillo-las-cabezas-de-san-juan-abr26-foto-kiko-valle.webp\" href=\"https:\/\/expoflamenco.com\/revista\/wp-content\/uploads\/sites\/46\/2026\/04\/presentacion-cartel-xxxv-festival-flamenco-la-yerbabuena-41-lucia-benavides-rincon-malillo-las-cabezas-de-san-juan-abr26-foto-kiko-valle.webp\" class=\"jeg_preview_item \">\n                            <div class=\"jeg_preview_item_thumbnail\">\n                                <img loading=\"lazy\" decoding=\"async\" width=\"120\" height=\"86\" src=\"https:\/\/expoflamenco.com\/revista\/wp-content\/uploads\/sites\/46\/2026\/04\/presentacion-cartel-xxxv-festival-flamenco-la-yerbabuena-41-lucia-benavides-rincon-malillo-las-cabezas-de-san-juan-abr26-foto-kiko-valle-120x86.webp\" class=\"attachment-jnews-120x86 size-jnews-120x86\" alt=\"Luc\u00eda Benavides. Presentaci\u00f3n del cartel del XXXV Festival Flamenco La Yerbabuena, Las Cabezas de San Juan (Sevilla). Foto: Kiko Valle\" srcset=\"https:\/\/expoflamenco.com\/revista\/wp-content\/uploads\/sites\/46\/2026\/04\/presentacion-cartel-xxxv-festival-flamenco-la-yerbabuena-41-lucia-benavides-rincon-malillo-las-cabezas-de-san-juan-abr26-foto-kiko-valle-120x86.webp 120w, https:\/\/expoflamenco.com\/revista\/wp-content\/uploads\/sites\/46\/2026\/04\/presentacion-cartel-xxxv-festival-flamenco-la-yerbabuena-41-lucia-benavides-rincon-malillo-las-cabezas-de-san-juan-abr26-foto-kiko-valle-350x250.webp 350w, https:\/\/expoflamenco.com\/revista\/wp-content\/uploads\/sites\/46\/2026\/04\/presentacion-cartel-xxxv-festival-flamenco-la-yerbabuena-41-lucia-benavides-rincon-malillo-las-cabezas-de-san-juan-abr26-foto-kiko-valle-750x536.webp 750w, https:\/\/expoflamenco.com\/revista\/wp-content\/uploads\/sites\/46\/2026\/04\/presentacion-cartel-xxxv-festival-flamenco-la-yerbabuena-41-lucia-benavides-rincon-malillo-las-cabezas-de-san-juan-abr26-foto-kiko-valle-1140x815.webp 1140w\" sizes=\"(max-width: 120px) 100vw, 120px\" data-full-width=\"1500\" data-full-height=\"924\" \/>\n                            <\/div>\n                        <\/a><a data-id=\"46\" data-title=\"Luc\u00eda Benavides. Presentaci\u00f3n del cartel del XXXV Festival Flamenco La Yerbabuena, Las Cabezas de San Juan (Sevilla). Foto: Kiko Valle\" data-image=\"https:\/\/expoflamenco.com\/revista\/wp-content\/uploads\/sites\/46\/2026\/04\/presentacion-cartel-xxxv-festival-flamenco-la-yerbabuena-42-lucia-benavides-rincon-malillo-las-cabezas-de-san-juan-abr26-foto-kiko-valle.webp\" href=\"https:\/\/expoflamenco.com\/revista\/wp-content\/uploads\/sites\/46\/2026\/04\/presentacion-cartel-xxxv-festival-flamenco-la-yerbabuena-42-lucia-benavides-rincon-malillo-las-cabezas-de-san-juan-abr26-foto-kiko-valle.webp\" class=\"jeg_preview_item \">\n                            <div class=\"jeg_preview_item_thumbnail\">\n                                <img loading=\"lazy\" decoding=\"async\" width=\"120\" height=\"86\" src=\"https:\/\/expoflamenco.com\/revista\/wp-content\/uploads\/sites\/46\/2026\/04\/presentacion-cartel-xxxv-festival-flamenco-la-yerbabuena-42-lucia-benavides-rincon-malillo-las-cabezas-de-san-juan-abr26-foto-kiko-valle-120x86.webp\" class=\"attachment-jnews-120x86 size-jnews-120x86\" alt=\"Luc\u00eda Benavides. Presentaci\u00f3n del cartel del XXXV Festival Flamenco La Yerbabuena, Las Cabezas de San Juan (Sevilla). Foto: Kiko Valle\" srcset=\"https:\/\/expoflamenco.com\/revista\/wp-content\/uploads\/sites\/46\/2026\/04\/presentacion-cartel-xxxv-festival-flamenco-la-yerbabuena-42-lucia-benavides-rincon-malillo-las-cabezas-de-san-juan-abr26-foto-kiko-valle-120x86.webp 120w, https:\/\/expoflamenco.com\/revista\/wp-content\/uploads\/sites\/46\/2026\/04\/presentacion-cartel-xxxv-festival-flamenco-la-yerbabuena-42-lucia-benavides-rincon-malillo-las-cabezas-de-san-juan-abr26-foto-kiko-valle-350x250.webp 350w, https:\/\/expoflamenco.com\/revista\/wp-content\/uploads\/sites\/46\/2026\/04\/presentacion-cartel-xxxv-festival-flamenco-la-yerbabuena-42-lucia-benavides-rincon-malillo-las-cabezas-de-san-juan-abr26-foto-kiko-valle-750x536.webp 750w, https:\/\/expoflamenco.com\/revista\/wp-content\/uploads\/sites\/46\/2026\/04\/presentacion-cartel-xxxv-festival-flamenco-la-yerbabuena-42-lucia-benavides-rincon-malillo-las-cabezas-de-san-juan-abr26-foto-kiko-valle-1140x815.webp 1140w\" sizes=\"(max-width: 120px) 100vw, 120px\" data-full-width=\"1500\" data-full-height=\"924\" \/>\n                            <\/div>\n                        <\/a><a data-id=\"47\" data-title=\"Luc\u00eda Benavides. Presentaci\u00f3n del cartel del XXXV Festival Flamenco La Yerbabuena, Las Cabezas de San Juan (Sevilla). Foto: Kiko Valle\" data-image=\"https:\/\/expoflamenco.com\/revista\/wp-content\/uploads\/sites\/46\/2026\/04\/presentacion-cartel-xxxv-festival-flamenco-la-yerbabuena-44-lucia-benavides-rincon-malillo-las-cabezas-de-san-juan-abr26-foto-kiko-valle.webp\" href=\"https:\/\/expoflamenco.com\/revista\/wp-content\/uploads\/sites\/46\/2026\/04\/presentacion-cartel-xxxv-festival-flamenco-la-yerbabuena-44-lucia-benavides-rincon-malillo-las-cabezas-de-san-juan-abr26-foto-kiko-valle.webp\" class=\"jeg_preview_item \">\n                            <div class=\"jeg_preview_item_thumbnail\">\n                                <img loading=\"lazy\" decoding=\"async\" width=\"120\" height=\"86\" src=\"https:\/\/expoflamenco.com\/revista\/wp-content\/uploads\/sites\/46\/2026\/04\/presentacion-cartel-xxxv-festival-flamenco-la-yerbabuena-44-lucia-benavides-rincon-malillo-las-cabezas-de-san-juan-abr26-foto-kiko-valle-120x86.webp\" class=\"attachment-jnews-120x86 size-jnews-120x86\" alt=\"Female flamenco-style singer in a blue lace dress bows with hands to her chest while three male musicians clap and a guitarist accompanies them outdoors.\" srcset=\"https:\/\/expoflamenco.com\/revista\/wp-content\/uploads\/sites\/46\/2026\/04\/presentacion-cartel-xxxv-festival-flamenco-la-yerbabuena-44-lucia-benavides-rincon-malillo-las-cabezas-de-san-juan-abr26-foto-kiko-valle-120x86.webp 120w, https:\/\/expoflamenco.com\/revista\/wp-content\/uploads\/sites\/46\/2026\/04\/presentacion-cartel-xxxv-festival-flamenco-la-yerbabuena-44-lucia-benavides-rincon-malillo-las-cabezas-de-san-juan-abr26-foto-kiko-valle-350x250.webp 350w, https:\/\/expoflamenco.com\/revista\/wp-content\/uploads\/sites\/46\/2026\/04\/presentacion-cartel-xxxv-festival-flamenco-la-yerbabuena-44-lucia-benavides-rincon-malillo-las-cabezas-de-san-juan-abr26-foto-kiko-valle-750x536.webp 750w, https:\/\/expoflamenco.com\/revista\/wp-content\/uploads\/sites\/46\/2026\/04\/presentacion-cartel-xxxv-festival-flamenco-la-yerbabuena-44-lucia-benavides-rincon-malillo-las-cabezas-de-san-juan-abr26-foto-kiko-valle-1140x815.webp 1140w\" sizes=\"(max-width: 120px) 100vw, 120px\" data-full-width=\"1500\" data-full-height=\"924\" \/>\n                            <\/div>\n                        <\/a><a data-id=\"48\" data-title=\"Luc\u00eda Benavides. Presentaci\u00f3n del cartel del XXXV Festival Flamenco La Yerbabuena, Las Cabezas de San Juan (Sevilla). Foto: Kiko Valle\" data-image=\"https:\/\/expoflamenco.com\/revista\/wp-content\/uploads\/sites\/46\/2026\/04\/presentacion-cartel-xxxv-festival-flamenco-la-yerbabuena-45-lucia-benavides-rincon-malillo-las-cabezas-de-san-juan-abr26-foto-kiko-valle.webp\" href=\"https:\/\/expoflamenco.com\/revista\/wp-content\/uploads\/sites\/46\/2026\/04\/presentacion-cartel-xxxv-festival-flamenco-la-yerbabuena-45-lucia-benavides-rincon-malillo-las-cabezas-de-san-juan-abr26-foto-kiko-valle.webp\" class=\"jeg_preview_item \">\n                            <div class=\"jeg_preview_item_thumbnail\">\n                                <img loading=\"lazy\" decoding=\"async\" width=\"120\" height=\"86\" src=\"https:\/\/expoflamenco.com\/revista\/wp-content\/uploads\/sites\/46\/2026\/04\/presentacion-cartel-xxxv-festival-flamenco-la-yerbabuena-45-lucia-benavides-rincon-malillo-las-cabezas-de-san-juan-abr26-foto-kiko-valle-120x86.webp\" class=\"attachment-jnews-120x86 size-jnews-120x86\" alt=\"Luc\u00eda Benavides. Presentaci\u00f3n del cartel del XXXV Festival Flamenco La Yerbabuena, Las Cabezas de San Juan (Sevilla). Foto: Kiko Valle\" srcset=\"https:\/\/expoflamenco.com\/revista\/wp-content\/uploads\/sites\/46\/2026\/04\/presentacion-cartel-xxxv-festival-flamenco-la-yerbabuena-45-lucia-benavides-rincon-malillo-las-cabezas-de-san-juan-abr26-foto-kiko-valle-120x86.webp 120w, https:\/\/expoflamenco.com\/revista\/wp-content\/uploads\/sites\/46\/2026\/04\/presentacion-cartel-xxxv-festival-flamenco-la-yerbabuena-45-lucia-benavides-rincon-malillo-las-cabezas-de-san-juan-abr26-foto-kiko-valle-350x250.webp 350w, https:\/\/expoflamenco.com\/revista\/wp-content\/uploads\/sites\/46\/2026\/04\/presentacion-cartel-xxxv-festival-flamenco-la-yerbabuena-45-lucia-benavides-rincon-malillo-las-cabezas-de-san-juan-abr26-foto-kiko-valle-750x536.webp 750w, https:\/\/expoflamenco.com\/revista\/wp-content\/uploads\/sites\/46\/2026\/04\/presentacion-cartel-xxxv-festival-flamenco-la-yerbabuena-45-lucia-benavides-rincon-malillo-las-cabezas-de-san-juan-abr26-foto-kiko-valle-1140x815.webp 1140w\" sizes=\"(max-width: 120px) 100vw, 120px\" data-full-width=\"1500\" data-full-height=\"924\" \/>\n                            <\/div>\n                        <\/a><a data-id=\"49\" data-title=\"Pepe Solano. Presentaci\u00f3n del cartel del XXXV Festival Flamenco La Yerbabuena, Las Cabezas de San Juan (Sevilla). Foto: Kiko Valle\" data-image=\"https:\/\/expoflamenco.com\/revista\/wp-content\/uploads\/sites\/46\/2026\/04\/presentacion-cartel-xxxv-festival-flamenco-la-yerbabuena-47-pepe-solano-rincon-malillo-las-cabezas-de-san-juan-abr26-foto-kiko-valle.webp\" href=\"https:\/\/expoflamenco.com\/revista\/wp-content\/uploads\/sites\/46\/2026\/04\/presentacion-cartel-xxxv-festival-flamenco-la-yerbabuena-47-pepe-solano-rincon-malillo-las-cabezas-de-san-juan-abr26-foto-kiko-valle.webp\" class=\"jeg_preview_item \">\n                            <div class=\"jeg_preview_item_thumbnail\">\n                                <img loading=\"lazy\" decoding=\"async\" width=\"120\" height=\"86\" src=\"https:\/\/expoflamenco.com\/revista\/wp-content\/uploads\/sites\/46\/2026\/04\/presentacion-cartel-xxxv-festival-flamenco-la-yerbabuena-47-pepe-solano-rincon-malillo-las-cabezas-de-san-juan-abr26-foto-kiko-valle-120x86.webp\" class=\"attachment-jnews-120x86 size-jnews-120x86\" alt=\"Pepe Solano. Presentaci\u00f3n del cartel del XXXV Festival Flamenco La Yerbabuena, Las Cabezas de San Juan (Sevilla). Foto: Kiko Valle\" srcset=\"https:\/\/expoflamenco.com\/revista\/wp-content\/uploads\/sites\/46\/2026\/04\/presentacion-cartel-xxxv-festival-flamenco-la-yerbabuena-47-pepe-solano-rincon-malillo-las-cabezas-de-san-juan-abr26-foto-kiko-valle-120x86.webp 120w, https:\/\/expoflamenco.com\/revista\/wp-content\/uploads\/sites\/46\/2026\/04\/presentacion-cartel-xxxv-festival-flamenco-la-yerbabuena-47-pepe-solano-rincon-malillo-las-cabezas-de-san-juan-abr26-foto-kiko-valle-350x250.webp 350w, https:\/\/expoflamenco.com\/revista\/wp-content\/uploads\/sites\/46\/2026\/04\/presentacion-cartel-xxxv-festival-flamenco-la-yerbabuena-47-pepe-solano-rincon-malillo-las-cabezas-de-san-juan-abr26-foto-kiko-valle-750x536.webp 750w, https:\/\/expoflamenco.com\/revista\/wp-content\/uploads\/sites\/46\/2026\/04\/presentacion-cartel-xxxv-festival-flamenco-la-yerbabuena-47-pepe-solano-rincon-malillo-las-cabezas-de-san-juan-abr26-foto-kiko-valle-1140x815.webp 1140w\" sizes=\"(max-width: 120px) 100vw, 120px\" data-full-width=\"1500\" data-full-height=\"924\" \/>\n                            <\/div>\n                        <\/a><a data-id=\"50\" data-title=\"Pepe Solano. Presentaci\u00f3n del cartel del XXXV Festival Flamenco La Yerbabuena, Las Cabezas de San Juan (Sevilla). Foto: Kiko Valle\" data-image=\"https:\/\/expoflamenco.com\/revista\/wp-content\/uploads\/sites\/46\/2026\/04\/presentacion-cartel-xxxv-festival-flamenco-la-yerbabuena-48-pepe-solano-rincon-malillo-las-cabezas-de-san-juan-abr26-foto-kiko-valle.webp\" href=\"https:\/\/expoflamenco.com\/revista\/wp-content\/uploads\/sites\/46\/2026\/04\/presentacion-cartel-xxxv-festival-flamenco-la-yerbabuena-48-pepe-solano-rincon-malillo-las-cabezas-de-san-juan-abr26-foto-kiko-valle.webp\" class=\"jeg_preview_item \">\n                            <div class=\"jeg_preview_item_thumbnail\">\n                                <img loading=\"lazy\" decoding=\"async\" width=\"120\" height=\"86\" src=\"https:\/\/expoflamenco.com\/revista\/wp-content\/uploads\/sites\/46\/2026\/04\/presentacion-cartel-xxxv-festival-flamenco-la-yerbabuena-48-pepe-solano-rincon-malillo-las-cabezas-de-san-juan-abr26-foto-kiko-valle-120x86.webp\" class=\"attachment-jnews-120x86 size-jnews-120x86\" alt=\"Pepe Solano. Presentaci\u00f3n del cartel del XXXV Festival Flamenco La Yerbabuena, Las Cabezas de San Juan (Sevilla). Foto: Kiko Valle\" srcset=\"https:\/\/expoflamenco.com\/revista\/wp-content\/uploads\/sites\/46\/2026\/04\/presentacion-cartel-xxxv-festival-flamenco-la-yerbabuena-48-pepe-solano-rincon-malillo-las-cabezas-de-san-juan-abr26-foto-kiko-valle-120x86.webp 120w, https:\/\/expoflamenco.com\/revista\/wp-content\/uploads\/sites\/46\/2026\/04\/presentacion-cartel-xxxv-festival-flamenco-la-yerbabuena-48-pepe-solano-rincon-malillo-las-cabezas-de-san-juan-abr26-foto-kiko-valle-350x250.webp 350w, https:\/\/expoflamenco.com\/revista\/wp-content\/uploads\/sites\/46\/2026\/04\/presentacion-cartel-xxxv-festival-flamenco-la-yerbabuena-48-pepe-solano-rincon-malillo-las-cabezas-de-san-juan-abr26-foto-kiko-valle-750x536.webp 750w, https:\/\/expoflamenco.com\/revista\/wp-content\/uploads\/sites\/46\/2026\/04\/presentacion-cartel-xxxv-festival-flamenco-la-yerbabuena-48-pepe-solano-rincon-malillo-las-cabezas-de-san-juan-abr26-foto-kiko-valle-1140x815.webp 1140w\" sizes=\"(max-width: 120px) 100vw, 120px\" data-full-width=\"1500\" data-full-height=\"924\" \/>\n                            <\/div>\n                        <\/a><a data-id=\"51\" data-title=\"Tere Pe\u00f1a. Presentaci\u00f3n del cartel del XXXV Festival Flamenco La Yerbabuena, Las Cabezas de San Juan (Sevilla). Foto: Kiko Valle\" data-image=\"https:\/\/expoflamenco.com\/revista\/wp-content\/uploads\/sites\/46\/2026\/04\/presentacion-cartel-xxxv-festival-flamenco-la-yerbabuena-49-tere-pena-rincon-malillo-las-cabezas-de-san-juan-abr26-foto-kiko-valle.webp\" href=\"https:\/\/expoflamenco.com\/revista\/wp-content\/uploads\/sites\/46\/2026\/04\/presentacion-cartel-xxxv-festival-flamenco-la-yerbabuena-49-tere-pena-rincon-malillo-las-cabezas-de-san-juan-abr26-foto-kiko-valle.webp\" class=\"jeg_preview_item \">\n                            <div class=\"jeg_preview_item_thumbnail\">\n                                <img loading=\"lazy\" decoding=\"async\" width=\"120\" height=\"86\" src=\"https:\/\/expoflamenco.com\/revista\/wp-content\/uploads\/sites\/46\/2026\/04\/presentacion-cartel-xxxv-festival-flamenco-la-yerbabuena-49-tere-pena-rincon-malillo-las-cabezas-de-san-juan-abr26-foto-kiko-valle-120x86.webp\" class=\"attachment-jnews-120x86 size-jnews-120x86\" alt=\"Tere Pe\u00f1a. Presentaci\u00f3n del cartel del XXXV Festival Flamenco La Yerbabuena, Las Cabezas de San Juan (Sevilla). Foto: Kiko Valle\" srcset=\"https:\/\/expoflamenco.com\/revista\/wp-content\/uploads\/sites\/46\/2026\/04\/presentacion-cartel-xxxv-festival-flamenco-la-yerbabuena-49-tere-pena-rincon-malillo-las-cabezas-de-san-juan-abr26-foto-kiko-valle-120x86.webp 120w, https:\/\/expoflamenco.com\/revista\/wp-content\/uploads\/sites\/46\/2026\/04\/presentacion-cartel-xxxv-festival-flamenco-la-yerbabuena-49-tere-pena-rincon-malillo-las-cabezas-de-san-juan-abr26-foto-kiko-valle-350x250.webp 350w, https:\/\/expoflamenco.com\/revista\/wp-content\/uploads\/sites\/46\/2026\/04\/presentacion-cartel-xxxv-festival-flamenco-la-yerbabuena-49-tere-pena-rincon-malillo-las-cabezas-de-san-juan-abr26-foto-kiko-valle-750x536.webp 750w, https:\/\/expoflamenco.com\/revista\/wp-content\/uploads\/sites\/46\/2026\/04\/presentacion-cartel-xxxv-festival-flamenco-la-yerbabuena-49-tere-pena-rincon-malillo-las-cabezas-de-san-juan-abr26-foto-kiko-valle-1140x815.webp 1140w\" sizes=\"(max-width: 120px) 100vw, 120px\" data-full-width=\"1500\" data-full-height=\"924\" \/>\n                            <\/div>\n                        <\/a><a data-id=\"52\" data-title=\"Tere Pe\u00f1a. Presentaci\u00f3n del cartel del XXXV Festival Flamenco La Yerbabuena, Las Cabezas de San Juan (Sevilla). Foto: Kiko Valle\" data-image=\"https:\/\/expoflamenco.com\/revista\/wp-content\/uploads\/sites\/46\/2026\/04\/presentacion-cartel-xxxv-festival-flamenco-la-yerbabuena-50-tere-pena-rincon-malillo-las-cabezas-de-san-juan-abr26-foto-kiko-valle.webp\" href=\"https:\/\/expoflamenco.com\/revista\/wp-content\/uploads\/sites\/46\/2026\/04\/presentacion-cartel-xxxv-festival-flamenco-la-yerbabuena-50-tere-pena-rincon-malillo-las-cabezas-de-san-juan-abr26-foto-kiko-valle.webp\" class=\"jeg_preview_item \">\n                            <div class=\"jeg_preview_item_thumbnail\">\n                                <img loading=\"lazy\" decoding=\"async\" width=\"120\" height=\"86\" src=\"https:\/\/expoflamenco.com\/revista\/wp-content\/uploads\/sites\/46\/2026\/04\/presentacion-cartel-xxxv-festival-flamenco-la-yerbabuena-50-tere-pena-rincon-malillo-las-cabezas-de-san-juan-abr26-foto-kiko-valle-120x86.webp\" class=\"attachment-jnews-120x86 size-jnews-120x86\" alt=\"Tere Pe\u00f1a. Presentaci\u00f3n del cartel del XXXV Festival Flamenco La Yerbabuena, Las Cabezas de San Juan (Sevilla). Foto: Kiko Valle\" srcset=\"https:\/\/expoflamenco.com\/revista\/wp-content\/uploads\/sites\/46\/2026\/04\/presentacion-cartel-xxxv-festival-flamenco-la-yerbabuena-50-tere-pena-rincon-malillo-las-cabezas-de-san-juan-abr26-foto-kiko-valle-120x86.webp 120w, https:\/\/expoflamenco.com\/revista\/wp-content\/uploads\/sites\/46\/2026\/04\/presentacion-cartel-xxxv-festival-flamenco-la-yerbabuena-50-tere-pena-rincon-malillo-las-cabezas-de-san-juan-abr26-foto-kiko-valle-350x250.webp 350w, https:\/\/expoflamenco.com\/revista\/wp-content\/uploads\/sites\/46\/2026\/04\/presentacion-cartel-xxxv-festival-flamenco-la-yerbabuena-50-tere-pena-rincon-malillo-las-cabezas-de-san-juan-abr26-foto-kiko-valle-750x536.webp 750w, https:\/\/expoflamenco.com\/revista\/wp-content\/uploads\/sites\/46\/2026\/04\/presentacion-cartel-xxxv-festival-flamenco-la-yerbabuena-50-tere-pena-rincon-malillo-las-cabezas-de-san-juan-abr26-foto-kiko-valle-1140x815.webp 1140w\" sizes=\"(max-width: 120px) 100vw, 120px\" data-full-width=\"1500\" data-full-height=\"924\" \/>\n                            <\/div>\n                        <\/a><a data-id=\"53\" data-title=\"Jes\u00fas Flores. Presentaci\u00f3n del cartel del XXXV Festival Flamenco La Yerbabuena, Las Cabezas de San Juan (Sevilla). Foto: Kiko Valle\" data-image=\"https:\/\/expoflamenco.com\/revista\/wp-content\/uploads\/sites\/46\/2026\/04\/presentacion-cartel-xxxv-festival-flamenco-la-yerbabuena-54-jesus-flores-rincon-malillo-las-cabezas-de-san-juan-abr26-foto-kiko-valle.webp\" href=\"https:\/\/expoflamenco.com\/revista\/wp-content\/uploads\/sites\/46\/2026\/04\/presentacion-cartel-xxxv-festival-flamenco-la-yerbabuena-54-jesus-flores-rincon-malillo-las-cabezas-de-san-juan-abr26-foto-kiko-valle.webp\" class=\"jeg_preview_item \">\n                            <div class=\"jeg_preview_item_thumbnail\">\n                                <img loading=\"lazy\" decoding=\"async\" width=\"120\" height=\"86\" src=\"https:\/\/expoflamenco.com\/revista\/wp-content\/uploads\/sites\/46\/2026\/04\/presentacion-cartel-xxxv-festival-flamenco-la-yerbabuena-54-jesus-flores-rincon-malillo-las-cabezas-de-san-juan-abr26-foto-kiko-valle-120x86.webp\" class=\"attachment-jnews-120x86 size-jnews-120x86\" alt=\"Presentaci\u00f3n del cartel del XXXV Festival Flamenco La Yerbabuena, Las Cabezas de San Juan (Sevilla). Foto: Kiko Valle\" srcset=\"https:\/\/expoflamenco.com\/revista\/wp-content\/uploads\/sites\/46\/2026\/04\/presentacion-cartel-xxxv-festival-flamenco-la-yerbabuena-54-jesus-flores-rincon-malillo-las-cabezas-de-san-juan-abr26-foto-kiko-valle-120x86.webp 120w, https:\/\/expoflamenco.com\/revista\/wp-content\/uploads\/sites\/46\/2026\/04\/presentacion-cartel-xxxv-festival-flamenco-la-yerbabuena-54-jesus-flores-rincon-malillo-las-cabezas-de-san-juan-abr26-foto-kiko-valle-350x250.webp 350w, https:\/\/expoflamenco.com\/revista\/wp-content\/uploads\/sites\/46\/2026\/04\/presentacion-cartel-xxxv-festival-flamenco-la-yerbabuena-54-jesus-flores-rincon-malillo-las-cabezas-de-san-juan-abr26-foto-kiko-valle-750x536.webp 750w, https:\/\/expoflamenco.com\/revista\/wp-content\/uploads\/sites\/46\/2026\/04\/presentacion-cartel-xxxv-festival-flamenco-la-yerbabuena-54-jesus-flores-rincon-malillo-las-cabezas-de-san-juan-abr26-foto-kiko-valle-1140x815.webp 1140w\" sizes=\"(max-width: 120px) 100vw, 120px\" data-full-width=\"1500\" data-full-height=\"924\" \/>\n                            <\/div>\n                        <\/a><a data-id=\"54\" data-title=\"Jes\u00fas Flores. Presentaci\u00f3n del cartel del XXXV Festival Flamenco La Yerbabuena, Las Cabezas de San Juan (Sevilla). Foto: Kiko Valle\" data-image=\"https:\/\/expoflamenco.com\/revista\/wp-content\/uploads\/sites\/46\/2026\/04\/presentacion-cartel-xxxv-festival-flamenco-la-yerbabuena-55-jesus-flores-rincon-malillo-las-cabezas-de-san-juan-abr26-foto-kiko-valle.webp\" href=\"https:\/\/expoflamenco.com\/revista\/wp-content\/uploads\/sites\/46\/2026\/04\/presentacion-cartel-xxxv-festival-flamenco-la-yerbabuena-55-jesus-flores-rincon-malillo-las-cabezas-de-san-juan-abr26-foto-kiko-valle.webp\" class=\"jeg_preview_item \">\n                            <div class=\"jeg_preview_item_thumbnail\">\n                                <img loading=\"lazy\" decoding=\"async\" width=\"120\" height=\"86\" src=\"https:\/\/expoflamenco.com\/revista\/wp-content\/uploads\/sites\/46\/2026\/04\/presentacion-cartel-xxxv-festival-flamenco-la-yerbabuena-55-jesus-flores-rincon-malillo-las-cabezas-de-san-juan-abr26-foto-kiko-valle-120x86.webp\" class=\"attachment-jnews-120x86 size-jnews-120x86\" alt=\"Man with long gray hair and beard singing into a microphone outdoors, wearing a black suit and polka-dot scarf.\" srcset=\"https:\/\/expoflamenco.com\/revista\/wp-content\/uploads\/sites\/46\/2026\/04\/presentacion-cartel-xxxv-festival-flamenco-la-yerbabuena-55-jesus-flores-rincon-malillo-las-cabezas-de-san-juan-abr26-foto-kiko-valle-120x86.webp 120w, https:\/\/expoflamenco.com\/revista\/wp-content\/uploads\/sites\/46\/2026\/04\/presentacion-cartel-xxxv-festival-flamenco-la-yerbabuena-55-jesus-flores-rincon-malillo-las-cabezas-de-san-juan-abr26-foto-kiko-valle-350x250.webp 350w, https:\/\/expoflamenco.com\/revista\/wp-content\/uploads\/sites\/46\/2026\/04\/presentacion-cartel-xxxv-festival-flamenco-la-yerbabuena-55-jesus-flores-rincon-malillo-las-cabezas-de-san-juan-abr26-foto-kiko-valle-750x536.webp 750w, https:\/\/expoflamenco.com\/revista\/wp-content\/uploads\/sites\/46\/2026\/04\/presentacion-cartel-xxxv-festival-flamenco-la-yerbabuena-55-jesus-flores-rincon-malillo-las-cabezas-de-san-juan-abr26-foto-kiko-valle-1140x815.webp 1140w\" sizes=\"(max-width: 120px) 100vw, 120px\" data-full-width=\"1500\" data-full-height=\"924\" \/>\n                            <\/div>\n                        <\/a><a data-id=\"55\" data-title=\"Fali del El\u00e9ctrico. Presentaci\u00f3n del cartel del XXXV Festival Flamenco La Yerbabuena, Las Cabezas de San Juan (Sevilla). Foto: Kiko Valle\" data-image=\"https:\/\/expoflamenco.com\/revista\/wp-content\/uploads\/sites\/46\/2026\/04\/presentacion-cartel-xxxv-festival-flamenco-la-yerbabuena-56-fali-rincon-malillo-las-cabezas-de-san-juan-abr26-foto-kiko-valle.webp\" href=\"https:\/\/expoflamenco.com\/revista\/wp-content\/uploads\/sites\/46\/2026\/04\/presentacion-cartel-xxxv-festival-flamenco-la-yerbabuena-56-fali-rincon-malillo-las-cabezas-de-san-juan-abr26-foto-kiko-valle.webp\" class=\"jeg_preview_item \">\n                            <div class=\"jeg_preview_item_thumbnail\">\n                                <img loading=\"lazy\" decoding=\"async\" width=\"120\" height=\"86\" src=\"https:\/\/expoflamenco.com\/revista\/wp-content\/uploads\/sites\/46\/2026\/04\/presentacion-cartel-xxxv-festival-flamenco-la-yerbabuena-56-fali-rincon-malillo-las-cabezas-de-san-juan-abr26-foto-kiko-valle-120x86.webp\" class=\"attachment-jnews-120x86 size-jnews-120x86\" alt=\"Fali del El\u00e9ctrico. Presentaci\u00f3n del cartel del XXXV Festival Flamenco La Yerbabuena, Las Cabezas de San Juan (Sevilla). Foto: Kiko Valle\" srcset=\"https:\/\/expoflamenco.com\/revista\/wp-content\/uploads\/sites\/46\/2026\/04\/presentacion-cartel-xxxv-festival-flamenco-la-yerbabuena-56-fali-rincon-malillo-las-cabezas-de-san-juan-abr26-foto-kiko-valle-120x86.webp 120w, https:\/\/expoflamenco.com\/revista\/wp-content\/uploads\/sites\/46\/2026\/04\/presentacion-cartel-xxxv-festival-flamenco-la-yerbabuena-56-fali-rincon-malillo-las-cabezas-de-san-juan-abr26-foto-kiko-valle-350x250.webp 350w, https:\/\/expoflamenco.com\/revista\/wp-content\/uploads\/sites\/46\/2026\/04\/presentacion-cartel-xxxv-festival-flamenco-la-yerbabuena-56-fali-rincon-malillo-las-cabezas-de-san-juan-abr26-foto-kiko-valle-750x536.webp 750w, https:\/\/expoflamenco.com\/revista\/wp-content\/uploads\/sites\/46\/2026\/04\/presentacion-cartel-xxxv-festival-flamenco-la-yerbabuena-56-fali-rincon-malillo-las-cabezas-de-san-juan-abr26-foto-kiko-valle-1140x815.webp 1140w\" sizes=\"(max-width: 120px) 100vw, 120px\" data-full-width=\"1500\" data-full-height=\"924\" \/>\n                            <\/div>\n                        <\/a><a data-id=\"56\" data-title=\"Curro Vargas. Presentaci\u00f3n del cartel del XXXV Festival Flamenco La Yerbabuena, Las Cabezas de San Juan (Sevilla). Foto: Kiko Valle\" data-image=\"https:\/\/expoflamenco.com\/revista\/wp-content\/uploads\/sites\/46\/2026\/04\/presentacion-cartel-xxxv-festival-flamenco-la-yerbabuena-57-curro-vargas-rincon-malillo-las-cabezas-de-san-juan-abr26-foto-kiko-valle.webp\" href=\"https:\/\/expoflamenco.com\/revista\/wp-content\/uploads\/sites\/46\/2026\/04\/presentacion-cartel-xxxv-festival-flamenco-la-yerbabuena-57-curro-vargas-rincon-malillo-las-cabezas-de-san-juan-abr26-foto-kiko-valle.webp\" class=\"jeg_preview_item \">\n                            <div class=\"jeg_preview_item_thumbnail\">\n                                <img loading=\"lazy\" decoding=\"async\" width=\"120\" height=\"86\" src=\"https:\/\/expoflamenco.com\/revista\/wp-content\/uploads\/sites\/46\/2026\/04\/presentacion-cartel-xxxv-festival-flamenco-la-yerbabuena-57-curro-vargas-rincon-malillo-las-cabezas-de-san-juan-abr26-foto-kiko-valle-120x86.webp\" class=\"attachment-jnews-120x86 size-jnews-120x86\" alt=\"Curro Vargas. Presentaci\u00f3n del cartel del XXXV Festival Flamenco La Yerbabuena, Las Cabezas de San Juan (Sevilla). Foto: Kiko Valle\" srcset=\"https:\/\/expoflamenco.com\/revista\/wp-content\/uploads\/sites\/46\/2026\/04\/presentacion-cartel-xxxv-festival-flamenco-la-yerbabuena-57-curro-vargas-rincon-malillo-las-cabezas-de-san-juan-abr26-foto-kiko-valle-120x86.webp 120w, https:\/\/expoflamenco.com\/revista\/wp-content\/uploads\/sites\/46\/2026\/04\/presentacion-cartel-xxxv-festival-flamenco-la-yerbabuena-57-curro-vargas-rincon-malillo-las-cabezas-de-san-juan-abr26-foto-kiko-valle-350x250.webp 350w, https:\/\/expoflamenco.com\/revista\/wp-content\/uploads\/sites\/46\/2026\/04\/presentacion-cartel-xxxv-festival-flamenco-la-yerbabuena-57-curro-vargas-rincon-malillo-las-cabezas-de-san-juan-abr26-foto-kiko-valle-750x536.webp 750w, https:\/\/expoflamenco.com\/revista\/wp-content\/uploads\/sites\/46\/2026\/04\/presentacion-cartel-xxxv-festival-flamenco-la-yerbabuena-57-curro-vargas-rincon-malillo-las-cabezas-de-san-juan-abr26-foto-kiko-valle-1140x815.webp 1140w\" sizes=\"(max-width: 120px) 100vw, 120px\" data-full-width=\"1500\" data-full-height=\"924\" \/>\n                            <\/div>\n                        <\/a><a data-id=\"57\" data-title=\"Curro Vargas. Presentaci\u00f3n del cartel del XXXV Festival Flamenco La Yerbabuena, Las Cabezas de San Juan (Sevilla). Foto: Kiko Valle\" data-image=\"https:\/\/expoflamenco.com\/revista\/wp-content\/uploads\/sites\/46\/2026\/04\/presentacion-cartel-xxxv-festival-flamenco-la-yerbabuena-58-curro-vargas-rincon-malillo-las-cabezas-de-san-juan-abr26-foto-kiko-valle.webp\" href=\"https:\/\/expoflamenco.com\/revista\/wp-content\/uploads\/sites\/46\/2026\/04\/presentacion-cartel-xxxv-festival-flamenco-la-yerbabuena-58-curro-vargas-rincon-malillo-las-cabezas-de-san-juan-abr26-foto-kiko-valle.webp\" class=\"jeg_preview_item \">\n                            <div class=\"jeg_preview_item_thumbnail\">\n                                <img loading=\"lazy\" decoding=\"async\" width=\"120\" height=\"86\" src=\"https:\/\/expoflamenco.com\/revista\/wp-content\/uploads\/sites\/46\/2026\/04\/presentacion-cartel-xxxv-festival-flamenco-la-yerbabuena-58-curro-vargas-rincon-malillo-las-cabezas-de-san-juan-abr26-foto-kiko-valle-120x86.webp\" class=\"attachment-jnews-120x86 size-jnews-120x86\" alt=\"Curro Vargas. Presentaci\u00f3n del cartel del XXXV Festival Flamenco La Yerbabuena, Las Cabezas de San Juan (Sevilla). Foto: Kiko Valle\" srcset=\"https:\/\/expoflamenco.com\/revista\/wp-content\/uploads\/sites\/46\/2026\/04\/presentacion-cartel-xxxv-festival-flamenco-la-yerbabuena-58-curro-vargas-rincon-malillo-las-cabezas-de-san-juan-abr26-foto-kiko-valle-120x86.webp 120w, https:\/\/expoflamenco.com\/revista\/wp-content\/uploads\/sites\/46\/2026\/04\/presentacion-cartel-xxxv-festival-flamenco-la-yerbabuena-58-curro-vargas-rincon-malillo-las-cabezas-de-san-juan-abr26-foto-kiko-valle-350x250.webp 350w, https:\/\/expoflamenco.com\/revista\/wp-content\/uploads\/sites\/46\/2026\/04\/presentacion-cartel-xxxv-festival-flamenco-la-yerbabuena-58-curro-vargas-rincon-malillo-las-cabezas-de-san-juan-abr26-foto-kiko-valle-750x536.webp 750w, https:\/\/expoflamenco.com\/revista\/wp-content\/uploads\/sites\/46\/2026\/04\/presentacion-cartel-xxxv-festival-flamenco-la-yerbabuena-58-curro-vargas-rincon-malillo-las-cabezas-de-san-juan-abr26-foto-kiko-valle-1140x815.webp 1140w\" sizes=\"(max-width: 120px) 100vw, 120px\" data-full-width=\"1500\" data-full-height=\"924\" \/>\n                            <\/div>\n                        <\/a><a data-id=\"58\" data-title=\"Alfonso Garc\u00eda. Presentaci\u00f3n del cartel del XXXV Festival Flamenco La Yerbabuena, Las Cabezas de San Juan (Sevilla). Foto: Kiko Valle\" data-image=\"https:\/\/expoflamenco.com\/revista\/wp-content\/uploads\/sites\/46\/2026\/04\/presentacion-cartel-xxxv-festival-flamenco-la-yerbabuena-60-alfonso-garcia-en-rincon-malillo-las-cabezas-de-san-juan-abr26-foto-kiko-valle.webp\" href=\"https:\/\/expoflamenco.com\/revista\/wp-content\/uploads\/sites\/46\/2026\/04\/presentacion-cartel-xxxv-festival-flamenco-la-yerbabuena-60-alfonso-garcia-en-rincon-malillo-las-cabezas-de-san-juan-abr26-foto-kiko-valle.webp\" class=\"jeg_preview_item \">\n                            <div class=\"jeg_preview_item_thumbnail\">\n                                <img loading=\"lazy\" decoding=\"async\" width=\"120\" height=\"86\" src=\"https:\/\/expoflamenco.com\/revista\/wp-content\/uploads\/sites\/46\/2026\/04\/presentacion-cartel-xxxv-festival-flamenco-la-yerbabuena-60-alfonso-garcia-en-rincon-malillo-las-cabezas-de-san-juan-abr26-foto-kiko-valle-120x86.webp\" class=\"attachment-jnews-120x86 size-jnews-120x86\" alt=\"Alfonso Garc\u00eda. Presentaci\u00f3n del cartel del XXXV Festival Flamenco La Yerbabuena, Las Cabezas de San Juan (Sevilla). Foto: Kiko Valle\" srcset=\"https:\/\/expoflamenco.com\/revista\/wp-content\/uploads\/sites\/46\/2026\/04\/presentacion-cartel-xxxv-festival-flamenco-la-yerbabuena-60-alfonso-garcia-en-rincon-malillo-las-cabezas-de-san-juan-abr26-foto-kiko-valle-120x86.webp 120w, https:\/\/expoflamenco.com\/revista\/wp-content\/uploads\/sites\/46\/2026\/04\/presentacion-cartel-xxxv-festival-flamenco-la-yerbabuena-60-alfonso-garcia-en-rincon-malillo-las-cabezas-de-san-juan-abr26-foto-kiko-valle-350x250.webp 350w, https:\/\/expoflamenco.com\/revista\/wp-content\/uploads\/sites\/46\/2026\/04\/presentacion-cartel-xxxv-festival-flamenco-la-yerbabuena-60-alfonso-garcia-en-rincon-malillo-las-cabezas-de-san-juan-abr26-foto-kiko-valle-750x536.webp 750w, https:\/\/expoflamenco.com\/revista\/wp-content\/uploads\/sites\/46\/2026\/04\/presentacion-cartel-xxxv-festival-flamenco-la-yerbabuena-60-alfonso-garcia-en-rincon-malillo-las-cabezas-de-san-juan-abr26-foto-kiko-valle-1140x815.webp 1140w\" sizes=\"(max-width: 120px) 100vw, 120px\" data-full-width=\"1500\" data-full-height=\"924\" \/>\n                            <\/div>\n                        <\/a><a data-id=\"59\" data-title=\"\u00c1frica Castro. Presentaci\u00f3n del cartel del XXXV Festival Flamenco La Yerbabuena, Las Cabezas de San Juan (Sevilla). Foto: Kiko Valle\" data-image=\"https:\/\/expoflamenco.com\/revista\/wp-content\/uploads\/sites\/46\/2026\/04\/presentacion-cartel-xxxv-festival-flamenco-la-yerbabuena-61-africa-castro-en-rincon-malillo-las-cabezas-de-san-juan-abr26-foto-kiko-valle.webp\" href=\"https:\/\/expoflamenco.com\/revista\/wp-content\/uploads\/sites\/46\/2026\/04\/presentacion-cartel-xxxv-festival-flamenco-la-yerbabuena-61-africa-castro-en-rincon-malillo-las-cabezas-de-san-juan-abr26-foto-kiko-valle.webp\" class=\"jeg_preview_item \">\n                            <div class=\"jeg_preview_item_thumbnail\">\n                                <img loading=\"lazy\" decoding=\"async\" width=\"120\" height=\"86\" src=\"https:\/\/expoflamenco.com\/revista\/wp-content\/uploads\/sites\/46\/2026\/04\/presentacion-cartel-xxxv-festival-flamenco-la-yerbabuena-61-africa-castro-en-rincon-malillo-las-cabezas-de-san-juan-abr26-foto-kiko-valle-120x86.webp\" class=\"attachment-jnews-120x86 size-jnews-120x86\" alt=\"\u00c1frica Castro. Presentaci\u00f3n del cartel del XXXV Festival Flamenco La Yerbabuena, Las Cabezas de San Juan (Sevilla). Foto: Kiko Valle\" srcset=\"https:\/\/expoflamenco.com\/revista\/wp-content\/uploads\/sites\/46\/2026\/04\/presentacion-cartel-xxxv-festival-flamenco-la-yerbabuena-61-africa-castro-en-rincon-malillo-las-cabezas-de-san-juan-abr26-foto-kiko-valle-120x86.webp 120w, https:\/\/expoflamenco.com\/revista\/wp-content\/uploads\/sites\/46\/2026\/04\/presentacion-cartel-xxxv-festival-flamenco-la-yerbabuena-61-africa-castro-en-rincon-malillo-las-cabezas-de-san-juan-abr26-foto-kiko-valle-350x250.webp 350w, https:\/\/expoflamenco.com\/revista\/wp-content\/uploads\/sites\/46\/2026\/04\/presentacion-cartel-xxxv-festival-flamenco-la-yerbabuena-61-africa-castro-en-rincon-malillo-las-cabezas-de-san-juan-abr26-foto-kiko-valle-750x536.webp 750w, https:\/\/expoflamenco.com\/revista\/wp-content\/uploads\/sites\/46\/2026\/04\/presentacion-cartel-xxxv-festival-flamenco-la-yerbabuena-61-africa-castro-en-rincon-malillo-las-cabezas-de-san-juan-abr26-foto-kiko-valle-1140x815.webp 1140w\" sizes=\"(max-width: 120px) 100vw, 120px\" data-full-width=\"1500\" data-full-height=\"924\" \/>\n                            <\/div>\n                        <\/a>\n                    <\/div>\n                        <\/div>\n                        <div class=\"jeg_preview_description\">\n                            \n                            <div class=\"jeg_preview_description_wrapper\">\n                            <div class=\"jeg_hidden_preview_description\">\n                                <h3>1. Luc\u00eda Benavides. Presentaci\u00f3n del cartel del XXXV Festival Flamenco La Yerbabuena, Las Cabezas de San Juan (Sevilla). Foto: Kiko Valle<\/h3>\n                                <div class=\"jeg_preview_description_content\">\n                                    <p>Luc\u00eda Benavides. Presentaci\u00f3n del cartel del XXXV Festival Flamenco La Yerbabuena, Las Cabezas de San Juan (Sevilla). Foto: Kiko Valle<\/p>\n\n                                <\/div>\n                            <\/div><div class=\"jeg_hidden_preview_description\">\n                                <h3>2. Manuela Rom\u00e1n. Presentaci\u00f3n del cartel del XXXV Festival Flamenco La Yerbabuena, Las Cabezas de San Juan (Sevilla). Foto: Kiko Valle<\/h3>\n                                <div class=\"jeg_preview_description_content\">\n                                    <p>Manuela Rom\u00e1n. Presentaci\u00f3n del cartel del XXXV Festival Flamenco La Yerbabuena, Las Cabezas de San Juan (Sevilla). Foto: Kiko Valle<\/p>\n\n                                <\/div>\n                            <\/div><div class=\"jeg_hidden_preview_description\">\n                                <h3>3. Presentaci\u00f3n del cartel del XXXV Festival Flamenco La Yerbabuena, Las Cabezas de San Juan (Sevilla). Foto: Kiko Valle<\/h3>\n                                <div class=\"jeg_preview_description_content\">\n                                    <p>Presentaci\u00f3n del cartel del XXXV Festival Flamenco La Yerbabuena, Las Cabezas de San Juan (Sevilla). Foto: Kiko Valle<\/p>\n\n                                <\/div>\n                            <\/div><div class=\"jeg_hidden_preview_description\">\n                                <h3>4. <\/h3>\n                                <div class=\"jeg_preview_description_content\">\n                                    \n                                <\/div>\n                            <\/div><div class=\"jeg_hidden_preview_description\">\n                                <h3>5. Tere Pe\u00f1a. Presentaci\u00f3n del cartel del XXXV Festival Flamenco La Yerbabuena, Las Cabezas de San Juan (Sevilla). Foto: Kiko Valle<\/h3>\n                                <div class=\"jeg_preview_description_content\">\n                                    <p>Tere Pe\u00f1a. Presentaci\u00f3n del cartel del XXXV Festival Flamenco La Yerbabuena, Las Cabezas de San Juan (Sevilla). Foto: Kiko Valle<\/p>\n\n                                <\/div>\n                            <\/div><div class=\"jeg_hidden_preview_description\">\n                                <h3>6. Manuel Cordero. Presentaci\u00f3n del cartel del XXXV Festival Flamenco La Yerbabuena, Las Cabezas de San Juan (Sevilla). Foto: Kiko Valle<\/h3>\n                                <div class=\"jeg_preview_description_content\">\n                                    <p>Manuel Cordero. Presentaci\u00f3n del cartel del XXXV Festival Flamenco La Yerbabuena, Las Cabezas de San Juan (Sevilla). Foto: Kiko Valle<\/p>\n\n                                <\/div>\n                            <\/div><div class=\"jeg_hidden_preview_description\">\n                                <h3>7. Presentaci\u00f3n del cartel del XXXV Festival Flamenco La Yerbabuena, Las Cabezas de San Juan (Sevilla). Foto: Kiko Valle<\/h3>\n                                <div class=\"jeg_preview_description_content\">\n                                    <p>Presentaci\u00f3n del cartel del XXXV Festival Flamenco La Yerbabuena, Las Cabezas de San Juan (Sevilla). Foto: Kiko Valle<\/p>\n\n                                <\/div>\n                            <\/div><div class=\"jeg_hidden_preview_description\">\n                                <h3>8. Presentaci\u00f3n del cartel del XXXV Festival Flamenco La Yerbabuena, Las Cabezas de San Juan (Sevilla). Foto: Kiko Valle<\/h3>\n                                <div class=\"jeg_preview_description_content\">\n                                    <p>Presentaci\u00f3n del cartel del XXXV Festival Flamenco La Yerbabuena, Las Cabezas de San Juan (Sevilla). Foto: Kiko Valle<\/p>\n\n                                <\/div>\n                            <\/div><div class=\"jeg_hidden_preview_description\">\n                                <h3>9. Presentaci\u00f3n del cartel del XXXV Festival Flamenco La Yerbabuena, Las Cabezas de San Juan (Sevilla). Foto: Kiko Valle<\/h3>\n                                <div class=\"jeg_preview_description_content\">\n                                    <p>Presentaci\u00f3n del cartel del XXXV Festival Flamenco La Yerbabuena, Las Cabezas de San Juan (Sevilla). Foto: Kiko Valle<\/p>\n\n                                <\/div>\n                            <\/div><div class=\"jeg_hidden_preview_description\">\n                                <h3>10. Presentaci\u00f3n del cartel del XXXV Festival Flamenco La Yerbabuena, Las Cabezas de San Juan (Sevilla). Foto: Kiko Valle<\/h3>\n                                <div class=\"jeg_preview_description_content\">\n                                    <p>Presentaci\u00f3n del cartel del XXXV Festival Flamenco La Yerbabuena, Las Cabezas de San Juan (Sevilla). Foto: Kiko Valle<\/p>\n\n                                <\/div>\n                            <\/div><div class=\"jeg_hidden_preview_description\">\n                                <h3>11. Luc\u00eda Benavides. Presentaci\u00f3n del cartel del XXXV Festival Flamenco La Yerbabuena, Las Cabezas de San Juan (Sevilla). Foto: Kiko Valle<\/h3>\n                                <div class=\"jeg_preview_description_content\">\n                                    <p>Luc\u00eda Benavides. Presentaci\u00f3n del cartel del XXXV Festival Flamenco La Yerbabuena, Las Cabezas de San Juan (Sevilla). Foto: Kiko Valle<\/p>\n\n                                <\/div>\n                            <\/div><div class=\"jeg_hidden_preview_description\">\n                                <h3>12. Luc\u00eda Benavides. Presentaci\u00f3n del cartel del XXXV Festival Flamenco La Yerbabuena, Las Cabezas de San Juan (Sevilla). Foto: Kiko Valle<\/h3>\n                                <div class=\"jeg_preview_description_content\">\n                                    <p>Luc\u00eda Benavides. Presentaci\u00f3n del cartel del XXXV Festival Flamenco La Yerbabuena, Las Cabezas de San Juan (Sevilla). Foto: Kiko Valle<\/p>\n\n                                <\/div>\n                            <\/div><div class=\"jeg_hidden_preview_description\">\n                                <h3>13. Luc\u00eda Benavides. Presentaci\u00f3n del cartel del XXXV Festival Flamenco La Yerbabuena, Las Cabezas de San Juan (Sevilla). Foto: Kiko Valle<\/h3>\n                                <div class=\"jeg_preview_description_content\">\n                                    <p>Luc\u00eda Benavides. Presentaci\u00f3n del cartel del XXXV Festival Flamenco La Yerbabuena, Las Cabezas de San Juan (Sevilla). Foto: Kiko Valle<\/p>\n\n                                <\/div>\n                            <\/div><div class=\"jeg_hidden_preview_description\">\n                                <h3>14. Luc\u00eda Benavides. Presentaci\u00f3n del cartel del XXXV Festival Flamenco La Yerbabuena, Las Cabezas de San Juan (Sevilla). Foto: Kiko Valle<\/h3>\n                                <div class=\"jeg_preview_description_content\">\n                                    <p>Luc\u00eda Benavides. Presentaci\u00f3n del cartel del XXXV Festival Flamenco La Yerbabuena, Las Cabezas de San Juan (Sevilla). Foto: Kiko Valle<\/p>\n\n                                <\/div>\n                            <\/div><div class=\"jeg_hidden_preview_description\">\n                                <h3>15. Luc\u00eda Benavides. Presentaci\u00f3n del cartel del XXXV Festival Flamenco La Yerbabuena, Las Cabezas de San Juan (Sevilla). Foto: Kiko Valle<\/h3>\n                                <div class=\"jeg_preview_description_content\">\n                                    <p>Luc\u00eda Benavides. Presentaci\u00f3n del cartel del XXXV Festival Flamenco La Yerbabuena, Las Cabezas de San Juan (Sevilla). Foto: Kiko Valle<\/p>\n\n                                <\/div>\n                            <\/div><div class=\"jeg_hidden_preview_description\">\n                                <h3>16. Luc\u00eda Benavides. Presentaci\u00f3n del cartel del XXXV Festival Flamenco La Yerbabuena, Las Cabezas de San Juan (Sevilla). Foto: Kiko Valle<\/h3>\n                                <div class=\"jeg_preview_description_content\">\n                                    <p>Luc\u00eda Benavides. Presentaci\u00f3n del cartel del XXXV Festival Flamenco La Yerbabuena, Las Cabezas de San Juan (Sevilla). Foto: Kiko Valle<\/p>\n\n                                <\/div>\n                            <\/div><div class=\"jeg_hidden_preview_description\">\n                                <h3>17. Luc\u00eda Benavides. Presentaci\u00f3n del cartel del XXXV Festival Flamenco La Yerbabuena, Las Cabezas de San Juan (Sevilla). Foto: Kiko Valle<\/h3>\n                                <div class=\"jeg_preview_description_content\">\n                                    <p>Luc\u00eda Benavides. Presentaci\u00f3n del cartel del XXXV Festival Flamenco La Yerbabuena, Las Cabezas de San Juan (Sevilla). Foto: Kiko Valle<\/p>\n\n                                <\/div>\n                            <\/div><div class=\"jeg_hidden_preview_description\">\n                                <h3>18. Luc\u00eda Benavides. Presentaci\u00f3n del cartel del XXXV Festival Flamenco La Yerbabuena, Las Cabezas de San Juan (Sevilla). Foto: Kiko Valle<\/h3>\n                                <div class=\"jeg_preview_description_content\">\n                                    <p>Luc\u00eda Benavides. Presentaci\u00f3n del cartel del XXXV Festival Flamenco La Yerbabuena, Las Cabezas de San Juan (Sevilla). Foto: Kiko Valle<\/p>\n\n                                <\/div>\n                            <\/div><div class=\"jeg_hidden_preview_description\">\n                                <h3>19. Luc\u00eda Benavides. Presentaci\u00f3n del cartel del XXXV Festival Flamenco La Yerbabuena, Las Cabezas de San Juan (Sevilla). Foto: Kiko Valle<\/h3>\n                                <div class=\"jeg_preview_description_content\">\n                                    <p>Luc\u00eda Benavides. Presentaci\u00f3n del cartel del XXXV Festival Flamenco La Yerbabuena, Las Cabezas de San Juan (Sevilla). Foto: Kiko Valle<\/p>\n\n                                <\/div>\n                            <\/div><div class=\"jeg_hidden_preview_description\">\n                                <h3>20. Luc\u00eda Benavides. Presentaci\u00f3n del cartel del XXXV Festival Flamenco La Yerbabuena, Las Cabezas de San Juan (Sevilla). Foto: Kiko Valle<\/h3>\n                                <div class=\"jeg_preview_description_content\">\n                                    <p>Luc\u00eda Benavides. Presentaci\u00f3n del cartel del XXXV Festival Flamenco La Yerbabuena, Las Cabezas de San Juan (Sevilla). Foto: Kiko Valle<\/p>\n\n                                <\/div>\n                            <\/div><div class=\"jeg_hidden_preview_description\">\n                                <h3>21. Luc\u00eda Benavides. Presentaci\u00f3n del cartel del XXXV Festival Flamenco La Yerbabuena, Las Cabezas de San Juan (Sevilla). Foto: Kiko Valle<\/h3>\n                                <div class=\"jeg_preview_description_content\">\n                                    <p>Luc\u00eda Benavides. Presentaci\u00f3n del cartel del XXXV Festival Flamenco La Yerbabuena, Las Cabezas de San Juan (Sevilla). Foto: Kiko Valle<\/p>\n\n                                <\/div>\n                            <\/div><div class=\"jeg_hidden_preview_description\">\n                                <h3>22. Luc\u00eda Benavides. Presentaci\u00f3n del cartel del XXXV Festival Flamenco La Yerbabuena, Las Cabezas de San Juan (Sevilla). Foto: Kiko Valle<\/h3>\n                                <div class=\"jeg_preview_description_content\">\n                                    <p>Luc\u00eda Benavides. Presentaci\u00f3n del cartel del XXXV Festival Flamenco La Yerbabuena, Las Cabezas de San Juan (Sevilla). Foto: Kiko Valle<\/p>\n\n                                <\/div>\n                            <\/div><div class=\"jeg_hidden_preview_description\">\n                                <h3>23. Luc\u00eda Benavides. Presentaci\u00f3n del cartel del XXXV Festival Flamenco La Yerbabuena, Las Cabezas de San Juan (Sevilla). Foto: Kiko Valle<\/h3>\n                                <div class=\"jeg_preview_description_content\">\n                                    <p>Luc\u00eda Benavides. Presentaci\u00f3n del cartel del XXXV Festival Flamenco La Yerbabuena, Las Cabezas de San Juan (Sevilla). Foto: Kiko Valle<\/p>\n\n                                <\/div>\n                            <\/div><div class=\"jeg_hidden_preview_description\">\n                                <h3>24. Luc\u00eda Benavides. Presentaci\u00f3n del cartel del XXXV Festival Flamenco La Yerbabuena, Las Cabezas de San Juan (Sevilla). Foto: Kiko Valle<\/h3>\n                                <div class=\"jeg_preview_description_content\">\n                                    <p>Luc\u00eda Benavides. Presentaci\u00f3n del cartel del XXXV Festival Flamenco La Yerbabuena, Las Cabezas de San Juan (Sevilla). Foto: Kiko Valle<\/p>\n\n                                <\/div>\n                            <\/div><div class=\"jeg_hidden_preview_description\">\n                                <h3>25. Luc\u00eda Benavides. Presentaci\u00f3n del cartel del XXXV Festival Flamenco La Yerbabuena, Las Cabezas de San Juan (Sevilla). Foto: Kiko Valle<\/h3>\n                                <div class=\"jeg_preview_description_content\">\n                                    <p>Luc\u00eda Benavides. Presentaci\u00f3n del cartel del XXXV Festival Flamenco La Yerbabuena, Las Cabezas de San Juan (Sevilla). Foto: Kiko Valle<\/p>\n\n                                <\/div>\n                            <\/div><div class=\"jeg_hidden_preview_description\">\n                                <h3>26. Luc\u00eda Benavides. Presentaci\u00f3n del cartel del XXXV Festival Flamenco La Yerbabuena, Las Cabezas de San Juan (Sevilla). Foto: Kiko Valle<\/h3>\n                                <div class=\"jeg_preview_description_content\">\n                                    <p>Luc\u00eda Benavides. Presentaci\u00f3n del cartel del XXXV Festival Flamenco La Yerbabuena, Las Cabezas de San Juan (Sevilla). Foto: Kiko Valle<\/p>\n\n                                <\/div>\n                            <\/div><div class=\"jeg_hidden_preview_description\">\n                                <h3>27. Luc\u00eda Benavides. Presentaci\u00f3n del cartel del XXXV Festival Flamenco La Yerbabuena, Las Cabezas de San Juan (Sevilla). Foto: Kiko Valle<\/h3>\n                                <div class=\"jeg_preview_description_content\">\n                                    <p>Luc\u00eda Benavides. Presentaci\u00f3n del cartel del XXXV Festival Flamenco La Yerbabuena, Las Cabezas de San Juan (Sevilla). Foto: Kiko Valle<\/p>\n\n                                <\/div>\n                            <\/div><div class=\"jeg_hidden_preview_description\">\n                                <h3>28. Luc\u00eda Benavides. Presentaci\u00f3n del cartel del XXXV Festival Flamenco La Yerbabuena, Las Cabezas de San Juan (Sevilla). Foto: Kiko Valle<\/h3>\n                                <div class=\"jeg_preview_description_content\">\n                                    <p>Luc\u00eda Benavides. Presentaci\u00f3n del cartel del XXXV Festival Flamenco La Yerbabuena, Las Cabezas de San Juan (Sevilla). Foto: Kiko Valle<\/p>\n\n                                <\/div>\n                            <\/div><div class=\"jeg_hidden_preview_description\">\n                                <h3>29. Luc\u00eda Benavides. Presentaci\u00f3n del cartel del XXXV Festival Flamenco La Yerbabuena, Las Cabezas de San Juan (Sevilla). Foto: Kiko Valle<\/h3>\n                                <div class=\"jeg_preview_description_content\">\n                                    <p>Luc\u00eda Benavides. Presentaci\u00f3n del cartel del XXXV Festival Flamenco La Yerbabuena, Las Cabezas de San Juan (Sevilla). Foto: Kiko Valle<\/p>\n\n                                <\/div>\n                            <\/div><div class=\"jeg_hidden_preview_description\">\n                                <h3>30. Luc\u00eda Benavides. Presentaci\u00f3n del cartel del XXXV Festival Flamenco La Yerbabuena, Las Cabezas de San Juan (Sevilla). Foto: Kiko Valle<\/h3>\n                                <div class=\"jeg_preview_description_content\">\n                                    <p>Luc\u00eda Benavides. Presentaci\u00f3n del cartel del XXXV Festival Flamenco La Yerbabuena, Las Cabezas de San Juan (Sevilla). Foto: Kiko Valle<\/p>\n\n                                <\/div>\n                            <\/div><div class=\"jeg_hidden_preview_description\">\n                                <h3>31. Luc\u00eda Benavides. Presentaci\u00f3n del cartel del XXXV Festival Flamenco La Yerbabuena, Las Cabezas de San Juan (Sevilla). Foto: Kiko Valle<\/h3>\n                                <div class=\"jeg_preview_description_content\">\n                                    <p>Luc\u00eda Benavides. Presentaci\u00f3n del cartel del XXXV Festival Flamenco La Yerbabuena, Las Cabezas de San Juan (Sevilla). Foto: Kiko Valle<\/p>\n\n                                <\/div>\n                            <\/div><div class=\"jeg_hidden_preview_description\">\n                                <h3>32. Luc\u00eda Benavides. Presentaci\u00f3n del cartel del XXXV Festival Flamenco La Yerbabuena, Las Cabezas de San Juan (Sevilla). Foto: Kiko Valle<\/h3>\n                                <div class=\"jeg_preview_description_content\">\n                                    <p>Luc\u00eda Benavides. Presentaci\u00f3n del cartel del XXXV Festival Flamenco La Yerbabuena, Las Cabezas de San Juan (Sevilla). Foto: Kiko Valle<\/p>\n\n                                <\/div>\n                            <\/div><div class=\"jeg_hidden_preview_description\">\n                                <h3>33. Luc\u00eda Benavides. Presentaci\u00f3n del cartel del XXXV Festival Flamenco La Yerbabuena, Las Cabezas de San Juan (Sevilla). Foto: Kiko Valle<\/h3>\n                                <div class=\"jeg_preview_description_content\">\n                                    <p>Luc\u00eda Benavides. Presentaci\u00f3n del cartel del XXXV Festival Flamenco La Yerbabuena, Las Cabezas de San Juan (Sevilla). Foto: Kiko Valle<\/p>\n\n                                <\/div>\n                            <\/div><div class=\"jeg_hidden_preview_description\">\n                                <h3>34. Luc\u00eda Benavides. Presentaci\u00f3n del cartel del XXXV Festival Flamenco La Yerbabuena, Las Cabezas de San Juan (Sevilla). Foto: Kiko Valle<\/h3>\n                                <div class=\"jeg_preview_description_content\">\n                                    <p>Luc\u00eda Benavides. Presentaci\u00f3n del cartel del XXXV Festival Flamenco La Yerbabuena, Las Cabezas de San Juan (Sevilla). Foto: Kiko Valle<\/p>\n\n                                <\/div>\n                            <\/div><div class=\"jeg_hidden_preview_description\">\n                                <h3>35. Luc\u00eda Benavides. Presentaci\u00f3n del cartel del XXXV Festival Flamenco La Yerbabuena, Las Cabezas de San Juan (Sevilla). Foto: Kiko Valle<\/h3>\n                                <div class=\"jeg_preview_description_content\">\n                                    <p>Luc\u00eda Benavides. Presentaci\u00f3n del cartel del XXXV Festival Flamenco La Yerbabuena, Las Cabezas de San Juan (Sevilla). Foto: Kiko Valle<\/p>\n\n                                <\/div>\n                            <\/div><div class=\"jeg_hidden_preview_description\">\n                                <h3>36. Luc\u00eda Benavides. Presentaci\u00f3n del cartel del XXXV Festival Flamenco La Yerbabuena, Las Cabezas de San Juan (Sevilla). Foto: Kiko Valle<\/h3>\n                                <div class=\"jeg_preview_description_content\">\n                                    <p>Luc\u00eda Benavides. Presentaci\u00f3n del cartel del XXXV Festival Flamenco La Yerbabuena, Las Cabezas de San Juan (Sevilla). Foto: Kiko Valle<\/p>\n\n                                <\/div>\n                            <\/div><div class=\"jeg_hidden_preview_description\">\n                                <h3>37. Luc\u00eda Benavides. Presentaci\u00f3n del cartel del XXXV Festival Flamenco La Yerbabuena, Las Cabezas de San Juan (Sevilla). Foto: Kiko Valle<\/h3>\n                                <div class=\"jeg_preview_description_content\">\n                                    <p>Luc\u00eda Benavides. Presentaci\u00f3n del cartel del XXXV Festival Flamenco La Yerbabuena, Las Cabezas de San Juan (Sevilla). Foto: Kiko Valle<\/p>\n\n                                <\/div>\n                            <\/div><div class=\"jeg_hidden_preview_description\">\n                                <h3>38. Luc\u00eda Benavides. Presentaci\u00f3n del cartel del XXXV Festival Flamenco La Yerbabuena, Las Cabezas de San Juan (Sevilla). Foto: Kiko Valle<\/h3>\n                                <div class=\"jeg_preview_description_content\">\n                                    <p>Luc\u00eda Benavides. Presentaci\u00f3n del cartel del XXXV Festival Flamenco La Yerbabuena, Las Cabezas de San Juan (Sevilla). Foto: Kiko Valle<\/p>\n\n                                <\/div>\n                            <\/div><div class=\"jeg_hidden_preview_description\">\n                                <h3>39. Luc\u00eda Benavides. Presentaci\u00f3n del cartel del XXXV Festival Flamenco La Yerbabuena, Las Cabezas de San Juan (Sevilla). Foto: Kiko Valle<\/h3>\n                                <div class=\"jeg_preview_description_content\">\n                                    <p>Luc\u00eda Benavides. Presentaci\u00f3n del cartel del XXXV Festival Flamenco La Yerbabuena, Las Cabezas de San Juan (Sevilla). Foto: Kiko Valle<\/p>\n\n                                <\/div>\n                            <\/div><div class=\"jeg_hidden_preview_description\">\n                                <h3>40. Luc\u00eda Benavides. Presentaci\u00f3n del cartel del XXXV Festival Flamenco La Yerbabuena, Las Cabezas de San Juan (Sevilla). Foto: Kiko Valle<\/h3>\n                                <div class=\"jeg_preview_description_content\">\n                                    <p>Luc\u00eda Benavides. Presentaci\u00f3n del cartel del XXXV Festival Flamenco La Yerbabuena, Las Cabezas de San Juan (Sevilla). Foto: Kiko Valle<\/p>\n\n                                <\/div>\n                            <\/div><div class=\"jeg_hidden_preview_description\">\n                                <h3>41. Luc\u00eda Benavides. Presentaci\u00f3n del cartel del XXXV Festival Flamenco La Yerbabuena, Las Cabezas de San Juan (Sevilla). Foto: Kiko Valle<\/h3>\n                                <div class=\"jeg_preview_description_content\">\n                                    <p>Luc\u00eda Benavides. Presentaci\u00f3n del cartel del XXXV Festival Flamenco La Yerbabuena, Las Cabezas de San Juan (Sevilla). Foto: Kiko Valle<\/p>\n\n                                <\/div>\n                            <\/div><div class=\"jeg_hidden_preview_description\">\n                                <h3>42. Luc\u00eda Benavides. Presentaci\u00f3n del cartel del XXXV Festival Flamenco La Yerbabuena, Las Cabezas de San Juan (Sevilla). Foto: Kiko Valle<\/h3>\n                                <div class=\"jeg_preview_description_content\">\n                                    <p>Luc\u00eda Benavides. Presentaci\u00f3n del cartel del XXXV Festival Flamenco La Yerbabuena, Las Cabezas de San Juan (Sevilla). Foto: Kiko Valle<\/p>\n\n                                <\/div>\n                            <\/div><div class=\"jeg_hidden_preview_description\">\n                                <h3>43. Luc\u00eda Benavides. Presentaci\u00f3n del cartel del XXXV Festival Flamenco La Yerbabuena, Las Cabezas de San Juan (Sevilla). Foto: Kiko Valle<\/h3>\n                                <div class=\"jeg_preview_description_content\">\n                                    <p>Luc\u00eda Benavides. Presentaci\u00f3n del cartel del XXXV Festival Flamenco La Yerbabuena, Las Cabezas de San Juan (Sevilla). Foto: Kiko Valle<\/p>\n\n                                <\/div>\n                            <\/div><div class=\"jeg_hidden_preview_description\">\n                                <h3>44. Luc\u00eda Benavides. Presentaci\u00f3n del cartel del XXXV Festival Flamenco La Yerbabuena, Las Cabezas de San Juan (Sevilla). Foto: Kiko Valle<\/h3>\n                                <div class=\"jeg_preview_description_content\">\n                                    <p>Luc\u00eda Benavides. Presentaci\u00f3n del cartel del XXXV Festival Flamenco La Yerbabuena, Las Cabezas de San Juan (Sevilla). Foto: Kiko Valle<\/p>\n\n                                <\/div>\n                            <\/div><div class=\"jeg_hidden_preview_description\">\n                                <h3>45. Luc\u00eda Benavides. Presentaci\u00f3n del cartel del XXXV Festival Flamenco La Yerbabuena, Las Cabezas de San Juan (Sevilla). Foto: Kiko Valle<\/h3>\n                                <div class=\"jeg_preview_description_content\">\n                                    <p>Luc\u00eda Benavides. Presentaci\u00f3n del cartel del XXXV Festival Flamenco La Yerbabuena, Las Cabezas de San Juan (Sevilla). Foto: Kiko Valle<\/p>\n\n                                <\/div>\n                            <\/div><div class=\"jeg_hidden_preview_description\">\n                                <h3>46. Luc\u00eda Benavides. Presentaci\u00f3n del cartel del XXXV Festival Flamenco La Yerbabuena, Las Cabezas de San Juan (Sevilla). Foto: Kiko Valle<\/h3>\n                                <div class=\"jeg_preview_description_content\">\n                                    <p>Luc\u00eda Benavides. Presentaci\u00f3n del cartel del XXXV Festival Flamenco La Yerbabuena, Las Cabezas de San Juan (Sevilla). Foto: Kiko Valle<\/p>\n\n                                <\/div>\n                            <\/div><div class=\"jeg_hidden_preview_description\">\n                                <h3>47. Luc\u00eda Benavides. Presentaci\u00f3n del cartel del XXXV Festival Flamenco La Yerbabuena, Las Cabezas de San Juan (Sevilla). Foto: Kiko Valle<\/h3>\n                                <div class=\"jeg_preview_description_content\">\n                                    <p>Luc\u00eda Benavides. Presentaci\u00f3n del cartel del XXXV Festival Flamenco La Yerbabuena, Las Cabezas de San Juan (Sevilla). Foto: Kiko Valle<\/p>\n\n                                <\/div>\n                            <\/div><div class=\"jeg_hidden_preview_description\">\n                                <h3>48. Luc\u00eda Benavides. Presentaci\u00f3n del cartel del XXXV Festival Flamenco La Yerbabuena, Las Cabezas de San Juan (Sevilla). Foto: Kiko Valle<\/h3>\n                                <div class=\"jeg_preview_description_content\">\n                                    <p>Luc\u00eda Benavides. Presentaci\u00f3n del cartel del XXXV Festival Flamenco La Yerbabuena, Las Cabezas de San Juan (Sevilla). Foto: Kiko Valle<\/p>\n\n                                <\/div>\n                            <\/div><div class=\"jeg_hidden_preview_description\">\n                                <h3>49. Luc\u00eda Benavides. Presentaci\u00f3n del cartel del XXXV Festival Flamenco La Yerbabuena, Las Cabezas de San Juan (Sevilla). Foto: Kiko Valle<\/h3>\n                                <div class=\"jeg_preview_description_content\">\n                                    <p>Luc\u00eda Benavides. Presentaci\u00f3n del cartel del XXXV Festival Flamenco La Yerbabuena, Las Cabezas de San Juan (Sevilla). Foto: Kiko Valle<\/p>\n\n                                <\/div>\n                            <\/div><div class=\"jeg_hidden_preview_description\">\n                                <h3>50. Pepe Solano. Presentaci\u00f3n del cartel del XXXV Festival Flamenco La Yerbabuena, Las Cabezas de San Juan (Sevilla). Foto: Kiko Valle<\/h3>\n                                <div class=\"jeg_preview_description_content\">\n                                    <p>Pepe Solano. Presentaci\u00f3n del cartel del XXXV Festival Flamenco La Yerbabuena, Las Cabezas de San Juan (Sevilla). Foto: Kiko Valle<\/p>\n\n                                <\/div>\n                            <\/div><div class=\"jeg_hidden_preview_description\">\n                                <h3>51. Pepe Solano. Presentaci\u00f3n del cartel del XXXV Festival Flamenco La Yerbabuena, Las Cabezas de San Juan (Sevilla). Foto: Kiko Valle<\/h3>\n                                <div class=\"jeg_preview_description_content\">\n                                    <p>Pepe Solano. Presentaci\u00f3n del cartel del XXXV Festival Flamenco La Yerbabuena, Las Cabezas de San Juan (Sevilla). Foto: Kiko Valle<\/p>\n\n                                <\/div>\n                            <\/div><div class=\"jeg_hidden_preview_description\">\n                                <h3>52. Tere Pe\u00f1a. Presentaci\u00f3n del cartel del XXXV Festival Flamenco La Yerbabuena, Las Cabezas de San Juan (Sevilla). Foto: Kiko Valle<\/h3>\n                                <div class=\"jeg_preview_description_content\">\n                                    <p>Tere Pe\u00f1a. Presentaci\u00f3n del cartel del XXXV Festival Flamenco La Yerbabuena, Las Cabezas de San Juan (Sevilla). Foto: Kiko Valle<\/p>\n\n                                <\/div>\n                            <\/div><div class=\"jeg_hidden_preview_description\">\n                                <h3>53. Tere Pe\u00f1a. Presentaci\u00f3n del cartel del XXXV Festival Flamenco La Yerbabuena, Las Cabezas de San Juan (Sevilla). Foto: Kiko Valle<\/h3>\n                                <div class=\"jeg_preview_description_content\">\n                                    <p>Tere Pe\u00f1a. Presentaci\u00f3n del cartel del XXXV Festival Flamenco La Yerbabuena, Las Cabezas de San Juan (Sevilla). Foto: Kiko Valle<\/p>\n\n                                <\/div>\n                            <\/div><div class=\"jeg_hidden_preview_description\">\n                                <h3>54. Jes\u00fas Flores. Presentaci\u00f3n del cartel del XXXV Festival Flamenco La Yerbabuena, Las Cabezas de San Juan (Sevilla). Foto: Kiko Valle<\/h3>\n                                <div class=\"jeg_preview_description_content\">\n                                    <p>Presentaci\u00f3n del cartel del XXXV Festival Flamenco La Yerbabuena, Las Cabezas de San Juan (Sevilla). Foto: Kiko Valle<\/p>\n\n                                <\/div>\n                            <\/div><div class=\"jeg_hidden_preview_description\">\n                                <h3>55. Jes\u00fas Flores. Presentaci\u00f3n del cartel del XXXV Festival Flamenco La Yerbabuena, Las Cabezas de San Juan (Sevilla). Foto: Kiko Valle<\/h3>\n                                <div class=\"jeg_preview_description_content\">\n                                    <p>Presentaci\u00f3n del cartel del XXXV Festival Flamenco La Yerbabuena, Las Cabezas de San Juan (Sevilla). Foto: Kiko Valle<\/p>\n\n                                <\/div>\n                            <\/div><div class=\"jeg_hidden_preview_description\">\n                                <h3>56. Fali del El\u00e9ctrico. Presentaci\u00f3n del cartel del XXXV Festival Flamenco La Yerbabuena, Las Cabezas de San Juan (Sevilla). Foto: Kiko Valle<\/h3>\n                                <div class=\"jeg_preview_description_content\">\n                                    <p>Fali del El\u00e9ctrico. Presentaci\u00f3n del cartel del XXXV Festival Flamenco La Yerbabuena, Las Cabezas de San Juan (Sevilla). Foto: Kiko Valle<\/p>\n\n                                <\/div>\n                            <\/div><div class=\"jeg_hidden_preview_description\">\n                                <h3>57. Curro Vargas. Presentaci\u00f3n del cartel del XXXV Festival Flamenco La Yerbabuena, Las Cabezas de San Juan (Sevilla). Foto: Kiko Valle<\/h3>\n                                <div class=\"jeg_preview_description_content\">\n                                    <p>Curro Vargas. Presentaci\u00f3n del cartel del XXXV Festival Flamenco La Yerbabuena, Las Cabezas de San Juan (Sevilla). Foto: Kiko Valle<\/p>\n\n                                <\/div>\n                            <\/div><div class=\"jeg_hidden_preview_description\">\n                                <h3>58. Curro Vargas. Presentaci\u00f3n del cartel del XXXV Festival Flamenco La Yerbabuena, Las Cabezas de San Juan (Sevilla). Foto: Kiko Valle<\/h3>\n                                <div class=\"jeg_preview_description_content\">\n                                    <p>Curro Vargas. Presentaci\u00f3n del cartel del XXXV Festival Flamenco La Yerbabuena, Las Cabezas de San Juan (Sevilla). Foto: Kiko Valle<\/p>\n\n                                <\/div>\n                            <\/div><div class=\"jeg_hidden_preview_description\">\n                                <h3>59. Alfonso Garc\u00eda. Presentaci\u00f3n del cartel del XXXV Festival Flamenco La Yerbabuena, Las Cabezas de San Juan (Sevilla). Foto: Kiko Valle<\/h3>\n                                <div class=\"jeg_preview_description_content\">\n                                    <p>Alfonso Garc\u00eda. Presentaci\u00f3n del cartel del XXXV Festival Flamenco La Yerbabuena, Las Cabezas de San Juan (Sevilla). Foto: Kiko Valle<\/p>\n\n                                <\/div>\n                            <\/div><div class=\"jeg_hidden_preview_description\">\n                                <h3>60. \u00c1frica Castro. Presentaci\u00f3n del cartel del XXXV Festival Flamenco La Yerbabuena, Las Cabezas de San Juan (Sevilla). Foto: Kiko Valle<\/h3>\n                                <div class=\"jeg_preview_description_content\">\n                                    <p>\u00c1frica Castro. Presentaci\u00f3n del cartel del XXXV Festival Flamenco La Yerbabuena, Las Cabezas de San Juan (Sevilla). Foto: Kiko Valle<\/p>\n\n                                <\/div>\n                            <\/div>\n                            <\/div>\n                        <\/div>\n                        <script>\n                            var gallery_1 = {\n                                rtl: false,\n                                native_zoom: true,\n                                zoom_max: 5,\n                                zoom_step: 40,\n                                image_sequence: []\n                            };\n                        <\/script>\n                    <\/div>\n<p>&nbsp;<\/p>\n<h3><strong>La Yerbabuena<\/strong><\/h3>\n<p>Tal como se cita en la carteler\u00eda, \u00abel festival Flamenco de La Yerbabuena fue fundado por un grupo de amigos, artistas y amantes de este arte universal, entre los que se encontraban <strong>Pedro de Miguel<\/strong>, <strong>Juan Pe\u00f1a El Lebrijano<\/strong>, <strong>Juan Bernab\u00e9 Britto<\/strong>, <strong>Paco Cotto<\/strong> y <strong>Miguel Acal<\/strong>. Sus or\u00edgenes datan de 1969 y m\u00e1s tarde se configur\u00f3 como una manifestaci\u00f3n art\u00edstica relevante en una noche de cante el 24 de junio de 1970. Su \u00e9xito hizo que las cr\u00edticas lo situaran entre uno de los festivales m\u00e1s prestigiosos. A lo largo de todas las ediciones, muchos artistas de diferentes \u00edndoles han pasado por el escenario del festival, y otros tantos han sido homenajeados con el famoso galard\u00f3n de la \u2018Yerbabuena de Plata\u2019, entre ellos <strong>Jos\u00e9 Mar\u00eda Pem\u00e1n<\/strong>, <strong>Juan Pe\u00f1a El Lebrijano<\/strong>, <strong>Roc\u00edo Jurado<\/strong>, <strong>Victorio y Luccino<\/strong>, <strong>Jos\u00e9 Merc\u00e9<\/strong>, <strong>Juan Bernab\u00e9 Britto<\/strong>, <strong>Paco Cotto<\/strong>, <strong>Jos\u00e9 Mart\u00edn de Vargas<\/strong>, <strong>Pepa Montes<\/strong>, <strong>Fernando Bravo<\/strong>, <strong>Juan Pedro de Miguel<\/strong>, <strong>Rosa Qui\u00f1ones<\/strong>, <strong>Antonio S\u00e1nchez Concha<\/strong> y much\u00edsimos m\u00e1s\u00bb. A los que se suman en las \u00faltimas ediciones el cineasta <strong>Benito Zambrano<\/strong> o el cr\u00edtico de flamenco <strong>Miguel Acal<\/strong>.<\/p>\n<h3><strong>Manuela Rom\u00e1n Gallego, la autora del cartel<\/strong><\/h3>\n<p>As\u00ed reza el tr\u00edptico anunciador: \u00abEste a\u00f1o el cartel del Festival de La Yerbabuena ha sido realizado por la artista local Manuela Rom\u00e1n Gallego, pintora autodidacta que cuenta con una amplia trayectoria en exposiciones colectivas y en solitario, as\u00ed como firma carteles de la Velada de San Juan, la Feria de Septiembre, de la Hermandad Sacramental, la Hermandad del Roc\u00edo o el \u00faltimo del Programa del D\u00eda Internacional de la Mujer en 2026. Adem\u00e1s, este mismo a\u00f1o ha sido nombrada con el Reconocimiento a la Mujer Cabece\u00f1a en el \u00e1mbito de las artes, distintivo muy reconocido que entrega el Consejo Local de Igualdad de Las Cabezas de San Juan\u00bb.<\/p>\n<p>\u00abSu estilo se debate entre el hiperrealismo y el impresionismo. Y aunque muchos que conocen su trabajo la califican de retratista, por la fuerza y expresi\u00f3n de sus retratos, su obra ofrece un amplio abanico de temas que van desde paisajes, marinas, retratos, arte sacro, etc. Pero toda ella est\u00e1 impregnada de esa luz especial de esta tierra nuestra que es Andaluc\u00eda. <strong>En el cartel no ha pretendido hacer un retrato del homenajeado Manuel Cordero, sino del quej\u00edo que parece venir de las entra\u00f1as de un alma que se rompe y que se expresa como solo sabe hacerlo el flamenco.<\/strong> La guitarra y la gitana (\u2026) son elementos del ambiente que envuelve esa noche tan m\u00e1gica y tan entrelazada en nuestra cultura y nuestra se\u00f1a de identidad que es la Yerbabuena\u00bb. \u2666<\/p>\n<p>&nbsp;<\/p>\n<p><a href=\"https:\/\/expoflamenco.com\/revista\/wp-content\/uploads\/sites\/46\/2026\/04\/cartel-xxxv-festival-flamenco-la-yerbabuena-2026-las-cabezas-de-san-juan.jpg\"><img loading=\"lazy\" decoding=\"async\" class=\"aligncenter size-full wp-image-6868\" src=\"https:\/\/expoflamenco.com\/revista\/wp-content\/uploads\/sites\/46\/2026\/04\/cartel-xxxv-festival-flamenco-la-yerbabuena-2026-las-cabezas-de-san-juan.jpg\" alt=\"\" width=\"1183\" height=\"1674\" srcset=\"https:\/\/expoflamenco.com\/revista\/wp-content\/uploads\/sites\/46\/2026\/04\/cartel-xxxv-festival-flamenco-la-yerbabuena-2026-las-cabezas-de-san-juan.jpg 1183w, https:\/\/expoflamenco.com\/revista\/wp-content\/uploads\/sites\/46\/2026\/04\/cartel-xxxv-festival-flamenco-la-yerbabuena-2026-las-cabezas-de-san-juan-212x300.jpg 212w, https:\/\/expoflamenco.com\/revista\/wp-content\/uploads\/sites\/46\/2026\/04\/cartel-xxxv-festival-flamenco-la-yerbabuena-2026-las-cabezas-de-san-juan-724x1024.jpg 724w, https:\/\/expoflamenco.com\/revista\/wp-content\/uploads\/sites\/46\/2026\/04\/cartel-xxxv-festival-flamenco-la-yerbabuena-2026-las-cabezas-de-san-juan-768x1087.jpg 768w, https:\/\/expoflamenco.com\/revista\/wp-content\/uploads\/sites\/46\/2026\/04\/cartel-xxxv-festival-flamenco-la-yerbabuena-2026-las-cabezas-de-san-juan-1085x1536.jpg 1085w, https:\/\/expoflamenco.com\/revista\/wp-content\/uploads\/sites\/46\/2026\/04\/cartel-xxxv-festival-flamenco-la-yerbabuena-2026-las-cabezas-de-san-juan-750x1061.jpg 750w, https:\/\/expoflamenco.com\/revista\/wp-content\/uploads\/sites\/46\/2026\/04\/cartel-xxxv-festival-flamenco-la-yerbabuena-2026-las-cabezas-de-san-juan-1140x1613.jpg 1140w\" sizes=\"(max-width: 1183px) 100vw, 1183px\" \/><\/a><\/p>\n<p>&nbsp;<\/p>\n","protected":false,"gt_translate_keys":[{"key":"rendered","format":"html"}]},"excerpt":{"rendered":"<p>El XXXV Festival Flamenco de La Yerbabuena de Las Cabezas (Sevilla) culminar\u00e1 su d\u00eda grande el 3 de julio acogiendo en el escenario a la cantaora local Mar\u00eda Jos\u00e9 Soriano, Pedro El Grana\u00edno, Anabel Valencia y el baile de Manuela Carrasco. ExpoFlamenco es colaborador de esta edici\u00f3n.<\/p>\n","protected":false,"gt_translate_keys":[{"key":"rendered","format":"html"}]},"author":63,"featured_media":6807,"comment_status":"open","ping_status":"open","sticky":false,"template":"","format":"standard","meta":{"_acf_changed":false,"pmpro_default_level":"","jnews-multi-image_gallery":[],"jnews_single_post":{"format":"standard","override":[{"template":"3","parallax":"1","fullscreen":"1","layout":"right-sidebar-narrow","sidebar":"default-sidebar","second_sidebar":"default-sidebar","sticky_sidebar":"1","share_position":"top","share_float_style":"share-monocrhome","show_share_counter":"1","show_featured":"1","show_post_meta":"1","show_post_author":"1","show_post_author_image":"1","show_post_date":"1","post_date_format":"default","post_date_format_custom":"Y\/m\/d","show_post_reading_time":"1","post_reading_time_wpm":"250","post_calculate_word_method":"str_word_count","show_zoom_button":"1","zoom_button_out_step":"2","zoom_button_in_step":"3","show_popup_post":"1","show_comment_section":"1","number_popup_post":"1","show_author_box":"1","show_post_related":"1","show_inline_post_related":"1"}],"image_override":[{"single_post_thumbnail_size":"crop-500","single_post_gallery_size":"crop-500"}],"trending_post_position":"meta","trending_post_label":"Trending","sponsored_post_label":"Sponsored by","disable_ad":"0","subtitle":"El XXXV Festival Flamenco de La Yerbabuena de Las Cabezas (Sevilla) culminar\u00e1 su d\u00eda grande el 3 de julio acogiendo en el escenario a la cantaora local Mar\u00eda Jos\u00e9 Soriano, Pedro El Grana\u00edno, Anabel Valencia y el baile de Manuela Carrasco. ExpoFlamenco es colaborador de esta edici\u00f3n."},"jnews_primary_category":{"id":"37"},"jnews_override_bookmark_settings":{"override_bookmark_button":"0","override_show_bookmark_button":"0"},"jnews_social_meta":[],"jnews_review":[],"enable_review":"","type":"percentage","name":"","summary":"","brand":"","sku":"","good":[],"bad":[],"score_override":"","override_value":"","rating":[],"price":[],"jnews_override_counter":{"view_counter_number":"0","share_counter_number":"0","like_counter_number":"0","dislike_counter_number":"0"},"footnotes":""},"categories":[37,38],"tags":[510,7233,60,600,7450,2628,7449],"class_list":["post-6806","post","type-post","status-publish","format-standard","has-post-thumbnail","hentry","category-actualidad","category-en-portada","tag-pedro-el-granaino","tag-anabel-valencia","tag-festival-flamenco","tag-manuela-carrasco","tag-maria-jose-soriano","tag-rincon-malillo","tag-xxxv-festival-flamenco-de-la-yerbabuena-de-las-cabezas","pmpro-has-access"],"acf":[],"aioseo_notices":[],"gt_translate_keys":[{"key":"link","format":"url"}],"_links":{"self":[{"href":"https:\/\/expoflamenco.com\/revista\/wp-json\/wp\/v2\/posts\/6806","targetHints":{"allow":["GET"]}}],"collection":[{"href":"https:\/\/expoflamenco.com\/revista\/wp-json\/wp\/v2\/posts"}],"about":[{"href":"https:\/\/expoflamenco.com\/revista\/wp-json\/wp\/v2\/types\/post"}],"author":[{"embeddable":true,"href":"https:\/\/expoflamenco.com\/revista\/wp-json\/wp\/v2\/users\/63"}],"replies":[{"embeddable":true,"href":"https:\/\/expoflamenco.com\/revista\/wp-json\/wp\/v2\/comments?post=6806"}],"version-history":[{"count":1,"href":"https:\/\/expoflamenco.com\/revista\/wp-json\/wp\/v2\/posts\/6806\/revisions"}],"predecessor-version":[{"id":6869,"href":"https:\/\/expoflamenco.com\/revista\/wp-json\/wp\/v2\/posts\/6806\/revisions\/6869"}],"wp:featuredmedia":[{"embeddable":true,"href":"https:\/\/expoflamenco.com\/revista\/wp-json\/wp\/v2\/media\/6807"}],"wp:attachment":[{"href":"https:\/\/expoflamenco.com\/revista\/wp-json\/wp\/v2\/media?parent=6806"}],"wp:term":[{"taxonomy":"category","embeddable":true,"href":"https:\/\/expoflamenco.com\/revista\/wp-json\/wp\/v2\/categories?post=6806"},{"taxonomy":"post_tag","embeddable":true,"href":"https:\/\/expoflamenco.com\/revista\/wp-json\/wp\/v2\/tags?post=6806"}],"curies":[{"name":"wp","href":"https:\/\/api.w.org\/{rel}","templated":true}]}}