{"id":6797,"date":"2026-04-28T20:09:39","date_gmt":"2026-04-28T18:09:39","guid":{"rendered":"https:\/\/expoflamenco.com\/revista\/?p=6797"},"modified":"2026-04-29T15:23:03","modified_gmt":"2026-04-29T13:23:03","slug":"presentadas-las-jornadas-flamenco-y-generacion-del-27","status":"publish","type":"post","link":"https:\/\/expoflamenco.com\/revista\/presentadas-las-jornadas-flamenco-y-generacion-del-27\/","title":{"rendered":"Presentadas las Jornadas Flamenco y Generaci\u00f3n del 27","gt_translate_keys":[{"key":"rendered","format":"text"}]},"content":{"rendered":"<p><span style=\"font-weight: 400\">Con motivo del centenario de la prestigiosa <strong>Generaci\u00f3n de 1927<\/strong>, que en 2027 desplegar\u00e1 en Sevilla una serie de actividades relacionadas con la efem\u00e9rides, el flamenco de Sevilla desea reivindicar la importancia e influencia mutua que los artistas flamencos y los integrantes de esta generaci\u00f3n de oro proyectaron para inspirarse y dignificar el arte flamenco.<\/span><\/p>\n<p><span style=\"font-weight: 400\">Con este noble objetivo, en la sede del <a href=\"https:\/\/camaradesevilla.com\/club-camara\/\" target=\"_blank\" rel=\"noopener\">Club C\u00e1mara Antares<\/a>, al amparo de la <strong>Fundaci\u00f3n C\u00e1mara de Comercio de Sevilla<\/strong> y la <strong>Asociaci\u00f3n Cultural Pe\u00f1a Aires Flamencos<\/strong>, ha tenido lugar un acto de presentaci\u00f3n de las Jornadas que se celebrar\u00e1n los d\u00edas 5 y 6 de marzo de 2027 en Sevilla en diversos escenarios relacionados con este hito art\u00edstico y cultural.\u00a0<\/span><\/p>\n<p>&nbsp;<\/p>\n<blockquote><p><em><span style=\"font-weight: 400\">\u00abEl contenido de las jornadas, en fase de dise\u00f1o y abiertas a propuestas y colaboraciones, constar\u00e1 de conferencias, mesas redondas, espect\u00e1culos y experiencias flamencas y po\u00e9ticas alrededor del flamenco y de la Generaci\u00f3n del 27\u00bb<\/span><\/em><\/p><\/blockquote>\n<p>&nbsp;<\/p>\n<figure id=\"attachment_6799\" aria-describedby=\"caption-attachment-6799\" style=\"width: 2048px\" class=\"wp-caption aligncenter\"><a href=\"https:\/\/expoflamenco.com\/revista\/wp-content\/uploads\/sites\/46\/2026\/04\/presentacion-jornadas-flamenco-y-generacion-del-27-foto-camara-comercio-sevilla-abr26-2.jpeg\"><img fetchpriority=\"high\" decoding=\"async\" class=\"size-full wp-image-6799\" src=\"https:\/\/expoflamenco.com\/revista\/wp-content\/uploads\/sites\/46\/2026\/04\/presentacion-jornadas-flamenco-y-generacion-del-27-foto-camara-comercio-sevilla-abr26-2.jpeg\" alt=\"Presentaci\u00f3n de las Jornadas Flamenco y Generaci\u00f3n del 27. Foto: C\u00e1mara Comercio Sevilla\" width=\"2048\" height=\"772\" srcset=\"https:\/\/expoflamenco.com\/revista\/wp-content\/uploads\/sites\/46\/2026\/04\/presentacion-jornadas-flamenco-y-generacion-del-27-foto-camara-comercio-sevilla-abr26-2.jpeg 2048w, https:\/\/expoflamenco.com\/revista\/wp-content\/uploads\/sites\/46\/2026\/04\/presentacion-jornadas-flamenco-y-generacion-del-27-foto-camara-comercio-sevilla-abr26-2-300x113.jpeg 300w, https:\/\/expoflamenco.com\/revista\/wp-content\/uploads\/sites\/46\/2026\/04\/presentacion-jornadas-flamenco-y-generacion-del-27-foto-camara-comercio-sevilla-abr26-2-1024x386.jpeg 1024w, https:\/\/expoflamenco.com\/revista\/wp-content\/uploads\/sites\/46\/2026\/04\/presentacion-jornadas-flamenco-y-generacion-del-27-foto-camara-comercio-sevilla-abr26-2-768x290.jpeg 768w, https:\/\/expoflamenco.com\/revista\/wp-content\/uploads\/sites\/46\/2026\/04\/presentacion-jornadas-flamenco-y-generacion-del-27-foto-camara-comercio-sevilla-abr26-2-1536x579.jpeg 1536w, https:\/\/expoflamenco.com\/revista\/wp-content\/uploads\/sites\/46\/2026\/04\/presentacion-jornadas-flamenco-y-generacion-del-27-foto-camara-comercio-sevilla-abr26-2-750x283.jpeg 750w, https:\/\/expoflamenco.com\/revista\/wp-content\/uploads\/sites\/46\/2026\/04\/presentacion-jornadas-flamenco-y-generacion-del-27-foto-camara-comercio-sevilla-abr26-2-1140x430.jpeg 1140w\" sizes=\"(max-width: 2048px) 100vw, 2048px\" \/><\/a><figcaption id=\"caption-attachment-6799\" class=\"wp-caption-text\">Presentaci\u00f3n de las Jornadas Flamenco y Generaci\u00f3n del 27. Foto: C\u00e1mara Comercio Sevilla<\/figcaption><\/figure>\n<p>&nbsp;<\/p>\n<p><span style=\"font-weight: 400\">El evento desea reivindicar la presencia del flamenco como parte sustancial del movimiento art\u00edstico multidisciplinar que gener\u00f3 la Generaci\u00f3n del 27. Para ello, cuenta hasta el momento con el apoyo y participaci\u00f3n de las siguientes entidades:<\/span><\/p>\n<ul>\n<li style=\"font-weight: 400\"><span style=\"font-weight: 400\">Fundaci\u00f3n C\u00e1mara de Comercio<\/span><\/li>\n<li style=\"font-weight: 400\"><span style=\"font-weight: 400\">Asociaci\u00f3n Cultural Pe\u00f1a Aires Flamencos<\/span><\/li>\n<li style=\"font-weight: 400\"><span style=\"font-weight: 400\">Ateneo de Sevilla<\/span><\/li>\n<li style=\"font-weight: 400\"><span style=\"font-weight: 400\">Federaci\u00f3n Provincial de Sevilla de Entidades Flamencas<\/span><\/li>\n<li style=\"font-weight: 400\"><span style=\"font-weight: 400\">Bienal de Flamenco<\/span><\/li>\n<li style=\"font-weight: 400\"><span style=\"font-weight: 400\">Cortijo Pino Montano<\/span><\/li>\n<li style=\"font-weight: 400\"><span style=\"font-weight: 400\">Casal Autocares<\/span><\/li>\n<li style=\"font-weight: 400\"><span style=\"font-weight: 400\">Sevilla Congress and Convention Bureau<\/span><\/li>\n<\/ul>\n<p><span style=\"font-weight: 400\">Tambi\u00e9n apoya la causa una extensa n\u00f3mina de artistas como <strong>Arc\u00e1ngel, Eduardo Rebollar, Carmen Garc\u00eda Campos<\/strong>, presentes en la reuni\u00f3n, medios de comunicaci\u00f3n, periodistas e investigadores de flamenco, adem\u00e1s de un amplio apoyo del tejido asociativo flamenco.<\/span><\/p>\n<p><span style=\"font-weight: 400\">El logo presentado es obra del pintor morisco <strong>Patricio Hidalgo<\/strong>, del que se derivar\u00e1 el cartel con el contenido de ponentes y espacios, de los cuales se ofreci\u00f3 un avance con nombres tales como <strong>Eva D\u00edaz P\u00e9rez, Manuel Bernal, Jos\u00e9 Luis Rodr\u00edguez Ojeda, Eduardo Pastor<\/strong>, y espacios &#8211; sedes de la C\u00e1mara de Comercio, Cortijo Pino Montano, La Galer\u00eda de ABC y Teatro Flamenco.<\/span><\/p>\n<p><span style=\"font-weight: 400\">El contenido de las jornadas, en fase de dise\u00f1o y abiertas a propuestas y colaboraciones, constar\u00e1 de conferencias, mesas redondas, espect\u00e1culos y experiencias flamencas y po\u00e9ticas alrededor del flamenco y de la Generaci\u00f3n del 27. El comit\u00e9 organizador est\u00e1 liderado por Francisco Trujillo, Eusebio Gallego y Manuel Mac\u00edas.<\/span><\/p>\n<p>&nbsp;<\/p>\n<p>&nbsp;<\/p>\n","protected":false,"gt_translate_keys":[{"key":"rendered","format":"html"}]},"excerpt":{"rendered":"<p>La Fundaci\u00f3n C\u00e1mara de Comercio de Sevilla y la Asociaci\u00f3n Cultural Pe\u00f1a Aires Flamencos organizan estas jornadas, a celebrar los d\u00edas 5 y 6 de marzo de 2027 en Sevilla en diversos escenarios relacionados con este hito art\u00edstico y cultural.<\/p>\n","protected":false,"gt_translate_keys":[{"key":"rendered","format":"html"}]},"author":5,"featured_media":6798,"comment_status":"open","ping_status":"open","sticky":false,"template":"","format":"standard","meta":{"_acf_changed":false,"pmpro_default_level":"","jnews-multi-image_gallery":[],"jnews_single_post":{"format":"standard","override":[{"template":"3","parallax":"1","fullscreen":"1","layout":"right-sidebar-narrow","sidebar":"default-sidebar","second_sidebar":"default-sidebar","sticky_sidebar":"1","share_position":"top","share_float_style":"share-monocrhome","show_share_counter":"1","show_featured":"1","show_post_meta":"1","show_post_author":"1","show_post_author_image":"1","show_post_date":"1","post_date_format":"default","post_date_format_custom":"Y\/m\/d","show_post_reading_time":"1","post_reading_time_wpm":"250","post_calculate_word_method":"str_word_count","show_zoom_button":"1","zoom_button_out_step":"2","zoom_button_in_step":"3","show_popup_post":"1","show_comment_section":"1","number_popup_post":"1","show_author_box":"1","show_post_related":"1","show_inline_post_related":"1"}],"image_override":[{"single_post_thumbnail_size":"crop-500","single_post_gallery_size":"crop-500"}],"trending_post_position":"meta","trending_post_label":"Trending","sponsored_post_label":"Sponsored by","disable_ad":"0","subtitle":"La Fundaci\u00f3n C\u00e1mara de Comercio de Sevilla y la Asociaci\u00f3n Cultural Pe\u00f1a Aires Flamencos organizan estas jornadas, a celebrar los d\u00edas 5 y 6 de marzo de 2027 en Sevilla en diversos escenarios relacionados con este hito art\u00edstico y cultural."},"jnews_primary_category":{"id":"37"},"jnews_override_bookmark_settings":{"override_bookmark_button":"0","override_show_bookmark_button":"0"},"jnews_social_meta":[],"jnews_review":[],"enable_review":"","type":"percentage","name":"","summary":"","brand":"","sku":"","good":[],"bad":[],"score_override":"","override_value":"","rating":[],"price":[],"jnews_override_counter":{"view_counter_number":"0","share_counter_number":"0","like_counter_number":"0","dislike_counter_number":"0"},"footnotes":""},"categories":[37,38],"tags":[7448],"class_list":["post-6797","post","type-post","status-publish","format-standard","has-post-thumbnail","hentry","category-actualidad","category-en-portada","tag-jornadas-flamenco-y-generacion-del-27","pmpro-has-access"],"acf":[],"aioseo_notices":[],"gt_translate_keys":[{"key":"link","format":"url"}],"_links":{"self":[{"href":"https:\/\/expoflamenco.com\/revista\/wp-json\/wp\/v2\/posts\/6797","targetHints":{"allow":["GET"]}}],"collection":[{"href":"https:\/\/expoflamenco.com\/revista\/wp-json\/wp\/v2\/posts"}],"about":[{"href":"https:\/\/expoflamenco.com\/revista\/wp-json\/wp\/v2\/types\/post"}],"author":[{"embeddable":true,"href":"https:\/\/expoflamenco.com\/revista\/wp-json\/wp\/v2\/users\/5"}],"replies":[{"embeddable":true,"href":"https:\/\/expoflamenco.com\/revista\/wp-json\/wp\/v2\/comments?post=6797"}],"version-history":[{"count":1,"href":"https:\/\/expoflamenco.com\/revista\/wp-json\/wp\/v2\/posts\/6797\/revisions"}],"predecessor-version":[{"id":6800,"href":"https:\/\/expoflamenco.com\/revista\/wp-json\/wp\/v2\/posts\/6797\/revisions\/6800"}],"wp:featuredmedia":[{"embeddable":true,"href":"https:\/\/expoflamenco.com\/revista\/wp-json\/wp\/v2\/media\/6798"}],"wp:attachment":[{"href":"https:\/\/expoflamenco.com\/revista\/wp-json\/wp\/v2\/media?parent=6797"}],"wp:term":[{"taxonomy":"category","embeddable":true,"href":"https:\/\/expoflamenco.com\/revista\/wp-json\/wp\/v2\/categories?post=6797"},{"taxonomy":"post_tag","embeddable":true,"href":"https:\/\/expoflamenco.com\/revista\/wp-json\/wp\/v2\/tags?post=6797"}],"curies":[{"name":"wp","href":"https:\/\/api.w.org\/{rel}","templated":true}]}}