{"id":6790,"date":"2026-04-27T11:46:42","date_gmt":"2026-04-27T09:46:42","guid":{"rendered":"https:\/\/expoflamenco.com\/revista\/?p=6790"},"modified":"2026-04-27T11:46:42","modified_gmt":"2026-04-27T09:46:42","slug":"jose-antonio-rodriguez-cerro-el-iii-festival-de-la-guitarra-de-la-comunidad-de-madrid","status":"publish","type":"post","link":"https:\/\/expoflamenco.com\/revista\/jose-antonio-rodriguez-cerro-el-iii-festival-de-la-guitarra-de-la-comunidad-de-madrid\/","title":{"rendered":"Jos\u00e9 Antonio Rodr\u00edguez cerr\u00f3 el III Festival de la Guitarra de la Comunidad de Madrid","gt_translate_keys":[{"key":"rendered","format":"text"}]},"content":{"rendered":"<p style=\"font-weight: 400\">La noche del domingo 26 de abril se dio por concluida la III edici\u00f3n del <a href=\"https:\/\/www.madrid.org\/sumaflamenca\/2026\/guitarra\/index.html\" target=\"_blank\" rel=\"noopener\">Festival de la Guitarra de la Comunidad de Madrid<\/a>, que se ha celebrado en las instalaciones de los madrile\u00f1os <strong>Teatros del Canal<\/strong> durante una semana, y que ha contado con \u00e9xito de cr\u00edtica y con todas las localidades vendidas durante los seis d\u00edas de conciertos y actividades paralelas.<\/p>\n<p style=\"font-weight: 400\">En la Sala Verde del recinto madrile\u00f1o, el guitarrista cordob\u00e9s <strong>Jos\u00e9 Antonio Rodr\u00edguez <\/strong>fue el encargado de poner el broche de oro a la edici\u00f3n de este a\u00f1o, acompa\u00f1ado de la cantaora jienense <strong>Carmen Linares <\/strong>y del bailaor gaditano <strong>Marco Flores<\/strong>.<\/p>\n<p style=\"font-weight: 400\">Jos\u00e9 Antonio Rodr\u00edguez es catedr\u00e1tico de Guitarra Flamenca en el Conservatorio de C\u00f3rdoba, donde ha colaborado en asentar una base t\u00e9cnica s\u00f3lida para las nuevas generaciones de guitarristas. Guitarrista precoz, en 1982 y con apenas 18 a\u00f1os gan\u00f3 el Primer Premio en el Certamen Nacional de Guitarra Flamenca de Jerez y en el Festival de las Minas de La Uni\u00f3n. Cuatro a\u00f1os m\u00e1s tarde fue Premio Nacional de Guitarra de Concierto en el Concurso Nacional de Arte Flamenco de C\u00f3rdoba. Hoy est\u00e1 reconocido como uno de los compositores y concertistas m\u00e1s brillantes de la guitarra flamenca.<\/p>\n<p style=\"font-weight: 400\"><strong>Antonio Benamargo<\/strong>, director art\u00edstico del Festival de la Guitarra, se congratulaba del \u00e9xito de la tercera edici\u00f3n: \u201cHemos acertado en contar con <strong>Ni\u00f1o Ricardo<\/strong> como nuestra inspiraci\u00f3n este a\u00f1o, y se ha notado tanto en el seguimiento y la acogida que ha tenido como desde el punto de vista art\u00edstico, donde se ha conseguido un enorme nivel de artistas sobre el escenario\u201d.<\/p>\n<p style=\"font-weight: 400\">Las pr\u00f3ximas citas de los festivales de flamenco de Madrid llegar\u00e1n, ya en oto\u00f1o, con la celebraci\u00f3n de <strong>Suma Joven<\/strong> y <strong>Suma Flamenco Joven<\/strong>.<\/p>\n<p style=\"font-weight: 400\">M\u00e1s info en: <a href=\"https:\/\/newsletter.coonic.com\/c\/81x8ygg\/zsfqchoo\/amlz9oymmww\">www.madrid.org\/sumaflamenca\/2026\/guitarra\/<\/a><\/p>\n<p>&nbsp;<\/p>\n<figure id=\"attachment_6793\" aria-describedby=\"caption-attachment-6793\" style=\"width: 1800px\" class=\"wp-caption aligncenter\"><a href=\"https:\/\/expoflamenco.com\/revista\/wp-content\/uploads\/sites\/46\/2026\/04\/jose-antonio-rodriguez-2-en-festival-guitarra-comunidad-madrid.jpg\"><img fetchpriority=\"high\" decoding=\"async\" class=\"size-full wp-image-6793\" src=\"https:\/\/expoflamenco.com\/revista\/wp-content\/uploads\/sites\/46\/2026\/04\/jose-antonio-rodriguez-2-en-festival-guitarra-comunidad-madrid.jpg\" alt=\"Jos\u00e9 Antonio Rodr\u00edguez. III Festival de la Guitarra de la Comunidad de Madrid. Foto: Fest Guitarra\" width=\"1800\" height=\"1200\" srcset=\"https:\/\/expoflamenco.com\/revista\/wp-content\/uploads\/sites\/46\/2026\/04\/jose-antonio-rodriguez-2-en-festival-guitarra-comunidad-madrid.jpg 1800w, https:\/\/expoflamenco.com\/revista\/wp-content\/uploads\/sites\/46\/2026\/04\/jose-antonio-rodriguez-2-en-festival-guitarra-comunidad-madrid-300x200.jpg 300w, https:\/\/expoflamenco.com\/revista\/wp-content\/uploads\/sites\/46\/2026\/04\/jose-antonio-rodriguez-2-en-festival-guitarra-comunidad-madrid-1024x683.jpg 1024w, https:\/\/expoflamenco.com\/revista\/wp-content\/uploads\/sites\/46\/2026\/04\/jose-antonio-rodriguez-2-en-festival-guitarra-comunidad-madrid-768x512.jpg 768w, https:\/\/expoflamenco.com\/revista\/wp-content\/uploads\/sites\/46\/2026\/04\/jose-antonio-rodriguez-2-en-festival-guitarra-comunidad-madrid-1536x1024.jpg 1536w, https:\/\/expoflamenco.com\/revista\/wp-content\/uploads\/sites\/46\/2026\/04\/jose-antonio-rodriguez-2-en-festival-guitarra-comunidad-madrid-750x500.jpg 750w, https:\/\/expoflamenco.com\/revista\/wp-content\/uploads\/sites\/46\/2026\/04\/jose-antonio-rodriguez-2-en-festival-guitarra-comunidad-madrid-1140x760.jpg 1140w\" sizes=\"(max-width: 1800px) 100vw, 1800px\" \/><\/a><figcaption id=\"caption-attachment-6793\" class=\"wp-caption-text\">Jos\u00e9 Antonio Rodr\u00edguez, con Carmen Linares. III Festival de la Guitarra de la Comunidad de Madrid. Foto: Fest Guitarra<\/figcaption><\/figure>\n<p>&nbsp;<\/p>\n","protected":false,"gt_translate_keys":[{"key":"rendered","format":"html"}]},"excerpt":{"rendered":"<p>El festival cerr\u00f3 sus puertas la noche del 26 de abril con el concierto del guitarrista cordob\u00e9s, quien tuvo de invitados a la cantaora jienense Carmen Linares y al bailaor gaditano Marco Flores.<\/p>\n","protected":false,"gt_translate_keys":[{"key":"rendered","format":"html"}]},"author":5,"featured_media":6794,"comment_status":"open","ping_status":"open","sticky":false,"template":"","format":"standard","meta":{"_acf_changed":false,"pmpro_default_level":"","jnews-multi-image_gallery":[],"jnews_single_post":{"format":"standard","override":[{"template":"3","parallax":"1","fullscreen":"1","layout":"right-sidebar-narrow","sidebar":"default-sidebar","second_sidebar":"default-sidebar","sticky_sidebar":"1","share_position":"top","share_float_style":"share-monocrhome","show_share_counter":"1","show_featured":"1","show_post_meta":"1","show_post_author":"1","show_post_author_image":"1","show_post_date":"1","post_date_format":"default","post_date_format_custom":"Y\/m\/d","show_post_reading_time":"1","post_reading_time_wpm":"250","post_calculate_word_method":"str_word_count","show_zoom_button":"1","zoom_button_out_step":"2","zoom_button_in_step":"3","show_popup_post":"1","show_comment_section":"1","number_popup_post":"1","show_author_box":"1","show_post_related":"1","show_inline_post_related":"1"}],"image_override":[{"single_post_thumbnail_size":"crop-500","single_post_gallery_size":"crop-500"}],"trending_post_position":"meta","trending_post_label":"Trending","sponsored_post_label":"Sponsored by","disable_ad":"0","subtitle":"El festival cerr\u00f3 sus puertas la noche del 26 de abril con el concierto del guitarrista cordob\u00e9s, quien tuvo de invitados a la cantaora jienense Carmen Linares y al bailaor gaditano Marco Flores."},"jnews_primary_category":{"id":"37"},"jnews_override_bookmark_settings":{"override_bookmark_button":"0","override_show_bookmark_button":"0"},"jnews_social_meta":[],"jnews_review":[],"enable_review":"","type":"percentage","name":"","summary":"","brand":"","sku":"","good":[],"bad":[],"score_override":"","override_value":"","rating":[],"price":[],"jnews_override_counter":{"view_counter_number":"0","share_counter_number":"0","like_counter_number":"0","dislike_counter_number":"0"},"footnotes":""},"categories":[37,38],"tags":[60,1031,7340,1634],"class_list":["post-6790","post","type-post","status-publish","format-standard","has-post-thumbnail","hentry","category-actualidad","category-en-portada","tag-festival-flamenco","tag-guitarra-flamenca","tag-iii-festival-de-la-guitarra-de-la-comunidad-de-madrid","tag-jose-antonio-rodriguez","pmpro-has-access"],"acf":[],"aioseo_notices":[],"gt_translate_keys":[{"key":"link","format":"url"}],"_links":{"self":[{"href":"https:\/\/expoflamenco.com\/revista\/wp-json\/wp\/v2\/posts\/6790","targetHints":{"allow":["GET"]}}],"collection":[{"href":"https:\/\/expoflamenco.com\/revista\/wp-json\/wp\/v2\/posts"}],"about":[{"href":"https:\/\/expoflamenco.com\/revista\/wp-json\/wp\/v2\/types\/post"}],"author":[{"embeddable":true,"href":"https:\/\/expoflamenco.com\/revista\/wp-json\/wp\/v2\/users\/5"}],"replies":[{"embeddable":true,"href":"https:\/\/expoflamenco.com\/revista\/wp-json\/wp\/v2\/comments?post=6790"}],"version-history":[{"count":2,"href":"https:\/\/expoflamenco.com\/revista\/wp-json\/wp\/v2\/posts\/6790\/revisions"}],"predecessor-version":[{"id":6795,"href":"https:\/\/expoflamenco.com\/revista\/wp-json\/wp\/v2\/posts\/6790\/revisions\/6795"}],"wp:featuredmedia":[{"embeddable":true,"href":"https:\/\/expoflamenco.com\/revista\/wp-json\/wp\/v2\/media\/6794"}],"wp:attachment":[{"href":"https:\/\/expoflamenco.com\/revista\/wp-json\/wp\/v2\/media?parent=6790"}],"wp:term":[{"taxonomy":"category","embeddable":true,"href":"https:\/\/expoflamenco.com\/revista\/wp-json\/wp\/v2\/categories?post=6790"},{"taxonomy":"post_tag","embeddable":true,"href":"https:\/\/expoflamenco.com\/revista\/wp-json\/wp\/v2\/tags?post=6790"}],"curies":[{"name":"wp","href":"https:\/\/api.w.org\/{rel}","templated":true}]}}