{"id":6786,"date":"2026-04-27T10:38:48","date_gmt":"2026-04-27T08:38:48","guid":{"rendered":"https:\/\/expoflamenco.com\/revista\/?p=6786"},"modified":"2026-04-27T10:39:57","modified_gmt":"2026-04-27T08:39:57","slug":"figuras-del-cante-el-baile-la-critica-y-la-investigacion-en-el-jurado-de-las-minas","status":"publish","type":"post","link":"https:\/\/expoflamenco.com\/revista\/figuras-del-cante-el-baile-la-critica-y-la-investigacion-en-el-jurado-de-las-minas\/","title":{"rendered":"Figuras del cante, el baile, la cr\u00edtica y la investigaci\u00f3n, en el jurado de Las Minas","gt_translate_keys":[{"key":"rendered","format":"text"}]},"content":{"rendered":"<p>El <a href=\"https:\/\/festivalcantedelasminas.org\/\" target=\"_blank\" rel=\"noopener\">Festival Internacional del Cante de las Minas<\/a> ha dado a conocer la composici\u00f3n del jurado oficial de su 65\u00aa edici\u00f3n, un equipo de reconocido prestigio que volver\u00e1 a situar al certamen como referente absoluto en la evaluaci\u00f3n del talento flamenco. Como principal novedad, se incorpora el cantaor y flamenc\u00f3logo <strong>Juan Pinilla<\/strong>, L\u00e1mpara Minera 2007, reforzando as\u00ed la excelencia del panel.<\/p>\n<p>Junto a \u00e9l, repite como miembro del jurado el bailaor <strong>Eduardo Guerrero<\/strong>, Premio Desplante 2013, una de las grandes figuras actuales del baile flamenco, con una destacada proyecci\u00f3n internacional.<\/p>\n<p>El jurado cuenta tambi\u00e9n con la presencia del reconocido cr\u00edtico y estudioso del flamenco <strong>Jos\u00e9 Manuel Gamboa<\/strong>, una de las voces m\u00e1s influyentes en el an\u00e1lisis y la difusi\u00f3n del arte jondo, as\u00ed como con <strong>Kyoko Shikaze<\/strong>, figura destacada en la difusi\u00f3n y proyecci\u00f3n internacional del flamenco.<\/p>\n<p>Completa el elenco el guitarrista <strong>Juan Parrilla<\/strong>, instrumentista y compositor, junto a <strong>Paco Paredes<\/strong>, trovero e investigador, miembro del jurado con una amplia trayectoria vinculada al festival y al \u00e1mbito flamenco.<\/p>\n<p>&nbsp;<\/p>\n<blockquote><p><em>\u00abLa combinaci\u00f3n de artistas consagrados, especialistas, investigadores y profesionales del sector garantiza una valoraci\u00f3n exigente, fundamentada en el conocimiento profundo del arte jondo y en el respeto a sus ra\u00edces\u00bb<\/em><\/p><\/blockquote>\n<p>&nbsp;<\/p>\n<p>Como secretario del jurado actuar\u00e1 <strong>Juan Jos\u00e9 Carri\u00f3n<\/strong>, abogado, encargado de velar por el correcto desarrollo de las deliberaciones y el cumplimiento de las bases del certamen.<\/p>\n<p>Este jurado ser\u00e1 el encargado de realizar la selecci\u00f3n de los participantes en todas las fases del concurso, desde las pruebas selectivas hasta la gran final, garantizando un proceso basado en la exigencia, el criterio y el respeto a la esencia del flamenco.<\/p>\n<p>La solidez y prestigio de este jurado consolidan al Festival Internacional del Cante de las Minas como uno de los cert\u00e1menes m\u00e1s rigurosos y respetados del panorama flamenco. La combinaci\u00f3n de artistas consagrados, especialistas, investigadores y profesionales del sector garantiza una valoraci\u00f3n exigente, fundamentada en el conocimiento profundo del arte jondo y en el respeto a sus ra\u00edces, al tiempo que permite identificar y proyectar a las nuevas figuras con criterio y autoridad.<\/p>\n<p>Con esta composici\u00f3n, <strong>el Festival Internacional del Cante de las Minas reafirma su compromiso con la excelencia y el rigor<\/strong>, consolidando su papel como el certamen flamenco m\u00e1s importante del mundo y como plataforma de lanzamiento de los grandes nombres del ma\u00f1ana.<\/p>\n<p>&nbsp;<\/p>\n<p><a href=\"https:\/\/expoflamenco.com\/revista\/wp-content\/uploads\/sites\/46\/2026\/04\/cartel-preventa-festival-cante-minas-2026.jpg\"><img fetchpriority=\"high\" decoding=\"async\" class=\"aligncenter size-full wp-image-6788\" src=\"https:\/\/expoflamenco.com\/revista\/wp-content\/uploads\/sites\/46\/2026\/04\/cartel-preventa-festival-cante-minas-2026.jpg\" alt=\"\" width=\"1829\" height=\"2560\" srcset=\"https:\/\/expoflamenco.com\/revista\/wp-content\/uploads\/sites\/46\/2026\/04\/cartel-preventa-festival-cante-minas-2026.jpg 1829w, https:\/\/expoflamenco.com\/revista\/wp-content\/uploads\/sites\/46\/2026\/04\/cartel-preventa-festival-cante-minas-2026-214x300.jpg 214w, https:\/\/expoflamenco.com\/revista\/wp-content\/uploads\/sites\/46\/2026\/04\/cartel-preventa-festival-cante-minas-2026-732x1024.jpg 732w, https:\/\/expoflamenco.com\/revista\/wp-content\/uploads\/sites\/46\/2026\/04\/cartel-preventa-festival-cante-minas-2026-768x1075.jpg 768w, https:\/\/expoflamenco.com\/revista\/wp-content\/uploads\/sites\/46\/2026\/04\/cartel-preventa-festival-cante-minas-2026-1097x1536.jpg 1097w, https:\/\/expoflamenco.com\/revista\/wp-content\/uploads\/sites\/46\/2026\/04\/cartel-preventa-festival-cante-minas-2026-1463x2048.jpg 1463w, https:\/\/expoflamenco.com\/revista\/wp-content\/uploads\/sites\/46\/2026\/04\/cartel-preventa-festival-cante-minas-2026-360x504.jpg 360w, https:\/\/expoflamenco.com\/revista\/wp-content\/uploads\/sites\/46\/2026\/04\/cartel-preventa-festival-cante-minas-2026-750x1050.jpg 750w, https:\/\/expoflamenco.com\/revista\/wp-content\/uploads\/sites\/46\/2026\/04\/cartel-preventa-festival-cante-minas-2026-1140x1596.jpg 1140w\" sizes=\"(max-width: 1829px) 100vw, 1829px\" \/><\/a><\/p>\n<p>&nbsp;<\/p>\n","protected":false,"gt_translate_keys":[{"key":"rendered","format":"html"}]},"excerpt":{"rendered":"<p>En el Concurso del Festival Internacional del Cante de las Minas, Eduardo Guerrero repite como miembro del jurado junto a Jos\u00e9 Manuel Gamboa, Kyoko Shikaze, Juan Parrilla, Paco Paredes y Juan Jos\u00e9 Carri\u00f3n, con la incorporaci\u00f3n de Juan Pinilla.<\/p>\n","protected":false,"gt_translate_keys":[{"key":"rendered","format":"html"}]},"author":5,"featured_media":6787,"comment_status":"open","ping_status":"open","sticky":false,"template":"","format":"standard","meta":{"_acf_changed":false,"pmpro_default_level":"","jnews-multi-image_gallery":[],"jnews_single_post":{"format":"standard","override":[{"template":"3","parallax":"1","fullscreen":"1","layout":"right-sidebar-narrow","sidebar":"default-sidebar","second_sidebar":"default-sidebar","sticky_sidebar":"1","share_position":"top","share_float_style":"share-monocrhome","show_share_counter":"1","show_featured":"1","show_post_meta":"1","show_post_author":"1","show_post_author_image":"1","show_post_date":"1","post_date_format":"default","post_date_format_custom":"Y\/m\/d","show_post_reading_time":"1","post_reading_time_wpm":"250","post_calculate_word_method":"str_word_count","show_zoom_button":"1","zoom_button_out_step":"2","zoom_button_in_step":"3","show_popup_post":"1","show_comment_section":"1","number_popup_post":"1","show_author_box":"1","show_post_related":"1","show_inline_post_related":"1"}],"image_override":[{"single_post_thumbnail_size":"crop-500","single_post_gallery_size":"crop-500"}],"trending_post_position":"meta","trending_post_label":"Trending","sponsored_post_label":"Sponsored by","disable_ad":"0","subtitle":"En el Concurso del Festival Internacional del Cante de las Minas, Eduardo Guerrero repite como miembro del jurado junto a Jos\u00e9 Manuel Gamboa, Kyoko Shikaze, Juan Parrilla, Paco Paredes y Juan Jos\u00e9 Carri\u00f3n, con la incorporaci\u00f3n de Juan Pinilla."},"jnews_primary_category":{"id":"37"},"jnews_override_bookmark_settings":{"override_bookmark_button":"0","override_show_bookmark_button":"0"},"jnews_social_meta":[],"jnews_review":[],"enable_review":"","type":"percentage","name":"","summary":"","brand":"","sku":"","good":[],"bad":[],"score_override":"","override_value":"","rating":[],"price":[],"jnews_override_counter":{"view_counter_number":"0","share_counter_number":"0","like_counter_number":"0","dislike_counter_number":"0"},"footnotes":""},"categories":[37,38],"tags":[193,418,60,1208],"class_list":["post-6786","post","type-post","status-publish","format-standard","has-post-thumbnail","hentry","category-actualidad","category-en-portada","tag-festival-internacional-del-cante-de-las-minas","tag-concurso-flamenco","tag-festival-flamenco","tag-jurado","pmpro-has-access"],"acf":[],"aioseo_notices":[],"gt_translate_keys":[{"key":"link","format":"url"}],"_links":{"self":[{"href":"https:\/\/expoflamenco.com\/revista\/wp-json\/wp\/v2\/posts\/6786","targetHints":{"allow":["GET"]}}],"collection":[{"href":"https:\/\/expoflamenco.com\/revista\/wp-json\/wp\/v2\/posts"}],"about":[{"href":"https:\/\/expoflamenco.com\/revista\/wp-json\/wp\/v2\/types\/post"}],"author":[{"embeddable":true,"href":"https:\/\/expoflamenco.com\/revista\/wp-json\/wp\/v2\/users\/5"}],"replies":[{"embeddable":true,"href":"https:\/\/expoflamenco.com\/revista\/wp-json\/wp\/v2\/comments?post=6786"}],"version-history":[{"count":1,"href":"https:\/\/expoflamenco.com\/revista\/wp-json\/wp\/v2\/posts\/6786\/revisions"}],"predecessor-version":[{"id":6789,"href":"https:\/\/expoflamenco.com\/revista\/wp-json\/wp\/v2\/posts\/6786\/revisions\/6789"}],"wp:featuredmedia":[{"embeddable":true,"href":"https:\/\/expoflamenco.com\/revista\/wp-json\/wp\/v2\/media\/6787"}],"wp:attachment":[{"href":"https:\/\/expoflamenco.com\/revista\/wp-json\/wp\/v2\/media?parent=6786"}],"wp:term":[{"taxonomy":"category","embeddable":true,"href":"https:\/\/expoflamenco.com\/revista\/wp-json\/wp\/v2\/categories?post=6786"},{"taxonomy":"post_tag","embeddable":true,"href":"https:\/\/expoflamenco.com\/revista\/wp-json\/wp\/v2\/tags?post=6786"}],"curies":[{"name":"wp","href":"https:\/\/api.w.org\/{rel}","templated":true}]}}