{"id":6778,"date":"2026-04-24T10:04:49","date_gmt":"2026-04-24T08:04:49","guid":{"rendered":"https:\/\/expoflamenco.com\/revista\/?p=6778"},"modified":"2026-04-27T10:21:01","modified_gmt":"2026-04-27T08:21:01","slug":"ambicioso-cartel-en-el-ix-flamencos-y-mestizos","status":"publish","type":"post","link":"https:\/\/expoflamenco.com\/revista\/ambicioso-cartel-en-el-ix-flamencos-y-mestizos\/","title":{"rendered":"Ambicioso cartel en el IX Flamencos y Mestizos","gt_translate_keys":[{"key":"rendered","format":"text"}]},"content":{"rendered":"<p dir=\"ltr\"><strong>Flamencos y Mestizos<\/strong> es un festival ideado y dirigido por <strong>Paco Ortega<\/strong> y organizado por la Concejal\u00eda de Cultura del <a href=\"https:\/\/www.ubeda.es\/es\" target=\"_blank\" rel=\"noopener\">Ayuntamiento de \u00dabeda<\/a> (Ja\u00e9n), que ofrece una ventana a los artistas que se mueven entre el flamenco m\u00e1s cl\u00e1sico y las propuestas m\u00e1s novedosas y emergentes. El festival arranca este a\u00f1o con una fuerza especial, reafirmando que el Flamenco, al igual que la ciudad de \u00dabeda, es Patrimonio de la Humanidad.<\/p>\n<p dir=\"ltr\">La apertura oficial es el 24 de abril y corre a cargo de <strong>Dorantes<\/strong>. El pianista lebrijano, maestro de la innovaci\u00f3n, es el encargado de dar el pistoletazo de salida en el emblem\u00e1tico Hospital de Santiago, ofreciendo una de las actuaciones m\u00e1s esperadas de este certamen, en la que presenta su espect\u00e1culo <em>Scarlattianas<\/em>.<\/p>\n<p dir=\"ltr\">El arranque contin\u00faa por todo lo alto al d\u00eda siguiente, el 25 de abril, en el espacio de La Central. El escenario recibe a <strong>Las Migas<\/strong>, el cuarteto que se ha consolidado como el gran referente del mestizaje femenino y que llega a \u00dabeda en su momento m\u00e1s brillante tras alzarse este a\u00f1o con su segundo Latin Grammy al Mejor \u00c1lbum de M\u00fasica Flamenca. En esta misma velada se suma la artista <strong>Mar\u00eda del Tango<\/strong>, que es la encargada de abrir el concierto a las 21 h con su personal propuesta, dejando paso a la actuaci\u00f3n de Las Migas a las 22 h.<\/p>\n<p dir=\"ltr\">Estas dos citas marcan el inicio de una programaci\u00f3n de lujo que contar\u00e1 con una quincena de artistas destacados como <strong>Jos\u00e9 Merc\u00e9, Rancapino Chico, Mar\u00eda Terremoto<\/strong> o <strong>Luc\u00eda \u00c1lvarez &#8216;La Pi\u00f1ona&#8217;<\/strong>. El ciclo vuelve a llenar de vida y cultura las calles y espacios hist\u00f3ricos de \u00dabeda, ofreciendo una oportunidad inmejorable para disfrutar del legado arquitect\u00f3nico de la ciudad junto al mejor arte jondo.<\/p>\n<p dir=\"ltr\">Todos los detalles de la programaci\u00f3n se pueden conocer visitando la p\u00e1gina del festival:<a href=\"https:\/\/www.flamencosymestizosciudaddeubeda.com\/\"> www.flamencosymestizosciudaddeubeda.com<\/a>.<\/p>\n<p>&nbsp;<\/p>\n<p dir=\"ltr\"><a href=\"https:\/\/expoflamenco.com\/revista\/wp-content\/uploads\/sites\/46\/2026\/04\/cartel-flamencos-y-mestizos-2026.jpg\"><img fetchpriority=\"high\" decoding=\"async\" class=\"aligncenter size-full wp-image-6780\" src=\"https:\/\/expoflamenco.com\/revista\/wp-content\/uploads\/sites\/46\/2026\/04\/cartel-flamencos-y-mestizos-2026.jpg\" alt=\"Promotional poster for the IX edici\u00f3n Flamencos y \u2026 in Ciudad de Ubeda, April 24 to May 10, directed by Paco Ortega.\" width=\"1488\" height=\"1800\" srcset=\"https:\/\/expoflamenco.com\/revista\/wp-content\/uploads\/sites\/46\/2026\/04\/cartel-flamencos-y-mestizos-2026.jpg 1488w, https:\/\/expoflamenco.com\/revista\/wp-content\/uploads\/sites\/46\/2026\/04\/cartel-flamencos-y-mestizos-2026-248x300.jpg 248w, https:\/\/expoflamenco.com\/revista\/wp-content\/uploads\/sites\/46\/2026\/04\/cartel-flamencos-y-mestizos-2026-847x1024.jpg 847w, https:\/\/expoflamenco.com\/revista\/wp-content\/uploads\/sites\/46\/2026\/04\/cartel-flamencos-y-mestizos-2026-768x929.jpg 768w, https:\/\/expoflamenco.com\/revista\/wp-content\/uploads\/sites\/46\/2026\/04\/cartel-flamencos-y-mestizos-2026-1270x1536.jpg 1270w, https:\/\/expoflamenco.com\/revista\/wp-content\/uploads\/sites\/46\/2026\/04\/cartel-flamencos-y-mestizos-2026-750x907.jpg 750w, https:\/\/expoflamenco.com\/revista\/wp-content\/uploads\/sites\/46\/2026\/04\/cartel-flamencos-y-mestizos-2026-1140x1379.jpg 1140w\" sizes=\"(max-width: 1488px) 100vw, 1488px\" \/><\/a> <a href=\"https:\/\/expoflamenco.com\/revista\/wp-content\/uploads\/sites\/46\/2026\/04\/las-migas-en-festival-flamencos-y-mestizos.jpg\"><img decoding=\"async\" class=\"aligncenter size-full wp-image-6781\" src=\"https:\/\/expoflamenco.com\/revista\/wp-content\/uploads\/sites\/46\/2026\/04\/las-migas-en-festival-flamencos-y-mestizos.jpg\" alt=\"Event poster for Las Migas &amp; Mar\u00eda del Tango in \u00dabeda: group photo on the left and a solo portrait on the right, with teal gradient and show details at the bottom.\" width=\"1080\" height=\"1350\" srcset=\"https:\/\/expoflamenco.com\/revista\/wp-content\/uploads\/sites\/46\/2026\/04\/las-migas-en-festival-flamencos-y-mestizos.jpg 1080w, https:\/\/expoflamenco.com\/revista\/wp-content\/uploads\/sites\/46\/2026\/04\/las-migas-en-festival-flamencos-y-mestizos-240x300.jpg 240w, https:\/\/expoflamenco.com\/revista\/wp-content\/uploads\/sites\/46\/2026\/04\/las-migas-en-festival-flamencos-y-mestizos-819x1024.jpg 819w, https:\/\/expoflamenco.com\/revista\/wp-content\/uploads\/sites\/46\/2026\/04\/las-migas-en-festival-flamencos-y-mestizos-768x960.jpg 768w, https:\/\/expoflamenco.com\/revista\/wp-content\/uploads\/sites\/46\/2026\/04\/las-migas-en-festival-flamencos-y-mestizos-750x938.jpg 750w\" sizes=\"(max-width: 1080px) 100vw, 1080px\" \/><\/a><\/p>\n<p dir=\"ltr\">\n","protected":false,"gt_translate_keys":[{"key":"rendered","format":"html"}]},"excerpt":{"rendered":"<p>Dorantes y Las Migas abren la programaci\u00f3n de esta cita de \u00dabeda, Ja\u00e9n. Tambi\u00e9n act\u00faan Jos\u00e9 Merc\u00e9, Rancapino Chico, Mar\u00eda Terremoto o Luc\u00eda \u00c1lvarez &#8216;La Pi\u00f1ona&#8217;. <\/p>\n","protected":false,"gt_translate_keys":[{"key":"rendered","format":"html"}]},"author":5,"featured_media":6779,"comment_status":"open","ping_status":"open","sticky":false,"template":"","format":"standard","meta":{"_acf_changed":false,"pmpro_default_level":"","jnews-multi-image_gallery":[],"jnews_single_post":{"format":"standard","override":[{"template":"3","parallax":"1","fullscreen":"1","layout":"right-sidebar-narrow","sidebar":"default-sidebar","second_sidebar":"default-sidebar","sticky_sidebar":"1","share_position":"top","share_float_style":"share-monocrhome","show_share_counter":"1","show_featured":"1","show_post_meta":"1","show_post_author":"1","show_post_author_image":"1","show_post_date":"1","post_date_format":"default","post_date_format_custom":"Y\/m\/d","show_post_reading_time":"1","post_reading_time_wpm":"250","post_calculate_word_method":"str_word_count","show_zoom_button":"1","zoom_button_out_step":"2","zoom_button_in_step":"3","show_popup_post":"1","show_comment_section":"1","number_popup_post":"1","show_author_box":"1","show_post_related":"1","show_inline_post_related":"1"}],"image_override":[{"single_post_thumbnail_size":"crop-500","single_post_gallery_size":"crop-500"}],"trending_post_position":"meta","trending_post_label":"Trending","sponsored_post_label":"Sponsored by","disable_ad":"0","subtitle":"Dorantes y Las Migas abren la programaci\u00f3n de esta cita de \u00dabeda, Ja\u00e9n. Tambi\u00e9n act\u00faan Jos\u00e9 Merc\u00e9, Rancapino Chico, Mar\u00eda Terremoto o Luc\u00eda \u00c1lvarez 'La Pi\u00f1ona'."},"jnews_primary_category":[],"jnews_override_bookmark_settings":{"override_bookmark_button":"0","override_show_bookmark_button":"0"},"jnews_social_meta":[],"jnews_review":[],"enable_review":"","type":"percentage","name":"","summary":"","brand":"","sku":"","good":[],"bad":[],"score_override":"","override_value":"","rating":[],"price":[],"jnews_override_counter":{"view_counter_number":"0","share_counter_number":"0","like_counter_number":"0","dislike_counter_number":"0"},"footnotes":""},"categories":[37,38],"tags":[60,7446,1586,7447],"class_list":["post-6778","post","type-post","status-publish","format-standard","has-post-thumbnail","hentry","category-actualidad","category-en-portada","tag-festival-flamenco","tag-flamencos-y-mestizos","tag-las-migas","tag-ubeda-jaen","pmpro-has-access"],"acf":[],"aioseo_notices":[],"gt_translate_keys":[{"key":"link","format":"url"}],"_links":{"self":[{"href":"https:\/\/expoflamenco.com\/revista\/wp-json\/wp\/v2\/posts\/6778","targetHints":{"allow":["GET"]}}],"collection":[{"href":"https:\/\/expoflamenco.com\/revista\/wp-json\/wp\/v2\/posts"}],"about":[{"href":"https:\/\/expoflamenco.com\/revista\/wp-json\/wp\/v2\/types\/post"}],"author":[{"embeddable":true,"href":"https:\/\/expoflamenco.com\/revista\/wp-json\/wp\/v2\/users\/5"}],"replies":[{"embeddable":true,"href":"https:\/\/expoflamenco.com\/revista\/wp-json\/wp\/v2\/comments?post=6778"}],"version-history":[{"count":1,"href":"https:\/\/expoflamenco.com\/revista\/wp-json\/wp\/v2\/posts\/6778\/revisions"}],"predecessor-version":[{"id":6784,"href":"https:\/\/expoflamenco.com\/revista\/wp-json\/wp\/v2\/posts\/6778\/revisions\/6784"}],"wp:featuredmedia":[{"embeddable":true,"href":"https:\/\/expoflamenco.com\/revista\/wp-json\/wp\/v2\/media\/6779"}],"wp:attachment":[{"href":"https:\/\/expoflamenco.com\/revista\/wp-json\/wp\/v2\/media?parent=6778"}],"wp:term":[{"taxonomy":"category","embeddable":true,"href":"https:\/\/expoflamenco.com\/revista\/wp-json\/wp\/v2\/categories?post=6778"},{"taxonomy":"post_tag","embeddable":true,"href":"https:\/\/expoflamenco.com\/revista\/wp-json\/wp\/v2\/tags?post=6778"}],"curies":[{"name":"wp","href":"https:\/\/api.w.org\/{rel}","templated":true}]}}