{"id":6775,"date":"2026-04-26T22:13:47","date_gmt":"2026-04-26T20:13:47","guid":{"rendered":"https:\/\/expoflamenco.com\/revista\/?p=6775"},"modified":"2026-04-26T22:13:47","modified_gmt":"2026-04-26T20:13:47","slug":"david-carpio-jerez-por-bandera","status":"publish","type":"post","link":"https:\/\/expoflamenco.com\/revista\/david-carpio-jerez-por-bandera\/","title":{"rendered":"David Carpio: Jerez por bandera","gt_translate_keys":[{"key":"rendered","format":"text"}]},"content":{"rendered":"<p class=\"Standard\" style=\"text-align: justify\">El templo flamenco granadino de <a href=\"https:\/\/laplateria.es\/\" target=\"_blank\" rel=\"noopener\">La Plater\u00eda<\/a> acogi\u00f3 la noche del s\u00e1bado 25 de abril a los jerezanos <b>David Carpio<\/b> y <b>Jos\u00e9 G\u00e1lvez<\/b>. Los que all\u00ed estuvieron supieron darle calor, oles a tiempo y disfrutar de la marca registrada de esta zona de Andaluc\u00eda. Calor de unos cuantos, porque no comprendo c\u00f3mo siendo la pe\u00f1a de Andaluc\u00eda con m\u00e1s socios de todas las que existen, el n\u00famero de asistentes en comparaci\u00f3n con el volumen de socios es anecd\u00f3tico. Si contamos que los socios vienen con acompa\u00f1ante, lo que queda es un residual de masa social que no llega al diez por ciento. Lo de darse golpes en el pecho con ser platero no solo va en el carnet, sino en mantener viva la llama de lo que nos gusta, nos atrapa y nos concentra en espacios flamencos.<\/p>\n<p class=\"Standard\" style=\"text-align: justify\">Hecha la cr\u00edtica a los socios de tan insigne pe\u00f1a, nos queda mostrar c\u00f3mo un recital de cante cl\u00e1sico se convirti\u00f3 en una maestr\u00eda por parte de ambos jerezanos. Por un lado, Jos\u00e9 G\u00e1lvez es un <i>rara avis<\/i> en el toque. Toca por Jerez sin parecerse a nadie, rescata lo de los dem\u00e1s aportando un sello propio que lo sit\u00faa en un enclave sonoro tan personal como referencial. Tiene unas hechuras que llegan adentro, con una t\u00e9cnica depurada, flamenca y a la vez estridente. Porque es capaz de pasar del rasgueo atronador a la finura del toque sensible sin despeinarse.<\/p>\n<p class=\"Standard\" style=\"text-align: justify\">Por otro lado, David Carpio se est\u00e1 convirtiendo, si no lo es ya, es uno de los buques insignia del cante jerezano. Mantiene las formas cantaoras de su tierra, no se sale de los c\u00e1nones (bien podr\u00eda, pero no quiere), y remeda a sus maestros con elegancia y responsabilidad.<\/p>\n<p class=\"Standard\" style=\"text-align: justify\">Por eso comenz\u00f3 fuerte, por ton\u00e1s, a pecho descubierto, sin m\u00e1s ali\u00f1o que la memoria y el eco del pasado. G\u00e1lvez meti\u00f3 las manos por sole\u00e1 para dar la vez a Carpio, que se acord\u00f3 o mejor record\u00f3 a <b>Charamusco<\/b>, no haciendo sus cosas, sino record\u00e1ndolo, como dijo <b>Antonio Mairena<\/b> prudente y sabiamente.<\/p>\n<p>&nbsp;<\/p>\n<blockquote><p><em>\u00abDavid Carpio se est\u00e1 convirtiendo, si no lo es ya, es uno de los buques insignia del cante jerezano. Mantiene las formas cantaoras de su tierra, no se sale de los c\u00e1nones \u2013bien podr\u00eda, pero no quiere\u2013, y remeda a sus maestros con elegancia y responsabilidad\u00bb<\/em><\/p><\/blockquote>\n<p>&nbsp;<\/p>\n<p class=\"Standard\" style=\"text-align: justify\">Por malague\u00f1as hizo letras propias, en homenaje a su madre y un primo fallecido, la primera la atribuida a<b> Manuel Torre<\/b> y la segunda al<b> Mellizo<\/b>. Las hizo recorta\u00edtas, intensas y a fogonazos, como se canta en Jerez. Claro, es que no puede salirse de ah\u00ed, ni debe. Lo suyo es mantener la llama.<\/p>\n<p class=\"Standard\" style=\"text-align: justify\">Por canti\u00f1as y alegr\u00edas fue muy extenso, con una tanda larga de las primeras y rematando con las segundas. Repiti\u00f3 cantes de sole\u00e1, con unos ayeos explosivos, muy en las formas de <b>Los Moneo<\/b>, sobre todo de Manuel, de quien se nota que bebe. Hizo ronda por Alcal\u00e1, Triana, Lebrija, y hasta una apol\u00e1 del<b> Fillo<\/b> que apenas se escucha y que rescat\u00f3 <b>Juan Breva<\/b> a principios del siglo XX.<\/p>\n<p class=\"Standard\" style=\"text-align: justify\">No falt\u00f3 la seguiriya. Ah\u00ed G\u00e1lvez estuvo de \u00f3rdago: la quintaesencia del recuerdo a <b>Javier Molina <\/b>y a la escuela de <b>Los Morao. <\/b>David parti\u00f3 de su tierra con la corta de <b>Frijones<\/b> y su Santolio para viajar a Los Puertos del gran<b> Juanelo<\/b> y regresar del viaje con <b>Joaqu\u00edn Lacherna<\/b> a la tierra para recrearse en la cabal mas cabal de todas las cabales, la de <b>Silverio<\/b>.<\/p>\n<p class=\"Standard\" style=\"text-align: justify\">Hizo tanda de fandangos, jerezanos, podemos llamarlos, porque fueron los de <b>Cepero<\/b> y los de <b>Manuel Agujetas.<\/b><\/p>\n<p class=\"Standard\" style=\"text-align: justify\">Para el fin de fiesta invit\u00f3 al escenario a <b>Antonio Campos, Miguel el Cheyenne<\/b> y <b>Miguel N\u00fa\u00f1ez<\/b>, hijo de <b>Jos\u00e9 de los Camarones<\/b>, que hasta se atrevi\u00f3 con una pata\u00edta recorta\u00edta rescatando David ecos de cupl\u00e9s por buler\u00edas de Utrera y por supuesto los cantes de la Plazuela.<\/p>\n<p>&nbsp;<\/p>\n<p class=\"Standard\" style=\"text-align: justify\"><strong>Ficha art\u00edstica<\/strong><\/p>\n<p>Recital de cante de David Carpio<br \/>\nPe\u00f1a La Plater\u00eda, Granada<br \/>\n25 de abril de 2026<br \/>\nCante: David Carpio<br \/>\nGuitarra: Jos\u00e9 G\u00e1lvez<\/p>\n","protected":false,"gt_translate_keys":[{"key":"rendered","format":"html"}]},"excerpt":{"rendered":"<p>El cantaor jerezano, junto a la guitarra de Jos\u00e9 G\u00e1lvez, rescat\u00f3 en la Pe\u00f1a La Plater\u00eda (Granada) un amplio abanico de cantes de su tierra convirti\u00e9ndose en un magn\u00edfico mantenedor de la tradici\u00f3n.<\/p>\n","protected":false,"gt_translate_keys":[{"key":"rendered","format":"html"}]},"author":65,"featured_media":6776,"comment_status":"open","ping_status":"open","sticky":false,"template":"","format":"standard","meta":{"_acf_changed":false,"pmpro_default_level":"","jnews-multi-image_gallery":[],"jnews_single_post":{"format":"standard","override":[{"template":"3","parallax":"1","fullscreen":"1","layout":"right-sidebar-narrow","sidebar":"default-sidebar","second_sidebar":"default-sidebar","sticky_sidebar":"1","share_position":"top","share_float_style":"share-monocrhome","show_share_counter":"1","show_featured":"1","show_post_meta":"1","show_post_author":"1","show_post_author_image":"1","show_post_date":"1","post_date_format":"default","post_date_format_custom":"Y\/m\/d","show_post_reading_time":"1","post_reading_time_wpm":"250","post_calculate_word_method":"str_word_count","show_zoom_button":"1","zoom_button_out_step":"2","zoom_button_in_step":"3","show_popup_post":"1","show_comment_section":"1","number_popup_post":"1","show_author_box":"1","show_post_related":"1","show_inline_post_related":"1"}],"image_override":[{"single_post_thumbnail_size":"crop-500","single_post_gallery_size":"crop-500"}],"trending_post_position":"meta","trending_post_label":"Trending","sponsored_post_label":"Sponsored by","disable_ad":"0","subtitle":"El cantaor jerezano, junto a la guitarra de Jos\u00e9 G\u00e1lvez, rescat\u00f3 en la Pe\u00f1a La Plater\u00eda (Granada) un amplio abanico de cantes de su tierra convirti\u00e9ndose en un magn\u00edfico mantenedor de la tradici\u00f3n."},"jnews_primary_category":{"id":"46"},"jnews_override_bookmark_settings":{"override_bookmark_button":"0","override_show_bookmark_button":"0"},"jnews_social_meta":[],"jnews_review":[],"enable_review":"","type":"percentage","name":"","summary":"","brand":"","sku":"","good":[],"bad":[],"score_override":"","override_value":"","rating":[],"price":[],"jnews_override_counter":{"view_counter_number":"0","share_counter_number":"0","like_counter_number":"0","dislike_counter_number":"0"},"footnotes":""},"categories":[46,38],"tags":[54,693,7445,81],"class_list":["post-6775","post","type-post","status-publish","format-standard","has-post-thumbnail","hentry","category-cronicas","category-en-portada","tag-cantaor-flamenco","tag-david-carpio","tag-jose-galvez","tag-pena-la-plateria-de-granada","pmpro-has-access"],"acf":[],"aioseo_notices":[],"gt_translate_keys":[{"key":"link","format":"url"}],"_links":{"self":[{"href":"https:\/\/expoflamenco.com\/revista\/wp-json\/wp\/v2\/posts\/6775","targetHints":{"allow":["GET"]}}],"collection":[{"href":"https:\/\/expoflamenco.com\/revista\/wp-json\/wp\/v2\/posts"}],"about":[{"href":"https:\/\/expoflamenco.com\/revista\/wp-json\/wp\/v2\/types\/post"}],"author":[{"embeddable":true,"href":"https:\/\/expoflamenco.com\/revista\/wp-json\/wp\/v2\/users\/65"}],"replies":[{"embeddable":true,"href":"https:\/\/expoflamenco.com\/revista\/wp-json\/wp\/v2\/comments?post=6775"}],"version-history":[{"count":1,"href":"https:\/\/expoflamenco.com\/revista\/wp-json\/wp\/v2\/posts\/6775\/revisions"}],"predecessor-version":[{"id":6777,"href":"https:\/\/expoflamenco.com\/revista\/wp-json\/wp\/v2\/posts\/6775\/revisions\/6777"}],"wp:featuredmedia":[{"embeddable":true,"href":"https:\/\/expoflamenco.com\/revista\/wp-json\/wp\/v2\/media\/6776"}],"wp:attachment":[{"href":"https:\/\/expoflamenco.com\/revista\/wp-json\/wp\/v2\/media?parent=6775"}],"wp:term":[{"taxonomy":"category","embeddable":true,"href":"https:\/\/expoflamenco.com\/revista\/wp-json\/wp\/v2\/categories?post=6775"},{"taxonomy":"post_tag","embeddable":true,"href":"https:\/\/expoflamenco.com\/revista\/wp-json\/wp\/v2\/tags?post=6775"}],"curies":[{"name":"wp","href":"https:\/\/api.w.org\/{rel}","templated":true}]}}