{"id":6766,"date":"2026-04-26T21:34:36","date_gmt":"2026-04-26T19:34:36","guid":{"rendered":"https:\/\/expoflamenco.com\/revista\/?p=6766"},"modified":"2026-04-26T21:34:36","modified_gmt":"2026-04-26T19:34:36","slug":"jose-mendez-y-su-reivindicacion-cantaora","status":"publish","type":"post","link":"https:\/\/expoflamenco.com\/revista\/jose-mendez-y-su-reivindicacion-cantaora\/","title":{"rendered":"Jos\u00e9 M\u00e9ndez y su reivindicaci\u00f3n cantaora","gt_translate_keys":[{"key":"rendered","format":"text"}]},"content":{"rendered":"<p><strong>Jos\u00e9 M\u00e9ndez<\/strong> jug\u00f3 el viernes en casa, en la <a href=\"https:\/\/www.facebook.com\/BuleriadeJerez\/?_se_imp=2eQgFtAECYTEge1UU&amp;_rdr\" target=\"_blank\" rel=\"noopener\">Pe\u00f1a La Buler\u00eda<\/a> de su barrio de San Miguel. La entidad que decidi\u00f3 hace casi cincuenta a\u00f1os \u2013se fund\u00f3 en 1977\u2013 nombrar madrina de honor a <strong>La Paquera de Jerez<\/strong>, cont\u00f3 con uno de los descendientes m\u00e1s sonados de esta casta cantaora. Jos\u00e9 es nieto de <strong>El Pili<\/strong>, uno de los m\u00e1s reconocidos festeros de los a\u00f1os 50 en Jerez que no quiso dedicarse al flamenco profesional porque le iba bastante bien con la venta del pescao, oficio de la familia.<\/p>\n<p>La propia Paquera, prima hermana de su madre, lo hizo debutar a lo grande en la <strong>Bienal de Sevilla<\/strong> de 1988 cuando Jos\u00e9 era un chaval. Casi cuarenta a\u00f1os han pasado ya de aquello y ah\u00ed sigue luchando el cantaor d\u00eda a d\u00eda, \u00abporque yo como de esto\u00bb. Se fue hace catorce a\u00f1os a vivir a Sevilla, despu\u00e9s de darle la vuelta al mundo, y all\u00ed est\u00e1 entregado, \u00abporque lo que me ha dado Sevilla no me lo ha dado Jerez\u00bb. Se mostr\u00f3 reivindicativo, a la par que agradecido por el hueco en el ciclo <strong>Noches de San Telmo<\/strong>, comentando al principio que \u00abhay que cuidar el flamenco, desde el Ayuntamiento hasta los propios artistas\u00bb.<\/p>\n<p>&nbsp;<\/p>\n<blockquote><p><em>\u00abFue por seguiriyas cuando Jos\u00e9 M\u00e9ndez consigui\u00f3 poner al p\u00fablico en pie, llev\u00f3 al l\u00edmite el Santiago y Santa Ana de Manuel Torre. Es un cantaor cabal, con hechuras y definido. Los tangos nos llevaron a su \u00e9poca con Parrilla de Jerez, a los tercios ligados que hicieron su ancestros\u00bb<\/em><\/p><\/blockquote>\n<p>&nbsp;<\/p>\n<figure id=\"attachment_6768\" aria-describedby=\"caption-attachment-6768\" style=\"width: 2560px\" class=\"wp-caption aligncenter\"><a href=\"https:\/\/expoflamenco.com\/revista\/wp-content\/uploads\/sites\/46\/2026\/04\/Ana-Maria-Lopez-en-el-fin-de-fiesta-por-bulerias-scaled.jpeg\"><img fetchpriority=\"high\" decoding=\"async\" class=\"size-full wp-image-6768\" src=\"https:\/\/expoflamenco.com\/revista\/wp-content\/uploads\/sites\/46\/2026\/04\/Ana-Maria-Lopez-en-el-fin-de-fiesta-por-bulerias-scaled.jpeg\" alt=\"Ana Mar\u00eda L\u00f3pez, en el fin de fiesta por buler\u00edas. Pe\u00f1a Flamenca La Buler\u00eda, Jerez. Foto: Juan Garrido\" width=\"2560\" height=\"1440\" srcset=\"https:\/\/expoflamenco.com\/revista\/wp-content\/uploads\/sites\/46\/2026\/04\/Ana-Maria-Lopez-en-el-fin-de-fiesta-por-bulerias-scaled.jpeg 2560w, https:\/\/expoflamenco.com\/revista\/wp-content\/uploads\/sites\/46\/2026\/04\/Ana-Maria-Lopez-en-el-fin-de-fiesta-por-bulerias-300x169.jpeg 300w, https:\/\/expoflamenco.com\/revista\/wp-content\/uploads\/sites\/46\/2026\/04\/Ana-Maria-Lopez-en-el-fin-de-fiesta-por-bulerias-1024x576.jpeg 1024w, https:\/\/expoflamenco.com\/revista\/wp-content\/uploads\/sites\/46\/2026\/04\/Ana-Maria-Lopez-en-el-fin-de-fiesta-por-bulerias-768x432.jpeg 768w, https:\/\/expoflamenco.com\/revista\/wp-content\/uploads\/sites\/46\/2026\/04\/Ana-Maria-Lopez-en-el-fin-de-fiesta-por-bulerias-1536x864.jpeg 1536w, https:\/\/expoflamenco.com\/revista\/wp-content\/uploads\/sites\/46\/2026\/04\/Ana-Maria-Lopez-en-el-fin-de-fiesta-por-bulerias-2048x1152.jpeg 2048w, https:\/\/expoflamenco.com\/revista\/wp-content\/uploads\/sites\/46\/2026\/04\/Ana-Maria-Lopez-en-el-fin-de-fiesta-por-bulerias-750x422.jpeg 750w, https:\/\/expoflamenco.com\/revista\/wp-content\/uploads\/sites\/46\/2026\/04\/Ana-Maria-Lopez-en-el-fin-de-fiesta-por-bulerias-1140x641.jpeg 1140w\" sizes=\"(max-width: 2560px) 100vw, 2560px\" \/><\/a><figcaption id=\"caption-attachment-6768\" class=\"wp-caption-text\">Ana Mar\u00eda L\u00f3pez, en el fin de fiesta por buler\u00edas. Pe\u00f1a Flamenca La Buler\u00eda, Jerez. Foto: Juan Garrido<\/figcaption><\/figure>\n<p>&nbsp;<\/p>\n<p>En primera fila, su t\u00edo <strong>Antonio M\u00e9ndez El Chusco<\/strong>, \u00abquien me lo ha ense\u00f1ado todo\u00bb. El cantaor volvi\u00f3 a su tierra despu\u00e9s de un tiempo y no se dej\u00f3 nada en el maletero del coche. Sali\u00f3 a escena con todas sus armas: naturalidad, metal y conocimiento. Es caracolero, pero no deja de imprimirle jerezan\u00eda a cada estilo. Inicio por alegr\u00edas dej\u00e1ndose llevar por la depurada guitarra de <strong>Julio Romero<\/strong>, excelente de principio a fin. El comp\u00e1s sigui\u00f3 sonando en las palmas de <strong>Tate<\/strong> y <strong>Cepa N\u00fa\u00f1ez<\/strong> por buler\u00edas para escuchar. Cantes cortos, r\u00edtmicos, con recuerdo a <strong>T\u00edo Borrico<\/strong>. Fue por seguiriyas cuando consigui\u00f3 poner al p\u00fablico en pie, llev\u00f3 al l\u00edmite el Santiago y Santa Ana de <strong>Manuel Torre<\/strong>. Es un cantaor cabal, con hechuras y definido. Los tangos nos llevaron a su \u00e9poca con <strong>Parrilla de Jerez<\/strong>, a los tercios ligados que hicieron su ancestros.<\/p>\n<p>Antes de dar comienzo a la segunda parte, la junta directiva subi\u00f3 al escenario para homenajear a uno de los suyos, <strong>Marisa Gall\u00e9n<\/strong>, fallecida en el mes de diciembre de forma sorpresiva. Tras las emotivas palabras del presidente, <strong>Jos\u00e9 Manuel Rodr\u00edguez<\/strong>, sali\u00f3 al escenario su marido, <strong>Noli<\/strong>, para recibir la Insignia de Oro de la pe\u00f1a. Marisa era una madrile\u00f1a afincada en El Puerto de Santa Mar\u00eda, dedicada a la hosteler\u00eda, que por familia lleg\u00f3 a la entidad en 2010, entreg\u00e1ndose al cien por cien hasta su partida.<\/p>\n<p>Jos\u00e9 comenz\u00f3 la segunda mitad por taranto, siguiendo por sole\u00e1 con dedicatoria a la maestra <strong>Ana Mar\u00eda L\u00f3pez<\/strong>, all\u00ed presente. \u00abSolo bebo agua, me heredaron az\u00facar, en vez de una cuenta corriente\u00bb, brome\u00f3. A gusto, ton\u00e1 y martinete, y explosi\u00f3n posterior por buler\u00edas con el sello de su saga. Magistral y con toda la pe\u00f1a tocando las palmas por buler\u00edas al comp\u00e1s de los artistas. Ana Mar\u00eda le agradeci\u00f3 la dedicatoria con un sabroso baile por buler\u00edas para cerrar una noche emotiva, con buen ambiente a pesar de que Jerez rug\u00eda con el Gran Premio de Motociclismo. \u2666<\/p>\n<p>&nbsp;<\/p>\n<figure id=\"attachment_6769\" aria-describedby=\"caption-attachment-6769\" style=\"width: 1800px\" class=\"wp-caption aligncenter\"><a href=\"https:\/\/expoflamenco.com\/revista\/wp-content\/uploads\/sites\/46\/2026\/04\/Jose-Manuel-Rodriguez-presidente-de-la-Pena-imponiendo-la-Insignia-de-Oro-a-Noli-Martinez-marido-de-al-homenajeada-Marias-Gallen.webp\"><img decoding=\"async\" class=\"size-full wp-image-6769\" src=\"https:\/\/expoflamenco.com\/revista\/wp-content\/uploads\/sites\/46\/2026\/04\/Jose-Manuel-Rodriguez-presidente-de-la-Pena-imponiendo-la-Insignia-de-Oro-a-Noli-Martinez-marido-de-al-homenajeada-Marias-Gallen.webp\" alt=\"Jos\u00e9 Manuel Rodr\u00edguez, presidente de la Pe\u00f1a La Buler\u00eda, imponiendo la Insignia de Oro a Noli Mart\u00ednez, marido de la homenajeada Marisa Gall\u00e9n. Foto: Juan Garrido\" width=\"1800\" height=\"1229\" srcset=\"https:\/\/expoflamenco.com\/revista\/wp-content\/uploads\/sites\/46\/2026\/04\/Jose-Manuel-Rodriguez-presidente-de-la-Pena-imponiendo-la-Insignia-de-Oro-a-Noli-Martinez-marido-de-al-homenajeada-Marias-Gallen.webp 1800w, https:\/\/expoflamenco.com\/revista\/wp-content\/uploads\/sites\/46\/2026\/04\/Jose-Manuel-Rodriguez-presidente-de-la-Pena-imponiendo-la-Insignia-de-Oro-a-Noli-Martinez-marido-de-al-homenajeada-Marias-Gallen-300x205.webp 300w, https:\/\/expoflamenco.com\/revista\/wp-content\/uploads\/sites\/46\/2026\/04\/Jose-Manuel-Rodriguez-presidente-de-la-Pena-imponiendo-la-Insignia-de-Oro-a-Noli-Martinez-marido-de-al-homenajeada-Marias-Gallen-1024x699.webp 1024w, https:\/\/expoflamenco.com\/revista\/wp-content\/uploads\/sites\/46\/2026\/04\/Jose-Manuel-Rodriguez-presidente-de-la-Pena-imponiendo-la-Insignia-de-Oro-a-Noli-Martinez-marido-de-al-homenajeada-Marias-Gallen-768x524.webp 768w, https:\/\/expoflamenco.com\/revista\/wp-content\/uploads\/sites\/46\/2026\/04\/Jose-Manuel-Rodriguez-presidente-de-la-Pena-imponiendo-la-Insignia-de-Oro-a-Noli-Martinez-marido-de-al-homenajeada-Marias-Gallen-1536x1049.webp 1536w, https:\/\/expoflamenco.com\/revista\/wp-content\/uploads\/sites\/46\/2026\/04\/Jose-Manuel-Rodriguez-presidente-de-la-Pena-imponiendo-la-Insignia-de-Oro-a-Noli-Martinez-marido-de-al-homenajeada-Marias-Gallen-750x512.webp 750w, https:\/\/expoflamenco.com\/revista\/wp-content\/uploads\/sites\/46\/2026\/04\/Jose-Manuel-Rodriguez-presidente-de-la-Pena-imponiendo-la-Insignia-de-Oro-a-Noli-Martinez-marido-de-al-homenajeada-Marias-Gallen-1140x778.webp 1140w\" sizes=\"(max-width: 1800px) 100vw, 1800px\" \/><\/a><figcaption id=\"caption-attachment-6769\" class=\"wp-caption-text\">Jos\u00e9 Manuel Rodr\u00edguez, presidente de la Pe\u00f1a La Buler\u00eda, imponiendo la Insignia de Oro a Noli Mart\u00ednez, marido de la homenajeada Marisa Gall\u00e9n. Foto: Juan Garrido<\/figcaption><\/figure>\n<figure id=\"attachment_6770\" aria-describedby=\"caption-attachment-6770\" style=\"width: 1800px\" class=\"wp-caption aligncenter\"><a href=\"https:\/\/expoflamenco.com\/revista\/wp-content\/uploads\/sites\/46\/2026\/04\/Jose-Mendez-en-el-centro-con-su-tio-El-Chusco-y-la-maestra-Ana-Maria-Lopez.webp\"><img decoding=\"async\" class=\"size-full wp-image-6770\" src=\"https:\/\/expoflamenco.com\/revista\/wp-content\/uploads\/sites\/46\/2026\/04\/Jose-Mendez-en-el-centro-con-su-tio-El-Chusco-y-la-maestra-Ana-Maria-Lopez.webp\" alt=\"Jos\u00e9 M\u00e9ndez, en el centro, con su t\u00edo El Chusco y la maestra Ana Mar\u00eda L\u00f3pez. Pe\u00f1a Flamenca La Buler\u00eda, Jerez. Foto: Juan Garrido\" width=\"1800\" height=\"1350\" srcset=\"https:\/\/expoflamenco.com\/revista\/wp-content\/uploads\/sites\/46\/2026\/04\/Jose-Mendez-en-el-centro-con-su-tio-El-Chusco-y-la-maestra-Ana-Maria-Lopez.webp 1800w, https:\/\/expoflamenco.com\/revista\/wp-content\/uploads\/sites\/46\/2026\/04\/Jose-Mendez-en-el-centro-con-su-tio-El-Chusco-y-la-maestra-Ana-Maria-Lopez-300x225.webp 300w, https:\/\/expoflamenco.com\/revista\/wp-content\/uploads\/sites\/46\/2026\/04\/Jose-Mendez-en-el-centro-con-su-tio-El-Chusco-y-la-maestra-Ana-Maria-Lopez-1024x768.webp 1024w, https:\/\/expoflamenco.com\/revista\/wp-content\/uploads\/sites\/46\/2026\/04\/Jose-Mendez-en-el-centro-con-su-tio-El-Chusco-y-la-maestra-Ana-Maria-Lopez-768x576.webp 768w, https:\/\/expoflamenco.com\/revista\/wp-content\/uploads\/sites\/46\/2026\/04\/Jose-Mendez-en-el-centro-con-su-tio-El-Chusco-y-la-maestra-Ana-Maria-Lopez-1536x1152.webp 1536w, https:\/\/expoflamenco.com\/revista\/wp-content\/uploads\/sites\/46\/2026\/04\/Jose-Mendez-en-el-centro-con-su-tio-El-Chusco-y-la-maestra-Ana-Maria-Lopez-750x563.webp 750w, https:\/\/expoflamenco.com\/revista\/wp-content\/uploads\/sites\/46\/2026\/04\/Jose-Mendez-en-el-centro-con-su-tio-El-Chusco-y-la-maestra-Ana-Maria-Lopez-1140x855.webp 1140w\" sizes=\"(max-width: 1800px) 100vw, 1800px\" \/><\/a><figcaption id=\"caption-attachment-6770\" class=\"wp-caption-text\">Jos\u00e9 M\u00e9ndez, en el centro, con su t\u00edo El Chusco y la maestra Ana Mar\u00eda L\u00f3pez. Pe\u00f1a Flamenca La Buler\u00eda, Jerez. Foto: Juan Garrido<\/figcaption><\/figure>\n<figure id=\"attachment_6771\" aria-describedby=\"caption-attachment-6771\" style=\"width: 1800px\" class=\"wp-caption aligncenter\"><a href=\"https:\/\/expoflamenco.com\/revista\/wp-content\/uploads\/sites\/46\/2026\/04\/Amigos-en-la-Pena-La-Buleria-Jose-Manuel-Rodriguez-Tio-Morito-Javier-Villar-Diego-Mendez-y-Ramon-de-Mateo.webp\"><img loading=\"lazy\" decoding=\"async\" class=\"size-full wp-image-6771\" src=\"https:\/\/expoflamenco.com\/revista\/wp-content\/uploads\/sites\/46\/2026\/04\/Amigos-en-la-Pena-La-Buleria-Jose-Manuel-Rodriguez-Tio-Morito-Javier-Villar-Diego-Mendez-y-Ramon-de-Mateo.webp\" alt=\"Amigos en la Pe\u00f1a La Buler\u00eda: Jos\u00e9 Manuel Rodr\u00edguez, T\u00edo Morito, Javier Villar, Diego M\u00e9ndez y Ram\u00f3n de Mateo. Foto: Juan Garrido\" width=\"1800\" height=\"1350\" srcset=\"https:\/\/expoflamenco.com\/revista\/wp-content\/uploads\/sites\/46\/2026\/04\/Amigos-en-la-Pena-La-Buleria-Jose-Manuel-Rodriguez-Tio-Morito-Javier-Villar-Diego-Mendez-y-Ramon-de-Mateo.webp 1800w, https:\/\/expoflamenco.com\/revista\/wp-content\/uploads\/sites\/46\/2026\/04\/Amigos-en-la-Pena-La-Buleria-Jose-Manuel-Rodriguez-Tio-Morito-Javier-Villar-Diego-Mendez-y-Ramon-de-Mateo-300x225.webp 300w, https:\/\/expoflamenco.com\/revista\/wp-content\/uploads\/sites\/46\/2026\/04\/Amigos-en-la-Pena-La-Buleria-Jose-Manuel-Rodriguez-Tio-Morito-Javier-Villar-Diego-Mendez-y-Ramon-de-Mateo-1024x768.webp 1024w, https:\/\/expoflamenco.com\/revista\/wp-content\/uploads\/sites\/46\/2026\/04\/Amigos-en-la-Pena-La-Buleria-Jose-Manuel-Rodriguez-Tio-Morito-Javier-Villar-Diego-Mendez-y-Ramon-de-Mateo-768x576.webp 768w, https:\/\/expoflamenco.com\/revista\/wp-content\/uploads\/sites\/46\/2026\/04\/Amigos-en-la-Pena-La-Buleria-Jose-Manuel-Rodriguez-Tio-Morito-Javier-Villar-Diego-Mendez-y-Ramon-de-Mateo-1536x1152.webp 1536w, https:\/\/expoflamenco.com\/revista\/wp-content\/uploads\/sites\/46\/2026\/04\/Amigos-en-la-Pena-La-Buleria-Jose-Manuel-Rodriguez-Tio-Morito-Javier-Villar-Diego-Mendez-y-Ramon-de-Mateo-750x563.webp 750w, https:\/\/expoflamenco.com\/revista\/wp-content\/uploads\/sites\/46\/2026\/04\/Amigos-en-la-Pena-La-Buleria-Jose-Manuel-Rodriguez-Tio-Morito-Javier-Villar-Diego-Mendez-y-Ramon-de-Mateo-1140x855.webp 1140w\" sizes=\"(max-width: 1800px) 100vw, 1800px\" \/><\/a><figcaption id=\"caption-attachment-6771\" class=\"wp-caption-text\">Amigos en la Pe\u00f1a La Buler\u00eda: Jos\u00e9 Manuel Rodr\u00edguez, T\u00edo Morito, Javier Villar, Diego M\u00e9ndez y Ram\u00f3n de Mateo. Foto: Juan Garrido<\/figcaption><\/figure>\n<p>&nbsp;<\/p>\n","protected":false,"gt_translate_keys":[{"key":"rendered","format":"html"}]},"excerpt":{"rendered":"<p>DESDE DENTRO. El artista del Cerro Fuerte dise\u00f1\u00f3 un recital desde la entrega m\u00e1s contundente con la exquisita y destacada guitarra de Julio Romero.<\/p>\n","protected":false,"gt_translate_keys":[{"key":"rendered","format":"html"}]},"author":34,"featured_media":6767,"comment_status":"open","ping_status":"open","sticky":false,"template":"","format":"standard","meta":{"_acf_changed":false,"pmpro_default_level":"","jnews-multi-image_gallery":[],"jnews_single_post":{"format":"standard","override":[{"template":"3","parallax":"1","fullscreen":"1","layout":"right-sidebar-narrow","sidebar":"default-sidebar","second_sidebar":"default-sidebar","sticky_sidebar":"1","share_position":"top","share_float_style":"share-monocrhome","show_share_counter":"1","show_featured":"1","show_post_meta":"1","show_post_author":"1","show_post_author_image":"1","show_post_date":"1","post_date_format":"default","post_date_format_custom":"Y\/m\/d","show_post_reading_time":"1","post_reading_time_wpm":"250","post_calculate_word_method":"str_word_count","show_zoom_button":"1","zoom_button_out_step":"2","zoom_button_in_step":"3","show_popup_post":"1","show_comment_section":"1","number_popup_post":"1","show_author_box":"1","show_post_related":"1","show_inline_post_related":"1"}],"image_override":[{"single_post_thumbnail_size":"crop-500","single_post_gallery_size":"crop-500"}],"trending_post_position":"meta","trending_post_label":"Trending","sponsored_post_label":"Sponsored by","disable_ad":"0","subtitle":"DESDE DENTRO. El artista del Cerro Fuerte dise\u00f1\u00f3 un recital desde la entrega m\u00e1s contundente con la exquisita y destacada guitarra de Julio Romero."},"jnews_primary_category":{"id":"94"},"jnews_override_bookmark_settings":{"override_bookmark_button":"0","override_show_bookmark_button":"0"},"jnews_social_meta":[],"jnews_review":[],"enable_review":"","type":"percentage","name":"","summary":"","brand":"","sku":"","good":[],"bad":[],"score_override":"","override_value":"","rating":[],"price":[],"jnews_override_counter":{"view_counter_number":"0","share_counter_number":"0","like_counter_number":"0","dislike_counter_number":"0"},"footnotes":""},"categories":[339,38,94],"tags":[54,7444,1453],"class_list":["post-6766","post","type-post","status-publish","format-standard","has-post-thumbnail","hentry","category-desde-dentro","category-en-portada","category-firmas","tag-cantaor-flamenco","tag-jose-mendez","tag-pena-la-buleria-de-jerez","pmpro-has-access"],"acf":[],"aioseo_notices":[],"gt_translate_keys":[{"key":"link","format":"url"}],"_links":{"self":[{"href":"https:\/\/expoflamenco.com\/revista\/wp-json\/wp\/v2\/posts\/6766","targetHints":{"allow":["GET"]}}],"collection":[{"href":"https:\/\/expoflamenco.com\/revista\/wp-json\/wp\/v2\/posts"}],"about":[{"href":"https:\/\/expoflamenco.com\/revista\/wp-json\/wp\/v2\/types\/post"}],"author":[{"embeddable":true,"href":"https:\/\/expoflamenco.com\/revista\/wp-json\/wp\/v2\/users\/34"}],"replies":[{"embeddable":true,"href":"https:\/\/expoflamenco.com\/revista\/wp-json\/wp\/v2\/comments?post=6766"}],"version-history":[{"count":1,"href":"https:\/\/expoflamenco.com\/revista\/wp-json\/wp\/v2\/posts\/6766\/revisions"}],"predecessor-version":[{"id":6772,"href":"https:\/\/expoflamenco.com\/revista\/wp-json\/wp\/v2\/posts\/6766\/revisions\/6772"}],"wp:featuredmedia":[{"embeddable":true,"href":"https:\/\/expoflamenco.com\/revista\/wp-json\/wp\/v2\/media\/6767"}],"wp:attachment":[{"href":"https:\/\/expoflamenco.com\/revista\/wp-json\/wp\/v2\/media?parent=6766"}],"wp:term":[{"taxonomy":"category","embeddable":true,"href":"https:\/\/expoflamenco.com\/revista\/wp-json\/wp\/v2\/categories?post=6766"},{"taxonomy":"post_tag","embeddable":true,"href":"https:\/\/expoflamenco.com\/revista\/wp-json\/wp\/v2\/tags?post=6766"}],"curies":[{"name":"wp","href":"https:\/\/api.w.org\/{rel}","templated":true}]}}