{"id":6753,"date":"2026-04-26T15:42:50","date_gmt":"2026-04-26T13:42:50","guid":{"rendered":"https:\/\/expoflamenco.com\/revista\/?p=6753"},"modified":"2026-04-26T15:54:02","modified_gmt":"2026-04-26T13:54:02","slug":"naike-la-gineta-y-las-lagrimas-de-teresa-hernandez","status":"publish","type":"post","link":"https:\/\/expoflamenco.com\/revista\/naike-la-gineta-y-las-lagrimas-de-teresa-hernandez\/","title":{"rendered":"Naike, La Gineta\u2026 y las l\u00e1grimas de Teresa Hern\u00e1ndez","gt_translate_keys":[{"key":"rendered","format":"text"}]},"content":{"rendered":"<p>Hac\u00eda mucho que no ve\u00eda verter l\u00e1grimas sobre un escenario, en un espect\u00e1culo flamenco.<\/p>\n<p>Es cierto que un artista no tiene por qu\u00e9 hacerlo. Su emoci\u00f3n debe ser convincente, pero no es obligatorio que el dolor por la p\u00e9rdida de una madre en una seguiriya, por ejemplo, o la desolaci\u00f3n de un taranto, sean vividas en propia carne. Un cantaor debe ser, en este sentido, un actor solvente. Y sin embargo, a veces esa emoci\u00f3n se impone y se transmite. Viaja en ambas direcciones, circula del escenario al patio de butacas y vuelta, haci\u00e9ndonos part\u00edcipes de una verdad que quiz\u00e1 no es nuestra, pero que sentimos como tal. Erizando la piel, alterando nuestra respiraci\u00f3n, estimulando los lacrimales.<\/p>\n<p>Sucedi\u00f3 este viernes en C\u00e1diz, en un abarrotado <a href=\"https:\/\/www.cadizesflamenco.com\/\" target=\"_blank\" rel=\"noopener\">Centro de la Merced<\/a>. En el cartel, tres voces femeninas iban a compartir su arte en un montaje titulado <strong><em>Cante de mujer<\/em><\/strong>, acompa\u00f1adas por un par de m\u00fasicos tan solo. Una escenograf\u00eda sencilla a m\u00e1s no poder \u2013tel\u00f3n negro, una mesa con una botella de manzanilla\u2013 daba a entender que el foco caer\u00eda exclusivamente, como indicaba el t\u00edtulo, sobre las tres protagonistas.<\/p>\n<p>Empezaron turn\u00e1ndose en las canciones de cuna, de la nana de la <strong>Marelu<\/strong> a la del caballo grande de <strong>Camar\u00f3n<\/strong> y las de la cebolla de <strong>Miguel Hern\u00e1ndez<\/strong>, para seguir por tientos tangos con una gran <strong>Pilar La Gineta<\/strong> dominando los tiempos y dando muestras de una notable solidez interpretativa, que acompa\u00f1a con una figura imponente.<\/p>\n<p><strong>Naike Ponce<\/strong>, siempre carism\u00e1tica y llena de energ\u00eda, tom\u00f3 el testigo a continuaci\u00f3n en unas buler\u00edas de C\u00e1diz particularmente bullangueras, interpretadas de pie con su pata\u00edta incluida. Hasta que lleg\u00f3 el momento antes referido, el remanso en el que <strong>Teresa Hern\u00e1ndez<\/strong>, una joven y muy prometedora cantaora linense, conjur\u00f3 el misterio de la emoci\u00f3n \u2013eso que unos llaman duende, pellizco o de cualquier otro modo imaginativo\u2013 para que se obrara la magia.<\/p>\n<p>&nbsp;<\/p>\n<blockquote><p><em>\u00abLa despedida por buler\u00eda, todas en pie como muy pronto lo estar\u00eda el p\u00fablico, puso el broche a una propuesta que ven\u00eda envuelta en cierta ret\u00f3rica de emancipaci\u00f3n y empoderamiento femenino, lo que nos parece muy bien, pero que al final se defendi\u00f3 mucho mejor por la v\u00eda del buen hacer sin etiquetas, que a veces es el camino m\u00e1s corto al coraz\u00f3n\u00bb<\/em><\/p><\/blockquote>\n<p>&nbsp;<\/p>\n<figure id=\"attachment_6760\" aria-describedby=\"caption-attachment-6760\" style=\"width: 1552px\" class=\"wp-caption aligncenter\"><a href=\"https:\/\/expoflamenco.com\/revista\/wp-content\/uploads\/sites\/46\/2026\/04\/cante-de-mujer-4-naike-ponce-pilar-la-gineta-y-teresa-hernandez-en-centro-la-merced-cadiz-abr26-foto-antonio-barce.jpeg\"><img fetchpriority=\"high\" decoding=\"async\" class=\"size-full wp-image-6760\" src=\"https:\/\/expoflamenco.com\/revista\/wp-content\/uploads\/sites\/46\/2026\/04\/cante-de-mujer-4-naike-ponce-pilar-la-gineta-y-teresa-hernandez-en-centro-la-merced-cadiz-abr26-foto-antonio-barce.jpeg\" alt=\"'Cante de mujer', de Naike Ponce, Pilar La Gineta y Teresa Hern\u00e1ndez. Ciclo C\u00e1diz es Flamenco. Centro Flamenco La Merced, C\u00e1diz. 24 abril 2026. Foto: Antonio Barce\" width=\"1552\" height=\"1600\" srcset=\"https:\/\/expoflamenco.com\/revista\/wp-content\/uploads\/sites\/46\/2026\/04\/cante-de-mujer-4-naike-ponce-pilar-la-gineta-y-teresa-hernandez-en-centro-la-merced-cadiz-abr26-foto-antonio-barce.jpeg 1552w, https:\/\/expoflamenco.com\/revista\/wp-content\/uploads\/sites\/46\/2026\/04\/cante-de-mujer-4-naike-ponce-pilar-la-gineta-y-teresa-hernandez-en-centro-la-merced-cadiz-abr26-foto-antonio-barce-291x300.jpeg 291w, https:\/\/expoflamenco.com\/revista\/wp-content\/uploads\/sites\/46\/2026\/04\/cante-de-mujer-4-naike-ponce-pilar-la-gineta-y-teresa-hernandez-en-centro-la-merced-cadiz-abr26-foto-antonio-barce-993x1024.jpeg 993w, https:\/\/expoflamenco.com\/revista\/wp-content\/uploads\/sites\/46\/2026\/04\/cante-de-mujer-4-naike-ponce-pilar-la-gineta-y-teresa-hernandez-en-centro-la-merced-cadiz-abr26-foto-antonio-barce-768x792.jpeg 768w, https:\/\/expoflamenco.com\/revista\/wp-content\/uploads\/sites\/46\/2026\/04\/cante-de-mujer-4-naike-ponce-pilar-la-gineta-y-teresa-hernandez-en-centro-la-merced-cadiz-abr26-foto-antonio-barce-1490x1536.jpeg 1490w, https:\/\/expoflamenco.com\/revista\/wp-content\/uploads\/sites\/46\/2026\/04\/cante-de-mujer-4-naike-ponce-pilar-la-gineta-y-teresa-hernandez-en-centro-la-merced-cadiz-abr26-foto-antonio-barce-750x773.jpeg 750w, https:\/\/expoflamenco.com\/revista\/wp-content\/uploads\/sites\/46\/2026\/04\/cante-de-mujer-4-naike-ponce-pilar-la-gineta-y-teresa-hernandez-en-centro-la-merced-cadiz-abr26-foto-antonio-barce-1140x1175.jpeg 1140w\" sizes=\"(max-width: 1552px) 100vw, 1552px\" \/><\/a><figcaption id=\"caption-attachment-6760\" class=\"wp-caption-text\">&#8216;Cante de mujer&#8217;, de Naike Ponce, Pilar La Gineta y Teresa Hern\u00e1ndez. Ciclo C\u00e1diz es Flamenco. Centro Flamenco La Merced, C\u00e1diz. 24 abril 2026. Foto: Antonio Barce<\/figcaption><\/figure>\n<p>&nbsp;<\/p>\n<p>Tom\u00f3 Hern\u00e1ndez la guitarra, con la que tambi\u00e9n se maneja estupendamente, para empezar a tocar por petenera, dibujando con su garganta hermosos melismas, para terminar por farruca con una dulzura y una delicadeza extraordinarias. Entonces afloraron las l\u00e1grimas, en el rostro de Teresa y en los de muchos de los presentes. <strong>Lentas, silenciosas, sin estridencias. Se hizo un instante antes del aplauso un\u00e1nime y atronador.<\/strong><\/p>\n<p>Hace tiempo, una compa\u00f1era de la prensa me advirti\u00f3 del potencial de esta gaditana afincada en Madrid, y ya hab\u00eda tenido ocasi\u00f3n de disfrutar varias veces de su buen hacer. Pero en La Merced me acab\u00e9 de convencer de que es una personalidad llamada a hacer grandes cosas en el flamenco. Verla acompa\u00f1ada de dos veteranas, nutri\u00e9ndose de ellas y espole\u00e1ndolas a la vez, fue un disfrute a\u00f1adido.<\/p>\n<p>El espect\u00e1culo continu\u00f3 con una intro de percusi\u00f3n de <strong>David Gavira<\/strong> conjugando mano y escobilla, que marc\u00f3 un comp\u00e1s de aire jazzero para acometer la tanda de romances: el del <em>Conde Sol<\/em> (\u00bfde d\u00f3nde le sali\u00f3 ese vozarr\u00f3n a Teresa?), el de la <em>Cristiana cautiva<\/em> (magn\u00edfica La Gineta, creci\u00e9ndose en enjundia por momentos), el <em>preg\u00f3n de caramelos<\/em> de Naike Ponce, que sabe muy bien c\u00f3mo levantar los \u00e1nimos del respetable, y el <em>preg\u00f3n de la monja<\/em> como remate, una vez m\u00e1s a cargo de Teresa Hern\u00e1ndez.<\/p>\n<p><strong>Una horita justa hab\u00eda bastado para hacer un \u00f3ptimo recorrido por cantes de corte tradicional, desde una apreciable variedad de registros y est\u00e9ticas, pero armonizadas en el resultado final.<\/strong> La despedida por buler\u00eda, todas en pie como muy pronto lo estar\u00eda el p\u00fablico, puso el broche a una propuesta que ven\u00eda envuelta en cierta ret\u00f3rica de emancipaci\u00f3n y empoderamiento femenino, lo cual nos parece muy bien, pero que al final se defendi\u00f3 mucho mejor por la v\u00eda del buen hacer sin etiquetas, que a veces es el camino m\u00e1s corto al coraz\u00f3n.<\/p>\n<p>&nbsp;<\/p>\n<p><strong>Ficha art\u00edstica<\/strong><br \/>\n<em>Cante de mujer<\/em>, de Naike Ponce, Pilar La Gineta y Teresa Hern\u00e1ndez<br \/>\nCiclo C\u00e1diz es Flamenco<br \/>\nCentro Flamenco La Merced de C\u00e1diz<br \/>\n24 de abril de 2026<br \/>\nCante: Naike Ponce, Pilar La Gineta y Teresa Hern\u00e1ndez<br \/>\nGuitarra: Daniel Bommatti<br \/>\nPercusi\u00f3n: David Gavira<\/p>\n<p>&nbsp;<\/p>\n<figure id=\"attachment_6762\" aria-describedby=\"caption-attachment-6762\" style=\"width: 1557px\" class=\"wp-caption aligncenter\"><a href=\"https:\/\/expoflamenco.com\/revista\/wp-content\/uploads\/sites\/46\/2026\/04\/cante-de-mujer-2-naike-ponce-pilar-la-gineta-y-teresa-hernandez-en-centro-la-merced-cadiz-abr26-foto-antonio-barce.jpeg\"><img decoding=\"async\" class=\"size-full wp-image-6762\" src=\"https:\/\/expoflamenco.com\/revista\/wp-content\/uploads\/sites\/46\/2026\/04\/cante-de-mujer-2-naike-ponce-pilar-la-gineta-y-teresa-hernandez-en-centro-la-merced-cadiz-abr26-foto-antonio-barce.jpeg\" alt=\"'Cante de mujer', de Naike Ponce, Pilar La Gineta y Teresa Hern\u00e1ndez. Ciclo C\u00e1diz es Flamenco. Centro Flamenco La Merced, C\u00e1diz. 24 abril 2026. Foto: Antonio Barce\" width=\"1557\" height=\"1600\" srcset=\"https:\/\/expoflamenco.com\/revista\/wp-content\/uploads\/sites\/46\/2026\/04\/cante-de-mujer-2-naike-ponce-pilar-la-gineta-y-teresa-hernandez-en-centro-la-merced-cadiz-abr26-foto-antonio-barce.jpeg 1557w, https:\/\/expoflamenco.com\/revista\/wp-content\/uploads\/sites\/46\/2026\/04\/cante-de-mujer-2-naike-ponce-pilar-la-gineta-y-teresa-hernandez-en-centro-la-merced-cadiz-abr26-foto-antonio-barce-292x300.jpeg 292w, https:\/\/expoflamenco.com\/revista\/wp-content\/uploads\/sites\/46\/2026\/04\/cante-de-mujer-2-naike-ponce-pilar-la-gineta-y-teresa-hernandez-en-centro-la-merced-cadiz-abr26-foto-antonio-barce-996x1024.jpeg 996w, https:\/\/expoflamenco.com\/revista\/wp-content\/uploads\/sites\/46\/2026\/04\/cante-de-mujer-2-naike-ponce-pilar-la-gineta-y-teresa-hernandez-en-centro-la-merced-cadiz-abr26-foto-antonio-barce-768x789.jpeg 768w, https:\/\/expoflamenco.com\/revista\/wp-content\/uploads\/sites\/46\/2026\/04\/cante-de-mujer-2-naike-ponce-pilar-la-gineta-y-teresa-hernandez-en-centro-la-merced-cadiz-abr26-foto-antonio-barce-1495x1536.jpeg 1495w, https:\/\/expoflamenco.com\/revista\/wp-content\/uploads\/sites\/46\/2026\/04\/cante-de-mujer-2-naike-ponce-pilar-la-gineta-y-teresa-hernandez-en-centro-la-merced-cadiz-abr26-foto-antonio-barce-750x771.jpeg 750w, https:\/\/expoflamenco.com\/revista\/wp-content\/uploads\/sites\/46\/2026\/04\/cante-de-mujer-2-naike-ponce-pilar-la-gineta-y-teresa-hernandez-en-centro-la-merced-cadiz-abr26-foto-antonio-barce-1140x1171.jpeg 1140w\" sizes=\"(max-width: 1557px) 100vw, 1557px\" \/><\/a><figcaption id=\"caption-attachment-6762\" class=\"wp-caption-text\">&#8216;Cante de mujer&#8217;, de Naike Ponce, Pilar La Gineta y Teresa Hern\u00e1ndez. Ciclo C\u00e1diz es Flamenco. Centro Flamenco La Merced, C\u00e1diz. 24 abril 2026. Foto: Antonio Barce<\/figcaption><\/figure>\n<figure id=\"attachment_6758\" aria-describedby=\"caption-attachment-6758\" style=\"width: 1202px\" class=\"wp-caption aligncenter\"><a href=\"https:\/\/expoflamenco.com\/revista\/wp-content\/uploads\/sites\/46\/2026\/04\/cante-de-mujer-7-naike-ponce-pilar-la-gineta-y-teresa-hernandez-en-centro-la-merced-cadiz-abr26-foto-antonio-barce.jpeg\"><img decoding=\"async\" class=\"size-full wp-image-6758\" src=\"https:\/\/expoflamenco.com\/revista\/wp-content\/uploads\/sites\/46\/2026\/04\/cante-de-mujer-7-naike-ponce-pilar-la-gineta-y-teresa-hernandez-en-centro-la-merced-cadiz-abr26-foto-antonio-barce.jpeg\" alt=\"'Cante de mujer', de Naike Ponce, Pilar La Gineta y Teresa Hern\u00e1ndez. Ciclo C\u00e1diz es Flamenco. Centro Flamenco La Merced, C\u00e1diz. 24 abril 2026. Foto: Antonio Barce\" width=\"1202\" height=\"1600\" srcset=\"https:\/\/expoflamenco.com\/revista\/wp-content\/uploads\/sites\/46\/2026\/04\/cante-de-mujer-7-naike-ponce-pilar-la-gineta-y-teresa-hernandez-en-centro-la-merced-cadiz-abr26-foto-antonio-barce.jpeg 1202w, https:\/\/expoflamenco.com\/revista\/wp-content\/uploads\/sites\/46\/2026\/04\/cante-de-mujer-7-naike-ponce-pilar-la-gineta-y-teresa-hernandez-en-centro-la-merced-cadiz-abr26-foto-antonio-barce-225x300.jpeg 225w, https:\/\/expoflamenco.com\/revista\/wp-content\/uploads\/sites\/46\/2026\/04\/cante-de-mujer-7-naike-ponce-pilar-la-gineta-y-teresa-hernandez-en-centro-la-merced-cadiz-abr26-foto-antonio-barce-769x1024.jpeg 769w, https:\/\/expoflamenco.com\/revista\/wp-content\/uploads\/sites\/46\/2026\/04\/cante-de-mujer-7-naike-ponce-pilar-la-gineta-y-teresa-hernandez-en-centro-la-merced-cadiz-abr26-foto-antonio-barce-768x1022.jpeg 768w, https:\/\/expoflamenco.com\/revista\/wp-content\/uploads\/sites\/46\/2026\/04\/cante-de-mujer-7-naike-ponce-pilar-la-gineta-y-teresa-hernandez-en-centro-la-merced-cadiz-abr26-foto-antonio-barce-1154x1536.jpeg 1154w, https:\/\/expoflamenco.com\/revista\/wp-content\/uploads\/sites\/46\/2026\/04\/cante-de-mujer-7-naike-ponce-pilar-la-gineta-y-teresa-hernandez-en-centro-la-merced-cadiz-abr26-foto-antonio-barce-750x998.jpeg 750w, https:\/\/expoflamenco.com\/revista\/wp-content\/uploads\/sites\/46\/2026\/04\/cante-de-mujer-7-naike-ponce-pilar-la-gineta-y-teresa-hernandez-en-centro-la-merced-cadiz-abr26-foto-antonio-barce-1140x1517.jpeg 1140w\" sizes=\"(max-width: 1202px) 100vw, 1202px\" \/><\/a><figcaption id=\"caption-attachment-6758\" class=\"wp-caption-text\">&#8216;Cante de mujer&#8217;, de Naike Ponce, Pilar La Gineta y Teresa Hern\u00e1ndez. Ciclo C\u00e1diz es Flamenco. Centro Flamenco La Merced, C\u00e1diz. 24 abril 2026. Foto: Antonio Barce<\/figcaption><\/figure>\n<figure id=\"attachment_6761\" aria-describedby=\"caption-attachment-6761\" style=\"width: 1600px\" class=\"wp-caption aligncenter\"><a href=\"https:\/\/expoflamenco.com\/revista\/wp-content\/uploads\/sites\/46\/2026\/04\/cante-de-mujer-3-naike-ponce-pilar-la-gineta-y-teresa-hernandez-en-centro-la-merced-cadiz-abr26-foto-antonio-barce.jpeg\"><img loading=\"lazy\" decoding=\"async\" class=\"size-full wp-image-6761\" src=\"https:\/\/expoflamenco.com\/revista\/wp-content\/uploads\/sites\/46\/2026\/04\/cante-de-mujer-3-naike-ponce-pilar-la-gineta-y-teresa-hernandez-en-centro-la-merced-cadiz-abr26-foto-antonio-barce.jpeg\" alt=\"Daniel Bommatti. 'Cante de mujer', de Naike Ponce, Pilar La Gineta y Teresa Hern\u00e1ndez. Ciclo C\u00e1diz es Flamenco. Centro Flamenco La Merced, C\u00e1diz. 24 abril 2026. Foto: Antonio Barce\" width=\"1600\" height=\"1254\" srcset=\"https:\/\/expoflamenco.com\/revista\/wp-content\/uploads\/sites\/46\/2026\/04\/cante-de-mujer-3-naike-ponce-pilar-la-gineta-y-teresa-hernandez-en-centro-la-merced-cadiz-abr26-foto-antonio-barce.jpeg 1600w, https:\/\/expoflamenco.com\/revista\/wp-content\/uploads\/sites\/46\/2026\/04\/cante-de-mujer-3-naike-ponce-pilar-la-gineta-y-teresa-hernandez-en-centro-la-merced-cadiz-abr26-foto-antonio-barce-300x235.jpeg 300w, https:\/\/expoflamenco.com\/revista\/wp-content\/uploads\/sites\/46\/2026\/04\/cante-de-mujer-3-naike-ponce-pilar-la-gineta-y-teresa-hernandez-en-centro-la-merced-cadiz-abr26-foto-antonio-barce-1024x803.jpeg 1024w, https:\/\/expoflamenco.com\/revista\/wp-content\/uploads\/sites\/46\/2026\/04\/cante-de-mujer-3-naike-ponce-pilar-la-gineta-y-teresa-hernandez-en-centro-la-merced-cadiz-abr26-foto-antonio-barce-768x602.jpeg 768w, https:\/\/expoflamenco.com\/revista\/wp-content\/uploads\/sites\/46\/2026\/04\/cante-de-mujer-3-naike-ponce-pilar-la-gineta-y-teresa-hernandez-en-centro-la-merced-cadiz-abr26-foto-antonio-barce-1536x1204.jpeg 1536w, https:\/\/expoflamenco.com\/revista\/wp-content\/uploads\/sites\/46\/2026\/04\/cante-de-mujer-3-naike-ponce-pilar-la-gineta-y-teresa-hernandez-en-centro-la-merced-cadiz-abr26-foto-antonio-barce-750x588.jpeg 750w, https:\/\/expoflamenco.com\/revista\/wp-content\/uploads\/sites\/46\/2026\/04\/cante-de-mujer-3-naike-ponce-pilar-la-gineta-y-teresa-hernandez-en-centro-la-merced-cadiz-abr26-foto-antonio-barce-1140x893.jpeg 1140w\" sizes=\"(max-width: 1600px) 100vw, 1600px\" \/><\/a><figcaption id=\"caption-attachment-6761\" class=\"wp-caption-text\">Daniel Bommatti. &#8216;Cante de mujer&#8217;, de Naike Ponce, Pilar La Gineta y Teresa Hern\u00e1ndez. Ciclo C\u00e1diz es Flamenco. Centro Flamenco La Merced, C\u00e1diz. 24 abril 2026. Foto: Antonio Barce<\/figcaption><\/figure>\n<figure id=\"attachment_6759\" aria-describedby=\"caption-attachment-6759\" style=\"width: 1485px\" class=\"wp-caption aligncenter\"><a href=\"https:\/\/expoflamenco.com\/revista\/wp-content\/uploads\/sites\/46\/2026\/04\/cante-de-mujer-5-naike-ponce-pilar-la-gineta-y-teresa-hernandez-en-centro-la-merced-cadiz-abr26-foto-antonio-barce.jpeg\"><img loading=\"lazy\" decoding=\"async\" class=\"size-full wp-image-6759\" src=\"https:\/\/expoflamenco.com\/revista\/wp-content\/uploads\/sites\/46\/2026\/04\/cante-de-mujer-5-naike-ponce-pilar-la-gineta-y-teresa-hernandez-en-centro-la-merced-cadiz-abr26-foto-antonio-barce.jpeg\" alt=\"'Cante de mujer', de Naike Ponce, Pilar La Gineta y Teresa Hern\u00e1ndez. Ciclo C\u00e1diz es Flamenco. Centro Flamenco La Merced, C\u00e1diz. 24 abril 2026. Foto: Antonio Barce\" width=\"1485\" height=\"1600\" srcset=\"https:\/\/expoflamenco.com\/revista\/wp-content\/uploads\/sites\/46\/2026\/04\/cante-de-mujer-5-naike-ponce-pilar-la-gineta-y-teresa-hernandez-en-centro-la-merced-cadiz-abr26-foto-antonio-barce.jpeg 1485w, https:\/\/expoflamenco.com\/revista\/wp-content\/uploads\/sites\/46\/2026\/04\/cante-de-mujer-5-naike-ponce-pilar-la-gineta-y-teresa-hernandez-en-centro-la-merced-cadiz-abr26-foto-antonio-barce-278x300.jpeg 278w, https:\/\/expoflamenco.com\/revista\/wp-content\/uploads\/sites\/46\/2026\/04\/cante-de-mujer-5-naike-ponce-pilar-la-gineta-y-teresa-hernandez-en-centro-la-merced-cadiz-abr26-foto-antonio-barce-950x1024.jpeg 950w, https:\/\/expoflamenco.com\/revista\/wp-content\/uploads\/sites\/46\/2026\/04\/cante-de-mujer-5-naike-ponce-pilar-la-gineta-y-teresa-hernandez-en-centro-la-merced-cadiz-abr26-foto-antonio-barce-768x827.jpeg 768w, https:\/\/expoflamenco.com\/revista\/wp-content\/uploads\/sites\/46\/2026\/04\/cante-de-mujer-5-naike-ponce-pilar-la-gineta-y-teresa-hernandez-en-centro-la-merced-cadiz-abr26-foto-antonio-barce-1426x1536.jpeg 1426w, https:\/\/expoflamenco.com\/revista\/wp-content\/uploads\/sites\/46\/2026\/04\/cante-de-mujer-5-naike-ponce-pilar-la-gineta-y-teresa-hernandez-en-centro-la-merced-cadiz-abr26-foto-antonio-barce-750x808.jpeg 750w, https:\/\/expoflamenco.com\/revista\/wp-content\/uploads\/sites\/46\/2026\/04\/cante-de-mujer-5-naike-ponce-pilar-la-gineta-y-teresa-hernandez-en-centro-la-merced-cadiz-abr26-foto-antonio-barce-1140x1228.jpeg 1140w\" sizes=\"(max-width: 1485px) 100vw, 1485px\" \/><\/a><figcaption id=\"caption-attachment-6759\" class=\"wp-caption-text\">&#8216;Cante de mujer&#8217;, de Naike Ponce, Pilar La Gineta y Teresa Hern\u00e1ndez. Ciclo C\u00e1diz es Flamenco. Centro Flamenco La Merced, C\u00e1diz. 24 abril 2026. Foto: Antonio Barce<\/figcaption><\/figure>\n<figure id=\"attachment_6756\" aria-describedby=\"caption-attachment-6756\" style=\"width: 1600px\" class=\"wp-caption aligncenter\"><a href=\"https:\/\/expoflamenco.com\/revista\/wp-content\/uploads\/sites\/46\/2026\/04\/cante-de-mujer-8-naike-ponce-pilar-la-gineta-y-teresa-hernandez-en-centro-la-merced-cadiz-abr26-foto-antonio-barce.jpeg\"><img loading=\"lazy\" decoding=\"async\" class=\"size-full wp-image-6756\" src=\"https:\/\/expoflamenco.com\/revista\/wp-content\/uploads\/sites\/46\/2026\/04\/cante-de-mujer-8-naike-ponce-pilar-la-gineta-y-teresa-hernandez-en-centro-la-merced-cadiz-abr26-foto-antonio-barce.jpeg\" alt=\"'Cante de mujer', de Naike Ponce, Pilar La Gineta y Teresa Hern\u00e1ndez. Ciclo C\u00e1diz es Flamenco. Centro Flamenco La Merced, C\u00e1diz. 24 abril 2026. Foto: Antonio Barce\" width=\"1600\" height=\"1542\" srcset=\"https:\/\/expoflamenco.com\/revista\/wp-content\/uploads\/sites\/46\/2026\/04\/cante-de-mujer-8-naike-ponce-pilar-la-gineta-y-teresa-hernandez-en-centro-la-merced-cadiz-abr26-foto-antonio-barce.jpeg 1600w, https:\/\/expoflamenco.com\/revista\/wp-content\/uploads\/sites\/46\/2026\/04\/cante-de-mujer-8-naike-ponce-pilar-la-gineta-y-teresa-hernandez-en-centro-la-merced-cadiz-abr26-foto-antonio-barce-300x289.jpeg 300w, https:\/\/expoflamenco.com\/revista\/wp-content\/uploads\/sites\/46\/2026\/04\/cante-de-mujer-8-naike-ponce-pilar-la-gineta-y-teresa-hernandez-en-centro-la-merced-cadiz-abr26-foto-antonio-barce-1024x987.jpeg 1024w, https:\/\/expoflamenco.com\/revista\/wp-content\/uploads\/sites\/46\/2026\/04\/cante-de-mujer-8-naike-ponce-pilar-la-gineta-y-teresa-hernandez-en-centro-la-merced-cadiz-abr26-foto-antonio-barce-768x740.jpeg 768w, https:\/\/expoflamenco.com\/revista\/wp-content\/uploads\/sites\/46\/2026\/04\/cante-de-mujer-8-naike-ponce-pilar-la-gineta-y-teresa-hernandez-en-centro-la-merced-cadiz-abr26-foto-antonio-barce-1536x1480.jpeg 1536w, https:\/\/expoflamenco.com\/revista\/wp-content\/uploads\/sites\/46\/2026\/04\/cante-de-mujer-8-naike-ponce-pilar-la-gineta-y-teresa-hernandez-en-centro-la-merced-cadiz-abr26-foto-antonio-barce-750x723.jpeg 750w, https:\/\/expoflamenco.com\/revista\/wp-content\/uploads\/sites\/46\/2026\/04\/cante-de-mujer-8-naike-ponce-pilar-la-gineta-y-teresa-hernandez-en-centro-la-merced-cadiz-abr26-foto-antonio-barce-1140x1099.jpeg 1140w\" sizes=\"(max-width: 1600px) 100vw, 1600px\" \/><\/a><figcaption id=\"caption-attachment-6756\" class=\"wp-caption-text\">&#8216;Cante de mujer&#8217;, de Naike Ponce, Pilar La Gineta y Teresa Hern\u00e1ndez. Ciclo C\u00e1diz es Flamenco. Centro Flamenco La Merced, C\u00e1diz. 24 abril 2026. Foto: Antonio Barce<\/figcaption><\/figure>\n<figure id=\"attachment_6757\" aria-describedby=\"caption-attachment-6757\" style=\"width: 1545px\" class=\"wp-caption aligncenter\"><a href=\"https:\/\/expoflamenco.com\/revista\/wp-content\/uploads\/sites\/46\/2026\/04\/cante-de-mujer-6-naike-ponce-pilar-la-gineta-y-teresa-hernandez-en-centro-la-merced-cadiz-abr26-foto-antonio-barce.jpeg\"><img loading=\"lazy\" decoding=\"async\" class=\"size-full wp-image-6757\" src=\"https:\/\/expoflamenco.com\/revista\/wp-content\/uploads\/sites\/46\/2026\/04\/cante-de-mujer-6-naike-ponce-pilar-la-gineta-y-teresa-hernandez-en-centro-la-merced-cadiz-abr26-foto-antonio-barce.jpeg\" alt=\"Daniel Bommatti. 'Cante de mujer', de Naike Ponce, Pilar La Gineta y Teresa Hern\u00e1ndez. Ciclo C\u00e1diz es Flamenco. Centro Flamenco La Merced, C\u00e1diz. 24 abril 2026. Foto: Antonio Barce\" width=\"1545\" height=\"1600\" srcset=\"https:\/\/expoflamenco.com\/revista\/wp-content\/uploads\/sites\/46\/2026\/04\/cante-de-mujer-6-naike-ponce-pilar-la-gineta-y-teresa-hernandez-en-centro-la-merced-cadiz-abr26-foto-antonio-barce.jpeg 1545w, https:\/\/expoflamenco.com\/revista\/wp-content\/uploads\/sites\/46\/2026\/04\/cante-de-mujer-6-naike-ponce-pilar-la-gineta-y-teresa-hernandez-en-centro-la-merced-cadiz-abr26-foto-antonio-barce-290x300.jpeg 290w, https:\/\/expoflamenco.com\/revista\/wp-content\/uploads\/sites\/46\/2026\/04\/cante-de-mujer-6-naike-ponce-pilar-la-gineta-y-teresa-hernandez-en-centro-la-merced-cadiz-abr26-foto-antonio-barce-989x1024.jpeg 989w, https:\/\/expoflamenco.com\/revista\/wp-content\/uploads\/sites\/46\/2026\/04\/cante-de-mujer-6-naike-ponce-pilar-la-gineta-y-teresa-hernandez-en-centro-la-merced-cadiz-abr26-foto-antonio-barce-768x795.jpeg 768w, https:\/\/expoflamenco.com\/revista\/wp-content\/uploads\/sites\/46\/2026\/04\/cante-de-mujer-6-naike-ponce-pilar-la-gineta-y-teresa-hernandez-en-centro-la-merced-cadiz-abr26-foto-antonio-barce-1483x1536.jpeg 1483w, https:\/\/expoflamenco.com\/revista\/wp-content\/uploads\/sites\/46\/2026\/04\/cante-de-mujer-6-naike-ponce-pilar-la-gineta-y-teresa-hernandez-en-centro-la-merced-cadiz-abr26-foto-antonio-barce-750x777.jpeg 750w, https:\/\/expoflamenco.com\/revista\/wp-content\/uploads\/sites\/46\/2026\/04\/cante-de-mujer-6-naike-ponce-pilar-la-gineta-y-teresa-hernandez-en-centro-la-merced-cadiz-abr26-foto-antonio-barce-1140x1181.jpeg 1140w\" sizes=\"(max-width: 1545px) 100vw, 1545px\" \/><\/a><figcaption id=\"caption-attachment-6757\" class=\"wp-caption-text\">Daniel Bommatti. &#8216;Cante de mujer&#8217;, de Naike Ponce, Pilar La Gineta y Teresa Hern\u00e1ndez. Ciclo C\u00e1diz es Flamenco. Centro Flamenco La Merced, C\u00e1diz. 24 abril 2026. Foto: Antonio Barce<\/figcaption><\/figure>\n<figure id=\"attachment_6755\" aria-describedby=\"caption-attachment-6755\" style=\"width: 1600px\" class=\"wp-caption aligncenter\"><a href=\"https:\/\/expoflamenco.com\/revista\/wp-content\/uploads\/sites\/46\/2026\/04\/cante-de-mujer-9-naike-ponce-pilar-la-gineta-y-teresa-hernandez-en-centro-la-merced-cadiz-abr26-foto-antonio-barce.jpeg\"><img loading=\"lazy\" decoding=\"async\" class=\"wp-image-6755 size-full\" src=\"https:\/\/expoflamenco.com\/revista\/wp-content\/uploads\/sites\/46\/2026\/04\/cante-de-mujer-9-naike-ponce-pilar-la-gineta-y-teresa-hernandez-en-centro-la-merced-cadiz-abr26-foto-antonio-barce.jpeg\" alt=\"'Cante de mujer', de Naike Ponce, Pilar La Gineta y Teresa Hern\u00e1ndez. Ciclo C\u00e1diz es Flamenco. Centro Flamenco La Merced, C\u00e1diz. 24 abril 2026. Foto: Antonio Barce\" width=\"1600\" height=\"996\" srcset=\"https:\/\/expoflamenco.com\/revista\/wp-content\/uploads\/sites\/46\/2026\/04\/cante-de-mujer-9-naike-ponce-pilar-la-gineta-y-teresa-hernandez-en-centro-la-merced-cadiz-abr26-foto-antonio-barce.jpeg 1600w, https:\/\/expoflamenco.com\/revista\/wp-content\/uploads\/sites\/46\/2026\/04\/cante-de-mujer-9-naike-ponce-pilar-la-gineta-y-teresa-hernandez-en-centro-la-merced-cadiz-abr26-foto-antonio-barce-300x187.jpeg 300w, https:\/\/expoflamenco.com\/revista\/wp-content\/uploads\/sites\/46\/2026\/04\/cante-de-mujer-9-naike-ponce-pilar-la-gineta-y-teresa-hernandez-en-centro-la-merced-cadiz-abr26-foto-antonio-barce-1024x637.jpeg 1024w, https:\/\/expoflamenco.com\/revista\/wp-content\/uploads\/sites\/46\/2026\/04\/cante-de-mujer-9-naike-ponce-pilar-la-gineta-y-teresa-hernandez-en-centro-la-merced-cadiz-abr26-foto-antonio-barce-768x478.jpeg 768w, https:\/\/expoflamenco.com\/revista\/wp-content\/uploads\/sites\/46\/2026\/04\/cante-de-mujer-9-naike-ponce-pilar-la-gineta-y-teresa-hernandez-en-centro-la-merced-cadiz-abr26-foto-antonio-barce-1536x956.jpeg 1536w, https:\/\/expoflamenco.com\/revista\/wp-content\/uploads\/sites\/46\/2026\/04\/cante-de-mujer-9-naike-ponce-pilar-la-gineta-y-teresa-hernandez-en-centro-la-merced-cadiz-abr26-foto-antonio-barce-750x467.jpeg 750w, https:\/\/expoflamenco.com\/revista\/wp-content\/uploads\/sites\/46\/2026\/04\/cante-de-mujer-9-naike-ponce-pilar-la-gineta-y-teresa-hernandez-en-centro-la-merced-cadiz-abr26-foto-antonio-barce-1140x710.jpeg 1140w\" sizes=\"(max-width: 1600px) 100vw, 1600px\" \/><\/a><figcaption id=\"caption-attachment-6755\" class=\"wp-caption-text\">&#8216;Cante de mujer&#8217;, de Naike Ponce, Pilar La Gineta y Teresa Hern\u00e1ndez. Ciclo C\u00e1diz es Flamenco. Centro Flamenco La Merced, C\u00e1diz. 24 abril 2026. Foto: Antonio Barce<\/figcaption><\/figure>\n<p>&nbsp;<\/p>\n","protected":false,"gt_translate_keys":[{"key":"rendered","format":"html"}]},"excerpt":{"rendered":"<p>Las tres voces defienden en el Centro La Merced de C\u00e1diz el espect\u00e1culo \u2018Cante de mujer\u2019, una propuesta sencilla pero que llega al coraz\u00f3n gracias al buen hacer de sus protagonistas.<\/p>\n","protected":false,"gt_translate_keys":[{"key":"rendered","format":"html"}]},"author":13,"featured_media":6754,"comment_status":"open","ping_status":"open","sticky":false,"template":"","format":"standard","meta":{"_acf_changed":false,"pmpro_default_level":"","jnews-multi-image_gallery":[],"jnews_single_post":{"format":"standard","override":[{"template":"3","parallax":"1","fullscreen":"1","layout":"right-sidebar-narrow","sidebar":"default-sidebar","second_sidebar":"default-sidebar","sticky_sidebar":"1","share_position":"top","share_float_style":"share-monocrhome","show_share_counter":"1","show_featured":"1","show_post_meta":"1","show_post_author":"1","show_post_author_image":"1","show_post_date":"1","post_date_format":"default","post_date_format_custom":"Y\/m\/d","show_post_reading_time":"1","post_reading_time_wpm":"250","post_calculate_word_method":"str_word_count","show_zoom_button":"1","zoom_button_out_step":"2","zoom_button_in_step":"3","show_popup_post":"1","show_comment_section":"1","number_popup_post":"1","show_author_box":"1","show_post_related":"1","show_inline_post_related":"1"}],"image_override":[{"single_post_thumbnail_size":"crop-500","single_post_gallery_size":"crop-500"}],"trending_post_position":"meta","trending_post_label":"Trending","sponsored_post_label":"Sponsored by","disable_ad":"0","subtitle":"Las tres voces defienden en el Centro La Merced de C\u00e1diz el espect\u00e1culo \u2018Cante de mujer\u2019, una propuesta sencilla pero que llega al coraz\u00f3n gracias al buen hacer de sus protagonistas."},"jnews_primary_category":{"id":"46"},"jnews_override_bookmark_settings":{"override_bookmark_button":"0","override_show_bookmark_button":"0"},"jnews_social_meta":[],"jnews_review":[],"enable_review":"","type":"percentage","name":"","summary":"","brand":"","sku":"","good":[],"bad":[],"score_override":"","override_value":"","rating":[],"price":[],"jnews_override_counter":{"view_counter_number":"0","share_counter_number":"0","like_counter_number":"0","dislike_counter_number":"0"},"footnotes":""},"categories":[46,38],"tags":[58,7440,7439,7442,7441,7443],"class_list":["post-6753","post","type-post","status-publish","format-standard","has-post-thumbnail","hentry","category-cronicas","category-en-portada","tag-cantaora-flamenca","tag-cante-de-mujer","tag-centro-la-merced-de-cadiz","tag-la-gineta","tag-naike","tag-teresa-hernandez","pmpro-has-access"],"acf":[],"aioseo_notices":[],"gt_translate_keys":[{"key":"link","format":"url"}],"_links":{"self":[{"href":"https:\/\/expoflamenco.com\/revista\/wp-json\/wp\/v2\/posts\/6753","targetHints":{"allow":["GET"]}}],"collection":[{"href":"https:\/\/expoflamenco.com\/revista\/wp-json\/wp\/v2\/posts"}],"about":[{"href":"https:\/\/expoflamenco.com\/revista\/wp-json\/wp\/v2\/types\/post"}],"author":[{"embeddable":true,"href":"https:\/\/expoflamenco.com\/revista\/wp-json\/wp\/v2\/users\/13"}],"replies":[{"embeddable":true,"href":"https:\/\/expoflamenco.com\/revista\/wp-json\/wp\/v2\/comments?post=6753"}],"version-history":[{"count":1,"href":"https:\/\/expoflamenco.com\/revista\/wp-json\/wp\/v2\/posts\/6753\/revisions"}],"predecessor-version":[{"id":6764,"href":"https:\/\/expoflamenco.com\/revista\/wp-json\/wp\/v2\/posts\/6753\/revisions\/6764"}],"wp:featuredmedia":[{"embeddable":true,"href":"https:\/\/expoflamenco.com\/revista\/wp-json\/wp\/v2\/media\/6754"}],"wp:attachment":[{"href":"https:\/\/expoflamenco.com\/revista\/wp-json\/wp\/v2\/media?parent=6753"}],"wp:term":[{"taxonomy":"category","embeddable":true,"href":"https:\/\/expoflamenco.com\/revista\/wp-json\/wp\/v2\/categories?post=6753"},{"taxonomy":"post_tag","embeddable":true,"href":"https:\/\/expoflamenco.com\/revista\/wp-json\/wp\/v2\/tags?post=6753"}],"curies":[{"name":"wp","href":"https:\/\/api.w.org\/{rel}","templated":true}]}}