{"id":666,"date":"2024-01-28T17:59:32","date_gmt":"2024-01-28T16:59:32","guid":{"rendered":"https:\/\/expoflamenco.com\/revistanew\/moguer-se-deleita-en-lo-jondo-con-el-baile-de-la-moneta\/"},"modified":"2024-01-28T17:59:32","modified_gmt":"2024-01-28T16:59:32","slug":"moguer-se-deleita-en-lo-jondo-con-el-baile-de-la-moneta","status":"publish","type":"post","link":"https:\/\/expoflamenco.com\/revista\/moguer-se-deleita-en-lo-jondo-con-el-baile-de-la-moneta\/","title":{"rendered":"Moguer se deleita en lo jondo con el baile de La Moneta","gt_translate_keys":[{"key":"rendered","format":"text"}]},"content":{"rendered":"<p>Lejos de las excelencias de ballets y espect\u00e1culos donde hasta los \u00faltimos acordes y desplantes est\u00e1n medidos, la granadina <strong>Fuensanta La Moneta<\/strong> nos presentaba una actuaci\u00f3n al m\u00e1s puro estilo de <em>bailarle al cante<\/em>. Compart\u00eda escenario con <strong>Jeromo Segura, Josu\u00e9 Segura<\/strong> y la guitarra del veterano <strong>Rafael Rodr\u00edguez Hidalgo <em>El Cabeza<\/em><\/strong>.<\/p>\n<p>&nbsp;<\/p>\n<p>Abri\u00f3 la noche el cantaor onubense por canti\u00f1as. Jeromo demostraba, una vez m\u00e1s, que <strong>la escuela del <em>cante de atr\u00e1s<\/em> es el mejor diploma para manejarse en el oficio del cante<\/strong>. Comp\u00e1s, ritmo y armon\u00eda en el que nos deleit\u00f3 con los estilos gaditanos. Y casi sin darnos cuenta, o s\u00ed, la guitarra de Rafael Rodr\u00edguez llevando el cante en volandas. \u00a1\u00a1Madre m\u00eda, qu\u00e9 forma de tocar!!<\/p>\n<p>&nbsp;<\/p>\n<p>Y de las entra\u00f1as de la Pe\u00f1a, entre sones soleareros, como una sombra a la llamada del cante apareci\u00f3 ella. Fuensanta. <em>La Moneta<\/em>. Sin aspavientos. Con la humildad y casi majestad de quien no necesita m\u00e1s que sentir y masticar el buen cante, la buena sonanta y caminar hacia el escenario para comenzar a completar un cuadro que sin ella estaba incompleto. El baile de Fuensanta tiene la est\u00e9tica de quien no se deja dentro ni un dobl\u00f3n de su cofre art\u00edstico. La sole\u00e1 son\u00f3 a sole\u00e1 y su baile fue baile por sole\u00e1 sin sabor a otra cosa. Nos mantuvo atentos, disfrutando de toque y cante. Como para no. Rafael no paraba de lanzarle dardos llenos de m\u00fasica y flamencura. Jeromo puso su cante y su comp\u00e1s, al igual que Josu\u00e9, en beneficio de la expresi\u00f3n de <strong>una bailaora que supo entroncar a la perfecci\u00f3n el baile de antes y el de hoy<\/strong>. Cuando un baile por sole\u00e1, como antes dec\u00eda, sabe a sole\u00e1, \u00bfqu\u00e9 m\u00e1s puedo decir?<\/p>\n<p>&nbsp;<\/p>\n<p>&nbsp;<\/p>\n<blockquote><p><em>\u00abAh\u00ed fue cuando vi a La Moneta convertida en la Torre de la Vela y de fondo en forma de cante La Granada de Moguer. Quietud en la figura, deleit\u00e1ndose de buen cante y toque. Brazos arriba y cara de flamenca hasta las entra\u00f1as\u00bb<\/em><\/p><\/blockquote>\n<p>&nbsp;<\/p>\n<p>&nbsp;<\/p>\n<p>Y mientras devolv\u00edamos nuestros corazones a sus pulsos normales, y Moneta se cambiaba para el cierre, Rafael <em>El Cabeza<\/em> nos entregaba un poquito de <strong>ese doble coraz\u00f3n que tiene y que \u00e9l le llama guitarra<\/strong>. Son\u00f3 la zambra y volvimos a palpitar. No hubo nota ni acorde sin <em>sentires<\/em>, sin magia, sin sabor flamenco. Rafael lleva la m\u00fasica pegada al alma, y mi parecer es que su alma se desdobla para hacer sentir. Para transportar a un mundo flamenco, a veces, casi olvidado por tanto virtuosismo, cuando la verdadera virtud est\u00e1 en tocar como <em>El Cabeza<\/em>, llegando al alma desde lo <em>jondo<\/em> con sabor a cante jondo, aunque lo que suene sean seis cuerdas. Dec\u00eda el maestro <strong>Enrique Orozco<\/strong> que tocar bien era tocar sin molestar. Pues Rafael conjuga a la perfecci\u00f3n ese parecer. Es m\u00e1s, su toque aporta, su toque engrandece. Su toque es flamenco sin colorantes. \u00a1\u00a1Oj\u00fa, qu\u00e9 zambra se marc\u00f3!! Hasta nos hizo olvidar la impertinencia de quienes no saben respetar lugares y momentos, y creen que en pleno primer cuarto de siglo XXI se puede a\u00fan soportar que un artista desde el escenario tenga que llamar la atenci\u00f3n al p\u00fablico que no calla en medio de una actuaci\u00f3n. Qu\u00e9 pena m\u00e1s grande.<\/p>\n<p>&nbsp;<\/p>\n<p>Y para remate, la siguiriya. A ver c\u00f3mo les cuento yo lo que explicarse no puede. Imag\u00ednense la Torre de la Iglesia de La Granada, aquella que llaman la Giralda de Moguer. Por otro lado, la Torre de la Vela de la ciudad nazar\u00ed. Entre medio de ambas, dos r\u00edos: Tinto a su paso por Moguer y Darro bajo el Albayz\u00edn. O al rev\u00e9s, si son capaces de so\u00f1arlo. Ambos caudales, que manan de la guitarra de Rafael Rodr\u00edguez, se unen en un cante por siguiriya en la voz de Jeromo Segura. Salida por Liviana \u2013<em>a la orilla de un r\u00edo, yo me voy solo\u2026\u2013<\/em>&nbsp;y all\u00ed va ella, Fuensanta <em>La Moneta<\/em>, como si nos debiera la vida. No hay medias tintas, su tez morena se unen a la improvisada coreograf\u00eda, porque lo bello de toda la actuaci\u00f3n es que no hubo nada preparado. Todo fue manando sin la m\u00e1s m\u00ednima premeditaci\u00f3n. Y cuando Jeromo pele\u00f3 con el cante acerc\u00e1ndose a la Triana de Cagancho \u2013<em>doblen las campanas, doblen \/ que del mayor dolor\/ que se ha muerto mi mare de mi coraz\u00f3n\u2013<\/em>, ah\u00ed fue cuando vi a Moneta convertida en la Torre de la Vela y de fondo en forma de cante La Granada de Moguer. Quietud en la figura, deleit\u00e1ndose de buen cante y toque. Brazos arriba y cara de flamenca hasta las entra\u00f1as. Con eso me quedo. Con eso y con la grandeza de tres artistas peculiares y con mucho oficio, adem\u00e1s de un chaval de dieciocho a\u00f1os \u2013Josu\u00e9 Segura\u2013 que aport\u00f3 su comp\u00e1s entre tanta veteran\u00eda. Y digo peculiares porque ofrecer un espect\u00e1culo donde el cante, la guitarra y el baile se fundamenten en la <em>jondura <\/em>m\u00e1s flamenca, haciendo vibrar y poniendo bases para un imposible olvido, hoy por hoy es peculiar y destacable.<\/p>\n<p>&nbsp;<\/p>\n<h6 style=\"text-align: right;\">Imagen superior: Emilio Castilla<\/h6>\n<p>&nbsp;<\/p>\n<p>&nbsp;<\/p>\n<p><strong>Ficha art\u00edstica<\/strong><\/p>\n<p>Fuensanta La Moneta<br \/>\nPe\u00f1a de Cante Jondo de Moguer<br \/>\n26 enero 2024<br \/>\nBaile: Fuensanta La Moneta<br \/>\nCante y comp\u00e1s: Jeromo Segura<br \/>\nComp\u00e1s: Josu\u00e9 Segura<br \/>\nToque: Rafael Rodr\u00edguez Hidalgo <em>El Cabeza<\/em><\/p>\n<p>&nbsp;<\/p>\n<p>&nbsp;<\/p>\n<p><figure id=\"attachment_47620\" aria-describedby=\"caption-attachment-47620\" style=\"width: 975px\" class=\"wp-caption aligncenter\"><a href=\"https:\/\/expoflamenco.com\/prensa\/wp-content\/uploads\/sites\/17\/2024\/01\/expoflamenco-fuensanta-la-moneta-3-pena-flamenca-moguer-ene24-foto-jesus-naranjo-20240417-232436.jpg\"><img fetchpriority=\"high\" decoding=\"async\" class=\"wp-image-47620 size-full\" src=\"https:\/\/expoflamenco.com\/prensa\/wp-content\/uploads\/sites\/17\/2024\/01\/expoflamenco-fuensanta-la-moneta-3-pena-flamenca-moguer-ene24-foto-jesus-naranjo-20240417-232436.jpg\" alt=\"Fuensanta La Moneta, en la Pe\u00f1a de Cante Jondo de Moguer, Huelva. Foto: Jes\u00fas Naranjo\" width=\"975\" height=\"1300\"><\/a><figcaption id=\"caption-attachment-47620\" class=\"wp-caption-text\">Fuensanta La Moneta, en la Pe\u00f1a de Cante Jondo de Moguer, Huelva. Foto: Jes\u00fas Naranjo<\/p>\n<dd><\/figcaption><\/figure><\/dd>\n","protected":false,"gt_translate_keys":[{"key":"rendered","format":"html"}]},"excerpt":{"rendered":"<p>La Pe\u00f1a de Cante Jondo de Moguer (Huelva) recibi\u00f3 a la bailaora granadina Fuensanta La Moneta. La ocasi\u00f3n se hac\u00eda merecedora para visitar un rinc\u00f3n tan flamenco. Y as\u00ed fue.<\/p>\n","protected":false,"gt_translate_keys":[{"key":"rendered","format":"html"}]},"author":29,"featured_media":667,"comment_status":"open","ping_status":"open","sticky":false,"template":"","format":"standard","meta":{"_acf_changed":false,"pmpro_default_level":"","jnews-multi-image_gallery":[],"jnews_single_post":[],"jnews_primary_category":[],"jnews_override_bookmark_settings":[],"jnews_social_meta":[],"jnews_review":[],"enable_review":"","type":"","name":"","summary":"","brand":"","sku":"","good":[],"bad":[],"score_override":"","override_value":"","rating":[],"price":[],"jnews_override_counter":[],"footnotes":""},"categories":[46],"tags":[195,461,568],"class_list":["post-666","post","type-post","status-publish","format-standard","has-post-thumbnail","hentry","category-cronicas","tag-flamenco","tag-fuensanta-la-moneta","tag-pena-de-cante-jondo-de-moguer","pmpro-has-access"],"acf":[],"aioseo_notices":[],"gt_translate_keys":[{"key":"link","format":"url"}],"_links":{"self":[{"href":"https:\/\/expoflamenco.com\/revista\/wp-json\/wp\/v2\/posts\/666","targetHints":{"allow":["GET"]}}],"collection":[{"href":"https:\/\/expoflamenco.com\/revista\/wp-json\/wp\/v2\/posts"}],"about":[{"href":"https:\/\/expoflamenco.com\/revista\/wp-json\/wp\/v2\/types\/post"}],"author":[{"embeddable":true,"href":"https:\/\/expoflamenco.com\/revista\/wp-json\/wp\/v2\/users\/29"}],"replies":[{"embeddable":true,"href":"https:\/\/expoflamenco.com\/revista\/wp-json\/wp\/v2\/comments?post=666"}],"version-history":[{"count":0,"href":"https:\/\/expoflamenco.com\/revista\/wp-json\/wp\/v2\/posts\/666\/revisions"}],"wp:featuredmedia":[{"embeddable":true,"href":"https:\/\/expoflamenco.com\/revista\/wp-json\/wp\/v2\/media\/667"}],"wp:attachment":[{"href":"https:\/\/expoflamenco.com\/revista\/wp-json\/wp\/v2\/media?parent=666"}],"wp:term":[{"taxonomy":"category","embeddable":true,"href":"https:\/\/expoflamenco.com\/revista\/wp-json\/wp\/v2\/categories?post=666"},{"taxonomy":"post_tag","embeddable":true,"href":"https:\/\/expoflamenco.com\/revista\/wp-json\/wp\/v2\/tags?post=666"}],"curies":[{"name":"wp","href":"https:\/\/api.w.org\/{rel}","templated":true}]}}