{"id":654,"date":"2024-02-02T09:39:30","date_gmt":"2024-02-02T08:39:30","guid":{"rendered":"https:\/\/expoflamenco.com\/revistanew\/jose-luis-monton-la-carbonera-y-la-riqueza-de-don-antonio\/"},"modified":"2024-02-02T09:39:30","modified_gmt":"2024-02-02T08:39:30","slug":"jose-luis-monton-la-carbonera-y-la-riqueza-de-don-antonio","status":"publish","type":"post","link":"https:\/\/expoflamenco.com\/revista\/jose-luis-monton-la-carbonera-y-la-riqueza-de-don-antonio\/","title":{"rendered":"Jos\u00e9 Luis Mont\u00f3n, La Carbonera y la riqueza de don Antonio","gt_translate_keys":[{"key":"rendered","format":"text"}]},"content":{"rendered":"<p>M\u00e1s all\u00e1 de su condici\u00f3n de hijo de <em>Dem\u00f3filo<\/em>, el antrop\u00f3logo y folclorista que tanto hizo por la cultura jonda, <strong>Antonio Machado<\/strong> es un poeta querido por los flamencos. Desde <strong>Enrique Montoya<\/strong> a <strong>Vicente Sordera, Carmen Linares<\/strong> o <strong>Enrique Morente<\/strong>, son muchos quienes se han acercado a abrevar en sus aguas siempre claras y nutritivas. Tambi\u00e9n lo ha hecho <strong>Jos\u00e9 Luis Mont\u00f3n<\/strong> en <em>Musas de Machado<\/em>, la propuesta en la que el guitarrista se acompa\u00f1a de la cantaora <strong>Inma La Carbonera<\/strong> y la actriz <strong>Natalia Erice<\/strong> para dar vida al poeta.<\/p>\n<p>&nbsp;<\/p>\n<p>Lo cierto es que la sinopsis del programa no empieza muy bien. \u201cIncontables fueron las musas de Machado, tantas como los versos que anotaba en papel y llenaban de poemas sus bolsillos\u2026\u201d Bueno, pensar que para escribir cada uno de sus versos el poeta necesitara de la comparecencia de una figura inspiradora resulta cuanto menos chocante. Pero subrayar el costado femenino de Machado, de acuerdo con estos tiempos de militante (y necesario) feminismo, parece definitivamente forzado. Ni se destac\u00f3 don Antonio especialmente por su poes\u00eda amorosa, aunque la tiene y muy buena, ni resulta f\u00e1cil sacarle el <em>female touch <\/em>a su personalidad taciturna, su angustia existencial y su torpe ali\u00f1o indumentario.&nbsp;&nbsp;<\/p>\n<p>&nbsp;<\/p>\n<p>Todos estos reparos se desvanecen cuando empieza a sonar la guitarra del maestro Mont\u00f3n. Un veterano que ha tocado con algunos de los mejores cantaores y bailaores del panorama, y grabado discos de muy grata memoria entre los aficionados. Y sigue siendo un int\u00e9rprete pulcro, que se recrea en los detalles sin alardes, en esta ocasi\u00f3n ech\u00e1ndose a la espalda la direcci\u00f3n musical de un montaje que combina el mon\u00f3logo de la actriz Natalia Erice y los cantes de Inma la Carbonera, basados en poemas del protagonista.<\/p>\n<p>&nbsp;<\/p>\n<p>Es innegable que el flamenco est\u00e1 presente de principio a fin, aunque combinado con otras m\u00fasicas como el chotis <em>Madrid<\/em> de <strong>Agust\u00edn Lara<\/strong> o la canci\u00f3n popular <em>Los cuatro muleros.<\/em>&nbsp;Tangos, buler\u00edas, rumbas, se van sucediendo para ilustrar los pasajes de la vida de Machado a trav\u00e9s de algunos de sus poemas m\u00e1s conocidos: <em>A un olmo seco, El ma\u00f1ana ef\u00edmero, Anoche cuando dorm\u00eda, Retrato<\/em>\u2026<\/p>\n<p>&nbsp;<\/p>\n<p>&nbsp;<\/p>\n<blockquote><p><em>\u00abLos artistas se entregan y el homenaje es bien merecido, pero don Antonio Machado se merece un par de vueltas de tuerca m\u00e1s, una forma algo m\u00e1s redonda de mostrar su complejidad y su riqueza\u00bb<\/em><\/p><\/blockquote>\n<p>&nbsp;<\/p>\n<p>&nbsp;<\/p>\n<p>La voz de La Carbonera se adapta bien a unos versos que gozan de su propia, potente m\u00fasica interna, como ya hiciera junto a <strong>Antonia Jim\u00e9nez<\/strong> en <em>A Gaya<\/em>, mientras que la guitarra de Mont\u00f3n act\u00faa como hilo y elemento cohesionador del repertorio. Sin embargo, conforme avanza la funci\u00f3n se van detectando algunas lamentables carencias que no se deben tanto a la ejecuci\u00f3n musical, como al concepto global de este trabajo.<\/p>\n<p>&nbsp;<\/p>\n<p>Una de ellas se refiere al propio texto, en el que Machado habla en primera persona por boca de Erice. Se trata de un ejercicio muy arriesgado, porque si no se va a estar a la altura del personaje (y todos sabemos qu\u00e9 dif\u00edcil es estarlo) se corre el riesgo de empobrecer o banalizar su discurso. Por otro lado, narrar una vida pr\u00e1cticamente encadenando datos biogr\u00e1ficos es dejar el list\u00f3n de la empresa muy abajo: nadie contar\u00eda la suya como si fuera una entrada de la Wikipedia. Ese es a mi parecer el gran error de la dramaturga <strong>Lara Carrasco<\/strong>, no atreverse a ir m\u00e1s all\u00e1 y limitarse a seguir una historia lineal bastante conocida, y casi calcada a la estructura temporal del documental <em>Los d\u00edas azules <\/em>de la directora sevillana <strong>Laura Hojman<\/strong>.<\/p>\n<p>&nbsp;<\/p>\n<p>Tambi\u00e9n me parece un error, a pesar de su importante esfuerzo, el hecho de que la actriz Natalia Erice se dirija a s\u00ed misma, pues permanece demasiado tiempo anclada en un registro alegre, jovial, para narrar una historia de fondo muy dura, que llega hasta la tragedia. Resulta imposible imaginar al poeta en ese tono. Tampoco me parece el mejor remate ese <em>Ma\u00f1ana ef\u00edmero<\/em> a comp\u00e1s de tanguillos cantado con chuleta (de acuerdo, la letra es larga y compleja, pero\u2026), ni el colof\u00f3n did\u00e1ctico, pues la historia de Machado y de su Espa\u00f1a atroz se cuenta muy bien sin moraleja.<\/p>\n<p>&nbsp;<\/p>\n<p>Y es una pena, porque los artistas se entregan y el homenaje es bien merecido, pero don Antonio se merece un par de vueltas de tuerca m\u00e1s, una forma algo m\u00e1s redonda de mostrar su complejidad y su riqueza.&nbsp;<\/p>\n<p>&nbsp;<\/p>\n<h6 style=\"text-align: right;\">Imagen superior: Jos\u00e9 Luis Mont\u00f3n &#8211; Foto: Silvestre Moreno&nbsp; &nbsp;<\/h6>\n<p>&nbsp;<\/p>\n<p>&nbsp;<\/p>\n<p><strong>Ficha art\u00edstica<\/strong><\/p>\n<p><em>Musas de Machado<\/em>.<br \/>\nLa Fundici\u00f3n, Sevilla<br \/>\n1 de febrero de 2024<br \/>\nAutora: Lara Carrasco<br \/>\nM\u00fasica: Jos\u00e9 Luis Mont\u00f3n<br \/>\nInt\u00e9rpretes: Natalia Erice e Inma La Carbonera<\/p>\n<p>&nbsp;<\/p>\n<p>&nbsp;<\/p>\n<figure id=\"attachment_47662\" aria-describedby=\"caption-attachment-47662\" style=\"width: 1600px\" class=\"wp-caption aligncenter\"><a href=\"https:\/\/expoflamenco.com\/prensa\/wp-content\/uploads\/sites\/17\/2024\/02\/expoflamenco-jose-luis-monton-foto-promocional-musas-de-machado-20240417-232452.jpg\"><img fetchpriority=\"high\" decoding=\"async\" class=\"size-full wp-image-47662\" src=\"https:\/\/expoflamenco.com\/prensa\/wp-content\/uploads\/sites\/17\/2024\/02\/expoflamenco-jose-luis-monton-foto-promocional-musas-de-machado-20240417-232452.jpg\" alt=\"\" width=\"1600\" height=\"1066\"><\/a><figcaption id=\"caption-attachment-47662\" class=\"wp-caption-text\">Imagen promocional de la obra &#8216;Musas de Machado&#8217;.<\/figcaption><\/figure>\n<p>&nbsp;<\/p>\n","protected":false,"gt_translate_keys":[{"key":"rendered","format":"html"}]},"excerpt":{"rendered":"<p>Guitarrista y cantaora comparten escenario con la actriz Natalia Erice en \u2018Musas de Machado\u2019, esta semana en cartel en La Fundici\u00f3n de Sevilla, y que no logra escapar de una visi\u00f3n algo t\u00f3pica del personaje, aunque bien arropada por el flamenco. <\/p>\n","protected":false,"gt_translate_keys":[{"key":"rendered","format":"html"}]},"author":13,"featured_media":655,"comment_status":"open","ping_status":"open","sticky":false,"template":"","format":"standard","meta":{"_acf_changed":false,"pmpro_default_level":"","jnews-multi-image_gallery":[],"jnews_single_post":[],"jnews_primary_category":[],"jnews_override_bookmark_settings":[],"jnews_social_meta":[],"jnews_review":[],"enable_review":"","type":"","name":"","summary":"","brand":"","sku":"","good":[],"bad":[],"score_override":"","override_value":"","rating":[],"price":[],"jnews_override_counter":[],"footnotes":""},"categories":[46],"tags":[195,546,547,548,549],"class_list":["post-654","post","type-post","status-publish","format-standard","has-post-thumbnail","hentry","category-cronicas","tag-flamenco","tag-jose-luis-monton","tag-la-carbonera","tag-la-fundicion-de-sevilla","tag-musas-de-machado","pmpro-has-access"],"acf":[],"aioseo_notices":[],"gt_translate_keys":[{"key":"link","format":"url"}],"_links":{"self":[{"href":"https:\/\/expoflamenco.com\/revista\/wp-json\/wp\/v2\/posts\/654","targetHints":{"allow":["GET"]}}],"collection":[{"href":"https:\/\/expoflamenco.com\/revista\/wp-json\/wp\/v2\/posts"}],"about":[{"href":"https:\/\/expoflamenco.com\/revista\/wp-json\/wp\/v2\/types\/post"}],"author":[{"embeddable":true,"href":"https:\/\/expoflamenco.com\/revista\/wp-json\/wp\/v2\/users\/13"}],"replies":[{"embeddable":true,"href":"https:\/\/expoflamenco.com\/revista\/wp-json\/wp\/v2\/comments?post=654"}],"version-history":[{"count":0,"href":"https:\/\/expoflamenco.com\/revista\/wp-json\/wp\/v2\/posts\/654\/revisions"}],"wp:featuredmedia":[{"embeddable":true,"href":"https:\/\/expoflamenco.com\/revista\/wp-json\/wp\/v2\/media\/655"}],"wp:attachment":[{"href":"https:\/\/expoflamenco.com\/revista\/wp-json\/wp\/v2\/media?parent=654"}],"wp:term":[{"taxonomy":"category","embeddable":true,"href":"https:\/\/expoflamenco.com\/revista\/wp-json\/wp\/v2\/categories?post=654"},{"taxonomy":"post_tag","embeddable":true,"href":"https:\/\/expoflamenco.com\/revista\/wp-json\/wp\/v2\/tags?post=654"}],"curies":[{"name":"wp","href":"https:\/\/api.w.org\/{rel}","templated":true}]}}