{"id":640,"date":"2024-02-06T20:07:26","date_gmt":"2024-02-06T19:07:26","guid":{"rendered":"https:\/\/expoflamenco.com\/revistanew\/la-segunda-edicion-de-guirijondo-rinde-homenaje-a-japon\/"},"modified":"2024-02-06T20:07:26","modified_gmt":"2024-02-06T19:07:26","slug":"la-segunda-edicion-de-guirijondo-rinde-homenaje-a-japon","status":"publish","type":"post","link":"https:\/\/expoflamenco.com\/revista\/la-segunda-edicion-de-guirijondo-rinde-homenaje-a-japon\/","title":{"rendered":"La segunda edici\u00f3n de Guirijondo rinde homenaje a Jap\u00f3n","gt_translate_keys":[{"key":"rendered","format":"text"}]},"content":{"rendered":"<p>\u00abUna cita \u00fanica en el mundo\u00bb, reza la web oficial de <a href=\"mailto:http:\/\/www.guirijondo.com\/\">Guirijondo<\/a>, el \u00fanico festival flamenco que centra su programaci\u00f3n en artistas nacidos fuera de Espa\u00f1a. Un evento que celebra su segunda edici\u00f3n tras la buena acogida que tuvo en 2023 y lo hace en el Teatro Las Moreras y los Ba\u00f1os \u00c1rabes de Palomares del R\u00edo (Sevilla) del 1 al 4 de mayo de 2024.<\/p>\n<p>&nbsp;<\/p>\n<p>En esta ocasi\u00f3n el pa\u00eds invitado ser\u00e1 Jap\u00f3n. <strong>Juan Manuel Su\u00e1rez Jap\u00f3n<\/strong>, catedr\u00e1tico de Geograf\u00eda Humana y exconsejero de Cultura del Gobierno Andaluz, impartir\u00e1 el preg\u00f3n de apertura y la cantaora sevillana <strong>Esperanza Fern\u00e1ndez<\/strong> har\u00e1 la clausura. La periodista <strong>Kyoko Shikaze<\/strong> ser\u00e1 una de sus protagonistas, al recibir el homenaje de la organizaci\u00f3n por su dedicaci\u00f3n a difundir el arte flamenco. Y en el cartel, artistas como <strong>Yunko Hagiwara, Hiroshi Koyano, Jos\u00e9 de la Negreta, Yus Wieggers<\/strong> y <strong>Tino Van der Sman<\/strong>.<\/p>\n<p>&nbsp;<\/p>\n<p>Como se puede observar en la web oficial, \u00abel Festival Guirijondo es una apuesta y un reconocimiento desde el Ayuntamiento de Palomares del R\u00edo por los profesionales extranjeros del arte flamenco. Cuatro d\u00edas de actuaciones y conferencias con protagonismo de artistas for\u00e1neos\u00bb.<\/p>\n<p>&nbsp;<\/p>\n<p>En la primera edici\u00f3n participaron artistas procedentes de China, Francia, Italia, Holanda, Estados Unidos, Venezuela y Armenia, entre otros. Tambi\u00e9n actu\u00f3 el maestro de la guitarra <strong>Rafael Riqueni<\/strong>, ya que se decidi\u00f3 reservar una actuaci\u00f3n para un flamenco de la tierra.<\/p>\n<p>&nbsp;<\/p>\n<p>En expoflamenco somos colaboradores de este bonito festival, cuya idea original es del responsable de contenidos de esta casa, el cr\u00edtico flamenco <strong>Manuel Boh\u00f3rquez<\/strong>, que ejerce de director art\u00edstico de Guirijondo. Boh\u00f3rquez, natural de Arahal pero hijo adoptivo de Palomares, ide\u00f3 Guirijondo como homenaje a los artistas for\u00e1neos, no siempre reconocidos en su justa medida. En 2023 rindi\u00f3 tributo a la mecenas norteamericana <strong>Cristina Heeren<\/strong>, impulsora de la fundaci\u00f3n que lleva su nombre y que forma en Sevilla a alumnos de todo el mundo desde hace treinta a\u00f1os. Por eso Cristina Heeren da nombre a los galardones que se entregan en el evento.<\/p>\n<p>&nbsp;<\/p>\n<p>Adem\u00e1s de los recitales y diferentes charlas coloquios habr\u00e1 actividades paralelas. El 3 y 4 de mayo <strong>Carmela Riqueni<\/strong>, sobrina del guitarrista, imparte un curso de baile de 12:00 a 13:30 horas en La Truja. Tambi\u00e9n hay prevista una exposici\u00f3n fotogr\u00e1fica flamenca en la Hacienda Ulloa a cargo de <strong>Tomoyuki Hotta<\/strong>.<\/p>\n<p>&nbsp;<\/p>\n<p>Las entradas est\u00e1n ya a la venta en la web Giglon.com:&nbsp; <a href=\"https:\/\/www.giglon.com\/todos?idEvent=abono-festival-guirijondo-2024\" target=\"_blank\" rel=\"noopener\">https:\/\/www.giglon.com\/todos?idEvent=abono-festival-guirijondo-2024<\/a><\/p>\n<p>&nbsp;<\/p>\n<p>&nbsp;<\/p>\n<p><a href=\"https:\/\/expoflamenco.com\/prensa\/wp-content\/uploads\/sites\/17\/2024\/02\/festival-guirijondo-2024-20240417-232532.jpg\"><img fetchpriority=\"high\" decoding=\"async\" class=\"aligncenter size-full wp-image-47765\" src=\"https:\/\/expoflamenco.com\/prensa\/wp-content\/uploads\/sites\/17\/2024\/02\/festival-guirijondo-2024-20240417-232532.jpg\" alt=\"\" width=\"1600\" height=\"899\"><\/a><\/p>\n<p>&nbsp;<\/p>\n<p>&nbsp;<\/p>\n<h2><strong>Programa Guirijondo 2024<\/strong><\/h2>\n<p><strong>Mi\u00e9rcoles 1 de mayo<\/strong><br \/>\n20.00 horas: Preg\u00f3n de Guirijondo 2024, por Juan Manuel Su\u00e1rez Jap\u00f3n. Presentaci\u00f3n de Manuel Boh\u00f3rquez.<br \/>\n21.30 horas: Recital de cante y guitarra por parte del marsell\u00e9s Jos\u00e9 de la Negreta y Antonio Moya.<br \/>\nTeatro Las Moreras.<\/p>\n<p><strong>Jueves 2 de mayo<\/strong><br \/>\n20.00 horas: Conversaci\u00f3n de Kyoko Shikaze y Manuel Boh\u00f3rquez sobre el flamenco en Jap\u00f3n.<br \/>\n21.00 horas: Concierto del holand\u00e9s Yus Wieggers.<br \/>\n22.00 horas: Artista invitada: Carmela Riqueni.<br \/>\nTeatro Las Moreras.<\/p>\n<p><strong>Viernes 3 de mayo<\/strong><br \/>\n19:30 horas: Proyecci\u00f3n del documental &#8216;La Paquera en Jap\u00f3n&#8217; de Gonz\u00e1lez-Caballos.<br \/>\n21.30 horas: Recital de la bailaora japonesa Yunko Hagiwara.<br \/>\n22.30 horas: Fin de fiesta del japon\u00e9s Hiroshi Koyano.<br \/>\nTeatro Las Moreras.<\/p>\n<p><strong>S\u00e1bado 4 de mayo<\/strong><br \/>\n21.30 horas: Entrega del galard\u00f3n Cristina Heeren a Kyoko Shikaze por parte del alcalde Manuel Benjumea.<br \/>\nOfrecimiento: Jos\u00e9 Manuel Gamboa.<br \/>\n22.00 horas: Concierto del guitarrista holand\u00e9s Tino Van der Sman.<br \/>\n23.00 horas: Concierto de clausura a cargo de Esperanza Fern\u00e1ndez y Miguel \u00c1ngel Cort\u00e9s.<br \/>\nBa\u00f1os \u00c1rabes.<\/p>\n<p>&nbsp;<\/p>\n<p>&nbsp;<\/p>\n<p><a href=\"https:\/\/expoflamenco.com\/prensa\/wp-content\/uploads\/sites\/17\/2024\/02\/expoflamenco-cartel-festival-guirijondo-2024-palomares-del-rio-20240417-232528.jpg\"><img decoding=\"async\" class=\"aligncenter wp-image-47763\" src=\"https:\/\/expoflamenco.com\/prensa\/wp-content\/uploads\/sites\/17\/2024\/02\/expoflamenco-cartel-festival-guirijondo-2024-palomares-del-rio-20240417-232528.jpg\" alt=\"\" width=\"500\" height=\"704\"><\/a><\/p>\n<p>&nbsp;<\/p>\n","protected":false,"gt_translate_keys":[{"key":"rendered","format":"html"}]},"excerpt":{"rendered":"<p>El festival flamenco m\u00e1s original de cuantos se celebran en Andaluc\u00eda presenta su segunda edici\u00f3n en Palomares del R\u00edo, Sevilla, del 1 al 4 de mayo de 2024. El evento est\u00e1 dedicado a Jap\u00f3n y act\u00faan, entre otros, Yunko Hagiwara, Hiroshi Koyano, Jos\u00e9 de la Negreta, Yus Wieggers y Tino Van der Sman, con Esperanza Fern\u00e1ndez como clausura.<\/p>\n","protected":false,"gt_translate_keys":[{"key":"rendered","format":"html"}]},"author":5,"featured_media":641,"comment_status":"open","ping_status":"open","sticky":false,"template":"","format":"standard","meta":{"_acf_changed":false,"pmpro_default_level":"","jnews-multi-image_gallery":[],"jnews_single_post":[],"jnews_primary_category":[],"jnews_override_bookmark_settings":[],"jnews_social_meta":[],"jnews_review":[],"enable_review":"","type":"","name":"","summary":"","brand":"","sku":"","good":[],"bad":[],"score_override":"","override_value":"","rating":[],"price":[],"jnews_override_counter":[],"footnotes":""},"categories":[38,47],"tags":[522,60,480,523,524],"class_list":["post-640","post","type-post","status-publish","format-standard","has-post-thumbnail","hentry","category-en-portada","category-internacional","tag-artistas-extranjeros","tag-festival-flamenco","tag-festival-guirijondo","tag-palomares-del-rio","tag-sevilla","pmpro-has-access"],"acf":[],"aioseo_notices":[],"gt_translate_keys":[{"key":"link","format":"url"}],"_links":{"self":[{"href":"https:\/\/expoflamenco.com\/revista\/wp-json\/wp\/v2\/posts\/640","targetHints":{"allow":["GET"]}}],"collection":[{"href":"https:\/\/expoflamenco.com\/revista\/wp-json\/wp\/v2\/posts"}],"about":[{"href":"https:\/\/expoflamenco.com\/revista\/wp-json\/wp\/v2\/types\/post"}],"author":[{"embeddable":true,"href":"https:\/\/expoflamenco.com\/revista\/wp-json\/wp\/v2\/users\/5"}],"replies":[{"embeddable":true,"href":"https:\/\/expoflamenco.com\/revista\/wp-json\/wp\/v2\/comments?post=640"}],"version-history":[{"count":0,"href":"https:\/\/expoflamenco.com\/revista\/wp-json\/wp\/v2\/posts\/640\/revisions"}],"wp:featuredmedia":[{"embeddable":true,"href":"https:\/\/expoflamenco.com\/revista\/wp-json\/wp\/v2\/media\/641"}],"wp:attachment":[{"href":"https:\/\/expoflamenco.com\/revista\/wp-json\/wp\/v2\/media?parent=640"}],"wp:term":[{"taxonomy":"category","embeddable":true,"href":"https:\/\/expoflamenco.com\/revista\/wp-json\/wp\/v2\/categories?post=640"},{"taxonomy":"post_tag","embeddable":true,"href":"https:\/\/expoflamenco.com\/revista\/wp-json\/wp\/v2\/tags?post=640"}],"curies":[{"name":"wp","href":"https:\/\/api.w.org\/{rel}","templated":true}]}}