{"id":638,"date":"2024-02-07T20:02:01","date_gmt":"2024-02-07T19:02:01","guid":{"rendered":"https:\/\/expoflamenco.com\/revistanew\/las-claves-del-festival-de-jerez-2024\/"},"modified":"2024-02-07T20:02:01","modified_gmt":"2024-02-07T19:02:01","slug":"las-claves-del-festival-de-jerez-2024","status":"publish","type":"post","link":"https:\/\/expoflamenco.com\/revista\/las-claves-del-festival-de-jerez-2024\/","title":{"rendered":"Las claves del Festival de Jerez 2024","gt_translate_keys":[{"key":"rendered","format":"text"}]},"content":{"rendered":"<p>Jerez se prepara para vivir la vig\u00e9simo octava edici\u00f3n de su Festival, ese que cada a\u00f1o es capaz de atraer la presencia de m\u00e1s de mil cursillistas procedentes de cerca de cuarenta pa\u00edses distintos. No solo los japoneses, p\u00fablico fiel extranjero, organizan sus vacaciones mirando la programaci\u00f3n de la muestra; tambi\u00e9n otros aficionados de puntos tan ins\u00f3litos como Kazajist\u00e1n o Sud\u00e1frica hacen lo propio.<\/p>\n<p>&nbsp;<\/p>\n<p>Cuando se habla de mil cursillistas es solo la cifra de los que forman parte de los talleres organizados por el propio Festival de Jerez, pero habr\u00eda que tener en cuenta y sumar todas aquellas personas que tambi\u00e9n visitan la ciudad para los mismos fines aunque asistan a cursos promovidos por la iniciativa privada o para disfrutar de las actuaciones paralelas que se presentan estos d\u00edas. Otros, sobre todo los que vienen para d\u00edas concretos y de localidades cercanas, buscan vivir el ambiente y todo ese esp\u00edritu festivo que reina en las calles del centro, tabancos y pe\u00f1as.<\/p>\n<p>&nbsp;<\/p>\n<p>Aunque en <a href=\"https:\/\/www.festivaldejerez.es\/espectaculos\/\" target=\"_blank\" rel=\"noopener\">la web del Festival<\/a> est\u00e1n recogidas al detalle todas las actuaciones, encuentros, estrenos y dem\u00e1s asuntos interesantes, vale subrayar algunas claves que al lector puedan ayudarle a profundizar en toda esta vor\u00e1gine de comp\u00e1s, movimiento e interculturalidad que supone el encuentro.<\/p>\n<p>&nbsp;<\/p>\n<h3><strong>Cambio de direcci\u00f3n<\/strong><\/h3>\n<p>Es uno de los aspectos m\u00e1s relevantes de esta edici\u00f3n. <strong>Isamay Benavente<\/strong>, directora de la muestra y del Teatro Villamarta desde 2008, ocupa ahora la gerencia del Teatro de La Zarzuela de Madrid, dej\u00e1ndole la responsabilidad a <strong>Carlos Granados<\/strong>, recientemente nombrado al cargo. Aun as\u00ed, el esp\u00edritu de Benavente, sus c\u00f3digos, ideas y apuestas seguir\u00e1n palpitando un poco m\u00e1s por aqu\u00ed, ya que toda la programaci\u00f3n fue dise\u00f1ada por ella y su equipo de trabajo, presentada incluso antes de su sorprendente traslado. Cabe recordar que Isamay cogi\u00f3 el testigo de <strong>Paco L\u00f3pez<\/strong>, creador del Festival, hace ahora veintiocho a\u00f1os.<\/p>\n<p>&nbsp;<\/p>\n<p>&nbsp;<\/p>\n<blockquote><p><em>\u00abCuando se habla de mil cursillistas es solo la cifra de los que forman parte de los talleres organizados por el propio Festival de Jerez, pero otros muchos asisten a cursos promovidos por la iniciativa privada. Todos buscan vivir el ambiente y ese esp\u00edritu festivo que reina en las calles del centro, tabancos y pe\u00f1as\u00bb<\/em><\/p><\/blockquote>\n<p>&nbsp;<\/p>\n<p>&nbsp;<\/p>\n<h3><strong>Inauguraci\u00f3n y cierre<\/strong><\/h3>\n<p>Dos de las jornadas m\u00e1s interesantes en cuanto a programaci\u00f3n se refiere ser\u00e1n las de inauguraci\u00f3n y la de cierre, entendi\u00e9ndose la apuesta por abrir y cerrar con las mejores sensaciones. Por un lado, la apertura de este a\u00f1o no puede estar m\u00e1s justificada con la llegada de <strong>Sara Baras<\/strong> y su obra <em>Vuela<\/em>, estren\u00e1ndola as\u00ed en Andaluc\u00eda y tras pasar por Madrid, teniendo adem\u00e1s dos apariciones en el Villamarta con todo el papel vendido, esto es, 23 y 24 de febrero.<\/p>\n<p>&nbsp;<\/p>\n<p><strong>Manuela Carrasco<\/strong> ser\u00e1 la encargada de bajar el tel\u00f3n en la noche del 9 de marzo, en el mismo espacio. La maestra sevillana est\u00e1 en plena despedida, en una gira que comenzar\u00e1 aqu\u00ed y que contar\u00e1 como invitado con <strong>Jes\u00fas M\u00e9ndez<\/strong>. Ser\u00e1, por tanto, su \u00faltima vez en el Villamarta como \u00fanica protagonista, como jefa de la compa\u00f1\u00eda.<\/p>\n<p>&nbsp;<\/p>\n<p>&nbsp;<\/p>\n<p><a href=\"https:\/\/expoflamenco.com\/prensa\/wp-content\/uploads\/sites\/17\/2023\/10\/expoflamenco-cartel-festival-jerez-2024-1-20240418-081230.jpg\"><img fetchpriority=\"high\" decoding=\"async\" class=\"aligncenter wp-image-45173\" src=\"https:\/\/expoflamenco.com\/prensa\/wp-content\/uploads\/sites\/17\/2023\/10\/expoflamenco-cartel-festival-jerez-2024-1-20240418-081230.jpg\" alt=\"\" width=\"500\" height=\"707\"><\/a><\/p>\n<p>&nbsp;<\/p>\n<h3>&nbsp;<\/h3>\n<h3><strong>Villamarta y otros estrenos<\/strong><\/h3>\n<p>El 25 de febrero, una vez que el hurac\u00e1n de la Baras haya pasado, tiempo para <strong>La Moneta<\/strong>, que estrena en esta edici\u00f3n <em>V\u00ednculos<\/em>, obra en la que expresar\u00e1 con su baile \u201clos frutos m\u00e1s \u00edntimos de mis v\u00ednculos est\u00e9ticos de esta rica etapa de mi vida\u201d marcada por el compositor <strong>Mauricio Sotelo<\/strong>. El siguiente en presentar nueva obra ser\u00e1 <strong>Joaqu\u00edn Grilo<\/strong>, jerezano ilustre en plena madurez y admirado por todos, que traer\u00e1 <em>Cuchar\u00f3n y paso atr\u00e1s<\/em>. Ser\u00e1 el 27 de febrero, y al d\u00eda siguiente se podr\u00e1 disfrutar de la <strong>Compa\u00f1\u00eda Ballet Flamenco de Carlos Rodr\u00edguez<\/strong>, con el <em>Homenaje Picasso-Eterno<\/em>, ya visto en otros espacios, como es el caso de <strong>Ana Morales<\/strong> y su <em>Peculiar<\/em>, previsto para el 29 de febrero.<\/p>\n<p>&nbsp;<\/p>\n<p>El mes de marzo comenzar\u00e1 en el teatro con el d\u00fao conformado por <strong>Alfonso Losa y Patricia Guerrero<\/strong>, que contin\u00faan con su gira de <em>Alter Ego, <\/em>y el 2 de marzo volver\u00e1 <strong>Farruquito<\/strong>, con <em>Alma Nueva<\/em>, en el que comparte escena con su hijo <strong>Juan El Moreno<\/strong>. La <strong>Compa\u00f1\u00eda de David Coria<\/strong> ser\u00e1 la siguiente en pisar las tablas del coliseo de la Plaza Romero Mart\u00ednez con <em>Los Bailes Robados<\/em>. Y el 4 de marzo, nuevo estreno para la edici\u00f3n con el espect\u00e1culo que presentan <strong>Beatriz Morales y Agujetas Chico<\/strong>, titulado <em>De la Naturaleza del Amor<\/em>.<\/p>\n<p>&nbsp;<\/p>\n<p>En el \u00faltimo tramo del Festival, 6, 7 y 8 de marzo, estar\u00e1 <strong>\u00darsula L\u00f3pez<\/strong> en <em>Comedia sin t\u00edtulo<\/em>, <strong>Est\u00e9vez y Pa\u00f1os<\/strong>, con <em>La Confluencia<\/em>, <strong>y Mercedes Ruiz<\/strong>, con <em>Romancero del Baile Flamenco. <\/em>Los espect\u00e1culos de \u00darsula y Mercedes son estrenos, y el de Est\u00e9vez y Pa\u00f1os ha debido cambiarse por el repentino fallecimiento de la bailaora <strong>Rosana Romero<\/strong>, pieza clave del que iba a ser del inicial estreno, <em>Flamenca 391.<\/em><\/p>\n<p>&nbsp;<\/p>\n<p>&nbsp;<\/p>\n<blockquote><p><em>\u00abLos tabancos y salas como La Guarida del \u00c1ngel tendr\u00e1n sus habituales conciertos, as\u00ed como otros espacios que van tomando enteros en la ciudad, como por supuesto el Espacio expoflamenco, con cursos, talleres, actuaciones y exposiciones\u00bb<\/em><\/p><\/blockquote>\n<p>&nbsp;<\/p>\n<p>&nbsp;<\/p>\n<h3><strong>Otras citas, m\u00e1s cante y m\u00e1s guitarra<\/strong><\/h3>\n<p>El cante tendr\u00e1 presencia nuevamente con el ciclo <strong><em>De la Ra\u00edz<\/em><\/strong>, en Gonz\u00e1lez Byass, con <em>Tenlo Por Cuenta<\/em>, de <strong>Jos\u00e9 de los Camarones<\/strong>, el 25 de febrero. Dar\u00e1 continuidad el estreno del disco <em>Metal Fund\u00edo<\/em> de <strong>Luis Moneo<\/strong>, con <strong>Mar\u00eda Jos\u00e9 Franco<\/strong> como invitada estelar, el 27 del mismo mes. El 2 de marzo, <strong>El Pele<\/strong> vuelve a Jerez con <em>Reloj de Arena<\/em>.<\/p>\n<p>&nbsp;<\/p>\n<p>El Palacio de Villavicencio abrir\u00e1 sus puertas tras algunas ediciones sin hacerlo para recibir la visita de voces m\u00e1s actuales, incluso incipientes. <strong>Roc\u00edo Luna, Jes\u00fas Corbacho, Bernardo Rubichi y Pedro Montoya El Chanquita <\/strong>ser\u00e1n las presencias del ciclo.<\/p>\n<p>&nbsp;<\/p>\n<p>En la guitarra, <strong>Rafael Riqueni<\/strong> es el m\u00e1s sobresaliente de cuantos concertistas aparecen en esta edici\u00f3n<strong>. Juan Diego Mateos<\/strong> dar\u00e1 concierto de guitarra y la arpista <strong>Ana Crism\u00e1n<\/strong> tendr\u00e1 tambi\u00e9n hueco con <em>Arpaora<\/em>.<\/p>\n<p>&nbsp;<\/p>\n<p>Mercedes de C\u00f3rdoba, Fernando Jim\u00e9nez, Daniel Ramos, Francisco Hidalgo, David Romero\u2026 son otros importantes nombres presentes en la edici\u00f3n.<\/p>\n<p>&nbsp;<\/p>\n<h3><strong>Pe\u00f1as, tabancos y programaci\u00f3n paralela<\/strong><\/h3>\n<p>El ciclo <strong><em>De Pe\u00f1a en Pe\u00f1a<\/em><\/strong> apuesta este a\u00f1o por la juventud y participaran todas las pe\u00f1as de la ciudad. \u00bfQui\u00e9nes? Desde <strong>Manuel Monje<\/strong> a <strong>Esmeralda Rancapino<\/strong>, pasando por Juan El Moreno, Nazaret Reyes, Luis Chanquita, Mar\u00eda Reyes, Malena Carrasco, Manuel de Cantarote y Enrique Remache. <strong>Paqui R\u00edos<\/strong>, singular cantaora malague\u00f1a, estar\u00e1 en La Z\u00faa. Importante, la Pe\u00f1a Los Cern\u00edcalos, con Juan El Moreno, el D\u00eda de Andaluc\u00eda, celebrar\u00e1 su jornada en la Pe\u00f1a La Buler\u00eda, ya que desde el 1 de enero no disponen de sede f\u00edsica.<\/p>\n<p>&nbsp;<\/p>\n<p>Por su parte, los tabancos y salas como <strong>La Guarida del \u00c1ngel<\/strong> tendr\u00e1n sus habituales conciertos, as\u00ed como otros espacios que van tomando enteros en la ciudad como, por supuesto, el <strong>Espacio expoflamenco<\/strong>, con cursos, talleres, actuaciones y exposiciones.<\/p>\n<p>&nbsp;<\/p>\n<h6 style=\"text-align: right;\">Imagen superior: Manuela Carrasco. &#8216;Aires de mujer&#8217;. XXVI Festival de Jerez. Teatro Villamarta. 28 febrero 2022. Foto: Javier Fergo<\/h6>\n<p>&nbsp;<\/p>\n","protected":false,"gt_translate_keys":[{"key":"rendered","format":"html"}]},"excerpt":{"rendered":"<p>El 23 de febrero da comienzo el XXVIII Festival de Jerez, la muestra de baile flamenco m\u00e1s importante del mundo, que estar\u00e1 marcada por el cambio de direcci\u00f3n.<\/p>\n","protected":false,"gt_translate_keys":[{"key":"rendered","format":"html"}]},"author":34,"featured_media":639,"comment_status":"open","ping_status":"open","sticky":false,"template":"","format":"standard","meta":{"_acf_changed":false,"pmpro_default_level":"","jnews-multi-image_gallery":[],"jnews_single_post":[],"jnews_primary_category":[],"jnews_override_bookmark_settings":[],"jnews_social_meta":[],"jnews_review":[],"enable_review":"","type":"","name":"","summary":"","brand":"","sku":"","good":[],"bad":[],"score_override":"","override_value":"","rating":[],"price":[],"jnews_override_counter":[],"footnotes":""},"categories":[37],"tags":[520,521,377],"class_list":["post-638","post","type-post","status-publish","format-standard","has-post-thumbnail","hentry","category-actualidad","tag-28-festival-de-jerez","tag-baile-flamenco","tag-programa","pmpro-has-access"],"acf":[],"aioseo_notices":[],"gt_translate_keys":[{"key":"link","format":"url"}],"_links":{"self":[{"href":"https:\/\/expoflamenco.com\/revista\/wp-json\/wp\/v2\/posts\/638","targetHints":{"allow":["GET"]}}],"collection":[{"href":"https:\/\/expoflamenco.com\/revista\/wp-json\/wp\/v2\/posts"}],"about":[{"href":"https:\/\/expoflamenco.com\/revista\/wp-json\/wp\/v2\/types\/post"}],"author":[{"embeddable":true,"href":"https:\/\/expoflamenco.com\/revista\/wp-json\/wp\/v2\/users\/34"}],"replies":[{"embeddable":true,"href":"https:\/\/expoflamenco.com\/revista\/wp-json\/wp\/v2\/comments?post=638"}],"version-history":[{"count":0,"href":"https:\/\/expoflamenco.com\/revista\/wp-json\/wp\/v2\/posts\/638\/revisions"}],"wp:featuredmedia":[{"embeddable":true,"href":"https:\/\/expoflamenco.com\/revista\/wp-json\/wp\/v2\/media\/639"}],"wp:attachment":[{"href":"https:\/\/expoflamenco.com\/revista\/wp-json\/wp\/v2\/media?parent=638"}],"wp:term":[{"taxonomy":"category","embeddable":true,"href":"https:\/\/expoflamenco.com\/revista\/wp-json\/wp\/v2\/categories?post=638"},{"taxonomy":"post_tag","embeddable":true,"href":"https:\/\/expoflamenco.com\/revista\/wp-json\/wp\/v2\/tags?post=638"}],"curies":[{"name":"wp","href":"https:\/\/api.w.org\/{rel}","templated":true}]}}