{"id":614,"date":"2024-02-18T08:08:54","date_gmt":"2024-02-18T07:08:54","guid":{"rendered":"https:\/\/expoflamenco.com\/revistanew\/el-abuelo-en-la-alameda-de-hercules\/"},"modified":"2024-02-18T08:08:54","modified_gmt":"2024-02-18T07:08:54","slug":"el-abuelo-en-la-alameda-de-hercules","status":"publish","type":"post","link":"https:\/\/expoflamenco.com\/revista\/el-abuelo-en-la-alameda-de-hercules\/","title":{"rendered":"El abuelo en la Alameda de H\u00e9rcules","gt_translate_keys":[{"key":"rendered","format":"text"}]},"content":{"rendered":"<p><strong>\u2013 Abuelo, \u00bfqui\u00e9nes deciden que un artista del flamenco sea o no reconocido? \u00bfQui\u00e9nes decidieron, por ponerte un ejemplo, que Silverio no tenga nada en Sevilla y s\u00ed tenga un monumento Antonio Mairena? Que no digo que no lo merezca, pero por qu\u00e9 a \u00e9l y no a Silverio, que deber\u00eda tener un monumento en cada ciudad andaluza.<\/strong><\/p>\n<p>\u2013 De eso te puedo hablar con propiedad. En la \u00e9poca de Silverio, el siglo XIX, un artista flamenco no era tan reconocido por la sociedad como lo est\u00e1 en nuestros d\u00edas. Silverio fue el m\u00e1s grande de su tiempo y, adem\u00e1s, un empresario fundamental. Fue querido y respetado en Sevilla no solo por los aficionados, sino por los propios artistas, gitanos o no. Cuando muri\u00f3, en 1889, los caf\u00e9s cantantes estaban desprestigiados en Sevilla, y el suyo tambi\u00e9n. De hecho, lo hab\u00eda cerrado ya cuando le sorprendi\u00f3 la muerte. Y cay\u00f3 en el olvido. En aquellos a\u00f1os no les pon\u00edan monumentos a los artistas flamencos, ni calles con sus nombres.<\/p>\n<p>&nbsp;<\/p>\n<p><strong>\u2013 Pero luego, abuelo, lleg\u00f3 una \u00e9poca de reconocimientos y tampoco se movi\u00f3 nadie en Sevilla para que Silverio fuera reconocido como lo que fue, uno de los padres del flamenco. \u00bfPor qu\u00e9?<\/strong><\/p>\n<p>\u2013 Porque Sevilla es as\u00ed. Sevilla tendr\u00eda que sentar a Silverio en la Plaza de la Alfalfa, donde naci\u00f3, pero lo cierto es que nadie se mueve y eso se suele hacer cuando los aficionados se mueven para que las instituciones den el s\u00ed. Antonio Mairena tiene un monumento en Sevilla porque se movieron los mairenistas, los amigos y admiradores del maestro. Y lo mismo te puedo decir de la Ni\u00f1a de los Peines y de Caracol. Para ponerle un monumento a Manuel Vallejo no se ha movido tampoco nadie, siendo quiz\u00e1s el cantaor m\u00e1s importante de Sevilla y primera Llave de Oro del cante del siglo XX.<\/p>\n<p>&nbsp;<\/p>\n<p><strong>\u2013 Alguien habl\u00f3 de llenar la Alameda de monumentos de artistas flamencos, pero aquello se par\u00f3 y nunca m\u00e1s se supo.<\/strong><\/p>\n<p>\u2013 Lorca so\u00f1\u00f3 con sentar a Manuel Torres en la Alameda, con pelo natural. Manuel ten\u00eda un pelo negro que enamor\u00f3 a media Sevilla. Fue el rey del cante de la Alameda de H\u00e9rcules. Pero un d\u00eda que estaba cantando en una fiesta y no pudo acabar su seguiriya, porque se lo com\u00eda ya la tuberculosis, estaba Tom\u00e1s Pav\u00f3n en la fiesta, y le dijo el genio de Jerez: \u201cTomasito, ac\u00e1bala t\u00fa, que no puedo\u201d. Ese d\u00eda lo nombr\u00f3 el nuevo rey del cante de la Alameda. El pintor sevillano Juan Lafita, que estaba presente, escribi\u00f3 sobre aquello y asegur\u00f3 que esa noche Torres le dio la <em>baraka<\/em> del cante a Tom\u00e1s.<\/p>\n<p>&nbsp;<\/p>\n<p>&nbsp;<\/p>\n<blockquote><p><em>\u00abEn ning\u00fan sitio del mundo hubo nunca la concentraci\u00f3n de artistas flamencos que hubo en la Alameda de H\u00e9rcules desde mediados del XIX hasta mediados del XX. Hab\u00eda casas de vecinos habitadas solo por artistas flamencos. Desde los mismos or\u00edgenes del flamenco, todos vivieron o pasaron por este lugar. Y como se cant\u00f3 en la Alameda no se ha cantado en ninguna parte del mundo. Fue la mejor escuela de cante de la historia\u00bb<\/em><\/p><\/blockquote>\n<p>&nbsp;<\/p>\n<p>&nbsp;<\/p>\n<p><strong>\u2013 Entonces, abuelo, lo de llenar la Alameda de estatuas como que no.<\/strong><\/p>\n<p>\u2013 Eso ser\u00eda una barbaridad, adem\u00e1s de algo inviable. Habr\u00eda que ponerles monumentos a tantos y a tantas. S\u00ed habr\u00eda que poner un solo monumento como homenaje a todos los artistas que nacieron o se buscaron la vida en ese rinc\u00f3n de Sevilla. \u00bfSab\u00edas que Silverio vivi\u00f3 tambi\u00e9n en la Alameda? No en los alrededores, sino en la calle Alameda de H\u00e9rcules. En 1870, el genio vivi\u00f3 en esta calle porque ya dirig\u00eda un caf\u00e9 cantante y sol\u00eda vivir siempre cerca de sus caf\u00e9s, supongo que por una cuesti\u00f3n de seguridad. De esta calle se mud\u00f3 a Potro, en la Alameda tambi\u00e9n, donde a\u00f1os despu\u00e9s vivieron Pastora Pav\u00f3n y Manuel Escacena, cuando eran pareja.<\/p>\n<p>&nbsp;<\/p>\n<p><strong>\u2013 \u00bfY qu\u00e9 fue en realidad la Alameda de H\u00e9rcules, para el flamenco?<\/strong><\/p>\n<p>\u2013 Mira, Manolillo. En ning\u00fan sitio del mundo hubo nunca la concentraci\u00f3n de artistas flamencos que hubo en la Alameda de H\u00e9rcules desde mediados del XIX hasta mediados del XX. En ninguno. Hab\u00eda casas de vecinos habitadas solo por artistas flamencos, como el n\u00famero 8. Todos, desde los mismos or\u00edgenes del flamenco, vivieron o pasaron por este lugar. Y como se cant\u00f3 en la Alameda no se ha cantado en ninguna parte del mundo. Fue la mejor escuela de cante de la historia. Y de baile y de guitarra, claro est\u00e1. \u00bfY qu\u00e9 recuerda aquello? Nada. Bueno, dos monumentos mal colocados, los de Pastora y Caracol, con el torero Chicuelo de pont\u00f3n.<\/p>\n<p>&nbsp;<\/p>\n<p><strong>\u2013 \u00bfQu\u00e9 har\u00edas t\u00fa, abuelo?<\/strong><\/p>\n<p>\u2013 Colocar\u00eda un monumento, uno solo, como homenaje a esa zona y a quienes la hicieron flamenca y grande. Y un centro de documentaci\u00f3n del flamenco. Por ejemplo, en la casa donde vivi\u00f3 Silverio, que sigue en pie. Si en Sevilla hubiera verg\u00fcenza, que no la hay, esto se habr\u00eda hecho ya hace a\u00f1os. Siendo una de las cunas principales del flamenco, es donde menos interesa la historia de este arte. Curioso, \u00bfno? Pues as\u00ed es.<\/p>\n<p>&nbsp;<\/p>\n<p><strong>\u2013 \u00bfQu\u00e9 artistas, de los m\u00e1s antiguos, estuvieron por la Alameda?<\/strong><\/p>\n<p>\u2013 Miracielos y El Raspao, Ram\u00f3n Sartorio y Jos\u00e9 Lorente estuvieron trabajando a mediados del XIX. Mar\u00eda la Andonda tuvo su primer hijo en la Alameda en 1864, viviendo con El Fillo hijo. El Maestro P\u00e9rez era ya en aquella \u00e9poca el guitarrista m\u00e1s importante de la Alameda. Las hermanas Parrala, de Huelva, llegaron m\u00e1s tarde y a partir de los setenta se llen\u00f3 de artistas venidos desde distintos puntos de Andaluc\u00eda e incluso de fuera de nuestra regi\u00f3n: La Carbonera, La Juanaca, Paco la Luz, Frijones, La Chata de Madrid, El Canario, El Perote, Enrique Ortega, La Mejorana, Josefa la Charr\u00faa, La Macarrona, La Malena, Chac\u00f3n, Manuel Torres, El Gloria, Currito el de la Jeroma, los Triano de \u00c9cija, AntonioMoreno, La Moreno de Jerez\u2026 La lista ser\u00eda interminable.<\/p>\n<p>&nbsp;<\/p>\n<p><strong>\u2013 Eres una enciclopedia, abuelo.<\/strong><\/p>\n<p>\u2013 Se\u00f1al que soy viejo, Manolillo.<\/p>\n<p>&nbsp;<\/p>\n","protected":false,"gt_translate_keys":[{"key":"rendered","format":"html"}]},"excerpt":{"rendered":"<p>Sevilla tendr\u00eda que sentar a Silverio en la Plaza de la Alfalfa, donde naci\u00f3, pero nadie se mueve. Antonio Mairena tiene un monumento en Sevilla porque se movieron los mairenistas. Y lo mismo la Ni\u00f1a de los Peines y Caracol. Para Manuel Vallejo tampoco se ha movido nadie.<\/p>\n","protected":false,"gt_translate_keys":[{"key":"rendered","format":"html"}]},"author":7,"featured_media":615,"comment_status":"open","ping_status":"open","sticky":false,"template":"","format":"standard","meta":{"_acf_changed":false,"pmpro_default_level":"","jnews-multi-image_gallery":[],"jnews_single_post":[],"jnews_primary_category":[],"jnews_override_bookmark_settings":[],"jnews_social_meta":[],"jnews_review":[],"enable_review":"","type":"","name":"","summary":"","brand":"","sku":"","good":[],"bad":[],"score_override":"","override_value":"","rating":[],"price":[],"jnews_override_counter":[],"footnotes":""},"categories":[227],"tags":[486,195,487],"class_list":["post-614","post","type-post","status-publish","format-standard","has-post-thumbnail","hentry","category-bordonazo","tag-silverio-franconetti","tag-flamenco","tag-flamenco-en-alameda-de-hercules","pmpro-has-access"],"acf":[],"aioseo_notices":[],"gt_translate_keys":[{"key":"link","format":"url"}],"_links":{"self":[{"href":"https:\/\/expoflamenco.com\/revista\/wp-json\/wp\/v2\/posts\/614","targetHints":{"allow":["GET"]}}],"collection":[{"href":"https:\/\/expoflamenco.com\/revista\/wp-json\/wp\/v2\/posts"}],"about":[{"href":"https:\/\/expoflamenco.com\/revista\/wp-json\/wp\/v2\/types\/post"}],"author":[{"embeddable":true,"href":"https:\/\/expoflamenco.com\/revista\/wp-json\/wp\/v2\/users\/7"}],"replies":[{"embeddable":true,"href":"https:\/\/expoflamenco.com\/revista\/wp-json\/wp\/v2\/comments?post=614"}],"version-history":[{"count":0,"href":"https:\/\/expoflamenco.com\/revista\/wp-json\/wp\/v2\/posts\/614\/revisions"}],"wp:featuredmedia":[{"embeddable":true,"href":"https:\/\/expoflamenco.com\/revista\/wp-json\/wp\/v2\/media\/615"}],"wp:attachment":[{"href":"https:\/\/expoflamenco.com\/revista\/wp-json\/wp\/v2\/media?parent=614"}],"wp:term":[{"taxonomy":"category","embeddable":true,"href":"https:\/\/expoflamenco.com\/revista\/wp-json\/wp\/v2\/categories?post=614"},{"taxonomy":"post_tag","embeddable":true,"href":"https:\/\/expoflamenco.com\/revista\/wp-json\/wp\/v2\/tags?post=614"}],"curies":[{"name":"wp","href":"https:\/\/api.w.org\/{rel}","templated":true}]}}