{"id":584,"date":"2024-02-25T20:36:39","date_gmt":"2024-02-25T19:36:39","guid":{"rendered":"https:\/\/expoflamenco.com\/revistanew\/el-galli-mi-carino-va-para-los-mayores-que-quedan-no-debemos-olvidarnos-de-ellos\/"},"modified":"2024-02-25T20:36:39","modified_gmt":"2024-02-25T19:36:39","slug":"el-galli-mi-carino-va-para-los-mayores-que-quedan-no-debemos-olvidarnos-de-ellos","status":"publish","type":"post","link":"https:\/\/expoflamenco.com\/revista\/el-galli-mi-carino-va-para-los-mayores-que-quedan-no-debemos-olvidarnos-de-ellos\/","title":{"rendered":"El Galli: \u00abMi cari\u00f1o va para los mayores que quedan, no debemos olvidarnos de ellos\u00bb","gt_translate_keys":[{"key":"rendered","format":"text"}]},"content":{"rendered":"<p class=\"p1\"><span class=\"s1\">Mor\u00f3n de la Frontera (Sevilla) es el territorio flamenco en el que <strong>David El Galli<\/strong> (mayo del 78) se desenvuelve, con el que se identifica, el que ha marcado sus idas y venidas desde que empez\u00f3 a cantar siendo un ni\u00f1o. La emigraci\u00f3n de los 70 lo llev\u00f3 a nacer en Barcelona, pero es solo un hecho circunstancial. Dice que \u00aben Mor\u00f3n se da algo especial, es pintoresco, y no solo en el flamenco\u00bb. Y \u00e9l sabe de lo que habla, porque ha conocido a la familia de <strong>Joselero<\/strong> y <strong>Diego del Gastor<\/strong>. Ha vivido \u00abel \u00faltimo coletazo\u00bb de la \u00e9poca dorada y recuerda fiestas y reuniones como el homenaje que se le rindi\u00f3 a <strong>Perrate<\/strong>, o se ha emocionado al escuchar a <strong>El Funi, Fernanda, Bernarda<\/strong>&#8230; \u00abDe ni\u00f1os nos \u00edbamos a Utrera a escuchar Gaspar o Bernarda con una motillo\u00bb.\u00a0<\/span><\/p>\n<p>&nbsp;<\/p>\n<p class=\"p1\"><span class=\"s1\">Es respetuoso y por eso esperaba siempre \u00abel momento en el que ellos se inspiraban\u00bb, refiri\u00e9ndose a aquellas fiestas en las que se met\u00eda con sus amigos para escuchar a los grandes. Es camale\u00f3nico y se adapta a los nuevos tiempos, pero rompe\u00a0una lanza a favor por los que quedan de esa \u00e9poca y dice que \u00abmi cari\u00f1o va para los mayores que quedan, no debemos olvidarnos de ellos\u00bb.\u00a0<\/span><\/p>\n<p>&nbsp;<\/p>\n<blockquote><p><em>\u00abNos \u00edbamos en moto a escuchar a Gaspar o Bernarda desde Mor\u00f3n a Utrera\u00bb<\/em><\/p><\/blockquote>\n<p>&nbsp;<\/p>\n<p>&nbsp;<\/p>\n<figure id=\"attachment_48203\" aria-describedby=\"caption-attachment-48203\" style=\"width: 1600px\" class=\"wp-caption aligncenter\"><a href=\"https:\/\/expoflamenco.com\/prensa\/wp-content\/uploads\/sites\/17\/2024\/02\/expoflamenco-david-el-galli-2-entrevista-con-juan-garrido-en-museos-atalaya-jerez-feb24.jpg\"><img fetchpriority=\"high\" decoding=\"async\" class=\"size-full wp-image-48203\" src=\"https:\/\/expoflamenco.com\/prensa\/wp-content\/uploads\/sites\/17\/2024\/02\/expoflamenco-david-el-galli-2-entrevista-con-juan-garrido-en-museos-atalaya-jerez-feb24.jpg\" alt=\"\" width=\"1600\" height=\"897\" \/><\/a><figcaption id=\"caption-attachment-48203\" class=\"wp-caption-text\">El cantaor David El Galli, durante su entrevista con Juan Garrido en los Museos de la Atalaya, Jerez.<\/figcaption><\/figure>\n<p>&nbsp;<\/p>\n<figure id=\"attachment_48205\" aria-describedby=\"caption-attachment-48205\" style=\"width: 1300px\" class=\"wp-caption aligncenter\"><a href=\"https:\/\/expoflamenco.com\/prensa\/wp-content\/uploads\/sites\/17\/2024\/02\/expoflamenco-david-el-galli-3-entrevista-con-juan-garrido-en-museos-atalaya-jerez-feb24.jpg\"><img decoding=\"async\" class=\"size-full wp-image-48205\" src=\"https:\/\/expoflamenco.com\/prensa\/wp-content\/uploads\/sites\/17\/2024\/02\/expoflamenco-david-el-galli-3-entrevista-con-juan-garrido-en-museos-atalaya-jerez-feb24.jpg\" alt=\"\" width=\"1300\" height=\"800\" \/><\/a><figcaption id=\"caption-attachment-48205\" class=\"wp-caption-text\">El cantaor David El Galli, durante su entrevista con Juan Garrido en los Museos de la Atalaya, Jerez.<\/figcaption><\/figure>\n<p>&nbsp;<\/p>\n","protected":false,"gt_translate_keys":[{"key":"rendered","format":"html"}]},"excerpt":{"rendered":"<p>El cantaor moronero David El Galli es entrevistado por Juan Garrido en exclusiva para expoflamenco desde los Museos de la Atalaya, Jerez. <\/p>\n","protected":false,"gt_translate_keys":[{"key":"rendered","format":"html"}]},"author":34,"featured_media":585,"comment_status":"open","ping_status":"open","sticky":false,"template":"","format":"standard","meta":{"_acf_changed":false,"pmpro_default_level":"","jnews-multi-image_gallery":[],"jnews_single_post":null,"jnews_primary_category":[],"jnews_override_bookmark_settings":{"override_bookmark_button":"0","override_show_bookmark_button":"0"},"jnews_social_meta":[],"jnews_review":[],"enable_review":"","type":"percentage","name":"","summary":"","brand":"","sku":"","good":[],"bad":[],"score_override":"","override_value":"","rating":[],"price":[],"jnews_override_counter":{"view_counter_number":"0","share_counter_number":"0","like_counter_number":"0","dislike_counter_number":"0"},"footnotes":""},"categories":[38,130],"tags":[465,466,195,467],"class_list":["post-584","post","type-post","status-publish","format-standard","has-post-thumbnail","hentry","category-en-portada","category-entrevistas","tag-cantaor-de-moron","tag-david-el-galli","tag-flamenco","tag-museos-de-la-atalaya","pmpro-has-access"],"acf":[],"aioseo_notices":[],"gt_translate_keys":[{"key":"link","format":"url"}],"_links":{"self":[{"href":"https:\/\/expoflamenco.com\/revista\/wp-json\/wp\/v2\/posts\/584","targetHints":{"allow":["GET"]}}],"collection":[{"href":"https:\/\/expoflamenco.com\/revista\/wp-json\/wp\/v2\/posts"}],"about":[{"href":"https:\/\/expoflamenco.com\/revista\/wp-json\/wp\/v2\/types\/post"}],"author":[{"embeddable":true,"href":"https:\/\/expoflamenco.com\/revista\/wp-json\/wp\/v2\/users\/34"}],"replies":[{"embeddable":true,"href":"https:\/\/expoflamenco.com\/revista\/wp-json\/wp\/v2\/comments?post=584"}],"version-history":[{"count":0,"href":"https:\/\/expoflamenco.com\/revista\/wp-json\/wp\/v2\/posts\/584\/revisions"}],"wp:featuredmedia":[{"embeddable":true,"href":"https:\/\/expoflamenco.com\/revista\/wp-json\/wp\/v2\/media\/585"}],"wp:attachment":[{"href":"https:\/\/expoflamenco.com\/revista\/wp-json\/wp\/v2\/media?parent=584"}],"wp:term":[{"taxonomy":"category","embeddable":true,"href":"https:\/\/expoflamenco.com\/revista\/wp-json\/wp\/v2\/categories?post=584"},{"taxonomy":"post_tag","embeddable":true,"href":"https:\/\/expoflamenco.com\/revista\/wp-json\/wp\/v2\/tags?post=584"}],"curies":[{"name":"wp","href":"https:\/\/api.w.org\/{rel}","templated":true}]}}