{"id":582,"date":"2024-02-26T11:11:06","date_gmt":"2024-02-26T10:11:06","guid":{"rendered":"https:\/\/expoflamenco.com\/revistanew\/la-moneta-manuel-monje-jose-de-los-camarones-las-distintas-y-exitosas-miradas-del-flamenco\/"},"modified":"2024-02-26T11:11:06","modified_gmt":"2024-02-26T10:11:06","slug":"la-moneta-manuel-monje-jose-de-los-camarones-las-distintas-y-exitosas-miradas-del-flamenco","status":"publish","type":"post","link":"https:\/\/expoflamenco.com\/revista\/la-moneta-manuel-monje-jose-de-los-camarones-las-distintas-y-exitosas-miradas-del-flamenco\/","title":{"rendered":"La Moneta, Manuel Monje, Jos\u00e9 de los Camarones\u2026 las distintas y exitosas miradas del flamenco","gt_translate_keys":[{"key":"rendered","format":"text"}]},"content":{"rendered":"<p>La jornada del domingo 25 de febrero fue intensa. La actividad comenz\u00f3 antes del mediod\u00eda y todos ten\u00edamos en la cabeza y en el coraz\u00f3n la fecha en la que <strong>Paco de Luc\u00eda<\/strong> parti\u00f3 para siempre ante el asombro de todos los millones de seguidores repartidos por el mundo. Diez a\u00f1os ya sin el m\u00e1s influyente, m\u00e1s importante, m\u00e1s admirado guitarrista de todos los tiempos.<\/p>\n<p>&nbsp;<\/p>\n<h3><strong>La hora del verm\u00fa en Museos de la Atalaya con <\/strong><strong>Susanne Zellinger y Maui<\/strong><\/h3>\n<p>La compa\u00f1era <strong>Susanne Zellinger<\/strong> mostr\u00f3 en el Festival su documental <strong><em>Para\u00edso de Cristal<\/em><\/strong>, en el que se pone de manifiesto la \u201cconvivencia entre gitanos y payos que contradice todos los estereotipos y prejuicios\u201d. Seguidamente, llegar\u00eda la singular presencia de <strong>Maui<\/strong>, elaborando su potaje flamenco con especial encanto porque se convierte en una sucesi\u00f3n de experiencias imprevisibles y de gran sabor, entrelazando un repertorio entre la canci\u00f3n, la copla y el flamenco, pero siempre con los ingredientes propios de una artista sinigual. Hasta <strong>La Macanita<\/strong> se sum\u00f3 a los postres. En ella todo es especial, distinto y divertido.<\/p>\n<p>&nbsp;<\/p>\n<h3><strong>Pe\u00f1a Buena Gente, triunfo de Manuel Monje y Manuel Jero<\/strong><\/h3>\n<p>A las tres y media de la tarde la actividad se centraba en la <strong>Pe\u00f1a Buena Gente<\/strong>, entidad del barrio castizo de San Mateo que acogi\u00f3 la visita de <strong>Manuel Monje<\/strong>, el m\u00e1s peque\u00f1o de los cantaores de Jerez. Ya es una realidad, no es ninguna promesa. Es la verdadera joya del flamenco de nuestros d\u00edas. El \u201cjoven\u201d de once a\u00f1os cant\u00f3 por alegr\u00edas y canti\u00f1as, sole\u00e1, seguiriya, ton\u00e1, fandangos, tientos tangos, grana\u00edna y buler\u00edas, ah\u00ed es nada. La guitarra de <strong>Manuel Jero<\/strong> le sembr\u00f3 el terreno para el buen desarrollo del recital y el impresionante \u00e9xito del cantaor. Dif\u00edcil de explicar algo que solo puede sentirse.<\/p>\n<p>&nbsp;<\/p>\n<p>&nbsp;<\/p>\n<figure id=\"attachment_48217\" aria-describedby=\"caption-attachment-48217\" style=\"width: 1300px\" class=\"wp-caption aligncenter\"><a href=\"https:\/\/expoflamenco.com\/prensa\/wp-content\/uploads\/sites\/17\/2024\/02\/expoflamenco-manuel-monje-en-pena-buena-gente-1-con-manuel-jero-feb24-foto-juan-garrido-copia.jpg\"><img fetchpriority=\"high\" decoding=\"async\" class=\"size-full wp-image-48217\" src=\"https:\/\/expoflamenco.com\/prensa\/wp-content\/uploads\/sites\/17\/2024\/02\/expoflamenco-manuel-monje-en-pena-buena-gente-1-con-manuel-jero-feb24-foto-juan-garrido-copia.jpg\" alt=\"\" width=\"1300\" height=\"800\"><\/a><figcaption id=\"caption-attachment-48217\" class=\"wp-caption-text\">Manuel Monje y Manuel Jero. Pe\u00f1a Buena Gente, Jerez. 25 feb 2024. Foto: Juan Garrido<\/figcaption><\/figure>\n<p>&nbsp;<\/p>\n<p>&nbsp;<\/p>\n<h3><strong>Jos\u00e9 de los Camarones en Museos de la Atalaya<\/strong><\/h3>\n<p>En la Atalaya, a las seis y media de la tarde, <strong>Jos\u00e9 de los Camarones<\/strong> sedujo de principio a fin. En <em>Tenlo por cuenta<\/em> exhibe su lado m\u00e1s canalla, por su desparpajo y sinceridad, libre de ataduras y reposando su metal flamenco y sus cantes de siempre en unos m\u00fasicos absolutamente compenetrados y disfrutones, con los que Jos\u00e9 comenz\u00f3 a vender sus camarones, ataviado con su uniforme y cesta en mano, hasta llegar a su <em>No me metas bulla<\/em> tan burlesco como autobiogr\u00e1fico, pasando por la colombiana y ranchera, sole\u00e1 de Triana o petenera. Este espect\u00e1culo merece la pena, es altamente recomendable y nadie deber\u00eda perd\u00e9rselo. Da gusto encontrarse con m\u00fasicos as\u00ed \u2013<strong>Jorge G\u00f3mez<\/strong> en la el\u00e9ctrica, <strong>Teto<\/strong> estuvo en la percusi\u00f3n, <strong>Daniel Qui\u00f1ones<\/strong> en el bajo, el teclado fue de <strong>Josema Pelayo<\/strong> y la trompeta la hizo sonar <strong>David Strike<\/strong>\u2013 y con un perfil, el de Jos\u00e9, que no entiende de dobleces y se muestra tal y como es, humano y de barro, sincero y optimista. Junto a <strong>Mar\u00eda del Tango<\/strong>, una voz bella y entusiasta, ofrecen una versi\u00f3n de <em>Di\u00e1logos con Teresa<\/em> de Neruda que nadie podr\u00e1 olvidar. El gui\u00f1o al baile lo pone <strong>Alejandro Molinero<\/strong>. El de los Camarones sigue experiment\u00e1ndose en \u00e1mbitos musicales, po\u00e9ticos y filos\u00f3ficos que lo convierten en el m\u00e1s poli\u00e9drico de los de su barrio San Miguel.<\/p>\n<p>&nbsp;<\/p>\n<p>&nbsp;<\/p>\n<blockquote><p><em>\u00abFuensanta, en tres bloques, desarrolla su espect\u00e1culo por seguiriyas, sole\u00e1 y tangos, con transiciones que nos llevan a no perder el hilo y la emoci\u00f3n. Es al final cuando se rompe, de rojo y flecos, siendo m\u00e1s Moneta que nunca, por tangos, con la mirada hiriente y la fuerza de una guerrera\u00bb<\/em><\/p><\/blockquote>\n<p>&nbsp;<\/p>\n<p>&nbsp;<\/p>\n<figure id=\"attachment_48219\" aria-describedby=\"caption-attachment-48219\" style=\"width: 1300px\" class=\"wp-caption aligncenter\"><a href=\"https:\/\/expoflamenco.com\/prensa\/wp-content\/uploads\/sites\/17\/2024\/02\/expoflamenco-fuensanta-la-moneta-3-vinculos-festival-jerez-feb24-foto-tamara-pastora-festival-jerez.jpg\"><img decoding=\"async\" class=\"size-full wp-image-48219\" src=\"https:\/\/expoflamenco.com\/prensa\/wp-content\/uploads\/sites\/17\/2024\/02\/expoflamenco-fuensanta-la-moneta-3-vinculos-festival-jerez-feb24-foto-tamara-pastora-festival-jerez.jpg\" alt=\"\" width=\"1300\" height=\"800\"><\/a><figcaption id=\"caption-attachment-48219\" class=\"wp-caption-text\">&#8216;V\u00ednculos&#8217; &#8211; Fuensanta La Moneta. Teatro Villamarta. XXVIII Festival de Jerez. 25 febrero 2024. Foto: Tamara Pastora &#8211; Festival de Jerez<\/figcaption><\/figure>\n<p>&nbsp;<\/p>\n<p>&nbsp;<\/p>\n<h3><strong>La Moneta, en el Teatro Villamarta, estrena \u2018V\u00ednculos\u2019<\/strong><\/h3>\n<p>Para la finalizar la noche, plaza de primera para <strong>Fuensanta La Moneta<\/strong>. La de Granada vuelve para reafirmar su espectacular forma de bailar, ahondando en este estreno absoluto, titulado <strong><em>V\u00ednculos<\/em><\/strong>, en un estilo expresivo visceral y racial, muy flamenco y dej\u00e1ndose llevar por movimientos algo m\u00e1s propios del contempor\u00e1neo pero sin perder el sello que la hace ser admirable. Como un buen torero, hay pases, segundos, flases\u2026 que no tienen precio.<\/p>\n<p>&nbsp;<\/p>\n<p>En esta propuesta vuelvo a encontrarme con La Moneta de siempre pero en un estado de madurez gustoso en el di\u00e1logo continuo con la m\u00fasica que nace del saxo de <strong>Juan M. Jim\u00e9nez<\/strong>, el clarinete de <strong>Chen Halevi<\/strong>, la percusi\u00f3n y espacio sonoro que crea <strong>Carlos Merino<\/strong>, la saludable guitarra de <strong>Jos\u00e9 Ferm\u00edn Fern\u00e1ndez<\/strong> y el cante se\u00f1ero de <strong>Jeromo Segura<\/strong>. Es un c\u00famulo de experiencias las que han ido formando a La Moneta como la creadora que es hoy d\u00eda, con una clara presencia del compositor <strong>Mauricio Sotelo<\/strong>, presente en las butacas del Villamarta, responsable en gran parte del amplio espectro emocional por el que puede caminar Fuensanta, adem\u00e1s de haberle marcado un camino alejado de l\u00edmites y prejuicios. Efectivamente, esta nueva apuesta es un acierto y se disfruta por la elegancia esc\u00e9nica que aporta el minimalismo lum\u00ednico a favor de la presencia protagonista de la m\u00fasica y el baile. Fuensanta, en tres bloques, desarrolla su espect\u00e1culo por seguiriyas, sole\u00e1 y tangos, con transiciones que nos llevan a no perder el hilo y la emoci\u00f3n. Es al final cuando se rompe, de rojo y flecos, siendo m\u00e1s Moneta que nunca, por tangos, con la mirada hiriente y la fuerza de una guerrera.<\/p>\n<p>&nbsp;<\/p>\n<p>&nbsp;<\/p>\n<figure id=\"attachment_48225\" aria-describedby=\"caption-attachment-48225\" style=\"width: 1300px\" class=\"wp-caption aligncenter\"><a href=\"https:\/\/expoflamenco.com\/prensa\/wp-content\/uploads\/sites\/17\/2024\/02\/expoflamenco-jose-de-los-camarones-1-festival-jerez-feb24-foto-esteban-abion-festival-jerez.jpg\"><img decoding=\"async\" class=\"size-full wp-image-48225\" src=\"https:\/\/expoflamenco.com\/prensa\/wp-content\/uploads\/sites\/17\/2024\/02\/expoflamenco-jose-de-los-camarones-1-festival-jerez-feb24-foto-esteban-abion-festival-jerez.jpg\" alt=\"\" width=\"1300\" height=\"800\"><\/a><figcaption id=\"caption-attachment-48225\" class=\"wp-caption-text\">Jos\u00e9 de los Camarones. Museos de la Atalaya. XXVIII Festival de Jerez. 25 feb 2024. Foto: Esteban Abi\u00f3n &#8211; Festival de Jerez<\/figcaption><\/figure>\n<p>&nbsp;<\/p>\n<figure id=\"attachment_48223\" aria-describedby=\"caption-attachment-48223\" style=\"width: 1300px\" class=\"wp-caption aligncenter\"><a href=\"https:\/\/expoflamenco.com\/prensa\/wp-content\/uploads\/sites\/17\/2024\/02\/expoflamenco-fuensanta-la-moneta-2-vinculos-festival-jerez-feb24-foto-tamara-pastora-festival-jerez.jpg\"><img loading=\"lazy\" decoding=\"async\" class=\"size-full wp-image-48223\" src=\"https:\/\/expoflamenco.com\/prensa\/wp-content\/uploads\/sites\/17\/2024\/02\/expoflamenco-fuensanta-la-moneta-2-vinculos-festival-jerez-feb24-foto-tamara-pastora-festival-jerez.jpg\" alt=\"\" width=\"1300\" height=\"800\"><\/a><figcaption id=\"caption-attachment-48223\" class=\"wp-caption-text\">&#8216;V\u00ednculos&#8217; &#8211; Fuensanta La Moneta. Teatro Villamarta. XXVIII Festival de Jerez. 25 febrero 2024. Foto: Tamara Pastora &#8211; Festival de Jerez<\/figcaption><\/figure>\n<p>&nbsp;<\/p>\n<p>&nbsp;<\/p>\n","protected":false,"gt_translate_keys":[{"key":"rendered","format":"html"}]},"excerpt":{"rendered":"<p>En el XXVIII Festival de Jerez, Fuensanta La Moneta lleva al Villamarta su m\u00e1s alto nivel de talento bailaor, basando su nueva propuesta en el di\u00e1logo continuo con instrumentos de viento y percusi\u00f3n. <\/p>\n","protected":false,"gt_translate_keys":[{"key":"rendered","format":"html"}]},"author":34,"featured_media":583,"comment_status":"open","ping_status":"open","sticky":false,"template":"","format":"standard","meta":{"_acf_changed":false,"pmpro_default_level":"","jnews-multi-image_gallery":[],"jnews_single_post":[],"jnews_primary_category":[],"jnews_override_bookmark_settings":[],"jnews_social_meta":[],"jnews_review":[],"enable_review":"","type":"","name":"","summary":"","brand":"","sku":"","good":[],"bad":[],"score_override":"","override_value":"","rating":[],"price":[],"jnews_override_counter":[],"footnotes":""},"categories":[46],"tags":[195,461,462,463,464],"class_list":["post-582","post","type-post","status-publish","format-standard","has-post-thumbnail","hentry","category-cronicas","tag-flamenco","tag-fuensanta-la-moneta","tag-jose-de-los-camarones","tag-manuel-monje","tag-xxviii-festival-de-jerez","pmpro-has-access"],"acf":[],"aioseo_notices":[],"gt_translate_keys":[{"key":"link","format":"url"}],"_links":{"self":[{"href":"https:\/\/expoflamenco.com\/revista\/wp-json\/wp\/v2\/posts\/582","targetHints":{"allow":["GET"]}}],"collection":[{"href":"https:\/\/expoflamenco.com\/revista\/wp-json\/wp\/v2\/posts"}],"about":[{"href":"https:\/\/expoflamenco.com\/revista\/wp-json\/wp\/v2\/types\/post"}],"author":[{"embeddable":true,"href":"https:\/\/expoflamenco.com\/revista\/wp-json\/wp\/v2\/users\/34"}],"replies":[{"embeddable":true,"href":"https:\/\/expoflamenco.com\/revista\/wp-json\/wp\/v2\/comments?post=582"}],"version-history":[{"count":0,"href":"https:\/\/expoflamenco.com\/revista\/wp-json\/wp\/v2\/posts\/582\/revisions"}],"wp:featuredmedia":[{"embeddable":true,"href":"https:\/\/expoflamenco.com\/revista\/wp-json\/wp\/v2\/media\/583"}],"wp:attachment":[{"href":"https:\/\/expoflamenco.com\/revista\/wp-json\/wp\/v2\/media?parent=582"}],"wp:term":[{"taxonomy":"category","embeddable":true,"href":"https:\/\/expoflamenco.com\/revista\/wp-json\/wp\/v2\/categories?post=582"},{"taxonomy":"post_tag","embeddable":true,"href":"https:\/\/expoflamenco.com\/revista\/wp-json\/wp\/v2\/tags?post=582"}],"curies":[{"name":"wp","href":"https:\/\/api.w.org\/{rel}","templated":true}]}}